{"id":9544,"date":"2024-07-01T10:00:46","date_gmt":"2024-07-01T10:00:46","guid":{"rendered":"https:\/\/www.vortal.biz\/?p=9544"},"modified":"2024-07-08T14:57:50","modified_gmt":"2024-07-08T14:57:50","slug":"la-contratacion-publica-ai","status":"publish","type":"post","link":"https:\/\/www.vortal.biz\/es\/la-contratacion-publica-ai\/","title":{"rendered":"La contrataci\u00f3n p\u00fablica que viene"},"content":{"rendered":"<p>En septiembre, vamos a celebrar un <a href=\"https:\/\/attendee.gotowebinar.com\/register\/7592524054277730136\">webinar con el t\u00edtulo <strong>\u201cLa contrataci\u00f3n p\u00fablica que viene\u201d<\/strong><\/a>.<\/p>\n<p>En este webinar, tratare de analizar los elementos fundamentales y el contexto que condicionar\u00e1n la forma y el desempe\u00f1o de la contrataci\u00f3n p\u00fablica en un futuro pr\u00f3ximo.<\/p>\n<p>La entrega adecuada de los resultados del servicio de contrataci\u00f3n p\u00fablica depende de que estos tres elementos fundamentales est\u00e9n bien definidos, dimensionados y coordinados :<\/p>\n<p>&#8211; <strong>Procesos<\/strong>: el procedimiento, las tareas, el marco jur\u00eddico\u2026. Vamos a prestar una especial atenci\u00f3n al Informe Especial del <strong>Tribunal de Cuentas Europeo<\/strong> de finales del a\u00f1o 2023 : <strong>Contrataci\u00f3n P\u00fablica en la UE<\/strong>\u2026y sus recomendaciones.<\/p>\n<p><strong>&#8211; Personas:<\/strong> los agentes (promotores, gestores, interventores, jur\u00eddicos, \u00f3rganos de contrataci\u00f3n y proveedores) y sus roles, las tareas, la capacitaci\u00f3n, habilidades y desempe\u00f1o. Comentaremos la demoscopia de los agentes que gestionan la contrataci\u00f3n del lado del comprador, as\u00ed como las medidas propuestas por el <strong>Ministerio para la Transformaci\u00f3n Digital y de la Funci\u00f3n P\u00fablica<\/strong> para utilizar la Inteligencia Artificial en la mejora de la productividad marginal de los agentes de la contrataci\u00f3n, y <strong>las iniciativas del INAP<\/strong> con el <strong>\u201cmarco espa\u00f1ol de competencias en contrataci\u00f3n p\u00fablica\u201d<\/strong>.<\/p>\n<p>&#8211; <strong>Tecnolog\u00eda<\/strong>: que tecnolog\u00edas y herramientas est\u00e1n apareciendo (<strong>Inteligencia Artificial Generativa IA-Gen<\/strong>) y est\u00e1n disponibles para ser utilizadas. Cu\u00e1les son sus riesgos y costes de implantaci\u00f3n y como se pueden adoptar en la contrataci\u00f3n p\u00fablica.<\/p>\n<p>Para hacer un ejercicio de prospectiva que nos permita preparar los impactos en relaci\u00f3n con la \u201ccontrataci\u00f3n p\u00fablica que viene\u201d, adem\u00e1s de estos tres elementos hay que considerar el (\u00bfnuevo?) <strong>contexto general<\/strong> en el que se desarrollar\u00e1 el servicio de la contrataci\u00f3n p\u00fablica.<\/p>\n<p>Soy consciente de la envergadura del prop\u00f3sito de este seminario web, y por ello quiero <strong>abordarlo \u00fanicamente desde la perspectiva de los individuos (agentes de la contrataci\u00f3n) que operan el servicio.<\/strong><\/p>\n<p><strong>Algunas preguntas que podr\u00edan derivarse de esta prospectiva sobre la contrataci\u00f3n p\u00fablica que viene:<\/strong><\/p>\n<p>&#8211; \u00bfCu\u00e1les son las <strong>principales ventajas<\/strong> de adoptar <strong>IA-Gen<\/strong> en los agentes de la contrataci\u00f3n p\u00fablica? \u00bfPara qu\u00e9 tareas \u2013 trabajos? \u00bfC\u00f3mo puede llevarse a cabo esta adopci\u00f3n?<\/p>\n<p>&#8211; Aparentemente la Inteligencia Artificial Generativa va a ser una herramienta de car\u00e1cter general disruptiva y afectar a todos los sectores en mayor o menor medida. Tambi\u00e9n a la contrataci\u00f3n. Y si es as\u00ed <strong>\u00bfc\u00f3mo se ver\u00e1 afectada la contrataci\u00f3n p\u00fablica con la adopci\u00f3n de la inteligencia artificial generativa (IA-Gen)?<\/strong> \u00bfCompradores y Proveedores?<\/p>\n<p>&#8211; \u00bfComo <strong>ser\u00e1n los procesos de adquisici\u00f3n e implantaci\u00f3n de la IA-Gen en los organismos p\u00fablicos<\/strong>?<\/p>\n<p>&#8211; El escenario al que nos aboca esta tecnolog\u00eda \u00bf<strong>consistir\u00e1 en servicios de IA-Gen aislados o integrados en los productos actuales que registran y gestionan la contrataci\u00f3n p\u00fablica<\/strong>? \u00bfQu\u00e9 tipo de gesti\u00f3n del cambio ser\u00e1 necesario empujar?<\/p>\n<p>&#8211; \u00bf<strong>Habr\u00e1 efectos de red de los productos de la IA en los compradores<\/strong>? \u00bfY en los vendedores?<\/p>\n<p>&#8211; El contexto general el que se desarrolla la contrataci\u00f3n p\u00fablica \u00bf<strong>cambiar\u00e1 significativamente o mas o menos permanecer\u00e1 igual<\/strong>?<\/p>\n<p>&#8211; Si los datos de la contrataci\u00f3n p\u00fablica gestionados con IA-gen rebajan los costes de predicci\u00f3n que intervienen en las decisiones \u00bf<strong>Qu\u00e9 efectos tendr\u00e1 en compradores y vendedores<\/strong>?<\/p>\n<p>Como reflexi\u00f3n particular quiero a\u00f1adir que <strong>este ejercicio de prospectiva tiene que ser personal de cada agente<\/strong> que interviene en la contrataci\u00f3n. Solo quiero aportar los hechos que me parecen m\u00e1s relevantes y que podr\u00edan tener un mayor impacto en esa reflexi\u00f3n individual alrededor de <strong>la visi\u00f3n de la contrataci\u00f3n p\u00fablica que viene<\/strong>.<\/p>\n<p>Por \u00faltimo, y aunque no me exime de la responsabilidad que asumo como mensajero, no quiero dejar de resaltar la velocidad a la que se mueven los distintos acontecimientos que afectan al contexto y a los elementos considerados: <strong>procedimiento, personas y tecnolog\u00eda. <em>Una velocidad<\/em> que dificulta la pausada reflexi\u00f3n necesaria<\/strong> para la toma de decisiones que deben considerar todos y cada uno de los agentes, organismos e instituciones que implementan el servicio de contrataci\u00f3n p\u00fablica.<\/p>\n<p>&nbsp;<\/p>\n<p style=\"text-align: right;\"><strong>Manuel Ca\u00f1o<\/strong><br \/>\nConsultor en tecnolog\u00eda aplicada a la Contrataci\u00f3n P\u00fablica Electr\u00f3nica<br \/>\nNEXUS IT<\/p>\n","protected":false},"excerpt":{"rendered":"<p>En septiembre, vamos a celebrar un webinar con el t\u00edtulo \u201cLa contrataci\u00f3n p\u00fablica que viene\u201d. En este webinar, tratare de analizar los elementos fundamentales y [&hellip;]<\/p>\n","protected":false},"author":8,"featured_media":0,"comment_status":"open","ping_status":"open","sticky":false,"template":"","format":"standard","meta":{"footnotes":""},"categories":[7],"tags":[],"yoast_head":"<!-- This site is optimized with the Yoast SEO plugin v22.3 - https:\/\/yoast.com\/wordpress\/plugins\/seo\/ -->\n<title>La contrataci\u00f3n p\u00fablica que viene - VORTAL<\/title>\n<meta name=\"robots\" content=\"index, follow, max-snippet:-1, max-image-preview:large, max-video-preview:-1\" \/>\n<link rel=\"canonical\" href=\"https:\/\/www.vortal.biz\/es\/la-contratacion-publica-ai\/\" \/>\n<meta property=\"og:locale\" content=\"es_ES\" \/>\n<meta property=\"og:type\" content=\"article\" \/>\n<meta property=\"og:title\" content=\"La contrataci\u00f3n p\u00fablica que viene - VORTAL\" \/>\n<meta property=\"og:description\" content=\"En septiembre, vamos a celebrar un webinar con el t\u00edtulo \u201cLa contrataci\u00f3n p\u00fablica que viene\u201d. En este webinar, tratare de analizar los elementos fundamentales y [&hellip;]\" \/>\n<meta property=\"og:url\" content=\"https:\/\/www.vortal.biz\/es\/la-contratacion-publica-ai\/\" \/>\n<meta property=\"og:site_name\" content=\"VORTAL\" \/>\n<meta property=\"article:published_time\" content=\"2024-07-01T10:00:46+00:00\" \/>\n<meta property=\"article:modified_time\" content=\"2024-07-08T14:57:50+00:00\" \/>\n<meta name=\"author\" content=\"Raquel Santos\" \/>\n<meta name=\"twitter:card\" content=\"summary_large_image\" \/>\n<meta name=\"twitter:label1\" content=\"Escrito por\" \/>\n\t<meta name=\"twitter:data1\" content=\"Raquel Santos\" \/>\n\t<meta name=\"twitter:label2\" content=\"Tiempo de lectura\" \/>\n\t<meta name=\"twitter:data2\" content=\"3 minutos\" \/>\n<script type=\"application\/ld+json\" class=\"yoast-schema-graph\">{\"@context\":\"https:\/\/schema.org\",\"@graph\":[{\"@type\":\"WebPage\",\"@id\":\"https:\/\/www.vortal.biz\/es\/la-contratacion-publica-ai\/\",\"url\":\"https:\/\/www.vortal.biz\/es\/la-contratacion-publica-ai\/\",\"name\":\"La contrataci\u00f3n p\u00fablica que viene - VORTAL\",\"isPartOf\":{\"@id\":\"https:\/\/www.vortal.biz\/pt-pt\/#website\"},\"datePublished\":\"2024-07-01T10:00:46+00:00\",\"dateModified\":\"2024-07-08T14:57:50+00:00\",\"author\":{\"@id\":\"https:\/\/www.vortal.biz\/pt-pt\/#\/schema\/person\/06ef21785639bab6f76838d004a0c611\"},\"breadcrumb\":{\"@id\":\"https:\/\/www.vortal.biz\/es\/la-contratacion-publica-ai\/#breadcrumb\"},\"inLanguage\":\"es\",\"potentialAction\":[{\"@type\":\"ReadAction\",\"target\":[\"https:\/\/www.vortal.biz\/es\/la-contratacion-publica-ai\/\"]}]},{\"@type\":\"BreadcrumbList\",\"@id\":\"https:\/\/www.vortal.biz\/es\/la-contratacion-publica-ai\/#breadcrumb\",\"itemListElement\":[{\"@type\":\"ListItem\",\"position\":1,\"name\":\"Home\",\"item\":\"https:\/\/www.vortal.biz\/es\/\"},{\"@type\":\"ListItem\",\"position\":2,\"name\":\"La contrataci\u00f3n p\u00fablica que viene\"}]},{\"@type\":\"WebSite\",\"@id\":\"https:\/\/www.vortal.biz\/pt-pt\/#website\",\"url\":\"https:\/\/www.vortal.biz\/pt-pt\/\",\"name\":\"VORTAL\",\"description\":\"Connecting Business\",\"potentialAction\":[{\"@type\":\"SearchAction\",\"target\":{\"@type\":\"EntryPoint\",\"urlTemplate\":\"https:\/\/www.vortal.biz\/pt-pt\/?s={search_term_string}\"},\"query-input\":\"required name=search_term_string\"}],\"inLanguage\":\"es\"},{\"@type\":\"Person\",\"@id\":\"https:\/\/www.vortal.biz\/pt-pt\/#\/schema\/person\/06ef21785639bab6f76838d004a0c611\",\"name\":\"Raquel Santos\",\"image\":{\"@type\":\"ImageObject\",\"inLanguage\":\"es\",\"@id\":\"https:\/\/www.vortal.biz\/pt-pt\/#\/schema\/person\/image\/\",\"url\":\"https:\/\/secure.gravatar.com\/avatar\/32eb2d2735816e79cdde2c3c8b279e69?s=96&d=mm&r=g\",\"contentUrl\":\"https:\/\/secure.gravatar.com\/avatar\/32eb2d2735816e79cdde2c3c8b279e69?s=96&d=mm&r=g\",\"caption\":\"Raquel Santos\"},\"url\":\"https:\/\/www.vortal.biz\/es\/author\/raquel-santos\/\"}]}<\/script>\n<!-- \/ Yoast SEO plugin. -->","yoast_head_json":{"title":"La contrataci\u00f3n p\u00fablica que viene - VORTAL","robots":{"index":"index","follow":"follow","max-snippet":"max-snippet:-1","max-image-preview":"max-image-preview:large","max-video-preview":"max-video-preview:-1"},"canonical":"https:\/\/www.vortal.biz\/es\/la-contratacion-publica-ai\/","og_locale":"es_ES","og_type":"article","og_title":"La contrataci\u00f3n p\u00fablica que viene - VORTAL","og_description":"En septiembre, vamos a celebrar un webinar con el t\u00edtulo \u201cLa contrataci\u00f3n p\u00fablica que viene\u201d. En este webinar, tratare de analizar los elementos fundamentales y [&hellip;]","og_url":"https:\/\/www.vortal.biz\/es\/la-contratacion-publica-ai\/","og_site_name":"VORTAL","article_published_time":"2024-07-01T10:00:46+00:00","article_modified_time":"2024-07-08T14:57:50+00:00","author":"Raquel Santos","twitter_card":"summary_large_image","twitter_misc":{"Escrito por":"Raquel Santos","Tiempo de lectura":"3 minutos"},"schema":{"@context":"https:\/\/schema.org","@graph":[{"@type":"WebPage","@id":"https:\/\/www.vortal.biz\/es\/la-contratacion-publica-ai\/","url":"https:\/\/www.vortal.biz\/es\/la-contratacion-publica-ai\/","name":"La contrataci\u00f3n p\u00fablica que viene - VORTAL","isPartOf":{"@id":"https:\/\/www.vortal.biz\/pt-pt\/#website"},"datePublished":"2024-07-01T10:00:46+00:00","dateModified":"2024-07-08T14:57:50+00:00","author":{"@id":"https:\/\/www.vortal.biz\/pt-pt\/#\/schema\/person\/06ef21785639bab6f76838d004a0c611"},"breadcrumb":{"@id":"https:\/\/www.vortal.biz\/es\/la-contratacion-publica-ai\/#breadcrumb"},"inLanguage":"es","potentialAction":[{"@type":"ReadAction","target":["https:\/\/www.vortal.biz\/es\/la-contratacion-publica-ai\/"]}]},{"@type":"BreadcrumbList","@id":"https:\/\/www.vortal.biz\/es\/la-contratacion-publica-ai\/#breadcrumb","itemListElement":[{"@type":"ListItem","position":1,"name":"Home","item":"https:\/\/www.vortal.biz\/es\/"},{"@type":"ListItem","position":2,"name":"La contrataci\u00f3n p\u00fablica que viene"}]},{"@type":"WebSite","@id":"https:\/\/www.vortal.biz\/pt-pt\/#website","url":"https:\/\/www.vortal.biz\/pt-pt\/","name":"VORTAL","description":"Connecting Business","potentialAction":[{"@type":"SearchAction","target":{"@type":"EntryPoint","urlTemplate":"https:\/\/www.vortal.biz\/pt-pt\/?s={search_term_string}"},"query-input":"required name=search_term_string"}],"inLanguage":"es"},{"@type":"Person","@id":"https:\/\/www.vortal.biz\/pt-pt\/#\/schema\/person\/06ef21785639bab6f76838d004a0c611","name":"Raquel Santos","image":{"@type":"ImageObject","inLanguage":"es","@id":"https:\/\/www.vortal.biz\/pt-pt\/#\/schema\/person\/image\/","url":"https:\/\/secure.gravatar.com\/avatar\/32eb2d2735816e79cdde2c3c8b279e69?s=96&d=mm&r=g","contentUrl":"https:\/\/secure.gravatar.com\/avatar\/32eb2d2735816e79cdde2c3c8b279e69?s=96&d=mm&r=g","caption":"Raquel Santos"},"url":"https:\/\/www.vortal.biz\/es\/author\/raquel-santos\/"}]}},"_links":{"self":[{"href":"https:\/\/www.vortal.biz\/es\/wp-json\/wp\/v2\/posts\/9544"}],"collection":[{"href":"https:\/\/www.vortal.biz\/es\/wp-json\/wp\/v2\/posts"}],"about":[{"href":"https:\/\/www.vortal.biz\/es\/wp-json\/wp\/v2\/types\/post"}],"author":[{"embeddable":true,"href":"https:\/\/www.vortal.biz\/es\/wp-json\/wp\/v2\/users\/8"}],"replies":[{"embeddable":true,"href":"https:\/\/www.vortal.biz\/es\/wp-json\/wp\/v2\/comments?post=9544"}],"version-history":[{"count":3,"href":"https:\/\/www.vortal.biz\/es\/wp-json\/wp\/v2\/posts\/9544\/revisions"}],"predecessor-version":[{"id":9552,"href":"https:\/\/www.vortal.biz\/es\/wp-json\/wp\/v2\/posts\/9544\/revisions\/9552"}],"wp:attachment":[{"href":"https:\/\/www.vortal.biz\/es\/wp-json\/wp\/v2\/media?parent=9544"}],"wp:term":[{"taxonomy":"category","embeddable":true,"href":"https:\/\/www.vortal.biz\/es\/wp-json\/wp\/v2\/categories?post=9544"},{"taxonomy":"post_tag","embeddable":true,"href":"https:\/\/www.vortal.biz\/es\/wp-json\/wp\/v2\/tags?post=9544"}],"curies":[{"name":"wp","href":"https:\/\/api.w.org\/{rel}","templated":true}]}}