{"id":8949,"date":"2023-07-20T09:10:25","date_gmt":"2023-07-20T09:10:25","guid":{"rendered":"https:\/\/www.vortal.biz\/?p=8949"},"modified":"2023-08-01T09:10:45","modified_gmt":"2023-08-01T09:10:45","slug":"vortal-celebra-protocolo-con-federgal-para-implementar-vbuild","status":"publish","type":"post","link":"https:\/\/www.vortal.biz\/es\/vortal-celebra-protocolo-con-federgal-para-implementar-vbuild\/","title":{"rendered":"VORTAL celebra protocolo con FEDERGAL para implementar VBuild"},"content":{"rendered":"<p>VORTAL y la Federaci\u00f3n de asociaciones de empresas de la reforma y rehabilitaci\u00f3n de Galicia (FEDERGAL) han establecido una colaboraci\u00f3n para la utilizaci\u00f3n de VBuild por parte de m\u00e1s de 100 compa\u00f1\u00edas de construcci\u00f3n y asistentes que hagan parte de sus asociaciones.<\/p>\n<p>FEDERGAL tiene como asociados AGALCO &#8211; Asociaci\u00f3n Gallega de Construcci\u00f3n, ASEMACO &#8211; Asociaci\u00f3n de Empresarios de Materiales para la Construcci\u00f3n de Galicia, ACEGAL &#8211; Asociaci\u00f3n de Empresas del Cerramiento de Galicia y AGASCA &#8211; Asociaci\u00f3n Empresarial de Instaladores de A Coru\u00f1a. Sus objetivos son defender los intereses generales y comunes de todas las asociaciones y empresas dedicadas al \u00e1mbito de la peque\u00f1a y mediana obra de reparaci\u00f3n, reforma o rehabilitaci\u00f3n.<\/p>\n<p>A trav\u00e9s de VBuild, plataforma para comprar y vender en el mercado de la construcci\u00f3n, las empresas reciben propuestas m\u00e1s adecuadas para sus proyectos y obras, simplificando el proceso de b\u00fasqueda de nuevos socios comerciales. As\u00ed, obtienen importantes ahorros (con un promedio de ahorro del 22% anual), reducci\u00f3n de riesgos y una gesti\u00f3n eficiente, transparente, innovadora y sostenible de todo el proceso.<\/p>\n<p>En un momento en el que la industria de la construcci\u00f3n se enfrenta a desaf\u00edos relacionados con la sostenibilidad, la digitalizaci\u00f3n, la escasez de mano de obra y la presi\u00f3n inflacionaria, las empresas han sentido la necesidad de revisar y adaptar sus estrategias para adaptarse a un sector en constante cambio.<\/p>\n<p>VBuild es una oportunidad para hacer negocios m\u00e1s inteligentes y eficientes a trav\u00e9s de la digitalizaci\u00f3n. Esta ha permitido identificar y cuantificar in\u00fameros beneficios, como el ahorro de tiempo en las fases de an\u00e1lisis y comparaci\u00f3n de ofertas, en la gesti\u00f3n de flujos de trabajo y en la preparaci\u00f3n de eventos recurrentes. Adem\u00e1s, mejora los procesos de an\u00e1lisis y toma de decisiones, ampl\u00eda y proporciona informaci\u00f3n inmediata, y permite impulsar decisiones de manera racional, org\u00e1nica y oportuna.<\/p>\n<p>Para FEDERGAL, en su misi\u00f3n de defender los intereses de todas las asociaciones y empresas dedicadas a reforma y rehabilitaci\u00f3n en Galicia, el acceso a VBuild es una forma de apoyar y beneficiar a sus socios, ya que podr\u00e1n establecer contactos con nuevos parceros y hacer compras y ventas m\u00e1s eficientes.<\/p>\n","protected":false},"excerpt":{"rendered":"<p>VORTAL y la Federaci\u00f3n de asociaciones de empresas de la reforma y rehabilitaci\u00f3n de Galicia (FEDERGAL) han establecido una colaboraci\u00f3n para la utilizaci\u00f3n de VBuild [&hellip;]<\/p>\n","protected":false},"author":8,"featured_media":0,"comment_status":"open","ping_status":"open","sticky":false,"template":"","format":"standard","meta":{"footnotes":""},"categories":[7],"tags":[],"yoast_head":"<!-- This site is optimized with the Yoast SEO plugin v22.3 - https:\/\/yoast.com\/wordpress\/plugins\/seo\/ -->\n<title>VORTAL celebra protocolo con FEDERGAL para implementar VBuild - VORTAL<\/title>\n<meta name=\"robots\" content=\"index, follow, max-snippet:-1, max-image-preview:large, max-video-preview:-1\" \/>\n<link rel=\"canonical\" href=\"https:\/\/www.vortal.biz\/es\/vortal-celebra-protocolo-con-federgal-para-implementar-vbuild\/\" \/>\n<meta property=\"og:locale\" content=\"es_ES\" \/>\n<meta property=\"og:type\" content=\"article\" \/>\n<meta property=\"og:title\" content=\"VORTAL celebra protocolo con FEDERGAL para implementar VBuild - VORTAL\" \/>\n<meta property=\"og:description\" content=\"VORTAL y la Federaci\u00f3n de asociaciones de empresas de la reforma y rehabilitaci\u00f3n de Galicia (FEDERGAL) han establecido una colaboraci\u00f3n para la utilizaci\u00f3n de VBuild [&hellip;]\" \/>\n<meta property=\"og:url\" content=\"https:\/\/www.vortal.biz\/es\/vortal-celebra-protocolo-con-federgal-para-implementar-vbuild\/\" \/>\n<meta property=\"og:site_name\" content=\"VORTAL\" \/>\n<meta property=\"article:published_time\" content=\"2023-07-20T09:10:25+00:00\" \/>\n<meta property=\"article:modified_time\" content=\"2023-08-01T09:10:45+00:00\" \/>\n<meta name=\"author\" content=\"Raquel Santos\" \/>\n<meta name=\"twitter:card\" content=\"summary_large_image\" \/>\n<meta name=\"twitter:label1\" content=\"Escrito por\" \/>\n\t<meta name=\"twitter:data1\" content=\"Raquel Santos\" \/>\n\t<meta name=\"twitter:label2\" content=\"Tiempo de lectura\" \/>\n\t<meta name=\"twitter:data2\" content=\"2 minutos\" \/>\n<script type=\"application\/ld+json\" class=\"yoast-schema-graph\">{\"@context\":\"https:\/\/schema.org\",\"@graph\":[{\"@type\":\"WebPage\",\"@id\":\"https:\/\/www.vortal.biz\/es\/vortal-celebra-protocolo-con-federgal-para-implementar-vbuild\/\",\"url\":\"https:\/\/www.vortal.biz\/es\/vortal-celebra-protocolo-con-federgal-para-implementar-vbuild\/\",\"name\":\"VORTAL celebra protocolo con FEDERGAL para implementar VBuild - VORTAL\",\"isPartOf\":{\"@id\":\"https:\/\/www.vortal.biz\/pt-pt\/#website\"},\"datePublished\":\"2023-07-20T09:10:25+00:00\",\"dateModified\":\"2023-08-01T09:10:45+00:00\",\"author\":{\"@id\":\"https:\/\/www.vortal.biz\/pt-pt\/#\/schema\/person\/06ef21785639bab6f76838d004a0c611\"},\"breadcrumb\":{\"@id\":\"https:\/\/www.vortal.biz\/es\/vortal-celebra-protocolo-con-federgal-para-implementar-vbuild\/#breadcrumb\"},\"inLanguage\":\"es\",\"potentialAction\":[{\"@type\":\"ReadAction\",\"target\":[\"https:\/\/www.vortal.biz\/es\/vortal-celebra-protocolo-con-federgal-para-implementar-vbuild\/\"]}]},{\"@type\":\"BreadcrumbList\",\"@id\":\"https:\/\/www.vortal.biz\/es\/vortal-celebra-protocolo-con-federgal-para-implementar-vbuild\/#breadcrumb\",\"itemListElement\":[{\"@type\":\"ListItem\",\"position\":1,\"name\":\"Home\",\"item\":\"https:\/\/www.vortal.biz\/es\/\"},{\"@type\":\"ListItem\",\"position\":2,\"name\":\"VORTAL celebra protocolo con FEDERGAL para implementar VBuild\"}]},{\"@type\":\"WebSite\",\"@id\":\"https:\/\/www.vortal.biz\/pt-pt\/#website\",\"url\":\"https:\/\/www.vortal.biz\/pt-pt\/\",\"name\":\"VORTAL\",\"description\":\"Connecting Business\",\"potentialAction\":[{\"@type\":\"SearchAction\",\"target\":{\"@type\":\"EntryPoint\",\"urlTemplate\":\"https:\/\/www.vortal.biz\/pt-pt\/?s={search_term_string}\"},\"query-input\":\"required name=search_term_string\"}],\"inLanguage\":\"es\"},{\"@type\":\"Person\",\"@id\":\"https:\/\/www.vortal.biz\/pt-pt\/#\/schema\/person\/06ef21785639bab6f76838d004a0c611\",\"name\":\"Raquel Santos\",\"image\":{\"@type\":\"ImageObject\",\"inLanguage\":\"es\",\"@id\":\"https:\/\/www.vortal.biz\/pt-pt\/#\/schema\/person\/image\/\",\"url\":\"https:\/\/secure.gravatar.com\/avatar\/32eb2d2735816e79cdde2c3c8b279e69?s=96&d=mm&r=g\",\"contentUrl\":\"https:\/\/secure.gravatar.com\/avatar\/32eb2d2735816e79cdde2c3c8b279e69?s=96&d=mm&r=g\",\"caption\":\"Raquel Santos\"},\"url\":\"https:\/\/www.vortal.biz\/es\/author\/raquel-santos\/\"}]}<\/script>\n<!-- \/ Yoast SEO plugin. -->","yoast_head_json":{"title":"VORTAL celebra protocolo con FEDERGAL para implementar VBuild - VORTAL","robots":{"index":"index","follow":"follow","max-snippet":"max-snippet:-1","max-image-preview":"max-image-preview:large","max-video-preview":"max-video-preview:-1"},"canonical":"https:\/\/www.vortal.biz\/es\/vortal-celebra-protocolo-con-federgal-para-implementar-vbuild\/","og_locale":"es_ES","og_type":"article","og_title":"VORTAL celebra protocolo con FEDERGAL para implementar VBuild - VORTAL","og_description":"VORTAL y la Federaci\u00f3n de asociaciones de empresas de la reforma y rehabilitaci\u00f3n de Galicia (FEDERGAL) han establecido una colaboraci\u00f3n para la utilizaci\u00f3n de VBuild [&hellip;]","og_url":"https:\/\/www.vortal.biz\/es\/vortal-celebra-protocolo-con-federgal-para-implementar-vbuild\/","og_site_name":"VORTAL","article_published_time":"2023-07-20T09:10:25+00:00","article_modified_time":"2023-08-01T09:10:45+00:00","author":"Raquel Santos","twitter_card":"summary_large_image","twitter_misc":{"Escrito por":"Raquel Santos","Tiempo de lectura":"2 minutos"},"schema":{"@context":"https:\/\/schema.org","@graph":[{"@type":"WebPage","@id":"https:\/\/www.vortal.biz\/es\/vortal-celebra-protocolo-con-federgal-para-implementar-vbuild\/","url":"https:\/\/www.vortal.biz\/es\/vortal-celebra-protocolo-con-federgal-para-implementar-vbuild\/","name":"VORTAL celebra protocolo con FEDERGAL para implementar VBuild - VORTAL","isPartOf":{"@id":"https:\/\/www.vortal.biz\/pt-pt\/#website"},"datePublished":"2023-07-20T09:10:25+00:00","dateModified":"2023-08-01T09:10:45+00:00","author":{"@id":"https:\/\/www.vortal.biz\/pt-pt\/#\/schema\/person\/06ef21785639bab6f76838d004a0c611"},"breadcrumb":{"@id":"https:\/\/www.vortal.biz\/es\/vortal-celebra-protocolo-con-federgal-para-implementar-vbuild\/#breadcrumb"},"inLanguage":"es","potentialAction":[{"@type":"ReadAction","target":["https:\/\/www.vortal.biz\/es\/vortal-celebra-protocolo-con-federgal-para-implementar-vbuild\/"]}]},{"@type":"BreadcrumbList","@id":"https:\/\/www.vortal.biz\/es\/vortal-celebra-protocolo-con-federgal-para-implementar-vbuild\/#breadcrumb","itemListElement":[{"@type":"ListItem","position":1,"name":"Home","item":"https:\/\/www.vortal.biz\/es\/"},{"@type":"ListItem","position":2,"name":"VORTAL celebra protocolo con FEDERGAL para implementar VBuild"}]},{"@type":"WebSite","@id":"https:\/\/www.vortal.biz\/pt-pt\/#website","url":"https:\/\/www.vortal.biz\/pt-pt\/","name":"VORTAL","description":"Connecting Business","potentialAction":[{"@type":"SearchAction","target":{"@type":"EntryPoint","urlTemplate":"https:\/\/www.vortal.biz\/pt-pt\/?s={search_term_string}"},"query-input":"required name=search_term_string"}],"inLanguage":"es"},{"@type":"Person","@id":"https:\/\/www.vortal.biz\/pt-pt\/#\/schema\/person\/06ef21785639bab6f76838d004a0c611","name":"Raquel Santos","image":{"@type":"ImageObject","inLanguage":"es","@id":"https:\/\/www.vortal.biz\/pt-pt\/#\/schema\/person\/image\/","url":"https:\/\/secure.gravatar.com\/avatar\/32eb2d2735816e79cdde2c3c8b279e69?s=96&d=mm&r=g","contentUrl":"https:\/\/secure.gravatar.com\/avatar\/32eb2d2735816e79cdde2c3c8b279e69?s=96&d=mm&r=g","caption":"Raquel Santos"},"url":"https:\/\/www.vortal.biz\/es\/author\/raquel-santos\/"}]}},"_links":{"self":[{"href":"https:\/\/www.vortal.biz\/es\/wp-json\/wp\/v2\/posts\/8949"}],"collection":[{"href":"https:\/\/www.vortal.biz\/es\/wp-json\/wp\/v2\/posts"}],"about":[{"href":"https:\/\/www.vortal.biz\/es\/wp-json\/wp\/v2\/types\/post"}],"author":[{"embeddable":true,"href":"https:\/\/www.vortal.biz\/es\/wp-json\/wp\/v2\/users\/8"}],"replies":[{"embeddable":true,"href":"https:\/\/www.vortal.biz\/es\/wp-json\/wp\/v2\/comments?post=8949"}],"version-history":[{"count":0,"href":"https:\/\/www.vortal.biz\/es\/wp-json\/wp\/v2\/posts\/8949\/revisions"}],"wp:attachment":[{"href":"https:\/\/www.vortal.biz\/es\/wp-json\/wp\/v2\/media?parent=8949"}],"wp:term":[{"taxonomy":"category","embeddable":true,"href":"https:\/\/www.vortal.biz\/es\/wp-json\/wp\/v2\/categories?post=8949"},{"taxonomy":"post_tag","embeddable":true,"href":"https:\/\/www.vortal.biz\/es\/wp-json\/wp\/v2\/tags?post=8949"}],"curies":[{"name":"wp","href":"https:\/\/api.w.org\/{rel}","templated":true}]}}