{"id":7936,"date":"2022-06-30T09:58:00","date_gmt":"2022-06-30T09:58:00","guid":{"rendered":"https:\/\/www.vortal.biz\/?p=7936"},"modified":"2022-07-28T10:03:37","modified_gmt":"2022-07-28T10:03:37","slug":"jorge-macara-es-el-nuevo-ceo-de-vortal","status":"publish","type":"post","link":"https:\/\/www.vortal.biz\/es\/jorge-macara-es-el-nuevo-ceo-de-vortal\/","title":{"rendered":"Jorge Macara es el nuevo CEO de VORTAL"},"content":{"rendered":"<div class=\"fusion-fullwidth fullwidth-box fusion-builder-row-1 fusion-flex-container nonhundred-percent-fullwidth non-hundred-percent-height-scrolling\" style=\"background-color: rgba(255,255,255,0);background-position: center center;background-repeat: no-repeat;border-width: 0px 0px 0px 0px;border-color:#e2e2e2;border-style:solid;\" ><div class=\"fusion-builder-row fusion-row fusion-flex-align-items-flex-start\" style=\"max-width:calc( 1640px + 32px );margin-left: calc(-32px \/ 2 );margin-right: calc(-32px \/ 2 );\"><div class=\"fusion-layout-column fusion_builder_column fusion-builder-column-0 fusion_builder_column_1_1 1_1 fusion-flex-column\"><div class=\"fusion-column-wrapper fusion-flex-justify-content-flex-start fusion-content-layout-column\" style=\"background-position:left top;background-repeat:no-repeat;-webkit-background-size:cover;-moz-background-size:cover;-o-background-size:cover;background-size:cover;padding: 0px 0px 0px 0px;\"><div class=\"fusion-text fusion-text-1\"><p>Jorge Macara ha sido nombrado Director General de VORTAL, abarcando ahora la misi\u00f3n de expansi\u00f3n de la empresa que ya estaba en marcha, concretamente a trav\u00e9s de la estrategia de fusiones y adquisiciones que llev\u00f3 a la adquisici\u00f3n de tres empresas en Portugal y Espa\u00f1a en los \u00faltimos dos a\u00f1os. <\/p>\n<p>Jorge Macara formaba parte del Consejo de Administraci\u00f3n de la empresa como vicepresidente. El cambio se produce despu\u00e9s de que Miguel Sobral se convirtiera en director general del grupo Byggfakta para Europa continental, un grupo internacional que adquiri\u00f3 VORTAL en 2020.<\/p>\n<p>Jorge Macara subraya que los indicadores de crecimiento de VORTAL se han acelerado en los \u00faltimos a\u00f1os. \u00abMi papel como CEO tiene como objetivo sostener el crecimiento continuo, priorizar la innovaci\u00f3n y la mejora constante de nuestras soluciones, que proporcionan la transformaci\u00f3n necesaria y m\u00e1s oportunidades de negocio para nuestros clientes\u00bb, a\u00f1ade. Adem\u00e1s del crecimiento org\u00e1nico, la estrategia de fusiones y adquisiciones representa una oportunidad de consolidaci\u00f3n y crecimiento internacional. <\/p>\n<p>En palabras del anterior CEO, Miguel Sobral, \u00abJorge Macara es la persona adecuada para guiar a VORTAL y su crecimiento, por su s\u00f3lido conocimiento y experiencia en la empresa.<\/p>\n<\/div><\/div><style type=\"text\/css\">.fusion-body .fusion-builder-column-0{width:100% !important;margin-top : 0px;margin-bottom : 0px;}.fusion-builder-column-0 > .fusion-column-wrapper {padding-top : 0px !important;padding-right : 0px !important;margin-right : 16px;padding-bottom : 0px !important;padding-left : 0px !important;margin-left : 16px;}@media only screen and (max-width:1024px) {.fusion-body .fusion-builder-column-0{width:100% !important;}.fusion-builder-column-0 > .fusion-column-wrapper {margin-right : 16px;margin-left : 16px;}}@media only screen and (max-width:640px) {.fusion-body .fusion-builder-column-0{width:100% !important;}.fusion-builder-column-0 > .fusion-column-wrapper {margin-right : 16px;margin-left : 16px;}}<\/style><\/div><\/div><style type=\"text\/css\">.fusion-body .fusion-flex-container.fusion-builder-row-1{ padding-top : 0px;margin-top : 0px;padding-right : 0px;padding-bottom : 0px;margin-bottom : 0px;padding-left : 0px;}<\/style><\/div>\n","protected":false},"excerpt":{"rendered":"","protected":false},"author":8,"featured_media":0,"comment_status":"open","ping_status":"open","sticky":false,"template":"","format":"standard","meta":{"footnotes":""},"categories":[7],"tags":[],"yoast_head":"<!-- This site is optimized with the Yoast SEO plugin v22.3 - https:\/\/yoast.com\/wordpress\/plugins\/seo\/ -->\n<title>Jorge Macara es el nuevo CEO de VORTAL - VORTAL<\/title>\n<meta name=\"robots\" content=\"index, follow, max-snippet:-1, max-image-preview:large, max-video-preview:-1\" \/>\n<link rel=\"canonical\" href=\"https:\/\/www.vortal.biz\/jorge-macara-is-the-new-ceo-of-vortal\/\" \/>\n<meta property=\"og:locale\" content=\"es_ES\" \/>\n<meta property=\"og:type\" content=\"article\" \/>\n<meta property=\"og:title\" content=\"Jorge Macara es el nuevo CEO de VORTAL - VORTAL\" \/>\n<meta property=\"og:url\" content=\"https:\/\/www.vortal.biz\/jorge-macara-is-the-new-ceo-of-vortal\/\" \/>\n<meta property=\"og:site_name\" content=\"VORTAL\" \/>\n<meta property=\"article:published_time\" content=\"2022-06-30T09:58:00+00:00\" \/>\n<meta property=\"article:modified_time\" content=\"2022-07-28T10:03:37+00:00\" \/>\n<meta name=\"author\" content=\"Raquel Santos\" \/>\n<meta name=\"twitter:card\" content=\"summary_large_image\" \/>\n<meta name=\"twitter:label1\" content=\"Escrito por\" \/>\n\t<meta name=\"twitter:data1\" content=\"Raquel Santos\" \/>\n\t<meta name=\"twitter:label2\" content=\"Tiempo de lectura\" \/>\n\t<meta name=\"twitter:data2\" content=\"2 minutos\" \/>\n<script type=\"application\/ld+json\" class=\"yoast-schema-graph\">{\"@context\":\"https:\/\/schema.org\",\"@graph\":[{\"@type\":\"WebPage\",\"@id\":\"https:\/\/www.vortal.biz\/jorge-macara-is-the-new-ceo-of-vortal\/\",\"url\":\"https:\/\/www.vortal.biz\/jorge-macara-is-the-new-ceo-of-vortal\/\",\"name\":\"Jorge Macara es el nuevo CEO de VORTAL - VORTAL\",\"isPartOf\":{\"@id\":\"https:\/\/www.vortal.biz\/pt-pt\/#website\"},\"datePublished\":\"2022-06-30T09:58:00+00:00\",\"dateModified\":\"2022-07-28T10:03:37+00:00\",\"author\":{\"@id\":\"https:\/\/www.vortal.biz\/pt-pt\/#\/schema\/person\/06ef21785639bab6f76838d004a0c611\"},\"breadcrumb\":{\"@id\":\"https:\/\/www.vortal.biz\/jorge-macara-is-the-new-ceo-of-vortal\/#breadcrumb\"},\"inLanguage\":\"es\",\"potentialAction\":[{\"@type\":\"ReadAction\",\"target\":[\"https:\/\/www.vortal.biz\/jorge-macara-is-the-new-ceo-of-vortal\/\"]}]},{\"@type\":\"BreadcrumbList\",\"@id\":\"https:\/\/www.vortal.biz\/jorge-macara-is-the-new-ceo-of-vortal\/#breadcrumb\",\"itemListElement\":[{\"@type\":\"ListItem\",\"position\":1,\"name\":\"Home\",\"item\":\"https:\/\/www.vortal.biz\/es\/\"},{\"@type\":\"ListItem\",\"position\":2,\"name\":\"Jorge Macara es el nuevo CEO de VORTAL\"}]},{\"@type\":\"WebSite\",\"@id\":\"https:\/\/www.vortal.biz\/pt-pt\/#website\",\"url\":\"https:\/\/www.vortal.biz\/pt-pt\/\",\"name\":\"VORTAL\",\"description\":\"Connecting Business\",\"potentialAction\":[{\"@type\":\"SearchAction\",\"target\":{\"@type\":\"EntryPoint\",\"urlTemplate\":\"https:\/\/www.vortal.biz\/pt-pt\/?s={search_term_string}\"},\"query-input\":\"required name=search_term_string\"}],\"inLanguage\":\"es\"},{\"@type\":\"Person\",\"@id\":\"https:\/\/www.vortal.biz\/pt-pt\/#\/schema\/person\/06ef21785639bab6f76838d004a0c611\",\"name\":\"Raquel Santos\",\"image\":{\"@type\":\"ImageObject\",\"inLanguage\":\"es\",\"@id\":\"https:\/\/www.vortal.biz\/pt-pt\/#\/schema\/person\/image\/\",\"url\":\"https:\/\/secure.gravatar.com\/avatar\/32eb2d2735816e79cdde2c3c8b279e69?s=96&d=mm&r=g\",\"contentUrl\":\"https:\/\/secure.gravatar.com\/avatar\/32eb2d2735816e79cdde2c3c8b279e69?s=96&d=mm&r=g\",\"caption\":\"Raquel Santos\"},\"url\":\"https:\/\/www.vortal.biz\/es\/author\/raquel-santos\/\"}]}<\/script>\n<!-- \/ Yoast SEO plugin. -->","yoast_head_json":{"title":"Jorge Macara es el nuevo CEO de VORTAL - VORTAL","robots":{"index":"index","follow":"follow","max-snippet":"max-snippet:-1","max-image-preview":"max-image-preview:large","max-video-preview":"max-video-preview:-1"},"canonical":"https:\/\/www.vortal.biz\/jorge-macara-is-the-new-ceo-of-vortal\/","og_locale":"es_ES","og_type":"article","og_title":"Jorge Macara es el nuevo CEO de VORTAL - VORTAL","og_url":"https:\/\/www.vortal.biz\/jorge-macara-is-the-new-ceo-of-vortal\/","og_site_name":"VORTAL","article_published_time":"2022-06-30T09:58:00+00:00","article_modified_time":"2022-07-28T10:03:37+00:00","author":"Raquel Santos","twitter_card":"summary_large_image","twitter_misc":{"Escrito por":"Raquel Santos","Tiempo de lectura":"2 minutos"},"schema":{"@context":"https:\/\/schema.org","@graph":[{"@type":"WebPage","@id":"https:\/\/www.vortal.biz\/jorge-macara-is-the-new-ceo-of-vortal\/","url":"https:\/\/www.vortal.biz\/jorge-macara-is-the-new-ceo-of-vortal\/","name":"Jorge Macara es el nuevo CEO de VORTAL - VORTAL","isPartOf":{"@id":"https:\/\/www.vortal.biz\/pt-pt\/#website"},"datePublished":"2022-06-30T09:58:00+00:00","dateModified":"2022-07-28T10:03:37+00:00","author":{"@id":"https:\/\/www.vortal.biz\/pt-pt\/#\/schema\/person\/06ef21785639bab6f76838d004a0c611"},"breadcrumb":{"@id":"https:\/\/www.vortal.biz\/jorge-macara-is-the-new-ceo-of-vortal\/#breadcrumb"},"inLanguage":"es","potentialAction":[{"@type":"ReadAction","target":["https:\/\/www.vortal.biz\/jorge-macara-is-the-new-ceo-of-vortal\/"]}]},{"@type":"BreadcrumbList","@id":"https:\/\/www.vortal.biz\/jorge-macara-is-the-new-ceo-of-vortal\/#breadcrumb","itemListElement":[{"@type":"ListItem","position":1,"name":"Home","item":"https:\/\/www.vortal.biz\/es\/"},{"@type":"ListItem","position":2,"name":"Jorge Macara es el nuevo CEO de VORTAL"}]},{"@type":"WebSite","@id":"https:\/\/www.vortal.biz\/pt-pt\/#website","url":"https:\/\/www.vortal.biz\/pt-pt\/","name":"VORTAL","description":"Connecting Business","potentialAction":[{"@type":"SearchAction","target":{"@type":"EntryPoint","urlTemplate":"https:\/\/www.vortal.biz\/pt-pt\/?s={search_term_string}"},"query-input":"required name=search_term_string"}],"inLanguage":"es"},{"@type":"Person","@id":"https:\/\/www.vortal.biz\/pt-pt\/#\/schema\/person\/06ef21785639bab6f76838d004a0c611","name":"Raquel Santos","image":{"@type":"ImageObject","inLanguage":"es","@id":"https:\/\/www.vortal.biz\/pt-pt\/#\/schema\/person\/image\/","url":"https:\/\/secure.gravatar.com\/avatar\/32eb2d2735816e79cdde2c3c8b279e69?s=96&d=mm&r=g","contentUrl":"https:\/\/secure.gravatar.com\/avatar\/32eb2d2735816e79cdde2c3c8b279e69?s=96&d=mm&r=g","caption":"Raquel Santos"},"url":"https:\/\/www.vortal.biz\/es\/author\/raquel-santos\/"}]}},"_links":{"self":[{"href":"https:\/\/www.vortal.biz\/es\/wp-json\/wp\/v2\/posts\/7936"}],"collection":[{"href":"https:\/\/www.vortal.biz\/es\/wp-json\/wp\/v2\/posts"}],"about":[{"href":"https:\/\/www.vortal.biz\/es\/wp-json\/wp\/v2\/types\/post"}],"author":[{"embeddable":true,"href":"https:\/\/www.vortal.biz\/es\/wp-json\/wp\/v2\/users\/8"}],"replies":[{"embeddable":true,"href":"https:\/\/www.vortal.biz\/es\/wp-json\/wp\/v2\/comments?post=7936"}],"version-history":[{"count":0,"href":"https:\/\/www.vortal.biz\/es\/wp-json\/wp\/v2\/posts\/7936\/revisions"}],"wp:attachment":[{"href":"https:\/\/www.vortal.biz\/es\/wp-json\/wp\/v2\/media?parent=7936"}],"wp:term":[{"taxonomy":"category","embeddable":true,"href":"https:\/\/www.vortal.biz\/es\/wp-json\/wp\/v2\/categories?post=7936"},{"taxonomy":"post_tag","embeddable":true,"href":"https:\/\/www.vortal.biz\/es\/wp-json\/wp\/v2\/tags?post=7936"}],"curies":[{"name":"wp","href":"https:\/\/api.w.org\/{rel}","templated":true}]}}