{"id":7441,"date":"2011-01-25T16:59:14","date_gmt":"2011-01-25T16:59:14","guid":{"rendered":"https:\/\/www.vortal.biz\/?p=7441"},"modified":"2021-08-06T17:00:09","modified_gmt":"2021-08-06T17:00:09","slug":"el-concello-de-vigo-sera-el-primero-en-espana-en-licitar-de-manera-electronica-desde-la-nube","status":"publish","type":"post","link":"https:\/\/www.vortal.biz\/es\/el-concello-de-vigo-sera-el-primero-en-espana-en-licitar-de-manera-electronica-desde-la-nube\/","title":{"rendered":"El Concello de Vigo ser\u00e1 el primero en Espa\u00f1a en licitar de manera electr\u00f3nica desde la \u201cnube\u201d"},"content":{"rendered":"<div class=\"fusion-fullwidth fullwidth-box fusion-builder-row-1 fusion-flex-container nonhundred-percent-fullwidth non-hundred-percent-height-scrolling\" style=\"background-color: rgba(255,255,255,0);background-position: center center;background-repeat: no-repeat;border-width: 0px 0px 0px 0px;border-color:#e2e2e2;border-style:solid;\" ><div class=\"fusion-builder-row fusion-row fusion-flex-align-items-flex-start\" style=\"max-width:calc( 1640px + 32px );margin-left: calc(-32px \/ 2 );margin-right: calc(-32px \/ 2 );\"><div class=\"fusion-layout-column fusion_builder_column fusion-builder-column-0 fusion_builder_column_1_1 1_1 fusion-flex-column\"><div class=\"fusion-column-wrapper fusion-flex-justify-content-flex-start fusion-content-layout-column\" style=\"background-position:left top;background-repeat:no-repeat;-webkit-background-size:cover;-moz-background-size:cover;-o-background-size:cover;background-size:cover;padding: 0px 0px 0px 0px;\"><div class=\"fusion-text fusion-text-1\"><p>El Concello de Vigo ser\u00e1 el primero de Espa\u00f1a en licitar de manera electr\u00f3nica desde la &#8216;nube&#8217; -comunidades de servicios compartidos en red-, siguiendo as\u00ed el ejemplo de las numerosas administraciones europeas que realizan esta pr\u00e1ctica desde hace a\u00f1os, obteniendo a cambio unos excelentes resultados de ahorro, eficiencia y transparencia.<\/p>\n<p>Con esta medida, el Concello pretende racionalizar y mejorar la administraci\u00f3n de sus recursos, encontrando as\u00ed una alternativa que le permita mantener al m\u00e1ximo nivel posible su nivel de licitaci\u00f3n p\u00fablica pese a la necesidad de reducir el cap\u00edtulo VI de inversiones en sus presupuestos para el pr\u00f3ximo a\u00f1o.<\/p>\n<p>Ante esta situaci\u00f3n, la licitaci\u00f3n electr\u00f3nica bajo el modelo de \u201cpago por uso\u00bb se postula como la soluci\u00f3n id\u00f3nea, ya que permitir\u00e1 al Concello conseguir un ahorro medio del 3,75% en el gasto total dedicado a la contrataci\u00f3n de bienes y servicios, lo que se traducir\u00e1 en la adjudicaci\u00f3n de un mayor n\u00famero de contratos con los recursos disponibles. Adem\u00e1s, la Administraci\u00f3n espera obtener un ahorro cercano al 2,5% gracias a la utilizaci\u00f3n de comunidades de servicios compartidos en la &#8216;nube&#8217;, lo que arroja un ahorro total de algo m\u00e1s de 1 mill\u00f3n de euros.<\/p>\n<p><strong>Mirando Hacia La Uni\u00f3n Europea<\/strong><\/p>\n<p>La licitaci\u00f3n electr\u00f3nica est\u00e1 permitiendo que administraciones de otros pa\u00edses europeos reduzcan sus ratios de endeudamiento, como demuestran los ejemplos pr\u00e1cticas de Portugal, Noruega o Italia recogidos en el Libro Verde sobre licitaci\u00f3n electr\u00f3nica elaborado por la Uni\u00f3n Europea.<\/p>\n<p>En dicho documento se afirma que la generalizaci\u00f3n de la licitaci\u00f3n electr\u00f3nica llevar\u00eda aparejadas una mayor accesibilidad y transparencia en los concursos p\u00fablicos, as\u00ed como una reducci\u00f3n significativa de costes de licitaci\u00f3n, gastos administrativos y tiempo en los procesos de licitaci\u00f3n.<\/p>\n<p><strong>Un Modelo Adaptado A Sus Necesidades<\/strong><\/p>\n<p>Debido al dif\u00edcil entorno econ\u00f3mica que atravesamos, los viejos modelos de gesti\u00f3n tienen que dar paso a nuevos sistemas que permitan mejorar la eficiencia de las Administraciones P\u00fablicas, mejorando as\u00ed los servicios que \u00e9stas prestan a los ciudadanos. En este sentido, el Concello no ha querido olvidarse de las empresas con las que se relaciona, aprovechando esta oportunidad para hacer este proceso m\u00e1s sencillo, asequible, eficaz y transparente.<\/p>\n<p>En este sentido, la elecci\u00f3n de la plataforma VORTAL permitir\u00e1 empezar a licitar de forma electr\u00f3nica en un plazo muy reducido, evitando las innecesarias inversiones en desarrollo de software, hosting y mantenimiento de la plataforma; algo inviable en el periodo actual. Adem\u00e1s, cabe destacar que VORTAL es una plataforma de licitaci\u00f3n electr\u00f3nica de pago por uso, completamente adaptada a la legislaci\u00f3n espa\u00f1ola (Ley 34\/2010) y que cumple con todas las garant\u00edas de seguridad y calidad establecidas por la ISO 27001, m\u00e1xima certificaci\u00f3n en materia de seguridad.<\/p>\n<p>La adopci\u00f3n de este sistema por parte del Concello busca impulsar la concurrencia en los concursos p\u00fablicos, ya que los licitadores tendr\u00e1n acceso de manera f\u00e1cil y sencilla a los procesos, siendo avisados siempre que se convoque un concurso de su inter\u00e9s. El alta en la plataforma ser\u00e1 completamente gratuita, tal y como exige la Ley, y la plataforma estar\u00e1 dotada de un &#8216;call center&#8217; de atenci\u00f3n al licitador para todas las dudas que puedan surgir durante los procedimientos.<\/p>\n<\/div><\/div><style type=\"text\/css\">.fusion-body .fusion-builder-column-0{width:100% !important;margin-top : 0px;margin-bottom : 0px;}.fusion-builder-column-0 > .fusion-column-wrapper {padding-top : 0px !important;padding-right : 0px !important;margin-right : 16px;padding-bottom : 0px !important;padding-left : 0px !important;margin-left : 16px;}@media only screen and (max-width:1024px) {.fusion-body .fusion-builder-column-0{width:100% !important;}.fusion-builder-column-0 > .fusion-column-wrapper {margin-right : 16px;margin-left : 16px;}}@media only screen and (max-width:640px) {.fusion-body .fusion-builder-column-0{width:100% !important;}.fusion-builder-column-0 > .fusion-column-wrapper {margin-right : 16px;margin-left : 16px;}}<\/style><\/div><\/div><style type=\"text\/css\">.fusion-body .fusion-flex-container.fusion-builder-row-1{ padding-top : 0px;margin-top : 0px;padding-right : 0px;padding-bottom : 0px;margin-bottom : 0px;padding-left : 0px;}<\/style><\/div>\n","protected":false},"excerpt":{"rendered":"","protected":false},"author":5639,"featured_media":0,"comment_status":"open","ping_status":"open","sticky":false,"template":"","format":"standard","meta":{"footnotes":""},"categories":[7],"tags":[],"yoast_head":"<!-- This site is optimized with the Yoast SEO plugin v22.3 - https:\/\/yoast.com\/wordpress\/plugins\/seo\/ -->\n<title>El Concello de Vigo ser\u00e1 el primero en Espa\u00f1a en licitar de manera electr\u00f3nica desde la \u201cnube\u201d - VORTAL<\/title>\n<meta name=\"robots\" content=\"index, follow, max-snippet:-1, max-image-preview:large, max-video-preview:-1\" \/>\n<link rel=\"canonical\" href=\"https:\/\/www.vortal.biz\/es\/el-concello-de-vigo-sera-el-primero-en-espana-en-licitar-de-manera-electronica-desde-la-nube\/\" \/>\n<meta property=\"og:locale\" content=\"es_ES\" \/>\n<meta property=\"og:type\" content=\"article\" \/>\n<meta property=\"og:title\" content=\"El Concello de Vigo ser\u00e1 el primero en Espa\u00f1a en licitar de manera electr\u00f3nica desde la \u201cnube\u201d - VORTAL\" \/>\n<meta property=\"og:url\" content=\"https:\/\/www.vortal.biz\/es\/el-concello-de-vigo-sera-el-primero-en-espana-en-licitar-de-manera-electronica-desde-la-nube\/\" \/>\n<meta property=\"og:site_name\" content=\"VORTAL\" \/>\n<meta property=\"article:published_time\" content=\"2011-01-25T16:59:14+00:00\" \/>\n<meta property=\"article:modified_time\" content=\"2021-08-06T17:00:09+00:00\" \/>\n<meta name=\"author\" content=\"Helida Oliveira\" \/>\n<meta name=\"twitter:card\" content=\"summary_large_image\" \/>\n<meta name=\"twitter:label1\" content=\"Escrito por\" \/>\n\t<meta name=\"twitter:data1\" content=\"Helida Oliveira\" \/>\n\t<meta name=\"twitter:label2\" content=\"Tiempo de lectura\" \/>\n\t<meta name=\"twitter:data2\" content=\"3 minutos\" \/>\n<script type=\"application\/ld+json\" class=\"yoast-schema-graph\">{\"@context\":\"https:\/\/schema.org\",\"@graph\":[{\"@type\":\"WebPage\",\"@id\":\"https:\/\/www.vortal.biz\/es\/el-concello-de-vigo-sera-el-primero-en-espana-en-licitar-de-manera-electronica-desde-la-nube\/\",\"url\":\"https:\/\/www.vortal.biz\/es\/el-concello-de-vigo-sera-el-primero-en-espana-en-licitar-de-manera-electronica-desde-la-nube\/\",\"name\":\"El Concello de Vigo ser\u00e1 el primero en Espa\u00f1a en licitar de manera electr\u00f3nica desde la \u201cnube\u201d - VORTAL\",\"isPartOf\":{\"@id\":\"https:\/\/www.vortal.biz\/pt-pt\/#website\"},\"datePublished\":\"2011-01-25T16:59:14+00:00\",\"dateModified\":\"2021-08-06T17:00:09+00:00\",\"author\":{\"@id\":\"https:\/\/www.vortal.biz\/pt-pt\/#\/schema\/person\/de007f49a9003cc0fec169585b65ddb2\"},\"breadcrumb\":{\"@id\":\"https:\/\/www.vortal.biz\/es\/el-concello-de-vigo-sera-el-primero-en-espana-en-licitar-de-manera-electronica-desde-la-nube\/#breadcrumb\"},\"inLanguage\":\"es\",\"potentialAction\":[{\"@type\":\"ReadAction\",\"target\":[\"https:\/\/www.vortal.biz\/es\/el-concello-de-vigo-sera-el-primero-en-espana-en-licitar-de-manera-electronica-desde-la-nube\/\"]}]},{\"@type\":\"BreadcrumbList\",\"@id\":\"https:\/\/www.vortal.biz\/es\/el-concello-de-vigo-sera-el-primero-en-espana-en-licitar-de-manera-electronica-desde-la-nube\/#breadcrumb\",\"itemListElement\":[{\"@type\":\"ListItem\",\"position\":1,\"name\":\"Home\",\"item\":\"https:\/\/www.vortal.biz\/es\/\"},{\"@type\":\"ListItem\",\"position\":2,\"name\":\"El Concello de Vigo ser\u00e1 el primero en Espa\u00f1a en licitar de manera electr\u00f3nica desde la \u201cnube\u201d\"}]},{\"@type\":\"WebSite\",\"@id\":\"https:\/\/www.vortal.biz\/pt-pt\/#website\",\"url\":\"https:\/\/www.vortal.biz\/pt-pt\/\",\"name\":\"VORTAL\",\"description\":\"Connecting Business\",\"potentialAction\":[{\"@type\":\"SearchAction\",\"target\":{\"@type\":\"EntryPoint\",\"urlTemplate\":\"https:\/\/www.vortal.biz\/pt-pt\/?s={search_term_string}\"},\"query-input\":\"required name=search_term_string\"}],\"inLanguage\":\"es\"},{\"@type\":\"Person\",\"@id\":\"https:\/\/www.vortal.biz\/pt-pt\/#\/schema\/person\/de007f49a9003cc0fec169585b65ddb2\",\"name\":\"Helida Oliveira\",\"image\":{\"@type\":\"ImageObject\",\"inLanguage\":\"es\",\"@id\":\"https:\/\/www.vortal.biz\/pt-pt\/#\/schema\/person\/image\/\",\"url\":\"https:\/\/secure.gravatar.com\/avatar\/2485383d4ceb69bbd668ac515d6bdb03?s=96&d=mm&r=g\",\"contentUrl\":\"https:\/\/secure.gravatar.com\/avatar\/2485383d4ceb69bbd668ac515d6bdb03?s=96&d=mm&r=g\",\"caption\":\"Helida Oliveira\"},\"url\":\"https:\/\/www.vortal.biz\/es\/author\/helida-oliveira\/\"}]}<\/script>\n<!-- \/ Yoast SEO plugin. -->","yoast_head_json":{"title":"El Concello de Vigo ser\u00e1 el primero en Espa\u00f1a en licitar de manera electr\u00f3nica desde la \u201cnube\u201d - VORTAL","robots":{"index":"index","follow":"follow","max-snippet":"max-snippet:-1","max-image-preview":"max-image-preview:large","max-video-preview":"max-video-preview:-1"},"canonical":"https:\/\/www.vortal.biz\/es\/el-concello-de-vigo-sera-el-primero-en-espana-en-licitar-de-manera-electronica-desde-la-nube\/","og_locale":"es_ES","og_type":"article","og_title":"El Concello de Vigo ser\u00e1 el primero en Espa\u00f1a en licitar de manera electr\u00f3nica desde la \u201cnube\u201d - VORTAL","og_url":"https:\/\/www.vortal.biz\/es\/el-concello-de-vigo-sera-el-primero-en-espana-en-licitar-de-manera-electronica-desde-la-nube\/","og_site_name":"VORTAL","article_published_time":"2011-01-25T16:59:14+00:00","article_modified_time":"2021-08-06T17:00:09+00:00","author":"Helida Oliveira","twitter_card":"summary_large_image","twitter_misc":{"Escrito por":"Helida Oliveira","Tiempo de lectura":"3 minutos"},"schema":{"@context":"https:\/\/schema.org","@graph":[{"@type":"WebPage","@id":"https:\/\/www.vortal.biz\/es\/el-concello-de-vigo-sera-el-primero-en-espana-en-licitar-de-manera-electronica-desde-la-nube\/","url":"https:\/\/www.vortal.biz\/es\/el-concello-de-vigo-sera-el-primero-en-espana-en-licitar-de-manera-electronica-desde-la-nube\/","name":"El Concello de Vigo ser\u00e1 el primero en Espa\u00f1a en licitar de manera electr\u00f3nica desde la \u201cnube\u201d - VORTAL","isPartOf":{"@id":"https:\/\/www.vortal.biz\/pt-pt\/#website"},"datePublished":"2011-01-25T16:59:14+00:00","dateModified":"2021-08-06T17:00:09+00:00","author":{"@id":"https:\/\/www.vortal.biz\/pt-pt\/#\/schema\/person\/de007f49a9003cc0fec169585b65ddb2"},"breadcrumb":{"@id":"https:\/\/www.vortal.biz\/es\/el-concello-de-vigo-sera-el-primero-en-espana-en-licitar-de-manera-electronica-desde-la-nube\/#breadcrumb"},"inLanguage":"es","potentialAction":[{"@type":"ReadAction","target":["https:\/\/www.vortal.biz\/es\/el-concello-de-vigo-sera-el-primero-en-espana-en-licitar-de-manera-electronica-desde-la-nube\/"]}]},{"@type":"BreadcrumbList","@id":"https:\/\/www.vortal.biz\/es\/el-concello-de-vigo-sera-el-primero-en-espana-en-licitar-de-manera-electronica-desde-la-nube\/#breadcrumb","itemListElement":[{"@type":"ListItem","position":1,"name":"Home","item":"https:\/\/www.vortal.biz\/es\/"},{"@type":"ListItem","position":2,"name":"El Concello de Vigo ser\u00e1 el primero en Espa\u00f1a en licitar de manera electr\u00f3nica desde la \u201cnube\u201d"}]},{"@type":"WebSite","@id":"https:\/\/www.vortal.biz\/pt-pt\/#website","url":"https:\/\/www.vortal.biz\/pt-pt\/","name":"VORTAL","description":"Connecting Business","potentialAction":[{"@type":"SearchAction","target":{"@type":"EntryPoint","urlTemplate":"https:\/\/www.vortal.biz\/pt-pt\/?s={search_term_string}"},"query-input":"required name=search_term_string"}],"inLanguage":"es"},{"@type":"Person","@id":"https:\/\/www.vortal.biz\/pt-pt\/#\/schema\/person\/de007f49a9003cc0fec169585b65ddb2","name":"Helida Oliveira","image":{"@type":"ImageObject","inLanguage":"es","@id":"https:\/\/www.vortal.biz\/pt-pt\/#\/schema\/person\/image\/","url":"https:\/\/secure.gravatar.com\/avatar\/2485383d4ceb69bbd668ac515d6bdb03?s=96&d=mm&r=g","contentUrl":"https:\/\/secure.gravatar.com\/avatar\/2485383d4ceb69bbd668ac515d6bdb03?s=96&d=mm&r=g","caption":"Helida Oliveira"},"url":"https:\/\/www.vortal.biz\/es\/author\/helida-oliveira\/"}]}},"_links":{"self":[{"href":"https:\/\/www.vortal.biz\/es\/wp-json\/wp\/v2\/posts\/7441"}],"collection":[{"href":"https:\/\/www.vortal.biz\/es\/wp-json\/wp\/v2\/posts"}],"about":[{"href":"https:\/\/www.vortal.biz\/es\/wp-json\/wp\/v2\/types\/post"}],"author":[{"embeddable":true,"href":"https:\/\/www.vortal.biz\/es\/wp-json\/wp\/v2\/users\/5639"}],"replies":[{"embeddable":true,"href":"https:\/\/www.vortal.biz\/es\/wp-json\/wp\/v2\/comments?post=7441"}],"version-history":[{"count":0,"href":"https:\/\/www.vortal.biz\/es\/wp-json\/wp\/v2\/posts\/7441\/revisions"}],"wp:attachment":[{"href":"https:\/\/www.vortal.biz\/es\/wp-json\/wp\/v2\/media?parent=7441"}],"wp:term":[{"taxonomy":"category","embeddable":true,"href":"https:\/\/www.vortal.biz\/es\/wp-json\/wp\/v2\/categories?post=7441"},{"taxonomy":"post_tag","embeddable":true,"href":"https:\/\/www.vortal.biz\/es\/wp-json\/wp\/v2\/tags?post=7441"}],"curies":[{"name":"wp","href":"https:\/\/api.w.org\/{rel}","templated":true}]}}