{"id":7439,"date":"2011-01-26T16:58:04","date_gmt":"2011-01-26T16:58:04","guid":{"rendered":"https:\/\/www.vortal.biz\/?p=7439"},"modified":"2021-08-06T16:58:48","modified_gmt":"2021-08-06T16:58:48","slug":"vortal-participa-en-el-vii-seminario-de-contratacion-publica-organizado-por-socinfo","status":"publish","type":"post","link":"https:\/\/www.vortal.biz\/es\/vortal-participa-en-el-vii-seminario-de-contratacion-publica-organizado-por-socinfo\/","title":{"rendered":"VORTAL participa en el VII Seminario de Contrataci\u00f3n P\u00fablica organizado por Socinfo"},"content":{"rendered":"<div class=\"fusion-fullwidth fullwidth-box fusion-builder-row-1 fusion-flex-container nonhundred-percent-fullwidth non-hundred-percent-height-scrolling\" style=\"background-color: rgba(255,255,255,0);background-position: center center;background-repeat: no-repeat;border-width: 0px 0px 0px 0px;border-color:#e2e2e2;border-style:solid;\" ><div class=\"fusion-builder-row fusion-row fusion-flex-align-items-flex-start\" style=\"max-width:calc( 1640px + 32px );margin-left: calc(-32px \/ 2 );margin-right: calc(-32px \/ 2 );\"><div class=\"fusion-layout-column fusion_builder_column fusion-builder-column-0 fusion_builder_column_1_1 1_1 fusion-flex-column\"><div class=\"fusion-column-wrapper fusion-flex-justify-content-flex-start fusion-content-layout-column\" style=\"background-position:left top;background-repeat:no-repeat;-webkit-background-size:cover;-moz-background-size:cover;-o-background-size:cover;background-size:cover;padding: 0px 0px 0px 0px;\"><div class=\"fusion-text fusion-text-1\"><p>VORTAL  particip\u00f3  en el VII seminario sobre Contrataci\u00f3n P\u00fablica organizado por la Fundaci\u00f3n Sociedad de la Informaci\u00f3n (Socinfo), al que asistieron los principales agentes del sector, procedentes mayoritariamente del sector p\u00fablico.<\/p>\n<p>Durante su intervenci\u00f3n, el director general de VORTAL en Espa\u00f1a, Pedro Gato, incidi\u00f3 en la excelente oportunidad que la licitaci\u00f3n electr\u00f3nica pone al alcance de las Administraciones P\u00fablicas en materias tales como la reducci\u00f3n del gasto, la transparencia o la seguridad.<\/p>\n<p>Asimismo, el responsable de la compa\u00f1\u00eda detall\u00f3 las principales caracter\u00edsticas que definen el modelo de VORTAL, basado en \u00abconvertir el producto en un servicio de valor a\u00f1adido\u00bb, todo ello avalado por las excelentes cifras de ahorro que la plataforma ha propiciado en m\u00faltiples pa\u00edses europeos.<\/p>\n<p>Por su parte, la jefa del \u00c1rea de Estudios y Relaciones con las AA.PP. del Ministerio de Econom\u00eda y Hacienda, Vanesa Avent\u00edn, destac\u00f3 la \u00abfuerte apuesta\u00bb que la Uni\u00f3n Europea est\u00e1 realizando en favor de la contrataci\u00f3n electr\u00f3nica, aunque precis\u00f3 que tan s\u00f3lo Portugal -\u00fanico pa\u00eds donde esta pr\u00e1ctica es obligatoria por Ley- ha logrado desarrollar con \u00e9xito los objetivos recogidos en los planes europeos de acci\u00f3n.<\/p>\n<p>Por su parte, el subdirector general adjunto de Coordinaci\u00f3n de Contrataci\u00f3n Electr\u00f3nica del Ministerio de Econom\u00eda y Hacienda, Gabriel S\u00e1nchez, profundiz\u00f3 en la necesidad de establecer una \u00abdiscriminaci\u00f3n positiva\u00bb en favor de la contrataci\u00f3n electr\u00f3nica, donde el Registro Oficial de Licitadores y Empresas Calificadas del Estado (Rolece) asume \u00abun papel clave\u00bb.<\/p>\n<\/div><\/div><style type=\"text\/css\">.fusion-body .fusion-builder-column-0{width:100% !important;margin-top : 0px;margin-bottom : 0px;}.fusion-builder-column-0 > .fusion-column-wrapper {padding-top : 0px !important;padding-right : 0px !important;margin-right : 16px;padding-bottom : 0px !important;padding-left : 0px !important;margin-left : 16px;}@media only screen and (max-width:1024px) {.fusion-body .fusion-builder-column-0{width:100% !important;}.fusion-builder-column-0 > .fusion-column-wrapper {margin-right : 16px;margin-left : 16px;}}@media only screen and (max-width:640px) {.fusion-body .fusion-builder-column-0{width:100% !important;}.fusion-builder-column-0 > .fusion-column-wrapper {margin-right : 16px;margin-left : 16px;}}<\/style><\/div><\/div><style type=\"text\/css\">.fusion-body .fusion-flex-container.fusion-builder-row-1{ padding-top : 0px;margin-top : 0px;padding-right : 0px;padding-bottom : 0px;margin-bottom : 0px;padding-left : 0px;}<\/style><\/div>\n","protected":false},"excerpt":{"rendered":"","protected":false},"author":5639,"featured_media":0,"comment_status":"open","ping_status":"open","sticky":false,"template":"","format":"standard","meta":{"footnotes":""},"categories":[7],"tags":[],"yoast_head":"<!-- This site is optimized with the Yoast SEO plugin v22.3 - https:\/\/yoast.com\/wordpress\/plugins\/seo\/ -->\n<title>VORTAL participa en el VII Seminario de Contrataci\u00f3n P\u00fablica organizado por Socinfo - VORTAL<\/title>\n<meta name=\"robots\" content=\"index, follow, max-snippet:-1, max-image-preview:large, max-video-preview:-1\" \/>\n<link rel=\"canonical\" href=\"https:\/\/www.vortal.biz\/es\/vortal-participa-en-el-vii-seminario-de-contratacion-publica-organizado-por-socinfo\/\" \/>\n<meta property=\"og:locale\" content=\"es_ES\" \/>\n<meta property=\"og:type\" content=\"article\" \/>\n<meta property=\"og:title\" content=\"VORTAL participa en el VII Seminario de Contrataci\u00f3n P\u00fablica organizado por Socinfo - VORTAL\" \/>\n<meta property=\"og:url\" content=\"https:\/\/www.vortal.biz\/es\/vortal-participa-en-el-vii-seminario-de-contratacion-publica-organizado-por-socinfo\/\" \/>\n<meta property=\"og:site_name\" content=\"VORTAL\" \/>\n<meta property=\"article:published_time\" content=\"2011-01-26T16:58:04+00:00\" \/>\n<meta property=\"article:modified_time\" content=\"2021-08-06T16:58:48+00:00\" \/>\n<meta name=\"author\" content=\"Helida Oliveira\" \/>\n<meta name=\"twitter:card\" content=\"summary_large_image\" \/>\n<meta name=\"twitter:label1\" content=\"Escrito por\" \/>\n\t<meta name=\"twitter:data1\" content=\"Helida Oliveira\" \/>\n\t<meta name=\"twitter:label2\" content=\"Tiempo de lectura\" \/>\n\t<meta name=\"twitter:data2\" content=\"3 minutos\" \/>\n<script type=\"application\/ld+json\" class=\"yoast-schema-graph\">{\"@context\":\"https:\/\/schema.org\",\"@graph\":[{\"@type\":\"WebPage\",\"@id\":\"https:\/\/www.vortal.biz\/es\/vortal-participa-en-el-vii-seminario-de-contratacion-publica-organizado-por-socinfo\/\",\"url\":\"https:\/\/www.vortal.biz\/es\/vortal-participa-en-el-vii-seminario-de-contratacion-publica-organizado-por-socinfo\/\",\"name\":\"VORTAL participa en el VII Seminario de Contrataci\u00f3n P\u00fablica organizado por Socinfo - VORTAL\",\"isPartOf\":{\"@id\":\"https:\/\/www.vortal.biz\/pt-pt\/#website\"},\"datePublished\":\"2011-01-26T16:58:04+00:00\",\"dateModified\":\"2021-08-06T16:58:48+00:00\",\"author\":{\"@id\":\"https:\/\/www.vortal.biz\/pt-pt\/#\/schema\/person\/de007f49a9003cc0fec169585b65ddb2\"},\"breadcrumb\":{\"@id\":\"https:\/\/www.vortal.biz\/es\/vortal-participa-en-el-vii-seminario-de-contratacion-publica-organizado-por-socinfo\/#breadcrumb\"},\"inLanguage\":\"es\",\"potentialAction\":[{\"@type\":\"ReadAction\",\"target\":[\"https:\/\/www.vortal.biz\/es\/vortal-participa-en-el-vii-seminario-de-contratacion-publica-organizado-por-socinfo\/\"]}]},{\"@type\":\"BreadcrumbList\",\"@id\":\"https:\/\/www.vortal.biz\/es\/vortal-participa-en-el-vii-seminario-de-contratacion-publica-organizado-por-socinfo\/#breadcrumb\",\"itemListElement\":[{\"@type\":\"ListItem\",\"position\":1,\"name\":\"Home\",\"item\":\"https:\/\/www.vortal.biz\/es\/\"},{\"@type\":\"ListItem\",\"position\":2,\"name\":\"VORTAL participa en el VII Seminario de Contrataci\u00f3n P\u00fablica organizado por Socinfo\"}]},{\"@type\":\"WebSite\",\"@id\":\"https:\/\/www.vortal.biz\/pt-pt\/#website\",\"url\":\"https:\/\/www.vortal.biz\/pt-pt\/\",\"name\":\"VORTAL\",\"description\":\"Connecting Business\",\"potentialAction\":[{\"@type\":\"SearchAction\",\"target\":{\"@type\":\"EntryPoint\",\"urlTemplate\":\"https:\/\/www.vortal.biz\/pt-pt\/?s={search_term_string}\"},\"query-input\":\"required name=search_term_string\"}],\"inLanguage\":\"es\"},{\"@type\":\"Person\",\"@id\":\"https:\/\/www.vortal.biz\/pt-pt\/#\/schema\/person\/de007f49a9003cc0fec169585b65ddb2\",\"name\":\"Helida Oliveira\",\"image\":{\"@type\":\"ImageObject\",\"inLanguage\":\"es\",\"@id\":\"https:\/\/www.vortal.biz\/pt-pt\/#\/schema\/person\/image\/\",\"url\":\"https:\/\/secure.gravatar.com\/avatar\/2485383d4ceb69bbd668ac515d6bdb03?s=96&d=mm&r=g\",\"contentUrl\":\"https:\/\/secure.gravatar.com\/avatar\/2485383d4ceb69bbd668ac515d6bdb03?s=96&d=mm&r=g\",\"caption\":\"Helida Oliveira\"},\"url\":\"https:\/\/www.vortal.biz\/es\/author\/helida-oliveira\/\"}]}<\/script>\n<!-- \/ Yoast SEO plugin. -->","yoast_head_json":{"title":"VORTAL participa en el VII Seminario de Contrataci\u00f3n P\u00fablica organizado por Socinfo - VORTAL","robots":{"index":"index","follow":"follow","max-snippet":"max-snippet:-1","max-image-preview":"max-image-preview:large","max-video-preview":"max-video-preview:-1"},"canonical":"https:\/\/www.vortal.biz\/es\/vortal-participa-en-el-vii-seminario-de-contratacion-publica-organizado-por-socinfo\/","og_locale":"es_ES","og_type":"article","og_title":"VORTAL participa en el VII Seminario de Contrataci\u00f3n P\u00fablica organizado por Socinfo - VORTAL","og_url":"https:\/\/www.vortal.biz\/es\/vortal-participa-en-el-vii-seminario-de-contratacion-publica-organizado-por-socinfo\/","og_site_name":"VORTAL","article_published_time":"2011-01-26T16:58:04+00:00","article_modified_time":"2021-08-06T16:58:48+00:00","author":"Helida Oliveira","twitter_card":"summary_large_image","twitter_misc":{"Escrito por":"Helida Oliveira","Tiempo de lectura":"3 minutos"},"schema":{"@context":"https:\/\/schema.org","@graph":[{"@type":"WebPage","@id":"https:\/\/www.vortal.biz\/es\/vortal-participa-en-el-vii-seminario-de-contratacion-publica-organizado-por-socinfo\/","url":"https:\/\/www.vortal.biz\/es\/vortal-participa-en-el-vii-seminario-de-contratacion-publica-organizado-por-socinfo\/","name":"VORTAL participa en el VII Seminario de Contrataci\u00f3n P\u00fablica organizado por Socinfo - VORTAL","isPartOf":{"@id":"https:\/\/www.vortal.biz\/pt-pt\/#website"},"datePublished":"2011-01-26T16:58:04+00:00","dateModified":"2021-08-06T16:58:48+00:00","author":{"@id":"https:\/\/www.vortal.biz\/pt-pt\/#\/schema\/person\/de007f49a9003cc0fec169585b65ddb2"},"breadcrumb":{"@id":"https:\/\/www.vortal.biz\/es\/vortal-participa-en-el-vii-seminario-de-contratacion-publica-organizado-por-socinfo\/#breadcrumb"},"inLanguage":"es","potentialAction":[{"@type":"ReadAction","target":["https:\/\/www.vortal.biz\/es\/vortal-participa-en-el-vii-seminario-de-contratacion-publica-organizado-por-socinfo\/"]}]},{"@type":"BreadcrumbList","@id":"https:\/\/www.vortal.biz\/es\/vortal-participa-en-el-vii-seminario-de-contratacion-publica-organizado-por-socinfo\/#breadcrumb","itemListElement":[{"@type":"ListItem","position":1,"name":"Home","item":"https:\/\/www.vortal.biz\/es\/"},{"@type":"ListItem","position":2,"name":"VORTAL participa en el VII Seminario de Contrataci\u00f3n P\u00fablica organizado por Socinfo"}]},{"@type":"WebSite","@id":"https:\/\/www.vortal.biz\/pt-pt\/#website","url":"https:\/\/www.vortal.biz\/pt-pt\/","name":"VORTAL","description":"Connecting Business","potentialAction":[{"@type":"SearchAction","target":{"@type":"EntryPoint","urlTemplate":"https:\/\/www.vortal.biz\/pt-pt\/?s={search_term_string}"},"query-input":"required name=search_term_string"}],"inLanguage":"es"},{"@type":"Person","@id":"https:\/\/www.vortal.biz\/pt-pt\/#\/schema\/person\/de007f49a9003cc0fec169585b65ddb2","name":"Helida Oliveira","image":{"@type":"ImageObject","inLanguage":"es","@id":"https:\/\/www.vortal.biz\/pt-pt\/#\/schema\/person\/image\/","url":"https:\/\/secure.gravatar.com\/avatar\/2485383d4ceb69bbd668ac515d6bdb03?s=96&d=mm&r=g","contentUrl":"https:\/\/secure.gravatar.com\/avatar\/2485383d4ceb69bbd668ac515d6bdb03?s=96&d=mm&r=g","caption":"Helida Oliveira"},"url":"https:\/\/www.vortal.biz\/es\/author\/helida-oliveira\/"}]}},"_links":{"self":[{"href":"https:\/\/www.vortal.biz\/es\/wp-json\/wp\/v2\/posts\/7439"}],"collection":[{"href":"https:\/\/www.vortal.biz\/es\/wp-json\/wp\/v2\/posts"}],"about":[{"href":"https:\/\/www.vortal.biz\/es\/wp-json\/wp\/v2\/types\/post"}],"author":[{"embeddable":true,"href":"https:\/\/www.vortal.biz\/es\/wp-json\/wp\/v2\/users\/5639"}],"replies":[{"embeddable":true,"href":"https:\/\/www.vortal.biz\/es\/wp-json\/wp\/v2\/comments?post=7439"}],"version-history":[{"count":0,"href":"https:\/\/www.vortal.biz\/es\/wp-json\/wp\/v2\/posts\/7439\/revisions"}],"wp:attachment":[{"href":"https:\/\/www.vortal.biz\/es\/wp-json\/wp\/v2\/media?parent=7439"}],"wp:term":[{"taxonomy":"category","embeddable":true,"href":"https:\/\/www.vortal.biz\/es\/wp-json\/wp\/v2\/categories?post=7439"},{"taxonomy":"post_tag","embeddable":true,"href":"https:\/\/www.vortal.biz\/es\/wp-json\/wp\/v2\/tags?post=7439"}],"curies":[{"name":"wp","href":"https:\/\/api.w.org\/{rel}","templated":true}]}}