{"id":7425,"date":"2012-01-26T16:44:35","date_gmt":"2012-01-26T16:44:35","guid":{"rendered":"https:\/\/www.vortal.biz\/?p=7425"},"modified":"2021-08-06T16:45:25","modified_gmt":"2021-08-06T16:45:25","slug":"vortal-y-t-systems-han-llegado-a-un-acuerdo-para-impulsar-la-licitacion-electronica-entre-la-administracion-local","status":"publish","type":"post","link":"https:\/\/www.vortal.biz\/es\/vortal-y-t-systems-han-llegado-a-un-acuerdo-para-impulsar-la-licitacion-electronica-entre-la-administracion-local\/","title":{"rendered":"Vortal y T-Systems han llegado a un acuerdo para impulsar la licitaci\u00f3n electr\u00f3nica entre la Administraci\u00f3n Local"},"content":{"rendered":"<div class=\"fusion-fullwidth fullwidth-box fusion-builder-row-1 fusion-flex-container nonhundred-percent-fullwidth non-hundred-percent-height-scrolling\" style=\"background-color: rgba(255,255,255,0);background-position: center center;background-repeat: no-repeat;border-width: 0px 0px 0px 0px;border-color:#e2e2e2;border-style:solid;\" ><div class=\"fusion-builder-row fusion-row fusion-flex-align-items-flex-start\" style=\"max-width:calc( 1640px + 32px );margin-left: calc(-32px \/ 2 );margin-right: calc(-32px \/ 2 );\"><div class=\"fusion-layout-column fusion_builder_column fusion-builder-column-0 fusion_builder_column_1_1 1_1 fusion-flex-column\"><div class=\"fusion-column-wrapper fusion-flex-justify-content-flex-start fusion-content-layout-column\" style=\"background-position:left top;background-repeat:no-repeat;-webkit-background-size:cover;-moz-background-size:cover;-o-background-size:cover;background-size:cover;padding: 0px 0px 0px 0px;\"><div class=\"fusion-text fusion-text-1\"><p>Queremos compartir con vosotros esta noticia que creemos contribuir\u00e1 positivamente al despliegue de la licitaci\u00f3n electr\u00f3nica a nivel nacional. Imprescindible en un momento en donde la contenci\u00f3n del gasto p\u00fablico ser\u00e1 una m\u00e1xima.<\/p>\n<p>T-Systems y Vortal han unido sus fuerzas para proponer conjuntamente al mercado soluciones y servicios de licitaci\u00f3n electr\u00f3nica en base a la integraci\u00f3n de las plataforma para la Administraci\u00f3n Local TAO de T-Systems con la plataforma de licitaci\u00f3n p\u00fablica electr\u00f3nica bajo la modalidad Software as a Service desarrollada por Vortal. Con este acuerdo pretendemos impulsar la implantaci\u00f3n de la licitaci\u00f3n electr\u00f3nica entre la Administraci\u00f3n Local espa\u00f1ola.<\/p>\n<p>Para Jos\u00e9 Mu\u00f1oz, Director de Administraci\u00f3n Local de T-Systems, \u201cel acuerdo contribuir\u00e1 positivamente a democratizar la licitaci\u00f3n electr\u00f3nica entre la Administraci\u00f3n Local espa\u00f1ola\u201d. Seg\u00fan Mu\u00f1oz, \u201cla plataforma de Vortal para el sector p\u00fablico, integrada con las soluciones TAO, enriquece el modelo propuesto por TAO 2.0 a la Administraci\u00f3n Local, permitiendo a nuestros clientes avanzar r\u00e1pidamente en este proceso tan estrat\u00e9gico como es el de la licitaci\u00f3n electr\u00f3nica, por el importante ahorro de costes que esta supone, clave en estos momentos econ\u00f3micos.\u201d<\/p>\n<p>Jos\u00e9 Luis Ar\u00edstegui, Responsable del Sector P\u00fablico de Vortal, tambi\u00e9n ha valorado como muy positivo este acuerdo y considera que \u201cel apoyo de T-Systems es un gran respaldo para un proyecto ambicioso que pretende generalizar la utilizaci\u00f3n de la licitaci\u00f3n electr\u00f3nica en todo el territorio espa\u00f1ol\u201d.<\/p>\n<\/div><\/div><style type=\"text\/css\">.fusion-body .fusion-builder-column-0{width:100% !important;margin-top : 0px;margin-bottom : 0px;}.fusion-builder-column-0 > .fusion-column-wrapper {padding-top : 0px !important;padding-right : 0px !important;margin-right : 16px;padding-bottom : 0px !important;padding-left : 0px !important;margin-left : 16px;}@media only screen and (max-width:1024px) {.fusion-body .fusion-builder-column-0{width:100% !important;}.fusion-builder-column-0 > .fusion-column-wrapper {margin-right : 16px;margin-left : 16px;}}@media only screen and (max-width:640px) {.fusion-body .fusion-builder-column-0{width:100% !important;}.fusion-builder-column-0 > .fusion-column-wrapper {margin-right : 16px;margin-left : 16px;}}<\/style><\/div><\/div><style type=\"text\/css\">.fusion-body .fusion-flex-container.fusion-builder-row-1{ padding-top : 0px;margin-top : 0px;padding-right : 0px;padding-bottom : 0px;margin-bottom : 0px;padding-left : 0px;}<\/style><\/div>\n","protected":false},"excerpt":{"rendered":"","protected":false},"author":5639,"featured_media":0,"comment_status":"open","ping_status":"open","sticky":false,"template":"","format":"standard","meta":{"footnotes":""},"categories":[7],"tags":[],"yoast_head":"<!-- This site is optimized with the Yoast SEO plugin v22.3 - https:\/\/yoast.com\/wordpress\/plugins\/seo\/ -->\n<title>Vortal y T-Systems han llegado a un acuerdo para impulsar la licitaci\u00f3n electr\u00f3nica entre la Administraci\u00f3n Local - VORTAL<\/title>\n<meta name=\"robots\" content=\"index, follow, max-snippet:-1, max-image-preview:large, max-video-preview:-1\" \/>\n<link rel=\"canonical\" href=\"https:\/\/www.vortal.biz\/es\/vortal-y-t-systems-han-llegado-a-un-acuerdo-para-impulsar-la-licitacion-electronica-entre-la-administracion-local\/\" \/>\n<meta property=\"og:locale\" content=\"es_ES\" \/>\n<meta property=\"og:type\" content=\"article\" \/>\n<meta property=\"og:title\" content=\"Vortal y T-Systems han llegado a un acuerdo para impulsar la licitaci\u00f3n electr\u00f3nica entre la Administraci\u00f3n Local - VORTAL\" \/>\n<meta property=\"og:url\" content=\"https:\/\/www.vortal.biz\/es\/vortal-y-t-systems-han-llegado-a-un-acuerdo-para-impulsar-la-licitacion-electronica-entre-la-administracion-local\/\" \/>\n<meta property=\"og:site_name\" content=\"VORTAL\" \/>\n<meta property=\"article:published_time\" content=\"2012-01-26T16:44:35+00:00\" \/>\n<meta property=\"article:modified_time\" content=\"2021-08-06T16:45:25+00:00\" \/>\n<meta name=\"author\" content=\"Helida Oliveira\" \/>\n<meta name=\"twitter:card\" content=\"summary_large_image\" \/>\n<meta name=\"twitter:label1\" content=\"Escrito por\" \/>\n\t<meta name=\"twitter:data1\" content=\"Helida Oliveira\" \/>\n\t<meta name=\"twitter:label2\" content=\"Tiempo de lectura\" \/>\n\t<meta name=\"twitter:data2\" content=\"3 minutos\" \/>\n<script type=\"application\/ld+json\" class=\"yoast-schema-graph\">{\"@context\":\"https:\/\/schema.org\",\"@graph\":[{\"@type\":\"WebPage\",\"@id\":\"https:\/\/www.vortal.biz\/es\/vortal-y-t-systems-han-llegado-a-un-acuerdo-para-impulsar-la-licitacion-electronica-entre-la-administracion-local\/\",\"url\":\"https:\/\/www.vortal.biz\/es\/vortal-y-t-systems-han-llegado-a-un-acuerdo-para-impulsar-la-licitacion-electronica-entre-la-administracion-local\/\",\"name\":\"Vortal y T-Systems han llegado a un acuerdo para impulsar la licitaci\u00f3n electr\u00f3nica entre la Administraci\u00f3n Local - VORTAL\",\"isPartOf\":{\"@id\":\"https:\/\/www.vortal.biz\/pt-pt\/#website\"},\"datePublished\":\"2012-01-26T16:44:35+00:00\",\"dateModified\":\"2021-08-06T16:45:25+00:00\",\"author\":{\"@id\":\"https:\/\/www.vortal.biz\/pt-pt\/#\/schema\/person\/de007f49a9003cc0fec169585b65ddb2\"},\"breadcrumb\":{\"@id\":\"https:\/\/www.vortal.biz\/es\/vortal-y-t-systems-han-llegado-a-un-acuerdo-para-impulsar-la-licitacion-electronica-entre-la-administracion-local\/#breadcrumb\"},\"inLanguage\":\"es\",\"potentialAction\":[{\"@type\":\"ReadAction\",\"target\":[\"https:\/\/www.vortal.biz\/es\/vortal-y-t-systems-han-llegado-a-un-acuerdo-para-impulsar-la-licitacion-electronica-entre-la-administracion-local\/\"]}]},{\"@type\":\"BreadcrumbList\",\"@id\":\"https:\/\/www.vortal.biz\/es\/vortal-y-t-systems-han-llegado-a-un-acuerdo-para-impulsar-la-licitacion-electronica-entre-la-administracion-local\/#breadcrumb\",\"itemListElement\":[{\"@type\":\"ListItem\",\"position\":1,\"name\":\"Home\",\"item\":\"https:\/\/www.vortal.biz\/es\/\"},{\"@type\":\"ListItem\",\"position\":2,\"name\":\"Vortal y T-Systems han llegado a un acuerdo para impulsar la licitaci\u00f3n electr\u00f3nica entre la Administraci\u00f3n Local\"}]},{\"@type\":\"WebSite\",\"@id\":\"https:\/\/www.vortal.biz\/pt-pt\/#website\",\"url\":\"https:\/\/www.vortal.biz\/pt-pt\/\",\"name\":\"VORTAL\",\"description\":\"Connecting Business\",\"potentialAction\":[{\"@type\":\"SearchAction\",\"target\":{\"@type\":\"EntryPoint\",\"urlTemplate\":\"https:\/\/www.vortal.biz\/pt-pt\/?s={search_term_string}\"},\"query-input\":\"required name=search_term_string\"}],\"inLanguage\":\"es\"},{\"@type\":\"Person\",\"@id\":\"https:\/\/www.vortal.biz\/pt-pt\/#\/schema\/person\/de007f49a9003cc0fec169585b65ddb2\",\"name\":\"Helida Oliveira\",\"image\":{\"@type\":\"ImageObject\",\"inLanguage\":\"es\",\"@id\":\"https:\/\/www.vortal.biz\/pt-pt\/#\/schema\/person\/image\/\",\"url\":\"https:\/\/secure.gravatar.com\/avatar\/2485383d4ceb69bbd668ac515d6bdb03?s=96&d=mm&r=g\",\"contentUrl\":\"https:\/\/secure.gravatar.com\/avatar\/2485383d4ceb69bbd668ac515d6bdb03?s=96&d=mm&r=g\",\"caption\":\"Helida Oliveira\"},\"url\":\"https:\/\/www.vortal.biz\/es\/author\/helida-oliveira\/\"}]}<\/script>\n<!-- \/ Yoast SEO plugin. -->","yoast_head_json":{"title":"Vortal y T-Systems han llegado a un acuerdo para impulsar la licitaci\u00f3n electr\u00f3nica entre la Administraci\u00f3n Local - VORTAL","robots":{"index":"index","follow":"follow","max-snippet":"max-snippet:-1","max-image-preview":"max-image-preview:large","max-video-preview":"max-video-preview:-1"},"canonical":"https:\/\/www.vortal.biz\/es\/vortal-y-t-systems-han-llegado-a-un-acuerdo-para-impulsar-la-licitacion-electronica-entre-la-administracion-local\/","og_locale":"es_ES","og_type":"article","og_title":"Vortal y T-Systems han llegado a un acuerdo para impulsar la licitaci\u00f3n electr\u00f3nica entre la Administraci\u00f3n Local - VORTAL","og_url":"https:\/\/www.vortal.biz\/es\/vortal-y-t-systems-han-llegado-a-un-acuerdo-para-impulsar-la-licitacion-electronica-entre-la-administracion-local\/","og_site_name":"VORTAL","article_published_time":"2012-01-26T16:44:35+00:00","article_modified_time":"2021-08-06T16:45:25+00:00","author":"Helida Oliveira","twitter_card":"summary_large_image","twitter_misc":{"Escrito por":"Helida Oliveira","Tiempo de lectura":"3 minutos"},"schema":{"@context":"https:\/\/schema.org","@graph":[{"@type":"WebPage","@id":"https:\/\/www.vortal.biz\/es\/vortal-y-t-systems-han-llegado-a-un-acuerdo-para-impulsar-la-licitacion-electronica-entre-la-administracion-local\/","url":"https:\/\/www.vortal.biz\/es\/vortal-y-t-systems-han-llegado-a-un-acuerdo-para-impulsar-la-licitacion-electronica-entre-la-administracion-local\/","name":"Vortal y T-Systems han llegado a un acuerdo para impulsar la licitaci\u00f3n electr\u00f3nica entre la Administraci\u00f3n Local - VORTAL","isPartOf":{"@id":"https:\/\/www.vortal.biz\/pt-pt\/#website"},"datePublished":"2012-01-26T16:44:35+00:00","dateModified":"2021-08-06T16:45:25+00:00","author":{"@id":"https:\/\/www.vortal.biz\/pt-pt\/#\/schema\/person\/de007f49a9003cc0fec169585b65ddb2"},"breadcrumb":{"@id":"https:\/\/www.vortal.biz\/es\/vortal-y-t-systems-han-llegado-a-un-acuerdo-para-impulsar-la-licitacion-electronica-entre-la-administracion-local\/#breadcrumb"},"inLanguage":"es","potentialAction":[{"@type":"ReadAction","target":["https:\/\/www.vortal.biz\/es\/vortal-y-t-systems-han-llegado-a-un-acuerdo-para-impulsar-la-licitacion-electronica-entre-la-administracion-local\/"]}]},{"@type":"BreadcrumbList","@id":"https:\/\/www.vortal.biz\/es\/vortal-y-t-systems-han-llegado-a-un-acuerdo-para-impulsar-la-licitacion-electronica-entre-la-administracion-local\/#breadcrumb","itemListElement":[{"@type":"ListItem","position":1,"name":"Home","item":"https:\/\/www.vortal.biz\/es\/"},{"@type":"ListItem","position":2,"name":"Vortal y T-Systems han llegado a un acuerdo para impulsar la licitaci\u00f3n electr\u00f3nica entre la Administraci\u00f3n Local"}]},{"@type":"WebSite","@id":"https:\/\/www.vortal.biz\/pt-pt\/#website","url":"https:\/\/www.vortal.biz\/pt-pt\/","name":"VORTAL","description":"Connecting Business","potentialAction":[{"@type":"SearchAction","target":{"@type":"EntryPoint","urlTemplate":"https:\/\/www.vortal.biz\/pt-pt\/?s={search_term_string}"},"query-input":"required name=search_term_string"}],"inLanguage":"es"},{"@type":"Person","@id":"https:\/\/www.vortal.biz\/pt-pt\/#\/schema\/person\/de007f49a9003cc0fec169585b65ddb2","name":"Helida Oliveira","image":{"@type":"ImageObject","inLanguage":"es","@id":"https:\/\/www.vortal.biz\/pt-pt\/#\/schema\/person\/image\/","url":"https:\/\/secure.gravatar.com\/avatar\/2485383d4ceb69bbd668ac515d6bdb03?s=96&d=mm&r=g","contentUrl":"https:\/\/secure.gravatar.com\/avatar\/2485383d4ceb69bbd668ac515d6bdb03?s=96&d=mm&r=g","caption":"Helida Oliveira"},"url":"https:\/\/www.vortal.biz\/es\/author\/helida-oliveira\/"}]}},"_links":{"self":[{"href":"https:\/\/www.vortal.biz\/es\/wp-json\/wp\/v2\/posts\/7425"}],"collection":[{"href":"https:\/\/www.vortal.biz\/es\/wp-json\/wp\/v2\/posts"}],"about":[{"href":"https:\/\/www.vortal.biz\/es\/wp-json\/wp\/v2\/types\/post"}],"author":[{"embeddable":true,"href":"https:\/\/www.vortal.biz\/es\/wp-json\/wp\/v2\/users\/5639"}],"replies":[{"embeddable":true,"href":"https:\/\/www.vortal.biz\/es\/wp-json\/wp\/v2\/comments?post=7425"}],"version-history":[{"count":0,"href":"https:\/\/www.vortal.biz\/es\/wp-json\/wp\/v2\/posts\/7425\/revisions"}],"wp:attachment":[{"href":"https:\/\/www.vortal.biz\/es\/wp-json\/wp\/v2\/media?parent=7425"}],"wp:term":[{"taxonomy":"category","embeddable":true,"href":"https:\/\/www.vortal.biz\/es\/wp-json\/wp\/v2\/categories?post=7425"},{"taxonomy":"post_tag","embeddable":true,"href":"https:\/\/www.vortal.biz\/es\/wp-json\/wp\/v2\/tags?post=7425"}],"curies":[{"name":"wp","href":"https:\/\/api.w.org\/{rel}","templated":true}]}}