{"id":7421,"date":"2012-02-03T16:30:13","date_gmt":"2012-02-03T16:30:13","guid":{"rendered":"https:\/\/www.vortal.biz\/?p=7421"},"modified":"2021-08-06T16:32:16","modified_gmt":"2021-08-06T16:32:16","slug":"conclusiones-sobre-la-presentacion-del-estudio-la-licitacion-electronica-en-el-sector-publico-espanol-presente-y-futuro","status":"publish","type":"post","link":"https:\/\/www.vortal.biz\/es\/conclusiones-sobre-la-presentacion-del-estudio-la-licitacion-electronica-en-el-sector-publico-espanol-presente-y-futuro\/","title":{"rendered":"Conclusiones sobre la presentaci\u00f3n del Estudio: La licitaci\u00f3n electr\u00f3nica en el sector p\u00fablico espa\u00f1ol. Presente y futuro"},"content":{"rendered":"<div class=\"fusion-fullwidth fullwidth-box fusion-builder-row-1 fusion-flex-container nonhundred-percent-fullwidth non-hundred-percent-height-scrolling\" style=\"background-color: rgba(255,255,255,0);background-position: center center;background-repeat: no-repeat;border-width: 0px 0px 0px 0px;border-color:#e2e2e2;border-style:solid;\" ><div class=\"fusion-builder-row fusion-row fusion-flex-align-items-flex-start\" style=\"max-width:calc( 1640px + 32px );margin-left: calc(-32px \/ 2 );margin-right: calc(-32px \/ 2 );\"><div class=\"fusion-layout-column fusion_builder_column fusion-builder-column-0 fusion_builder_column_1_1 1_1 fusion-flex-column\"><div class=\"fusion-column-wrapper fusion-flex-justify-content-flex-start fusion-content-layout-column\" style=\"background-position:left top;background-repeat:no-repeat;-webkit-background-size:cover;-moz-background-size:cover;-o-background-size:cover;background-size:cover;padding: 0px 0px 0px 0px;\"><div class=\"fusion-text fusion-text-1\"><p>En primer lugar agradeceros a todos los asistentes vuestra presencia y a los que no pudisteis asistir no os preocup\u00e9is porque pinchando aqu\u00ed pod\u00e9is descargaros el informe.  <\/p>\n<p>Como avanzamos en el blog, el pasado 1 de febrero tuvo lugar en la sede de IESE Business School de Madrid la presentaci\u00f3n del Informe \u201cLa licitaci\u00f3n electr\u00f3nica en el sector p\u00fablico espa\u00f1ol. Presente y futuro\u201d.<\/p>\n<p>El profesor Jos\u00e9 Ram\u00f3n Pin, Director de la C\u00e1tedra de Director de la C\u00e1tedra de Gobierno y Liderazgo en la Administraci\u00f3n P\u00fablica de IESE Business School y coordinador del estudio, abri\u00f3 el acto. El profesor Pin abog\u00f3 por la necesaria aplicaci\u00f3n de las nuevas tecnolog\u00edas a los procedimientos de contrataci\u00f3n p\u00fablica. Calific\u00f3 la situaci\u00f3n actual como id\u00f3nea para realizar este tipo de cambios, que permiten optimizar los recursos p\u00fablicos, ya que en \u00e9pocas de bonanza econ\u00f3mica hubieran sido mucho m\u00e1s complicados.<\/p>\n<p>La presentaci\u00f3n de las principales claves del Informe corri\u00f3 a cargo de Trinidad Yera, investigadora del IESE y actual Directora General de Pol\u00edtica Local de la Federaci\u00f3n Espa\u00f1ola de Municipios y Provincias (FEMP). Trinidad hizo un resumen de las principales conclusiones del Informe de las que nos hacemos eco a continuaci\u00f3n resaltando algunos titulares:<\/p>\n<p>&#8211; La contrataci\u00f3n p\u00fablica en Espa\u00f1a representa aproximadamente el 15% del PIB nacional, por lo que cualquier mejora de procesos en este sentido tendr\u00eda un impacto muy significativo.<\/p>\n<p>&#8211; La barrera tecnol\u00f3gica para la implantaci\u00f3n de la licitaci\u00f3n electr\u00f3nica est\u00e1 superada desde hace tiempo, la principal barrera es psicol\u00f3gica. La divulgaci\u00f3n y formaci\u00f3n es imprescindible para alcanzar el \u00e9xito en la generalizaci\u00f3n de la licitaci\u00f3n p\u00fablica electr\u00f3nica.<\/p>\n<p>&#8211; La decisi\u00f3n de implantar la licitaci\u00f3n electr\u00f3nica tiene que ser estrat\u00e9gica, y no deber\u00eda ser individual. Debe impulsarse de manera nacional.<\/p>\n<p>&#8211; Es necesario el Apag\u00f3n Anal\u00f3gico de la Administraci\u00f3n P\u00fablica, y Espa\u00f1a est\u00e1 preparada.<\/p>\n<p>Cerr\u00f3 el acto Luis Valadares, como miembro del Grupo de Expertos que asesora a la Uni\u00f3n Europea en materia de contrataci\u00f3n p\u00fablica electr\u00f3nica. Valadares repas\u00f3 las principales medidas que la Uni\u00f3n Europea aprobar\u00e1 en materia de contrataci\u00f3n electr\u00f3nica. Resumiendo\u2026<\/p>\n<p>&#8211; Antes de 2014: obligatoriedad de realizar notificaciones electr\u00f3nicas en todos los procedimientos y de que los licitadores tengan acceso electr\u00f3nico a todos los documentos de los concursos. Adem\u00e1s se implantar\u00e1 la obligatoriedad de utilizar medios electr\u00f3nicos para compras habituales o agregadas: centrales de compras o subastas electr\u00f3nicas.<\/p>\n<p>&#8211; Junio 2016: obligatoriedad completa de licitar electr\u00f3nicamente.<\/p>\n<p>Por \u00faltimo, el profesor Valadares remarc\u00f3 la importancia que tiene la licitaci\u00f3n electr\u00f3nica para reforzar el tejido empresarial, dando acceso a cada d\u00eda m\u00e1s y m\u00e1s diversas empresas al sector p\u00fablico.<\/p>\n<\/div><\/div><style type=\"text\/css\">.fusion-body .fusion-builder-column-0{width:100% !important;margin-top : 0px;margin-bottom : 0px;}.fusion-builder-column-0 > .fusion-column-wrapper {padding-top : 0px !important;padding-right : 0px !important;margin-right : 16px;padding-bottom : 0px !important;padding-left : 0px !important;margin-left : 16px;}@media only screen and (max-width:1024px) {.fusion-body .fusion-builder-column-0{width:100% !important;}.fusion-builder-column-0 > .fusion-column-wrapper {margin-right : 16px;margin-left : 16px;}}@media only screen and (max-width:640px) {.fusion-body .fusion-builder-column-0{width:100% !important;}.fusion-builder-column-0 > .fusion-column-wrapper {margin-right : 16px;margin-left : 16px;}}<\/style><\/div><\/div><style type=\"text\/css\">.fusion-body .fusion-flex-container.fusion-builder-row-1{ padding-top : 0px;margin-top : 0px;padding-right : 0px;padding-bottom : 0px;margin-bottom : 0px;padding-left : 0px;}<\/style><\/div>\n","protected":false},"excerpt":{"rendered":"","protected":false},"author":5639,"featured_media":0,"comment_status":"open","ping_status":"open","sticky":false,"template":"","format":"standard","meta":{"footnotes":""},"categories":[7],"tags":[],"yoast_head":"<!-- This site is optimized with the Yoast SEO plugin v22.3 - https:\/\/yoast.com\/wordpress\/plugins\/seo\/ -->\n<title>Conclusiones sobre la presentaci\u00f3n del Estudio: La licitaci\u00f3n electr\u00f3nica en el sector p\u00fablico espa\u00f1ol. Presente y futuro - VORTAL<\/title>\n<meta name=\"robots\" content=\"index, follow, max-snippet:-1, max-image-preview:large, max-video-preview:-1\" \/>\n<link rel=\"canonical\" href=\"https:\/\/www.vortal.biz\/es\/conclusiones-sobre-la-presentacion-del-estudio-la-licitacion-electronica-en-el-sector-publico-espanol-presente-y-futuro\/\" \/>\n<meta property=\"og:locale\" content=\"es_ES\" \/>\n<meta property=\"og:type\" content=\"article\" \/>\n<meta property=\"og:title\" content=\"Conclusiones sobre la presentaci\u00f3n del Estudio: La licitaci\u00f3n electr\u00f3nica en el sector p\u00fablico espa\u00f1ol. Presente y futuro - VORTAL\" \/>\n<meta property=\"og:url\" content=\"https:\/\/www.vortal.biz\/es\/conclusiones-sobre-la-presentacion-del-estudio-la-licitacion-electronica-en-el-sector-publico-espanol-presente-y-futuro\/\" \/>\n<meta property=\"og:site_name\" content=\"VORTAL\" \/>\n<meta property=\"article:published_time\" content=\"2012-02-03T16:30:13+00:00\" \/>\n<meta property=\"article:modified_time\" content=\"2021-08-06T16:32:16+00:00\" \/>\n<meta name=\"author\" content=\"Helida Oliveira\" \/>\n<meta name=\"twitter:card\" content=\"summary_large_image\" \/>\n<meta name=\"twitter:label1\" content=\"Escrito por\" \/>\n\t<meta name=\"twitter:data1\" content=\"Helida Oliveira\" \/>\n\t<meta name=\"twitter:label2\" content=\"Tiempo de lectura\" \/>\n\t<meta name=\"twitter:data2\" content=\"3 minutos\" \/>\n<script type=\"application\/ld+json\" class=\"yoast-schema-graph\">{\"@context\":\"https:\/\/schema.org\",\"@graph\":[{\"@type\":\"WebPage\",\"@id\":\"https:\/\/www.vortal.biz\/es\/conclusiones-sobre-la-presentacion-del-estudio-la-licitacion-electronica-en-el-sector-publico-espanol-presente-y-futuro\/\",\"url\":\"https:\/\/www.vortal.biz\/es\/conclusiones-sobre-la-presentacion-del-estudio-la-licitacion-electronica-en-el-sector-publico-espanol-presente-y-futuro\/\",\"name\":\"Conclusiones sobre la presentaci\u00f3n del Estudio: La licitaci\u00f3n electr\u00f3nica en el sector p\u00fablico espa\u00f1ol. Presente y futuro - VORTAL\",\"isPartOf\":{\"@id\":\"https:\/\/www.vortal.biz\/pt-pt\/#website\"},\"datePublished\":\"2012-02-03T16:30:13+00:00\",\"dateModified\":\"2021-08-06T16:32:16+00:00\",\"author\":{\"@id\":\"https:\/\/www.vortal.biz\/pt-pt\/#\/schema\/person\/de007f49a9003cc0fec169585b65ddb2\"},\"breadcrumb\":{\"@id\":\"https:\/\/www.vortal.biz\/es\/conclusiones-sobre-la-presentacion-del-estudio-la-licitacion-electronica-en-el-sector-publico-espanol-presente-y-futuro\/#breadcrumb\"},\"inLanguage\":\"es\",\"potentialAction\":[{\"@type\":\"ReadAction\",\"target\":[\"https:\/\/www.vortal.biz\/es\/conclusiones-sobre-la-presentacion-del-estudio-la-licitacion-electronica-en-el-sector-publico-espanol-presente-y-futuro\/\"]}]},{\"@type\":\"BreadcrumbList\",\"@id\":\"https:\/\/www.vortal.biz\/es\/conclusiones-sobre-la-presentacion-del-estudio-la-licitacion-electronica-en-el-sector-publico-espanol-presente-y-futuro\/#breadcrumb\",\"itemListElement\":[{\"@type\":\"ListItem\",\"position\":1,\"name\":\"Home\",\"item\":\"https:\/\/www.vortal.biz\/es\/\"},{\"@type\":\"ListItem\",\"position\":2,\"name\":\"Conclusiones sobre la presentaci\u00f3n del Estudio: La licitaci\u00f3n electr\u00f3nica en el sector p\u00fablico espa\u00f1ol. Presente y futuro\"}]},{\"@type\":\"WebSite\",\"@id\":\"https:\/\/www.vortal.biz\/pt-pt\/#website\",\"url\":\"https:\/\/www.vortal.biz\/pt-pt\/\",\"name\":\"VORTAL\",\"description\":\"Connecting Business\",\"potentialAction\":[{\"@type\":\"SearchAction\",\"target\":{\"@type\":\"EntryPoint\",\"urlTemplate\":\"https:\/\/www.vortal.biz\/pt-pt\/?s={search_term_string}\"},\"query-input\":\"required name=search_term_string\"}],\"inLanguage\":\"es\"},{\"@type\":\"Person\",\"@id\":\"https:\/\/www.vortal.biz\/pt-pt\/#\/schema\/person\/de007f49a9003cc0fec169585b65ddb2\",\"name\":\"Helida Oliveira\",\"image\":{\"@type\":\"ImageObject\",\"inLanguage\":\"es\",\"@id\":\"https:\/\/www.vortal.biz\/pt-pt\/#\/schema\/person\/image\/\",\"url\":\"https:\/\/secure.gravatar.com\/avatar\/2485383d4ceb69bbd668ac515d6bdb03?s=96&d=mm&r=g\",\"contentUrl\":\"https:\/\/secure.gravatar.com\/avatar\/2485383d4ceb69bbd668ac515d6bdb03?s=96&d=mm&r=g\",\"caption\":\"Helida Oliveira\"},\"url\":\"https:\/\/www.vortal.biz\/es\/author\/helida-oliveira\/\"}]}<\/script>\n<!-- \/ Yoast SEO plugin. -->","yoast_head_json":{"title":"Conclusiones sobre la presentaci\u00f3n del Estudio: La licitaci\u00f3n electr\u00f3nica en el sector p\u00fablico espa\u00f1ol. Presente y futuro - VORTAL","robots":{"index":"index","follow":"follow","max-snippet":"max-snippet:-1","max-image-preview":"max-image-preview:large","max-video-preview":"max-video-preview:-1"},"canonical":"https:\/\/www.vortal.biz\/es\/conclusiones-sobre-la-presentacion-del-estudio-la-licitacion-electronica-en-el-sector-publico-espanol-presente-y-futuro\/","og_locale":"es_ES","og_type":"article","og_title":"Conclusiones sobre la presentaci\u00f3n del Estudio: La licitaci\u00f3n electr\u00f3nica en el sector p\u00fablico espa\u00f1ol. Presente y futuro - VORTAL","og_url":"https:\/\/www.vortal.biz\/es\/conclusiones-sobre-la-presentacion-del-estudio-la-licitacion-electronica-en-el-sector-publico-espanol-presente-y-futuro\/","og_site_name":"VORTAL","article_published_time":"2012-02-03T16:30:13+00:00","article_modified_time":"2021-08-06T16:32:16+00:00","author":"Helida Oliveira","twitter_card":"summary_large_image","twitter_misc":{"Escrito por":"Helida Oliveira","Tiempo de lectura":"3 minutos"},"schema":{"@context":"https:\/\/schema.org","@graph":[{"@type":"WebPage","@id":"https:\/\/www.vortal.biz\/es\/conclusiones-sobre-la-presentacion-del-estudio-la-licitacion-electronica-en-el-sector-publico-espanol-presente-y-futuro\/","url":"https:\/\/www.vortal.biz\/es\/conclusiones-sobre-la-presentacion-del-estudio-la-licitacion-electronica-en-el-sector-publico-espanol-presente-y-futuro\/","name":"Conclusiones sobre la presentaci\u00f3n del Estudio: La licitaci\u00f3n electr\u00f3nica en el sector p\u00fablico espa\u00f1ol. Presente y futuro - VORTAL","isPartOf":{"@id":"https:\/\/www.vortal.biz\/pt-pt\/#website"},"datePublished":"2012-02-03T16:30:13+00:00","dateModified":"2021-08-06T16:32:16+00:00","author":{"@id":"https:\/\/www.vortal.biz\/pt-pt\/#\/schema\/person\/de007f49a9003cc0fec169585b65ddb2"},"breadcrumb":{"@id":"https:\/\/www.vortal.biz\/es\/conclusiones-sobre-la-presentacion-del-estudio-la-licitacion-electronica-en-el-sector-publico-espanol-presente-y-futuro\/#breadcrumb"},"inLanguage":"es","potentialAction":[{"@type":"ReadAction","target":["https:\/\/www.vortal.biz\/es\/conclusiones-sobre-la-presentacion-del-estudio-la-licitacion-electronica-en-el-sector-publico-espanol-presente-y-futuro\/"]}]},{"@type":"BreadcrumbList","@id":"https:\/\/www.vortal.biz\/es\/conclusiones-sobre-la-presentacion-del-estudio-la-licitacion-electronica-en-el-sector-publico-espanol-presente-y-futuro\/#breadcrumb","itemListElement":[{"@type":"ListItem","position":1,"name":"Home","item":"https:\/\/www.vortal.biz\/es\/"},{"@type":"ListItem","position":2,"name":"Conclusiones sobre la presentaci\u00f3n del Estudio: La licitaci\u00f3n electr\u00f3nica en el sector p\u00fablico espa\u00f1ol. Presente y futuro"}]},{"@type":"WebSite","@id":"https:\/\/www.vortal.biz\/pt-pt\/#website","url":"https:\/\/www.vortal.biz\/pt-pt\/","name":"VORTAL","description":"Connecting Business","potentialAction":[{"@type":"SearchAction","target":{"@type":"EntryPoint","urlTemplate":"https:\/\/www.vortal.biz\/pt-pt\/?s={search_term_string}"},"query-input":"required name=search_term_string"}],"inLanguage":"es"},{"@type":"Person","@id":"https:\/\/www.vortal.biz\/pt-pt\/#\/schema\/person\/de007f49a9003cc0fec169585b65ddb2","name":"Helida Oliveira","image":{"@type":"ImageObject","inLanguage":"es","@id":"https:\/\/www.vortal.biz\/pt-pt\/#\/schema\/person\/image\/","url":"https:\/\/secure.gravatar.com\/avatar\/2485383d4ceb69bbd668ac515d6bdb03?s=96&d=mm&r=g","contentUrl":"https:\/\/secure.gravatar.com\/avatar\/2485383d4ceb69bbd668ac515d6bdb03?s=96&d=mm&r=g","caption":"Helida Oliveira"},"url":"https:\/\/www.vortal.biz\/es\/author\/helida-oliveira\/"}]}},"_links":{"self":[{"href":"https:\/\/www.vortal.biz\/es\/wp-json\/wp\/v2\/posts\/7421"}],"collection":[{"href":"https:\/\/www.vortal.biz\/es\/wp-json\/wp\/v2\/posts"}],"about":[{"href":"https:\/\/www.vortal.biz\/es\/wp-json\/wp\/v2\/types\/post"}],"author":[{"embeddable":true,"href":"https:\/\/www.vortal.biz\/es\/wp-json\/wp\/v2\/users\/5639"}],"replies":[{"embeddable":true,"href":"https:\/\/www.vortal.biz\/es\/wp-json\/wp\/v2\/comments?post=7421"}],"version-history":[{"count":0,"href":"https:\/\/www.vortal.biz\/es\/wp-json\/wp\/v2\/posts\/7421\/revisions"}],"wp:attachment":[{"href":"https:\/\/www.vortal.biz\/es\/wp-json\/wp\/v2\/media?parent=7421"}],"wp:term":[{"taxonomy":"category","embeddable":true,"href":"https:\/\/www.vortal.biz\/es\/wp-json\/wp\/v2\/categories?post=7421"},{"taxonomy":"post_tag","embeddable":true,"href":"https:\/\/www.vortal.biz\/es\/wp-json\/wp\/v2\/tags?post=7421"}],"curies":[{"name":"wp","href":"https:\/\/api.w.org\/{rel}","templated":true}]}}