{"id":7419,"date":"2012-02-22T16:28:49","date_gmt":"2012-02-22T16:28:49","guid":{"rendered":"https:\/\/www.vortal.biz\/?p=7419"},"modified":"2021-08-06T16:29:40","modified_gmt":"2021-08-06T16:29:40","slug":"el-concello-de-vigo-premiado-por-su-innovacion-y-transparencia-gracias-a-su-proyecto-de-contratacion-publica-electronica","status":"publish","type":"post","link":"https:\/\/www.vortal.biz\/es\/el-concello-de-vigo-premiado-por-su-innovacion-y-transparencia-gracias-a-su-proyecto-de-contratacion-publica-electronica\/","title":{"rendered":"El Concello de Vigo premiado por su innovaci\u00f3n y transparencia gracias a su proyecto de contrataci\u00f3n p\u00fablica electr\u00f3nica"},"content":{"rendered":"<div class=\"fusion-fullwidth fullwidth-box fusion-builder-row-1 fusion-flex-container nonhundred-percent-fullwidth non-hundred-percent-height-scrolling\" style=\"background-color: rgba(255,255,255,0);background-position: center center;background-repeat: no-repeat;border-width: 0px 0px 0px 0px;border-color:#e2e2e2;border-style:solid;\" ><div class=\"fusion-builder-row fusion-row fusion-flex-align-items-flex-start\" style=\"max-width:calc( 1640px + 32px );margin-left: calc(-32px \/ 2 );margin-right: calc(-32px \/ 2 );\"><div class=\"fusion-layout-column fusion_builder_column fusion-builder-column-0 fusion_builder_column_1_1 1_1 fusion-flex-column\"><div class=\"fusion-column-wrapper fusion-flex-justify-content-flex-start fusion-content-layout-column\" style=\"background-position:left top;background-repeat:no-repeat;-webkit-background-size:cover;-moz-background-size:cover;-o-background-size:cover;background-size:cover;padding: 0px 0px 0px 0px;\"><div class=\"fusion-text fusion-text-1\"><p>El proyecto de contrataci\u00f3n p\u00fablica electr\u00f3nica implantado en el Concello de Vigo, con el apoyo de la empresa VORTAL, ha resultado ganador del Premio proyecto referente en Administraci\u00f3n Electr\u00f3nica desde la Nube que se entrega en el marco del III Congreso Nacional de Interoperabilidad y Seguridad (CNIS). El premio fue recogido por el alcalde de Vigo, Abel Caballero, Carmela Silva, primera teniente de Alcalde y Raquel D\u00edaz, concejala de Hacienda.<\/p>\n<p>Estos premios reconocen proyectos p\u00fablicos innovadores que contribuyen a avanzar hacia una administraci\u00f3n m\u00e1s abierta e innovadora. Abel Caballero destac\u00f3 que \u201cel premio es un reconocimiento al esfuerzo que, desde hace a\u00f1os, el equipo del consistorio est\u00e1 realizando para acercar la administraci\u00f3n a ciudadanos y a empresas utilizando las nuevas tecnolog\u00edas, inclusive en la situaci\u00f3n econ\u00f3mica actual\u201d.<\/p>\n<p>El Concello de Vigo fue el primer ayuntamiento de Espa\u00f1a en implantar una plataforma de contrataci\u00f3n electr\u00f3nica bajo la modalidad Cloud Computing. Este sistema de licitaci\u00f3n, novedoso en Espa\u00f1a, permite integrar por v\u00eda electr\u00f3nica los procesos del Ayuntamiento y los licitadores, haciendo las transacciones m\u00e1s seguras, confidenciales, r\u00e1pidas, transparentes, simples y eficaces. La plataforma est\u00e1 completamente adaptada a la legislaci\u00f3n actual (Real Decreto Legislativo 3\/2011) y cumple con todas las garant\u00edas de seguridad y calidad establecidas por la ISO 27001, m\u00e1xima certificaci\u00f3n en materia de seguridad de la informaci\u00f3n.<\/p>\n<p>Por tercer a\u00f1o consecutivo el CNIS reuni\u00f3 a m\u00e1s de medio centenar de especialistas representando a cerca de 200 instituciones p\u00fablicas. El encuentro ha sido Organizado por el Club de Innovaci\u00f3n, especialista en el fomento de la innovaci\u00f3n en las administraciones y ha contado con el apoyo de la Secretar\u00eda de Estado del Ministerio de Hacienda y Administraciones P\u00fablicas, la FEMP, el CCN-CERT, la FNMT y el Ministerio de Industria, Energ\u00eda y Turismo. Este encuentro se ha consolidado como uno de los mayores foros en materia de interoperabilidad, seguridad y administraci\u00f3n electr\u00f3nica.<\/p>\n<\/div><\/div><style type=\"text\/css\">.fusion-body .fusion-builder-column-0{width:100% !important;margin-top : 0px;margin-bottom : 0px;}.fusion-builder-column-0 > .fusion-column-wrapper {padding-top : 0px !important;padding-right : 0px !important;margin-right : 16px;padding-bottom : 0px !important;padding-left : 0px !important;margin-left : 16px;}@media only screen and (max-width:1024px) {.fusion-body .fusion-builder-column-0{width:100% !important;}.fusion-builder-column-0 > .fusion-column-wrapper {margin-right : 16px;margin-left : 16px;}}@media only screen and (max-width:640px) {.fusion-body .fusion-builder-column-0{width:100% !important;}.fusion-builder-column-0 > .fusion-column-wrapper {margin-right : 16px;margin-left : 16px;}}<\/style><\/div><\/div><style type=\"text\/css\">.fusion-body .fusion-flex-container.fusion-builder-row-1{ padding-top : 0px;margin-top : 0px;padding-right : 0px;padding-bottom : 0px;margin-bottom : 0px;padding-left : 0px;}<\/style><\/div>\n","protected":false},"excerpt":{"rendered":"","protected":false},"author":5639,"featured_media":0,"comment_status":"open","ping_status":"open","sticky":false,"template":"","format":"standard","meta":{"footnotes":""},"categories":[7],"tags":[],"yoast_head":"<!-- This site is optimized with the Yoast SEO plugin v22.3 - https:\/\/yoast.com\/wordpress\/plugins\/seo\/ -->\n<title>El Concello de Vigo premiado por su innovaci\u00f3n y transparencia gracias a su proyecto de contrataci\u00f3n p\u00fablica electr\u00f3nica - VORTAL<\/title>\n<meta name=\"robots\" content=\"index, follow, max-snippet:-1, max-image-preview:large, max-video-preview:-1\" \/>\n<link rel=\"canonical\" href=\"https:\/\/www.vortal.biz\/es\/el-concello-de-vigo-premiado-por-su-innovacion-y-transparencia-gracias-a-su-proyecto-de-contratacion-publica-electronica\/\" \/>\n<meta property=\"og:locale\" content=\"es_ES\" \/>\n<meta property=\"og:type\" content=\"article\" \/>\n<meta property=\"og:title\" content=\"El Concello de Vigo premiado por su innovaci\u00f3n y transparencia gracias a su proyecto de contrataci\u00f3n p\u00fablica electr\u00f3nica - VORTAL\" \/>\n<meta property=\"og:url\" content=\"https:\/\/www.vortal.biz\/es\/el-concello-de-vigo-premiado-por-su-innovacion-y-transparencia-gracias-a-su-proyecto-de-contratacion-publica-electronica\/\" \/>\n<meta property=\"og:site_name\" content=\"VORTAL\" \/>\n<meta property=\"article:published_time\" content=\"2012-02-22T16:28:49+00:00\" \/>\n<meta property=\"article:modified_time\" content=\"2021-08-06T16:29:40+00:00\" \/>\n<meta name=\"author\" content=\"Helida Oliveira\" \/>\n<meta name=\"twitter:card\" content=\"summary_large_image\" \/>\n<meta name=\"twitter:label1\" content=\"Escrito por\" \/>\n\t<meta name=\"twitter:data1\" content=\"Helida Oliveira\" \/>\n\t<meta name=\"twitter:label2\" content=\"Tiempo de lectura\" \/>\n\t<meta name=\"twitter:data2\" content=\"3 minutos\" \/>\n<script type=\"application\/ld+json\" class=\"yoast-schema-graph\">{\"@context\":\"https:\/\/schema.org\",\"@graph\":[{\"@type\":\"WebPage\",\"@id\":\"https:\/\/www.vortal.biz\/es\/el-concello-de-vigo-premiado-por-su-innovacion-y-transparencia-gracias-a-su-proyecto-de-contratacion-publica-electronica\/\",\"url\":\"https:\/\/www.vortal.biz\/es\/el-concello-de-vigo-premiado-por-su-innovacion-y-transparencia-gracias-a-su-proyecto-de-contratacion-publica-electronica\/\",\"name\":\"El Concello de Vigo premiado por su innovaci\u00f3n y transparencia gracias a su proyecto de contrataci\u00f3n p\u00fablica electr\u00f3nica - VORTAL\",\"isPartOf\":{\"@id\":\"https:\/\/www.vortal.biz\/pt-pt\/#website\"},\"datePublished\":\"2012-02-22T16:28:49+00:00\",\"dateModified\":\"2021-08-06T16:29:40+00:00\",\"author\":{\"@id\":\"https:\/\/www.vortal.biz\/pt-pt\/#\/schema\/person\/de007f49a9003cc0fec169585b65ddb2\"},\"breadcrumb\":{\"@id\":\"https:\/\/www.vortal.biz\/es\/el-concello-de-vigo-premiado-por-su-innovacion-y-transparencia-gracias-a-su-proyecto-de-contratacion-publica-electronica\/#breadcrumb\"},\"inLanguage\":\"es\",\"potentialAction\":[{\"@type\":\"ReadAction\",\"target\":[\"https:\/\/www.vortal.biz\/es\/el-concello-de-vigo-premiado-por-su-innovacion-y-transparencia-gracias-a-su-proyecto-de-contratacion-publica-electronica\/\"]}]},{\"@type\":\"BreadcrumbList\",\"@id\":\"https:\/\/www.vortal.biz\/es\/el-concello-de-vigo-premiado-por-su-innovacion-y-transparencia-gracias-a-su-proyecto-de-contratacion-publica-electronica\/#breadcrumb\",\"itemListElement\":[{\"@type\":\"ListItem\",\"position\":1,\"name\":\"Home\",\"item\":\"https:\/\/www.vortal.biz\/es\/\"},{\"@type\":\"ListItem\",\"position\":2,\"name\":\"El Concello de Vigo premiado por su innovaci\u00f3n y transparencia gracias a su proyecto de contrataci\u00f3n p\u00fablica electr\u00f3nica\"}]},{\"@type\":\"WebSite\",\"@id\":\"https:\/\/www.vortal.biz\/pt-pt\/#website\",\"url\":\"https:\/\/www.vortal.biz\/pt-pt\/\",\"name\":\"VORTAL\",\"description\":\"Connecting Business\",\"potentialAction\":[{\"@type\":\"SearchAction\",\"target\":{\"@type\":\"EntryPoint\",\"urlTemplate\":\"https:\/\/www.vortal.biz\/pt-pt\/?s={search_term_string}\"},\"query-input\":\"required name=search_term_string\"}],\"inLanguage\":\"es\"},{\"@type\":\"Person\",\"@id\":\"https:\/\/www.vortal.biz\/pt-pt\/#\/schema\/person\/de007f49a9003cc0fec169585b65ddb2\",\"name\":\"Helida Oliveira\",\"image\":{\"@type\":\"ImageObject\",\"inLanguage\":\"es\",\"@id\":\"https:\/\/www.vortal.biz\/pt-pt\/#\/schema\/person\/image\/\",\"url\":\"https:\/\/secure.gravatar.com\/avatar\/2485383d4ceb69bbd668ac515d6bdb03?s=96&d=mm&r=g\",\"contentUrl\":\"https:\/\/secure.gravatar.com\/avatar\/2485383d4ceb69bbd668ac515d6bdb03?s=96&d=mm&r=g\",\"caption\":\"Helida Oliveira\"},\"url\":\"https:\/\/www.vortal.biz\/es\/author\/helida-oliveira\/\"}]}<\/script>\n<!-- \/ Yoast SEO plugin. -->","yoast_head_json":{"title":"El Concello de Vigo premiado por su innovaci\u00f3n y transparencia gracias a su proyecto de contrataci\u00f3n p\u00fablica electr\u00f3nica - VORTAL","robots":{"index":"index","follow":"follow","max-snippet":"max-snippet:-1","max-image-preview":"max-image-preview:large","max-video-preview":"max-video-preview:-1"},"canonical":"https:\/\/www.vortal.biz\/es\/el-concello-de-vigo-premiado-por-su-innovacion-y-transparencia-gracias-a-su-proyecto-de-contratacion-publica-electronica\/","og_locale":"es_ES","og_type":"article","og_title":"El Concello de Vigo premiado por su innovaci\u00f3n y transparencia gracias a su proyecto de contrataci\u00f3n p\u00fablica electr\u00f3nica - VORTAL","og_url":"https:\/\/www.vortal.biz\/es\/el-concello-de-vigo-premiado-por-su-innovacion-y-transparencia-gracias-a-su-proyecto-de-contratacion-publica-electronica\/","og_site_name":"VORTAL","article_published_time":"2012-02-22T16:28:49+00:00","article_modified_time":"2021-08-06T16:29:40+00:00","author":"Helida Oliveira","twitter_card":"summary_large_image","twitter_misc":{"Escrito por":"Helida Oliveira","Tiempo de lectura":"3 minutos"},"schema":{"@context":"https:\/\/schema.org","@graph":[{"@type":"WebPage","@id":"https:\/\/www.vortal.biz\/es\/el-concello-de-vigo-premiado-por-su-innovacion-y-transparencia-gracias-a-su-proyecto-de-contratacion-publica-electronica\/","url":"https:\/\/www.vortal.biz\/es\/el-concello-de-vigo-premiado-por-su-innovacion-y-transparencia-gracias-a-su-proyecto-de-contratacion-publica-electronica\/","name":"El Concello de Vigo premiado por su innovaci\u00f3n y transparencia gracias a su proyecto de contrataci\u00f3n p\u00fablica electr\u00f3nica - VORTAL","isPartOf":{"@id":"https:\/\/www.vortal.biz\/pt-pt\/#website"},"datePublished":"2012-02-22T16:28:49+00:00","dateModified":"2021-08-06T16:29:40+00:00","author":{"@id":"https:\/\/www.vortal.biz\/pt-pt\/#\/schema\/person\/de007f49a9003cc0fec169585b65ddb2"},"breadcrumb":{"@id":"https:\/\/www.vortal.biz\/es\/el-concello-de-vigo-premiado-por-su-innovacion-y-transparencia-gracias-a-su-proyecto-de-contratacion-publica-electronica\/#breadcrumb"},"inLanguage":"es","potentialAction":[{"@type":"ReadAction","target":["https:\/\/www.vortal.biz\/es\/el-concello-de-vigo-premiado-por-su-innovacion-y-transparencia-gracias-a-su-proyecto-de-contratacion-publica-electronica\/"]}]},{"@type":"BreadcrumbList","@id":"https:\/\/www.vortal.biz\/es\/el-concello-de-vigo-premiado-por-su-innovacion-y-transparencia-gracias-a-su-proyecto-de-contratacion-publica-electronica\/#breadcrumb","itemListElement":[{"@type":"ListItem","position":1,"name":"Home","item":"https:\/\/www.vortal.biz\/es\/"},{"@type":"ListItem","position":2,"name":"El Concello de Vigo premiado por su innovaci\u00f3n y transparencia gracias a su proyecto de contrataci\u00f3n p\u00fablica electr\u00f3nica"}]},{"@type":"WebSite","@id":"https:\/\/www.vortal.biz\/pt-pt\/#website","url":"https:\/\/www.vortal.biz\/pt-pt\/","name":"VORTAL","description":"Connecting Business","potentialAction":[{"@type":"SearchAction","target":{"@type":"EntryPoint","urlTemplate":"https:\/\/www.vortal.biz\/pt-pt\/?s={search_term_string}"},"query-input":"required name=search_term_string"}],"inLanguage":"es"},{"@type":"Person","@id":"https:\/\/www.vortal.biz\/pt-pt\/#\/schema\/person\/de007f49a9003cc0fec169585b65ddb2","name":"Helida Oliveira","image":{"@type":"ImageObject","inLanguage":"es","@id":"https:\/\/www.vortal.biz\/pt-pt\/#\/schema\/person\/image\/","url":"https:\/\/secure.gravatar.com\/avatar\/2485383d4ceb69bbd668ac515d6bdb03?s=96&d=mm&r=g","contentUrl":"https:\/\/secure.gravatar.com\/avatar\/2485383d4ceb69bbd668ac515d6bdb03?s=96&d=mm&r=g","caption":"Helida Oliveira"},"url":"https:\/\/www.vortal.biz\/es\/author\/helida-oliveira\/"}]}},"_links":{"self":[{"href":"https:\/\/www.vortal.biz\/es\/wp-json\/wp\/v2\/posts\/7419"}],"collection":[{"href":"https:\/\/www.vortal.biz\/es\/wp-json\/wp\/v2\/posts"}],"about":[{"href":"https:\/\/www.vortal.biz\/es\/wp-json\/wp\/v2\/types\/post"}],"author":[{"embeddable":true,"href":"https:\/\/www.vortal.biz\/es\/wp-json\/wp\/v2\/users\/5639"}],"replies":[{"embeddable":true,"href":"https:\/\/www.vortal.biz\/es\/wp-json\/wp\/v2\/comments?post=7419"}],"version-history":[{"count":0,"href":"https:\/\/www.vortal.biz\/es\/wp-json\/wp\/v2\/posts\/7419\/revisions"}],"wp:attachment":[{"href":"https:\/\/www.vortal.biz\/es\/wp-json\/wp\/v2\/media?parent=7419"}],"wp:term":[{"taxonomy":"category","embeddable":true,"href":"https:\/\/www.vortal.biz\/es\/wp-json\/wp\/v2\/categories?post=7419"},{"taxonomy":"post_tag","embeddable":true,"href":"https:\/\/www.vortal.biz\/es\/wp-json\/wp\/v2\/tags?post=7419"}],"curies":[{"name":"wp","href":"https:\/\/api.w.org\/{rel}","templated":true}]}}