{"id":7413,"date":"2012-10-08T16:23:32","date_gmt":"2012-10-08T16:23:32","guid":{"rendered":"https:\/\/www.vortal.biz\/?p=7413"},"modified":"2021-08-06T16:24:50","modified_gmt":"2021-08-06T16:24:50","slug":"la-consejeria-de-salud-y-politica-social-ahorra-casi-un-millon-de-euros-en-la-contratacion-del-servicio-electrico-para-el-ses-y-el-sepad-mediante-subasta-electronica","status":"publish","type":"post","link":"https:\/\/www.vortal.biz\/es\/la-consejeria-de-salud-y-politica-social-ahorra-casi-un-millon-de-euros-en-la-contratacion-del-servicio-electrico-para-el-ses-y-el-sepad-mediante-subasta-electronica\/","title":{"rendered":"La Consejer\u00eda de Salud y Pol\u00edtica Social ahorra casi un mill\u00f3n de euros en la contrataci\u00f3n del servicio el\u00e9ctrico para el SES y el SEPAD mediante subasta electr\u00f3nica"},"content":{"rendered":"<div class=\"fusion-fullwidth fullwidth-box fusion-builder-row-1 fusion-flex-container nonhundred-percent-fullwidth non-hundred-percent-height-scrolling\" style=\"background-color: rgba(255,255,255,0);background-position: center center;background-repeat: no-repeat;border-width: 0px 0px 0px 0px;border-color:#e2e2e2;border-style:solid;\" ><div class=\"fusion-builder-row fusion-row fusion-flex-align-items-flex-start\" style=\"max-width:calc( 1640px + 32px );margin-left: calc(-32px \/ 2 );margin-right: calc(-32px \/ 2 );\"><div class=\"fusion-layout-column fusion_builder_column fusion-builder-column-0 fusion_builder_column_1_1 1_1 fusion-flex-column\"><div class=\"fusion-column-wrapper fusion-flex-justify-content-flex-start fusion-content-layout-column\" style=\"background-position:left top;background-repeat:no-repeat;-webkit-background-size:cover;-moz-background-size:cover;-o-background-size:cover;background-size:cover;padding: 0px 0px 0px 0px;\"><div class=\"fusion-text fusion-text-1\"><p>La Consejer\u00eda de Salud y Pol\u00edtica Social ha conseguido un ahorro de casi un mill\u00f3n de euros en la contrataci\u00f3n del suministro el\u00e9ctrico que cubrir\u00e1 las necesidades de todos los edificios y centros sanitarios del Servicio Extreme\u00f1o de Salud (SES) y del Servicio Extreme\u00f1o de Promoci\u00f3n de la Autonom\u00eda y Atenci\u00f3n a la Dependencia (SEPAD).<\/p>\n<p>En concreto, el ahorro obtenido se ha cifrado en 817.413 euros, un 5,26% sobre el gasto real, cuya convocatoria se realiz\u00f3 mediante subasta electr\u00f3nica, un sistema novedoso, teniendo en cuenta que en Espa\u00f1a no hab\u00eda sido utilizado para la contrataci\u00f3n de servicios el\u00e9ctricos relacionados con el sistema sanitario.<\/p>\n<p>Las empresas concurrentes presentaron sus ofertas de manera tradicional, en papel, y tras la apertura del sobre econ\u00f3mico las seleccionadas fueron invitadas a participar en la subasta electr\u00f3nica, celebrada a trav\u00e9s de la plataforma de la empresa Vortal, que determinar\u00eda el adjudicatario final. La subasta fue muy disputada, registr\u00e1ndose m\u00e1s de 140 pujas y transcurri\u00f3 sin ning\u00fan incidente, resultando ser Endesa la empresa adjudicataria.<\/p>\n<p>La normalidad con la que transcurri\u00f3 el procedimiento demuestra que tanto administraciones p\u00fablicas como proveedores est\u00e1n preparados para dar el salto hacia sistemas de contrataci\u00f3n m\u00e1s eficientes y transparentes. Adem\u00e1s, m\u00e9todos como el electr\u00f3nico favorecen la reducci\u00f3n de cargas administrativas y de costes de contrataci\u00f3n.<\/p>\n<p><strong>Soluci\u00f3n econ\u00f3mica<\/strong><\/p>\n<p>Esta medida es una muestra de los mecanismos que la Consejer\u00eda est\u00e1 poniendo en marcha para garantizar una correcta utilizaci\u00f3n de los recursos, optimizando los gastos y las inversiones, y es un paso m\u00e1s en el esfuerzo por modernizar sus modelos de gesti\u00f3n, avanzando hacia sistemas m\u00e1s eficaces y eficientes, para hacer m\u00e1s con menos.<\/p>\n<p>En este sentido, las nuevas tecnolog\u00edas, aplicadas a los procedimientos de compra p\u00fablica, est\u00e1n permitiendo que administraciones de otros pa\u00edses europeos reduzcan sus ratios de endeudamiento.<\/p>\n<p>El Libro Verde de la Uni\u00f3n Europea sobre licitaci\u00f3n electr\u00f3nica, da buena cuenta de ello. Seg\u00fan recoge ese informe, la generalizaci\u00f3n de la licitaci\u00f3n electr\u00f3nica llevar\u00eda aparejadas una mayor accesibilidad y transparencia en los concursos p\u00fablicos, una reducci\u00f3n significativa de costes de licitaci\u00f3n y costes administrativos y la reducci\u00f3n del tiempo en los procesos de licitaci\u00f3n.<\/p>\n<p>Asimismo, hay que destacar que la unificaci\u00f3n de todos los suministros el\u00e9ctricos con una sola comercializadora hace posible conseguir la econom\u00eda de escala necesaria para obtener precios de energ\u00eda el\u00e9ctrica m\u00e1s reducidos que los actuales.<\/p>\n<\/div><\/div><style type=\"text\/css\">.fusion-body .fusion-builder-column-0{width:100% !important;margin-top : 0px;margin-bottom : 0px;}.fusion-builder-column-0 > .fusion-column-wrapper {padding-top : 0px !important;padding-right : 0px !important;margin-right : 16px;padding-bottom : 0px !important;padding-left : 0px !important;margin-left : 16px;}@media only screen and (max-width:1024px) {.fusion-body .fusion-builder-column-0{width:100% !important;}.fusion-builder-column-0 > .fusion-column-wrapper {margin-right : 16px;margin-left : 16px;}}@media only screen and (max-width:640px) {.fusion-body .fusion-builder-column-0{width:100% !important;}.fusion-builder-column-0 > .fusion-column-wrapper {margin-right : 16px;margin-left : 16px;}}<\/style><\/div><\/div><style type=\"text\/css\">.fusion-body .fusion-flex-container.fusion-builder-row-1{ padding-top : 0px;margin-top : 0px;padding-right : 0px;padding-bottom : 0px;margin-bottom : 0px;padding-left : 0px;}<\/style><\/div>\n","protected":false},"excerpt":{"rendered":"","protected":false},"author":5639,"featured_media":0,"comment_status":"open","ping_status":"open","sticky":false,"template":"","format":"standard","meta":{"footnotes":""},"categories":[7],"tags":[],"yoast_head":"<!-- This site is optimized with the Yoast SEO plugin v22.3 - https:\/\/yoast.com\/wordpress\/plugins\/seo\/ -->\n<title>La Consejer\u00eda de Salud y Pol\u00edtica Social ahorra casi un mill\u00f3n de euros en la contrataci\u00f3n del servicio el\u00e9ctrico para el SES y el SEPAD mediante subasta electr\u00f3nica - VORTAL<\/title>\n<meta name=\"robots\" content=\"index, follow, max-snippet:-1, max-image-preview:large, max-video-preview:-1\" \/>\n<link rel=\"canonical\" href=\"https:\/\/www.vortal.biz\/es\/la-consejeria-de-salud-y-politica-social-ahorra-casi-un-millon-de-euros-en-la-contratacion-del-servicio-electrico-para-el-ses-y-el-sepad-mediante-subasta-electronica\/\" \/>\n<meta property=\"og:locale\" content=\"es_ES\" \/>\n<meta property=\"og:type\" content=\"article\" \/>\n<meta property=\"og:title\" content=\"La Consejer\u00eda de Salud y Pol\u00edtica Social ahorra casi un mill\u00f3n de euros en la contrataci\u00f3n del servicio el\u00e9ctrico para el SES y el SEPAD mediante subasta electr\u00f3nica - VORTAL\" \/>\n<meta property=\"og:url\" content=\"https:\/\/www.vortal.biz\/es\/la-consejeria-de-salud-y-politica-social-ahorra-casi-un-millon-de-euros-en-la-contratacion-del-servicio-electrico-para-el-ses-y-el-sepad-mediante-subasta-electronica\/\" \/>\n<meta property=\"og:site_name\" content=\"VORTAL\" \/>\n<meta property=\"article:published_time\" content=\"2012-10-08T16:23:32+00:00\" \/>\n<meta property=\"article:modified_time\" content=\"2021-08-06T16:24:50+00:00\" \/>\n<meta name=\"author\" content=\"Helida Oliveira\" \/>\n<meta name=\"twitter:card\" content=\"summary_large_image\" \/>\n<meta name=\"twitter:label1\" content=\"Escrito por\" \/>\n\t<meta name=\"twitter:data1\" content=\"Helida Oliveira\" \/>\n\t<meta name=\"twitter:label2\" content=\"Tiempo de lectura\" \/>\n\t<meta name=\"twitter:data2\" content=\"3 minutos\" \/>\n<script type=\"application\/ld+json\" class=\"yoast-schema-graph\">{\"@context\":\"https:\/\/schema.org\",\"@graph\":[{\"@type\":\"WebPage\",\"@id\":\"https:\/\/www.vortal.biz\/es\/la-consejeria-de-salud-y-politica-social-ahorra-casi-un-millon-de-euros-en-la-contratacion-del-servicio-electrico-para-el-ses-y-el-sepad-mediante-subasta-electronica\/\",\"url\":\"https:\/\/www.vortal.biz\/es\/la-consejeria-de-salud-y-politica-social-ahorra-casi-un-millon-de-euros-en-la-contratacion-del-servicio-electrico-para-el-ses-y-el-sepad-mediante-subasta-electronica\/\",\"name\":\"La Consejer\u00eda de Salud y Pol\u00edtica Social ahorra casi un mill\u00f3n de euros en la contrataci\u00f3n del servicio el\u00e9ctrico para el SES y el SEPAD mediante subasta electr\u00f3nica - VORTAL\",\"isPartOf\":{\"@id\":\"https:\/\/www.vortal.biz\/pt-pt\/#website\"},\"datePublished\":\"2012-10-08T16:23:32+00:00\",\"dateModified\":\"2021-08-06T16:24:50+00:00\",\"author\":{\"@id\":\"https:\/\/www.vortal.biz\/pt-pt\/#\/schema\/person\/de007f49a9003cc0fec169585b65ddb2\"},\"breadcrumb\":{\"@id\":\"https:\/\/www.vortal.biz\/es\/la-consejeria-de-salud-y-politica-social-ahorra-casi-un-millon-de-euros-en-la-contratacion-del-servicio-electrico-para-el-ses-y-el-sepad-mediante-subasta-electronica\/#breadcrumb\"},\"inLanguage\":\"es\",\"potentialAction\":[{\"@type\":\"ReadAction\",\"target\":[\"https:\/\/www.vortal.biz\/es\/la-consejeria-de-salud-y-politica-social-ahorra-casi-un-millon-de-euros-en-la-contratacion-del-servicio-electrico-para-el-ses-y-el-sepad-mediante-subasta-electronica\/\"]}]},{\"@type\":\"BreadcrumbList\",\"@id\":\"https:\/\/www.vortal.biz\/es\/la-consejeria-de-salud-y-politica-social-ahorra-casi-un-millon-de-euros-en-la-contratacion-del-servicio-electrico-para-el-ses-y-el-sepad-mediante-subasta-electronica\/#breadcrumb\",\"itemListElement\":[{\"@type\":\"ListItem\",\"position\":1,\"name\":\"Home\",\"item\":\"https:\/\/www.vortal.biz\/es\/\"},{\"@type\":\"ListItem\",\"position\":2,\"name\":\"La Consejer\u00eda de Salud y Pol\u00edtica Social ahorra casi un mill\u00f3n de euros en la contrataci\u00f3n del servicio el\u00e9ctrico para el SES y el SEPAD mediante subasta electr\u00f3nica\"}]},{\"@type\":\"WebSite\",\"@id\":\"https:\/\/www.vortal.biz\/pt-pt\/#website\",\"url\":\"https:\/\/www.vortal.biz\/pt-pt\/\",\"name\":\"VORTAL\",\"description\":\"Connecting Business\",\"potentialAction\":[{\"@type\":\"SearchAction\",\"target\":{\"@type\":\"EntryPoint\",\"urlTemplate\":\"https:\/\/www.vortal.biz\/pt-pt\/?s={search_term_string}\"},\"query-input\":\"required name=search_term_string\"}],\"inLanguage\":\"es\"},{\"@type\":\"Person\",\"@id\":\"https:\/\/www.vortal.biz\/pt-pt\/#\/schema\/person\/de007f49a9003cc0fec169585b65ddb2\",\"name\":\"Helida Oliveira\",\"image\":{\"@type\":\"ImageObject\",\"inLanguage\":\"es\",\"@id\":\"https:\/\/www.vortal.biz\/pt-pt\/#\/schema\/person\/image\/\",\"url\":\"https:\/\/secure.gravatar.com\/avatar\/2485383d4ceb69bbd668ac515d6bdb03?s=96&d=mm&r=g\",\"contentUrl\":\"https:\/\/secure.gravatar.com\/avatar\/2485383d4ceb69bbd668ac515d6bdb03?s=96&d=mm&r=g\",\"caption\":\"Helida Oliveira\"},\"url\":\"https:\/\/www.vortal.biz\/es\/author\/helida-oliveira\/\"}]}<\/script>\n<!-- \/ Yoast SEO plugin. -->","yoast_head_json":{"title":"La Consejer\u00eda de Salud y Pol\u00edtica Social ahorra casi un mill\u00f3n de euros en la contrataci\u00f3n del servicio el\u00e9ctrico para el SES y el SEPAD mediante subasta electr\u00f3nica - VORTAL","robots":{"index":"index","follow":"follow","max-snippet":"max-snippet:-1","max-image-preview":"max-image-preview:large","max-video-preview":"max-video-preview:-1"},"canonical":"https:\/\/www.vortal.biz\/es\/la-consejeria-de-salud-y-politica-social-ahorra-casi-un-millon-de-euros-en-la-contratacion-del-servicio-electrico-para-el-ses-y-el-sepad-mediante-subasta-electronica\/","og_locale":"es_ES","og_type":"article","og_title":"La Consejer\u00eda de Salud y Pol\u00edtica Social ahorra casi un mill\u00f3n de euros en la contrataci\u00f3n del servicio el\u00e9ctrico para el SES y el SEPAD mediante subasta electr\u00f3nica - VORTAL","og_url":"https:\/\/www.vortal.biz\/es\/la-consejeria-de-salud-y-politica-social-ahorra-casi-un-millon-de-euros-en-la-contratacion-del-servicio-electrico-para-el-ses-y-el-sepad-mediante-subasta-electronica\/","og_site_name":"VORTAL","article_published_time":"2012-10-08T16:23:32+00:00","article_modified_time":"2021-08-06T16:24:50+00:00","author":"Helida Oliveira","twitter_card":"summary_large_image","twitter_misc":{"Escrito por":"Helida Oliveira","Tiempo de lectura":"3 minutos"},"schema":{"@context":"https:\/\/schema.org","@graph":[{"@type":"WebPage","@id":"https:\/\/www.vortal.biz\/es\/la-consejeria-de-salud-y-politica-social-ahorra-casi-un-millon-de-euros-en-la-contratacion-del-servicio-electrico-para-el-ses-y-el-sepad-mediante-subasta-electronica\/","url":"https:\/\/www.vortal.biz\/es\/la-consejeria-de-salud-y-politica-social-ahorra-casi-un-millon-de-euros-en-la-contratacion-del-servicio-electrico-para-el-ses-y-el-sepad-mediante-subasta-electronica\/","name":"La Consejer\u00eda de Salud y Pol\u00edtica Social ahorra casi un mill\u00f3n de euros en la contrataci\u00f3n del servicio el\u00e9ctrico para el SES y el SEPAD mediante subasta electr\u00f3nica - VORTAL","isPartOf":{"@id":"https:\/\/www.vortal.biz\/pt-pt\/#website"},"datePublished":"2012-10-08T16:23:32+00:00","dateModified":"2021-08-06T16:24:50+00:00","author":{"@id":"https:\/\/www.vortal.biz\/pt-pt\/#\/schema\/person\/de007f49a9003cc0fec169585b65ddb2"},"breadcrumb":{"@id":"https:\/\/www.vortal.biz\/es\/la-consejeria-de-salud-y-politica-social-ahorra-casi-un-millon-de-euros-en-la-contratacion-del-servicio-electrico-para-el-ses-y-el-sepad-mediante-subasta-electronica\/#breadcrumb"},"inLanguage":"es","potentialAction":[{"@type":"ReadAction","target":["https:\/\/www.vortal.biz\/es\/la-consejeria-de-salud-y-politica-social-ahorra-casi-un-millon-de-euros-en-la-contratacion-del-servicio-electrico-para-el-ses-y-el-sepad-mediante-subasta-electronica\/"]}]},{"@type":"BreadcrumbList","@id":"https:\/\/www.vortal.biz\/es\/la-consejeria-de-salud-y-politica-social-ahorra-casi-un-millon-de-euros-en-la-contratacion-del-servicio-electrico-para-el-ses-y-el-sepad-mediante-subasta-electronica\/#breadcrumb","itemListElement":[{"@type":"ListItem","position":1,"name":"Home","item":"https:\/\/www.vortal.biz\/es\/"},{"@type":"ListItem","position":2,"name":"La Consejer\u00eda de Salud y Pol\u00edtica Social ahorra casi un mill\u00f3n de euros en la contrataci\u00f3n del servicio el\u00e9ctrico para el SES y el SEPAD mediante subasta electr\u00f3nica"}]},{"@type":"WebSite","@id":"https:\/\/www.vortal.biz\/pt-pt\/#website","url":"https:\/\/www.vortal.biz\/pt-pt\/","name":"VORTAL","description":"Connecting Business","potentialAction":[{"@type":"SearchAction","target":{"@type":"EntryPoint","urlTemplate":"https:\/\/www.vortal.biz\/pt-pt\/?s={search_term_string}"},"query-input":"required name=search_term_string"}],"inLanguage":"es"},{"@type":"Person","@id":"https:\/\/www.vortal.biz\/pt-pt\/#\/schema\/person\/de007f49a9003cc0fec169585b65ddb2","name":"Helida Oliveira","image":{"@type":"ImageObject","inLanguage":"es","@id":"https:\/\/www.vortal.biz\/pt-pt\/#\/schema\/person\/image\/","url":"https:\/\/secure.gravatar.com\/avatar\/2485383d4ceb69bbd668ac515d6bdb03?s=96&d=mm&r=g","contentUrl":"https:\/\/secure.gravatar.com\/avatar\/2485383d4ceb69bbd668ac515d6bdb03?s=96&d=mm&r=g","caption":"Helida Oliveira"},"url":"https:\/\/www.vortal.biz\/es\/author\/helida-oliveira\/"}]}},"_links":{"self":[{"href":"https:\/\/www.vortal.biz\/es\/wp-json\/wp\/v2\/posts\/7413"}],"collection":[{"href":"https:\/\/www.vortal.biz\/es\/wp-json\/wp\/v2\/posts"}],"about":[{"href":"https:\/\/www.vortal.biz\/es\/wp-json\/wp\/v2\/types\/post"}],"author":[{"embeddable":true,"href":"https:\/\/www.vortal.biz\/es\/wp-json\/wp\/v2\/users\/5639"}],"replies":[{"embeddable":true,"href":"https:\/\/www.vortal.biz\/es\/wp-json\/wp\/v2\/comments?post=7413"}],"version-history":[{"count":0,"href":"https:\/\/www.vortal.biz\/es\/wp-json\/wp\/v2\/posts\/7413\/revisions"}],"wp:attachment":[{"href":"https:\/\/www.vortal.biz\/es\/wp-json\/wp\/v2\/media?parent=7413"}],"wp:term":[{"taxonomy":"category","embeddable":true,"href":"https:\/\/www.vortal.biz\/es\/wp-json\/wp\/v2\/categories?post=7413"},{"taxonomy":"post_tag","embeddable":true,"href":"https:\/\/www.vortal.biz\/es\/wp-json\/wp\/v2\/tags?post=7413"}],"curies":[{"name":"wp","href":"https:\/\/api.w.org\/{rel}","templated":true}]}}