{"id":7411,"date":"2012-12-04T16:18:32","date_gmt":"2012-12-04T16:18:32","guid":{"rendered":"https:\/\/www.vortal.biz\/?p=7411"},"modified":"2021-08-06T16:22:46","modified_gmt":"2021-08-06T16:22:46","slug":"el-ayuntamiento-de-sant-cugat-primera-entidad-publica-catalana-en-licitar-electronicamente-desde-la-nube","status":"publish","type":"post","link":"https:\/\/www.vortal.biz\/es\/el-ayuntamiento-de-sant-cugat-primera-entidad-publica-catalana-en-licitar-electronicamente-desde-la-nube\/","title":{"rendered":"El Ayuntamiento de Sant Cugat, primera entidad p\u00fablica catalana en licitar electr\u00f3nicamente desde la nube"},"content":{"rendered":"<div class=\"fusion-fullwidth fullwidth-box fusion-builder-row-1 fusion-flex-container nonhundred-percent-fullwidth non-hundred-percent-height-scrolling\" style=\"background-color: rgba(255,255,255,0);background-position: center center;background-repeat: no-repeat;border-width: 0px 0px 0px 0px;border-color:#e2e2e2;border-style:solid;\" ><div class=\"fusion-builder-row fusion-row fusion-flex-align-items-flex-start\" style=\"max-width:calc( 1640px + 32px );margin-left: calc(-32px \/ 2 );margin-right: calc(-32px \/ 2 );\"><div class=\"fusion-layout-column fusion_builder_column fusion-builder-column-0 fusion_builder_column_1_1 1_1 fusion-flex-column\"><div class=\"fusion-column-wrapper fusion-flex-justify-content-flex-start fusion-content-layout-column\" style=\"background-position:left top;background-repeat:no-repeat;-webkit-background-size:cover;-moz-background-size:cover;-o-background-size:cover;background-size:cover;padding: 0px 0px 0px 0px;\"><div class=\"fusion-text fusion-text-1\"><p>Los licitadores del Ayuntamiento de Sant Cugat ya pueden presentar sus propuestas de forma totalmente electr\u00f3nica. Para la habilitaci\u00f3n de este servicio no ha sido necesario realizar ning\u00fan desarrollo de software espec\u00edfico ya que la plataforma VORTAL, ya existente y utilizada por numerosas entidades p\u00fablicas europeas, se ofrece como servicio y su implantaci\u00f3n es r\u00e1pida, sencilla y asequible.<\/p>\n<p>Este sistema de licitaci\u00f3n, novedoso en Espa\u00f1a, permitir\u00e1 integrar por v\u00eda electr\u00f3nica los procesos del Ayuntamiento y los licitadores, haciendo las transacciones m\u00e1s seguras, confidenciales, r\u00e1pidas, transparentes, simples y eficaces. La plataforma seleccionada por el Ayuntamiento de Sant Cugat est\u00e1 completamente adaptada a la legislaci\u00f3n actual (Real Decreto Legislativo 3\/2011) y cumple con todas las garant\u00edas de seguridad y calidad establecidas por la ISO 27001, m\u00e1xima certificaci\u00f3n en materia de seguridad de la informaci\u00f3n.<\/p>\n<p>El \u00e1rea de contrataci\u00f3n del Ayuntamiento ya ha realizado los primeros procedimientos a trav\u00e9s de la plataforma de manera exitosa. Para el Teniente de Alcalde de Governaci\u00f3n, Jordi Puigner\u00f3 \u201cla implantaci\u00f3n de la licitaci\u00f3n electr\u00f3nica en Sant Cugat demuestra el inter\u00e9s del consistorio en seguir avanzando hacia una gesti\u00f3n m\u00e1s eficaz, eficiente y transparente, favoreciendo la igualdad de oportunidades para todos los proveedores\u201d. Asimismo destac\u00f3 que \u201cSant Cugat apuesta y apostar\u00e1 por iniciativas, con las nuevas tecnolog\u00edas como protagonista, que nos permitan aumentar nuestros ratios de competitividad y eficiencia de manera r\u00e1pidos sin tener que realizar grandes inversiones para conseguirlo.\u201d<\/p>\n<p><strong>Ahorro y transparencia en los concursos p\u00fablicos<\/strong><\/p>\n<p>Recientes estudios europeos han demostrado como la licitaci\u00f3n electr\u00f3nica est\u00e1 permitiendo que administraciones de otros pa\u00edses vecinos reduzcan sus ratios de endeudamiento. El Libro Verde la Uni\u00f3n Europea sobre licitaci\u00f3n electr\u00f3nica, da buena cuenta de ello y destaca los ejemplos de Portugal, Noruega o Italia, que han conseguido ahorros de entre el 5 y 20% aplicando esta tecnolog\u00eda. Asimismo, en dicho documento se afirma que la generalizaci\u00f3n de la licitaci\u00f3n electr\u00f3nica llevar\u00eda aparejadas una mayor accesibilidad y transparencia en los concursos p\u00fablicos, una reducci\u00f3n significativa de costes de licitaci\u00f3n y costes administrativos, y la reducci\u00f3n del tiempo en los procesos de licitaci\u00f3n.<\/p>\n<p>Las nuevas Directivas europeas sobre la materia, que est\u00e1n en periodo de elaboraci\u00f3n, indican que la contrataci\u00f3n p\u00fablica electr\u00f3nica ser\u00e1 obligatoria para todos los pa\u00edses miembros a finales de 2016.<\/p>\n<p><strong>Un servicio de valor a\u00f1adido para los licitadores<\/strong><\/p>\n<p>A trav\u00e9s de la plataforma los licitadores dados de alta tendr\u00e1n acceso en tiempo real a todos los procedimientos activos en la plataforma que est\u00e9n relacionados con su actividad. As\u00ed siempre que el Ayuntamiento realice una consulta al mercado el licitador es informado de manera inmediata sobre la oportunidad para que pueda presentar su oferta de forma simple y eficaz, reduciendo enormemente las cargas administrativas derivadas de los procesos de licitaci\u00f3n.<\/p>\n<p>Adem\u00e1s, la plataforma ser\u00e1 una \u201cgu\u00eda\u201d para todas aquellas empresas que encuentran dificultades en la presentaci\u00f3n de ofertas en los procesos de compra p\u00fablica. La plataforma guiar\u00e1 a los licitadores en la presentaci\u00f3n de ofertas y ya est\u00e1 habilitado un n\u00famero de atenci\u00f3n telef\u00f3nico permanentemente para solucionar cualquier duda que pudiese surgir durante el proceso.<\/p>\n<\/div><\/div><style type=\"text\/css\">.fusion-body .fusion-builder-column-0{width:100% !important;margin-top : 0px;margin-bottom : 0px;}.fusion-builder-column-0 > .fusion-column-wrapper {padding-top : 0px !important;padding-right : 0px !important;margin-right : 16px;padding-bottom : 0px !important;padding-left : 0px !important;margin-left : 16px;}@media only screen and (max-width:1024px) {.fusion-body .fusion-builder-column-0{width:100% !important;}.fusion-builder-column-0 > .fusion-column-wrapper {margin-right : 16px;margin-left : 16px;}}@media only screen and (max-width:640px) {.fusion-body .fusion-builder-column-0{width:100% !important;}.fusion-builder-column-0 > .fusion-column-wrapper {margin-right : 16px;margin-left : 16px;}}<\/style><\/div><\/div><style type=\"text\/css\">.fusion-body .fusion-flex-container.fusion-builder-row-1{ padding-top : 0px;margin-top : 0px;padding-right : 0px;padding-bottom : 0px;margin-bottom : 0px;padding-left : 0px;}<\/style><\/div>\n","protected":false},"excerpt":{"rendered":"","protected":false},"author":5639,"featured_media":0,"comment_status":"open","ping_status":"open","sticky":false,"template":"","format":"standard","meta":{"footnotes":""},"categories":[7],"tags":[],"yoast_head":"<!-- This site is optimized with the Yoast SEO plugin v22.3 - https:\/\/yoast.com\/wordpress\/plugins\/seo\/ -->\n<title>El Ayuntamiento de Sant Cugat, primera entidad p\u00fablica catalana en licitar electr\u00f3nicamente desde la nube - VORTAL<\/title>\n<meta name=\"robots\" content=\"index, follow, max-snippet:-1, max-image-preview:large, max-video-preview:-1\" \/>\n<link rel=\"canonical\" href=\"https:\/\/www.vortal.biz\/es\/el-ayuntamiento-de-sant-cugat-primera-entidad-publica-catalana-en-licitar-electronicamente-desde-la-nube\/\" \/>\n<meta property=\"og:locale\" content=\"es_ES\" \/>\n<meta property=\"og:type\" content=\"article\" \/>\n<meta property=\"og:title\" content=\"El Ayuntamiento de Sant Cugat, primera entidad p\u00fablica catalana en licitar electr\u00f3nicamente desde la nube - VORTAL\" \/>\n<meta property=\"og:url\" content=\"https:\/\/www.vortal.biz\/es\/el-ayuntamiento-de-sant-cugat-primera-entidad-publica-catalana-en-licitar-electronicamente-desde-la-nube\/\" \/>\n<meta property=\"og:site_name\" content=\"VORTAL\" \/>\n<meta property=\"article:published_time\" content=\"2012-12-04T16:18:32+00:00\" \/>\n<meta property=\"article:modified_time\" content=\"2021-08-06T16:22:46+00:00\" \/>\n<meta name=\"author\" content=\"Helida Oliveira\" \/>\n<meta name=\"twitter:card\" content=\"summary_large_image\" \/>\n<meta name=\"twitter:label1\" content=\"Escrito por\" \/>\n\t<meta name=\"twitter:data1\" content=\"Helida Oliveira\" \/>\n\t<meta name=\"twitter:label2\" content=\"Tiempo de lectura\" \/>\n\t<meta name=\"twitter:data2\" content=\"3 minutos\" \/>\n<script type=\"application\/ld+json\" class=\"yoast-schema-graph\">{\"@context\":\"https:\/\/schema.org\",\"@graph\":[{\"@type\":\"WebPage\",\"@id\":\"https:\/\/www.vortal.biz\/es\/el-ayuntamiento-de-sant-cugat-primera-entidad-publica-catalana-en-licitar-electronicamente-desde-la-nube\/\",\"url\":\"https:\/\/www.vortal.biz\/es\/el-ayuntamiento-de-sant-cugat-primera-entidad-publica-catalana-en-licitar-electronicamente-desde-la-nube\/\",\"name\":\"El Ayuntamiento de Sant Cugat, primera entidad p\u00fablica catalana en licitar electr\u00f3nicamente desde la nube - VORTAL\",\"isPartOf\":{\"@id\":\"https:\/\/www.vortal.biz\/pt-pt\/#website\"},\"datePublished\":\"2012-12-04T16:18:32+00:00\",\"dateModified\":\"2021-08-06T16:22:46+00:00\",\"author\":{\"@id\":\"https:\/\/www.vortal.biz\/pt-pt\/#\/schema\/person\/de007f49a9003cc0fec169585b65ddb2\"},\"breadcrumb\":{\"@id\":\"https:\/\/www.vortal.biz\/es\/el-ayuntamiento-de-sant-cugat-primera-entidad-publica-catalana-en-licitar-electronicamente-desde-la-nube\/#breadcrumb\"},\"inLanguage\":\"es\",\"potentialAction\":[{\"@type\":\"ReadAction\",\"target\":[\"https:\/\/www.vortal.biz\/es\/el-ayuntamiento-de-sant-cugat-primera-entidad-publica-catalana-en-licitar-electronicamente-desde-la-nube\/\"]}]},{\"@type\":\"BreadcrumbList\",\"@id\":\"https:\/\/www.vortal.biz\/es\/el-ayuntamiento-de-sant-cugat-primera-entidad-publica-catalana-en-licitar-electronicamente-desde-la-nube\/#breadcrumb\",\"itemListElement\":[{\"@type\":\"ListItem\",\"position\":1,\"name\":\"Home\",\"item\":\"https:\/\/www.vortal.biz\/es\/\"},{\"@type\":\"ListItem\",\"position\":2,\"name\":\"El Ayuntamiento de Sant Cugat, primera entidad p\u00fablica catalana en licitar electr\u00f3nicamente desde la nube\"}]},{\"@type\":\"WebSite\",\"@id\":\"https:\/\/www.vortal.biz\/pt-pt\/#website\",\"url\":\"https:\/\/www.vortal.biz\/pt-pt\/\",\"name\":\"VORTAL\",\"description\":\"Connecting Business\",\"potentialAction\":[{\"@type\":\"SearchAction\",\"target\":{\"@type\":\"EntryPoint\",\"urlTemplate\":\"https:\/\/www.vortal.biz\/pt-pt\/?s={search_term_string}\"},\"query-input\":\"required name=search_term_string\"}],\"inLanguage\":\"es\"},{\"@type\":\"Person\",\"@id\":\"https:\/\/www.vortal.biz\/pt-pt\/#\/schema\/person\/de007f49a9003cc0fec169585b65ddb2\",\"name\":\"Helida Oliveira\",\"image\":{\"@type\":\"ImageObject\",\"inLanguage\":\"es\",\"@id\":\"https:\/\/www.vortal.biz\/pt-pt\/#\/schema\/person\/image\/\",\"url\":\"https:\/\/secure.gravatar.com\/avatar\/2485383d4ceb69bbd668ac515d6bdb03?s=96&d=mm&r=g\",\"contentUrl\":\"https:\/\/secure.gravatar.com\/avatar\/2485383d4ceb69bbd668ac515d6bdb03?s=96&d=mm&r=g\",\"caption\":\"Helida Oliveira\"},\"url\":\"https:\/\/www.vortal.biz\/es\/author\/helida-oliveira\/\"}]}<\/script>\n<!-- \/ Yoast SEO plugin. -->","yoast_head_json":{"title":"El Ayuntamiento de Sant Cugat, primera entidad p\u00fablica catalana en licitar electr\u00f3nicamente desde la nube - VORTAL","robots":{"index":"index","follow":"follow","max-snippet":"max-snippet:-1","max-image-preview":"max-image-preview:large","max-video-preview":"max-video-preview:-1"},"canonical":"https:\/\/www.vortal.biz\/es\/el-ayuntamiento-de-sant-cugat-primera-entidad-publica-catalana-en-licitar-electronicamente-desde-la-nube\/","og_locale":"es_ES","og_type":"article","og_title":"El Ayuntamiento de Sant Cugat, primera entidad p\u00fablica catalana en licitar electr\u00f3nicamente desde la nube - VORTAL","og_url":"https:\/\/www.vortal.biz\/es\/el-ayuntamiento-de-sant-cugat-primera-entidad-publica-catalana-en-licitar-electronicamente-desde-la-nube\/","og_site_name":"VORTAL","article_published_time":"2012-12-04T16:18:32+00:00","article_modified_time":"2021-08-06T16:22:46+00:00","author":"Helida Oliveira","twitter_card":"summary_large_image","twitter_misc":{"Escrito por":"Helida Oliveira","Tiempo de lectura":"3 minutos"},"schema":{"@context":"https:\/\/schema.org","@graph":[{"@type":"WebPage","@id":"https:\/\/www.vortal.biz\/es\/el-ayuntamiento-de-sant-cugat-primera-entidad-publica-catalana-en-licitar-electronicamente-desde-la-nube\/","url":"https:\/\/www.vortal.biz\/es\/el-ayuntamiento-de-sant-cugat-primera-entidad-publica-catalana-en-licitar-electronicamente-desde-la-nube\/","name":"El Ayuntamiento de Sant Cugat, primera entidad p\u00fablica catalana en licitar electr\u00f3nicamente desde la nube - VORTAL","isPartOf":{"@id":"https:\/\/www.vortal.biz\/pt-pt\/#website"},"datePublished":"2012-12-04T16:18:32+00:00","dateModified":"2021-08-06T16:22:46+00:00","author":{"@id":"https:\/\/www.vortal.biz\/pt-pt\/#\/schema\/person\/de007f49a9003cc0fec169585b65ddb2"},"breadcrumb":{"@id":"https:\/\/www.vortal.biz\/es\/el-ayuntamiento-de-sant-cugat-primera-entidad-publica-catalana-en-licitar-electronicamente-desde-la-nube\/#breadcrumb"},"inLanguage":"es","potentialAction":[{"@type":"ReadAction","target":["https:\/\/www.vortal.biz\/es\/el-ayuntamiento-de-sant-cugat-primera-entidad-publica-catalana-en-licitar-electronicamente-desde-la-nube\/"]}]},{"@type":"BreadcrumbList","@id":"https:\/\/www.vortal.biz\/es\/el-ayuntamiento-de-sant-cugat-primera-entidad-publica-catalana-en-licitar-electronicamente-desde-la-nube\/#breadcrumb","itemListElement":[{"@type":"ListItem","position":1,"name":"Home","item":"https:\/\/www.vortal.biz\/es\/"},{"@type":"ListItem","position":2,"name":"El Ayuntamiento de Sant Cugat, primera entidad p\u00fablica catalana en licitar electr\u00f3nicamente desde la nube"}]},{"@type":"WebSite","@id":"https:\/\/www.vortal.biz\/pt-pt\/#website","url":"https:\/\/www.vortal.biz\/pt-pt\/","name":"VORTAL","description":"Connecting Business","potentialAction":[{"@type":"SearchAction","target":{"@type":"EntryPoint","urlTemplate":"https:\/\/www.vortal.biz\/pt-pt\/?s={search_term_string}"},"query-input":"required name=search_term_string"}],"inLanguage":"es"},{"@type":"Person","@id":"https:\/\/www.vortal.biz\/pt-pt\/#\/schema\/person\/de007f49a9003cc0fec169585b65ddb2","name":"Helida Oliveira","image":{"@type":"ImageObject","inLanguage":"es","@id":"https:\/\/www.vortal.biz\/pt-pt\/#\/schema\/person\/image\/","url":"https:\/\/secure.gravatar.com\/avatar\/2485383d4ceb69bbd668ac515d6bdb03?s=96&d=mm&r=g","contentUrl":"https:\/\/secure.gravatar.com\/avatar\/2485383d4ceb69bbd668ac515d6bdb03?s=96&d=mm&r=g","caption":"Helida Oliveira"},"url":"https:\/\/www.vortal.biz\/es\/author\/helida-oliveira\/"}]}},"_links":{"self":[{"href":"https:\/\/www.vortal.biz\/es\/wp-json\/wp\/v2\/posts\/7411"}],"collection":[{"href":"https:\/\/www.vortal.biz\/es\/wp-json\/wp\/v2\/posts"}],"about":[{"href":"https:\/\/www.vortal.biz\/es\/wp-json\/wp\/v2\/types\/post"}],"author":[{"embeddable":true,"href":"https:\/\/www.vortal.biz\/es\/wp-json\/wp\/v2\/users\/5639"}],"replies":[{"embeddable":true,"href":"https:\/\/www.vortal.biz\/es\/wp-json\/wp\/v2\/comments?post=7411"}],"version-history":[{"count":0,"href":"https:\/\/www.vortal.biz\/es\/wp-json\/wp\/v2\/posts\/7411\/revisions"}],"wp:attachment":[{"href":"https:\/\/www.vortal.biz\/es\/wp-json\/wp\/v2\/media?parent=7411"}],"wp:term":[{"taxonomy":"category","embeddable":true,"href":"https:\/\/www.vortal.biz\/es\/wp-json\/wp\/v2\/categories?post=7411"},{"taxonomy":"post_tag","embeddable":true,"href":"https:\/\/www.vortal.biz\/es\/wp-json\/wp\/v2\/tags?post=7411"}],"curies":[{"name":"wp","href":"https:\/\/api.w.org\/{rel}","templated":true}]}}