{"id":7407,"date":"2013-03-05T16:09:40","date_gmt":"2013-03-05T16:09:40","guid":{"rendered":"https:\/\/www.vortal.biz\/?p=7407"},"modified":"2021-08-06T16:10:47","modified_gmt":"2021-08-06T16:10:47","slug":"la-generalitat-de-valencia-hace-mas-eficiente-su-central-de-compras-implantando-una-plataforma-de-contratacion-electronica","status":"publish","type":"post","link":"https:\/\/www.vortal.biz\/es\/la-generalitat-de-valencia-hace-mas-eficiente-su-central-de-compras-implantando-una-plataforma-de-contratacion-electronica\/","title":{"rendered":"La Generalitat de Valencia hace m\u00e1s eficiente su central de compras implantando una plataforma de contrataci\u00f3n electr\u00f3nica"},"content":{"rendered":"<div class=\"fusion-fullwidth fullwidth-box fusion-builder-row-1 fusion-flex-container nonhundred-percent-fullwidth non-hundred-percent-height-scrolling\" style=\"background-color: rgba(255,255,255,0);background-position: center center;background-repeat: no-repeat;border-width: 0px 0px 0px 0px;border-color:#e2e2e2;border-style:solid;\" ><div class=\"fusion-builder-row fusion-row fusion-flex-align-items-flex-start\" style=\"max-width:calc( 1640px + 32px );margin-left: calc(-32px \/ 2 );margin-right: calc(-32px \/ 2 );\"><div class=\"fusion-layout-column fusion_builder_column fusion-builder-column-0 fusion_builder_column_1_1 1_1 fusion-flex-column\"><div class=\"fusion-column-wrapper fusion-flex-justify-content-flex-start fusion-content-layout-column\" style=\"background-position:left top;background-repeat:no-repeat;-webkit-background-size:cover;-moz-background-size:cover;-o-background-size:cover;background-size:cover;padding: 0px 0px 0px 0px;\"><div class=\"fusion-text fusion-text-1\"><p>La Generalitat de Valencia ha implantado en 2012 una Central de Compras que dar\u00e1 servicio a los organismos de la Generalitat, a las entidades aut\u00f3nomas y entes del sector p\u00fablico empresarial y fundacional dependientes de ella.<\/p>\n<p>La empresa seleccionada para desarrollar el proyecto ha sido VORTAL, que a trav\u00e9s de su plataforma de contrataci\u00f3n p\u00fablica electr\u00f3nica da servicio a m\u00e1s de 3.000 administraciones p\u00fablicas europeas de diferentes tipolog\u00edas y tama\u00f1os en Espa\u00f1a, Portugal, Reino Unido y Rep\u00fablica Checa. La plataforma escogida no requiere de inversiones en desarrollo o en mantenimiento ya que se ofrece bajo la modalidad Software como servicio. La Generalitat ha entendido que esta soluci\u00f3n es id\u00f3nea por su escalabilidad, coste y tiempo de implantaci\u00f3n; adem\u00e1s de ser el modelo de contrataci\u00f3n p\u00fablica electr\u00f3nica m\u00e1s utilizado a nivel Europeo y concretamente en Espa\u00f1a, lo que lo convierte en una apuesta segura y confiable.<\/p>\n<p>La plataforma cubre todo el proceso de contrataci\u00f3n de la central de compras, desde la agregaci\u00f3n de demanda de las diversas conseller\u00edas, el proceso de licitaci\u00f3n electr\u00f3nica de los acuerdos marco, la creaci\u00f3n de cat\u00e1logos electr\u00f3nicos y los contratos derivados. Adem\u00e1s, se realizar\u00e1n subastas electr\u00f3nicas siempre que se considere adecuado. De este modo la instituci\u00f3n de los acuerdos marco se har\u00e1 de forma centralizada, permitiendo que cada conseller\u00eda gestione sus contratos derivados, todo en la misma plataforma.<\/p>\n<p>El objetivo que persigue la Generalitat seg\u00fan Carmela Cots Soler, Subsecretaria de la Conseller\u00eda de Hacienda y Administraciones P\u00fablicas, es el de \u201cdotar a la instituci\u00f3n de un servicio de contrataci\u00f3n p\u00fablica electr\u00f3nica que le permita soportar la centralizaci\u00f3n de compras con la consiguiente reducci\u00f3n de costes de contrataci\u00f3n y ahorro administrativo, permitiendo sinergias con la agregaci\u00f3n de demanda y la obtenci\u00f3n de mejoras de precios\u201d.<\/p>\n<p>La nueva central de compras permitir\u00e1 tambi\u00e9n la optimizaci\u00f3n de los procesos administrativos, garantizando la trasparencia en todos los procesos y posibilitando la reducci\u00f3n de costes para los proveedores a la hora de elaborar y presentar sus ofertas.<\/p>\n<p><strong>Ahorro Y Transparencia En Los Concursos P\u00fablicos<\/strong><\/p>\n<p>Recientes estudios europeos han demostrado como la contrataci\u00f3n p\u00fablica electr\u00f3nica est\u00e1 permitiendo que administraciones de otros pa\u00edses reduzcan sus ratios de endeudamiento. El Libro Verde la Uni\u00f3n Europea sobre licitaci\u00f3n electr\u00f3nica, da buena cuenta de ello y destaca los ejemplos de Portugal, Noruega o Italia, que han conseguido ahorros de entre el 5 y 20% aplicando esta tecnolog\u00eda. Asimismo, en dicho documento se afirma que la generalizaci\u00f3n de la licitaci\u00f3n electr\u00f3nica llevar\u00eda aparejadas una mayor accesibilidad y transparencia en los concursos p\u00fablicos, una reducci\u00f3n significativa de costes de licitaci\u00f3n y costes administrativos, y la reducci\u00f3n del tiempo en los procesos de licitaci\u00f3n.<\/p>\n<p>Las nuevas Directivas europeas sobre la materia, que est\u00e1n en periodo de elaboraci\u00f3n, indican que la aplicaci\u00f3n de plataformas de contrataci\u00f3n electr\u00f3nica ser\u00e1n obligatorias para las centrales de compras a partir de junio de 2014.<\/p>\n<\/div><\/div><style type=\"text\/css\">.fusion-body .fusion-builder-column-0{width:100% !important;margin-top : 0px;margin-bottom : 0px;}.fusion-builder-column-0 > .fusion-column-wrapper {padding-top : 0px !important;padding-right : 0px !important;margin-right : 16px;padding-bottom : 0px !important;padding-left : 0px !important;margin-left : 16px;}@media only screen and (max-width:1024px) {.fusion-body .fusion-builder-column-0{width:100% !important;}.fusion-builder-column-0 > .fusion-column-wrapper {margin-right : 16px;margin-left : 16px;}}@media only screen and (max-width:640px) {.fusion-body .fusion-builder-column-0{width:100% !important;}.fusion-builder-column-0 > .fusion-column-wrapper {margin-right : 16px;margin-left : 16px;}}<\/style><\/div><\/div><style type=\"text\/css\">.fusion-body .fusion-flex-container.fusion-builder-row-1{ padding-top : 0px;margin-top : 0px;padding-right : 0px;padding-bottom : 0px;margin-bottom : 0px;padding-left : 0px;}<\/style><\/div>\n","protected":false},"excerpt":{"rendered":"","protected":false},"author":5639,"featured_media":0,"comment_status":"open","ping_status":"open","sticky":false,"template":"","format":"standard","meta":{"footnotes":""},"categories":[7],"tags":[],"yoast_head":"<!-- This site is optimized with the Yoast SEO plugin v22.3 - https:\/\/yoast.com\/wordpress\/plugins\/seo\/ -->\n<title>La Generalitat de Valencia hace m\u00e1s eficiente su central de compras implantando una plataforma de contrataci\u00f3n electr\u00f3nica - VORTAL<\/title>\n<meta name=\"robots\" content=\"index, follow, max-snippet:-1, max-image-preview:large, max-video-preview:-1\" \/>\n<link rel=\"canonical\" href=\"https:\/\/www.vortal.biz\/es\/la-generalitat-de-valencia-hace-mas-eficiente-su-central-de-compras-implantando-una-plataforma-de-contratacion-electronica\/\" \/>\n<meta property=\"og:locale\" content=\"es_ES\" \/>\n<meta property=\"og:type\" content=\"article\" \/>\n<meta property=\"og:title\" content=\"La Generalitat de Valencia hace m\u00e1s eficiente su central de compras implantando una plataforma de contrataci\u00f3n electr\u00f3nica - VORTAL\" \/>\n<meta property=\"og:url\" content=\"https:\/\/www.vortal.biz\/es\/la-generalitat-de-valencia-hace-mas-eficiente-su-central-de-compras-implantando-una-plataforma-de-contratacion-electronica\/\" \/>\n<meta property=\"og:site_name\" content=\"VORTAL\" \/>\n<meta property=\"article:published_time\" content=\"2013-03-05T16:09:40+00:00\" \/>\n<meta property=\"article:modified_time\" content=\"2021-08-06T16:10:47+00:00\" \/>\n<meta name=\"author\" content=\"Helida Oliveira\" \/>\n<meta name=\"twitter:card\" content=\"summary_large_image\" \/>\n<meta name=\"twitter:label1\" content=\"Escrito por\" \/>\n\t<meta name=\"twitter:data1\" content=\"Helida Oliveira\" \/>\n\t<meta name=\"twitter:label2\" content=\"Tiempo de lectura\" \/>\n\t<meta name=\"twitter:data2\" content=\"3 minutos\" \/>\n<script type=\"application\/ld+json\" class=\"yoast-schema-graph\">{\"@context\":\"https:\/\/schema.org\",\"@graph\":[{\"@type\":\"WebPage\",\"@id\":\"https:\/\/www.vortal.biz\/es\/la-generalitat-de-valencia-hace-mas-eficiente-su-central-de-compras-implantando-una-plataforma-de-contratacion-electronica\/\",\"url\":\"https:\/\/www.vortal.biz\/es\/la-generalitat-de-valencia-hace-mas-eficiente-su-central-de-compras-implantando-una-plataforma-de-contratacion-electronica\/\",\"name\":\"La Generalitat de Valencia hace m\u00e1s eficiente su central de compras implantando una plataforma de contrataci\u00f3n electr\u00f3nica - VORTAL\",\"isPartOf\":{\"@id\":\"https:\/\/www.vortal.biz\/pt-pt\/#website\"},\"datePublished\":\"2013-03-05T16:09:40+00:00\",\"dateModified\":\"2021-08-06T16:10:47+00:00\",\"author\":{\"@id\":\"https:\/\/www.vortal.biz\/pt-pt\/#\/schema\/person\/de007f49a9003cc0fec169585b65ddb2\"},\"breadcrumb\":{\"@id\":\"https:\/\/www.vortal.biz\/es\/la-generalitat-de-valencia-hace-mas-eficiente-su-central-de-compras-implantando-una-plataforma-de-contratacion-electronica\/#breadcrumb\"},\"inLanguage\":\"es\",\"potentialAction\":[{\"@type\":\"ReadAction\",\"target\":[\"https:\/\/www.vortal.biz\/es\/la-generalitat-de-valencia-hace-mas-eficiente-su-central-de-compras-implantando-una-plataforma-de-contratacion-electronica\/\"]}]},{\"@type\":\"BreadcrumbList\",\"@id\":\"https:\/\/www.vortal.biz\/es\/la-generalitat-de-valencia-hace-mas-eficiente-su-central-de-compras-implantando-una-plataforma-de-contratacion-electronica\/#breadcrumb\",\"itemListElement\":[{\"@type\":\"ListItem\",\"position\":1,\"name\":\"Home\",\"item\":\"https:\/\/www.vortal.biz\/es\/\"},{\"@type\":\"ListItem\",\"position\":2,\"name\":\"La Generalitat de Valencia hace m\u00e1s eficiente su central de compras implantando una plataforma de contrataci\u00f3n electr\u00f3nica\"}]},{\"@type\":\"WebSite\",\"@id\":\"https:\/\/www.vortal.biz\/pt-pt\/#website\",\"url\":\"https:\/\/www.vortal.biz\/pt-pt\/\",\"name\":\"VORTAL\",\"description\":\"Connecting Business\",\"potentialAction\":[{\"@type\":\"SearchAction\",\"target\":{\"@type\":\"EntryPoint\",\"urlTemplate\":\"https:\/\/www.vortal.biz\/pt-pt\/?s={search_term_string}\"},\"query-input\":\"required name=search_term_string\"}],\"inLanguage\":\"es\"},{\"@type\":\"Person\",\"@id\":\"https:\/\/www.vortal.biz\/pt-pt\/#\/schema\/person\/de007f49a9003cc0fec169585b65ddb2\",\"name\":\"Helida Oliveira\",\"image\":{\"@type\":\"ImageObject\",\"inLanguage\":\"es\",\"@id\":\"https:\/\/www.vortal.biz\/pt-pt\/#\/schema\/person\/image\/\",\"url\":\"https:\/\/secure.gravatar.com\/avatar\/2485383d4ceb69bbd668ac515d6bdb03?s=96&d=mm&r=g\",\"contentUrl\":\"https:\/\/secure.gravatar.com\/avatar\/2485383d4ceb69bbd668ac515d6bdb03?s=96&d=mm&r=g\",\"caption\":\"Helida Oliveira\"},\"url\":\"https:\/\/www.vortal.biz\/es\/author\/helida-oliveira\/\"}]}<\/script>\n<!-- \/ Yoast SEO plugin. -->","yoast_head_json":{"title":"La Generalitat de Valencia hace m\u00e1s eficiente su central de compras implantando una plataforma de contrataci\u00f3n electr\u00f3nica - VORTAL","robots":{"index":"index","follow":"follow","max-snippet":"max-snippet:-1","max-image-preview":"max-image-preview:large","max-video-preview":"max-video-preview:-1"},"canonical":"https:\/\/www.vortal.biz\/es\/la-generalitat-de-valencia-hace-mas-eficiente-su-central-de-compras-implantando-una-plataforma-de-contratacion-electronica\/","og_locale":"es_ES","og_type":"article","og_title":"La Generalitat de Valencia hace m\u00e1s eficiente su central de compras implantando una plataforma de contrataci\u00f3n electr\u00f3nica - VORTAL","og_url":"https:\/\/www.vortal.biz\/es\/la-generalitat-de-valencia-hace-mas-eficiente-su-central-de-compras-implantando-una-plataforma-de-contratacion-electronica\/","og_site_name":"VORTAL","article_published_time":"2013-03-05T16:09:40+00:00","article_modified_time":"2021-08-06T16:10:47+00:00","author":"Helida Oliveira","twitter_card":"summary_large_image","twitter_misc":{"Escrito por":"Helida Oliveira","Tiempo de lectura":"3 minutos"},"schema":{"@context":"https:\/\/schema.org","@graph":[{"@type":"WebPage","@id":"https:\/\/www.vortal.biz\/es\/la-generalitat-de-valencia-hace-mas-eficiente-su-central-de-compras-implantando-una-plataforma-de-contratacion-electronica\/","url":"https:\/\/www.vortal.biz\/es\/la-generalitat-de-valencia-hace-mas-eficiente-su-central-de-compras-implantando-una-plataforma-de-contratacion-electronica\/","name":"La Generalitat de Valencia hace m\u00e1s eficiente su central de compras implantando una plataforma de contrataci\u00f3n electr\u00f3nica - VORTAL","isPartOf":{"@id":"https:\/\/www.vortal.biz\/pt-pt\/#website"},"datePublished":"2013-03-05T16:09:40+00:00","dateModified":"2021-08-06T16:10:47+00:00","author":{"@id":"https:\/\/www.vortal.biz\/pt-pt\/#\/schema\/person\/de007f49a9003cc0fec169585b65ddb2"},"breadcrumb":{"@id":"https:\/\/www.vortal.biz\/es\/la-generalitat-de-valencia-hace-mas-eficiente-su-central-de-compras-implantando-una-plataforma-de-contratacion-electronica\/#breadcrumb"},"inLanguage":"es","potentialAction":[{"@type":"ReadAction","target":["https:\/\/www.vortal.biz\/es\/la-generalitat-de-valencia-hace-mas-eficiente-su-central-de-compras-implantando-una-plataforma-de-contratacion-electronica\/"]}]},{"@type":"BreadcrumbList","@id":"https:\/\/www.vortal.biz\/es\/la-generalitat-de-valencia-hace-mas-eficiente-su-central-de-compras-implantando-una-plataforma-de-contratacion-electronica\/#breadcrumb","itemListElement":[{"@type":"ListItem","position":1,"name":"Home","item":"https:\/\/www.vortal.biz\/es\/"},{"@type":"ListItem","position":2,"name":"La Generalitat de Valencia hace m\u00e1s eficiente su central de compras implantando una plataforma de contrataci\u00f3n electr\u00f3nica"}]},{"@type":"WebSite","@id":"https:\/\/www.vortal.biz\/pt-pt\/#website","url":"https:\/\/www.vortal.biz\/pt-pt\/","name":"VORTAL","description":"Connecting Business","potentialAction":[{"@type":"SearchAction","target":{"@type":"EntryPoint","urlTemplate":"https:\/\/www.vortal.biz\/pt-pt\/?s={search_term_string}"},"query-input":"required name=search_term_string"}],"inLanguage":"es"},{"@type":"Person","@id":"https:\/\/www.vortal.biz\/pt-pt\/#\/schema\/person\/de007f49a9003cc0fec169585b65ddb2","name":"Helida Oliveira","image":{"@type":"ImageObject","inLanguage":"es","@id":"https:\/\/www.vortal.biz\/pt-pt\/#\/schema\/person\/image\/","url":"https:\/\/secure.gravatar.com\/avatar\/2485383d4ceb69bbd668ac515d6bdb03?s=96&d=mm&r=g","contentUrl":"https:\/\/secure.gravatar.com\/avatar\/2485383d4ceb69bbd668ac515d6bdb03?s=96&d=mm&r=g","caption":"Helida Oliveira"},"url":"https:\/\/www.vortal.biz\/es\/author\/helida-oliveira\/"}]}},"_links":{"self":[{"href":"https:\/\/www.vortal.biz\/es\/wp-json\/wp\/v2\/posts\/7407"}],"collection":[{"href":"https:\/\/www.vortal.biz\/es\/wp-json\/wp\/v2\/posts"}],"about":[{"href":"https:\/\/www.vortal.biz\/es\/wp-json\/wp\/v2\/types\/post"}],"author":[{"embeddable":true,"href":"https:\/\/www.vortal.biz\/es\/wp-json\/wp\/v2\/users\/5639"}],"replies":[{"embeddable":true,"href":"https:\/\/www.vortal.biz\/es\/wp-json\/wp\/v2\/comments?post=7407"}],"version-history":[{"count":0,"href":"https:\/\/www.vortal.biz\/es\/wp-json\/wp\/v2\/posts\/7407\/revisions"}],"wp:attachment":[{"href":"https:\/\/www.vortal.biz\/es\/wp-json\/wp\/v2\/media?parent=7407"}],"wp:term":[{"taxonomy":"category","embeddable":true,"href":"https:\/\/www.vortal.biz\/es\/wp-json\/wp\/v2\/categories?post=7407"},{"taxonomy":"post_tag","embeddable":true,"href":"https:\/\/www.vortal.biz\/es\/wp-json\/wp\/v2\/tags?post=7407"}],"curies":[{"name":"wp","href":"https:\/\/api.w.org\/{rel}","templated":true}]}}