{"id":7405,"date":"2013-05-13T16:07:57","date_gmt":"2013-05-13T16:07:57","guid":{"rendered":"https:\/\/www.vortal.biz\/?p=7405"},"modified":"2021-08-06T16:09:13","modified_gmt":"2021-08-06T16:09:13","slug":"el-consell-reduce-un-30-el-coste-de-sus-compras-con-la-subasta-electronica","status":"publish","type":"post","link":"https:\/\/www.vortal.biz\/es\/el-consell-reduce-un-30-el-coste-de-sus-compras-con-la-subasta-electronica\/","title":{"rendered":"El Consell reduce un 30% el coste de sus compras con la subasta electr\u00f3nica"},"content":{"rendered":"<div class=\"fusion-fullwidth fullwidth-box fusion-builder-row-1 fusion-flex-container nonhundred-percent-fullwidth non-hundred-percent-height-scrolling\" style=\"background-color: rgba(255,255,255,0);background-position: center center;background-repeat: no-repeat;border-width: 0px 0px 0px 0px;border-color:#e2e2e2;border-style:solid;\" ><div class=\"fusion-builder-row fusion-row fusion-flex-align-items-flex-start\" style=\"max-width:calc( 1640px + 32px );margin-left: calc(-32px \/ 2 );margin-right: calc(-32px \/ 2 );\"><div class=\"fusion-layout-column fusion_builder_column fusion-builder-column-0 fusion_builder_column_1_1 1_1 fusion-flex-column\"><div class=\"fusion-column-wrapper fusion-flex-justify-content-flex-start fusion-content-layout-column\" style=\"background-position:left top;background-repeat:no-repeat;-webkit-background-size:cover;-moz-background-size:cover;-o-background-size:cover;background-size:cover;padding: 0px 0px 0px 0px;\"><div class=\"fusion-text fusion-text-1\"><p>La Conselleria de Hacienda y Administraci\u00f3n P\u00fablica ha realizado esta semana la primera subasta electr\u00f3nica de la historia de la Generalitat para la contrataci\u00f3n de forma centralizada de suministros. La medida, encuadrada en la bater\u00eda de iniciativas puestas en marcha para la reducci\u00f3n del d\u00e9ficit, ha supuesto un ahorro superior al treinta por ciento respecto al coste que inicialmente hab\u00eda calculado el departamento que dirige Juan Carlos Moragues.<\/p>\n<p>La subasta electr\u00f3nica celebrada este mi\u00e9rcoles, que en este caso iba dirigida a contratar el suministro de papel para la Generalitat, se realiz\u00f3 a trav\u00e9s de la plataforma online (GE-COMPRAS), lo que sit\u00faa a la Comunidad Valenciana como autonom\u00eda pionera al disponer de un sistema de contrataci\u00f3n p\u00fablica electr\u00f3nica.<\/p>\n<p>A la subasta electr\u00f3nica, tal y como recoge el acuerdo marco de contrataci\u00f3n centralizada de suministro de papel, concurrieron cinco empresas que fueron realizando sus propuestas en tiempo real partiendo de un precio de salida de 1,58 millones de euros (IVA excluido) para finalizar la subasta con un precio a la baja que se situ\u00f3 en 1,13 millones de euros.<\/p>\n<p>De esta forma, la Generalitat ha conseguido un ahorro cercano al 30% sobre el precio de salida \u2013cerca de medio mill\u00f3n de euros en t\u00e9rminos absolutos\u2013 lo que supera ampliamente la estimaci\u00f3n de ahorro que se hab\u00eda realizado y que oscilaba entre un 12% y un 20%.<\/p>\n<p>La Central de Compras de la Generalitat nace con el objetivo de abarcar la adquisici\u00f3n centralizada de todo lo necesario para el funcionamiento de la Administraci\u00f3n, desde material de oficina o servicios postales, pasando por servicios de limpieza, vigilancia, entre otros.<\/p>\n<p>El objetivo es la centralizaci\u00f3n de la contrataci\u00f3n de productos con caracter\u00edsticas homog\u00e9neas de uso com\u00fan con el doble fin de mejorar los precios y agilizar las compras p\u00fablicas.<\/p>\n<p><strong>Econom\u00edas De Escala<\/strong><\/p>\n<p>Adem\u00e1s, de acuerdo con fuentes de la Conselleria de Hacienda, este sistema supone lograr econom\u00edas de escala, dado que la adhesi\u00f3n obligatoria de las consellerias y el sector p\u00fablico implica un volumen asegurado de centros destinatarios de los bienes y servicios centralizados a los proveedores seleccionados. En esta l\u00ednea, la Generalitat contin\u00faa trabajando en la centralizaci\u00f3n de servicios y suministros de las diferentes Consellerias y entidades del sector p\u00fablico a trav\u00e9s de la Central de Compras. Durante el pasado ejercicio se licitaron la compra de papel con criterios medioambientales, el combustible de automoci\u00f3n, adem\u00e1s de los servicios postales, burofax online, valija y mensajer\u00eda.<\/p>\n<p><strong>Nuevas Licitaciones<\/strong><\/p>\n<p>En 2013 se incidir\u00e1 en la centralizaci\u00f3n a trav\u00e9s de licitaciones en \u00e1reas como seguridad, limpieza, mediaci\u00f3n de seguros, material de oficina no inventariable, servicio integral de impresi\u00f3n o el suministro de energ\u00eda el\u00e9ctrica. Hasta que est\u00e9n plenamente centralizados todos los servicios, el aprovisionamiento se est\u00e1 realizando a trav\u00e9s de aquel proveedor que oferta el mejor precio.<\/p>\n<\/div><\/div><style type=\"text\/css\">.fusion-body .fusion-builder-column-0{width:100% !important;margin-top : 0px;margin-bottom : 0px;}.fusion-builder-column-0 > .fusion-column-wrapper {padding-top : 0px !important;padding-right : 0px !important;margin-right : 16px;padding-bottom : 0px !important;padding-left : 0px !important;margin-left : 16px;}@media only screen and (max-width:1024px) {.fusion-body .fusion-builder-column-0{width:100% !important;}.fusion-builder-column-0 > .fusion-column-wrapper {margin-right : 16px;margin-left : 16px;}}@media only screen and (max-width:640px) {.fusion-body .fusion-builder-column-0{width:100% !important;}.fusion-builder-column-0 > .fusion-column-wrapper {margin-right : 16px;margin-left : 16px;}}<\/style><\/div><\/div><style type=\"text\/css\">.fusion-body .fusion-flex-container.fusion-builder-row-1{ padding-top : 0px;margin-top : 0px;padding-right : 0px;padding-bottom : 0px;margin-bottom : 0px;padding-left : 0px;}<\/style><\/div>\n","protected":false},"excerpt":{"rendered":"","protected":false},"author":5639,"featured_media":0,"comment_status":"open","ping_status":"open","sticky":false,"template":"","format":"standard","meta":{"footnotes":""},"categories":[7],"tags":[],"yoast_head":"<!-- This site is optimized with the Yoast SEO plugin v22.3 - https:\/\/yoast.com\/wordpress\/plugins\/seo\/ -->\n<title>El Consell reduce un 30% el coste de sus compras con la subasta electr\u00f3nica - VORTAL<\/title>\n<meta name=\"robots\" content=\"index, follow, max-snippet:-1, max-image-preview:large, max-video-preview:-1\" \/>\n<link rel=\"canonical\" href=\"https:\/\/www.vortal.biz\/es\/el-consell-reduce-un-30-el-coste-de-sus-compras-con-la-subasta-electronica\/\" \/>\n<meta property=\"og:locale\" content=\"es_ES\" \/>\n<meta property=\"og:type\" content=\"article\" \/>\n<meta property=\"og:title\" content=\"El Consell reduce un 30% el coste de sus compras con la subasta electr\u00f3nica - VORTAL\" \/>\n<meta property=\"og:url\" content=\"https:\/\/www.vortal.biz\/es\/el-consell-reduce-un-30-el-coste-de-sus-compras-con-la-subasta-electronica\/\" \/>\n<meta property=\"og:site_name\" content=\"VORTAL\" \/>\n<meta property=\"article:published_time\" content=\"2013-05-13T16:07:57+00:00\" \/>\n<meta property=\"article:modified_time\" content=\"2021-08-06T16:09:13+00:00\" \/>\n<meta name=\"author\" content=\"Helida Oliveira\" \/>\n<meta name=\"twitter:card\" content=\"summary_large_image\" \/>\n<meta name=\"twitter:label1\" content=\"Escrito por\" \/>\n\t<meta name=\"twitter:data1\" content=\"Helida Oliveira\" \/>\n\t<meta name=\"twitter:label2\" content=\"Tiempo de lectura\" \/>\n\t<meta name=\"twitter:data2\" content=\"3 minutos\" \/>\n<script type=\"application\/ld+json\" class=\"yoast-schema-graph\">{\"@context\":\"https:\/\/schema.org\",\"@graph\":[{\"@type\":\"WebPage\",\"@id\":\"https:\/\/www.vortal.biz\/es\/el-consell-reduce-un-30-el-coste-de-sus-compras-con-la-subasta-electronica\/\",\"url\":\"https:\/\/www.vortal.biz\/es\/el-consell-reduce-un-30-el-coste-de-sus-compras-con-la-subasta-electronica\/\",\"name\":\"El Consell reduce un 30% el coste de sus compras con la subasta electr\u00f3nica - VORTAL\",\"isPartOf\":{\"@id\":\"https:\/\/www.vortal.biz\/pt-pt\/#website\"},\"datePublished\":\"2013-05-13T16:07:57+00:00\",\"dateModified\":\"2021-08-06T16:09:13+00:00\",\"author\":{\"@id\":\"https:\/\/www.vortal.biz\/pt-pt\/#\/schema\/person\/de007f49a9003cc0fec169585b65ddb2\"},\"breadcrumb\":{\"@id\":\"https:\/\/www.vortal.biz\/es\/el-consell-reduce-un-30-el-coste-de-sus-compras-con-la-subasta-electronica\/#breadcrumb\"},\"inLanguage\":\"es\",\"potentialAction\":[{\"@type\":\"ReadAction\",\"target\":[\"https:\/\/www.vortal.biz\/es\/el-consell-reduce-un-30-el-coste-de-sus-compras-con-la-subasta-electronica\/\"]}]},{\"@type\":\"BreadcrumbList\",\"@id\":\"https:\/\/www.vortal.biz\/es\/el-consell-reduce-un-30-el-coste-de-sus-compras-con-la-subasta-electronica\/#breadcrumb\",\"itemListElement\":[{\"@type\":\"ListItem\",\"position\":1,\"name\":\"Home\",\"item\":\"https:\/\/www.vortal.biz\/es\/\"},{\"@type\":\"ListItem\",\"position\":2,\"name\":\"El Consell reduce un 30% el coste de sus compras con la subasta electr\u00f3nica\"}]},{\"@type\":\"WebSite\",\"@id\":\"https:\/\/www.vortal.biz\/pt-pt\/#website\",\"url\":\"https:\/\/www.vortal.biz\/pt-pt\/\",\"name\":\"VORTAL\",\"description\":\"Connecting Business\",\"potentialAction\":[{\"@type\":\"SearchAction\",\"target\":{\"@type\":\"EntryPoint\",\"urlTemplate\":\"https:\/\/www.vortal.biz\/pt-pt\/?s={search_term_string}\"},\"query-input\":\"required name=search_term_string\"}],\"inLanguage\":\"es\"},{\"@type\":\"Person\",\"@id\":\"https:\/\/www.vortal.biz\/pt-pt\/#\/schema\/person\/de007f49a9003cc0fec169585b65ddb2\",\"name\":\"Helida Oliveira\",\"image\":{\"@type\":\"ImageObject\",\"inLanguage\":\"es\",\"@id\":\"https:\/\/www.vortal.biz\/pt-pt\/#\/schema\/person\/image\/\",\"url\":\"https:\/\/secure.gravatar.com\/avatar\/2485383d4ceb69bbd668ac515d6bdb03?s=96&d=mm&r=g\",\"contentUrl\":\"https:\/\/secure.gravatar.com\/avatar\/2485383d4ceb69bbd668ac515d6bdb03?s=96&d=mm&r=g\",\"caption\":\"Helida Oliveira\"},\"url\":\"https:\/\/www.vortal.biz\/es\/author\/helida-oliveira\/\"}]}<\/script>\n<!-- \/ Yoast SEO plugin. -->","yoast_head_json":{"title":"El Consell reduce un 30% el coste de sus compras con la subasta electr\u00f3nica - VORTAL","robots":{"index":"index","follow":"follow","max-snippet":"max-snippet:-1","max-image-preview":"max-image-preview:large","max-video-preview":"max-video-preview:-1"},"canonical":"https:\/\/www.vortal.biz\/es\/el-consell-reduce-un-30-el-coste-de-sus-compras-con-la-subasta-electronica\/","og_locale":"es_ES","og_type":"article","og_title":"El Consell reduce un 30% el coste de sus compras con la subasta electr\u00f3nica - VORTAL","og_url":"https:\/\/www.vortal.biz\/es\/el-consell-reduce-un-30-el-coste-de-sus-compras-con-la-subasta-electronica\/","og_site_name":"VORTAL","article_published_time":"2013-05-13T16:07:57+00:00","article_modified_time":"2021-08-06T16:09:13+00:00","author":"Helida Oliveira","twitter_card":"summary_large_image","twitter_misc":{"Escrito por":"Helida Oliveira","Tiempo de lectura":"3 minutos"},"schema":{"@context":"https:\/\/schema.org","@graph":[{"@type":"WebPage","@id":"https:\/\/www.vortal.biz\/es\/el-consell-reduce-un-30-el-coste-de-sus-compras-con-la-subasta-electronica\/","url":"https:\/\/www.vortal.biz\/es\/el-consell-reduce-un-30-el-coste-de-sus-compras-con-la-subasta-electronica\/","name":"El Consell reduce un 30% el coste de sus compras con la subasta electr\u00f3nica - VORTAL","isPartOf":{"@id":"https:\/\/www.vortal.biz\/pt-pt\/#website"},"datePublished":"2013-05-13T16:07:57+00:00","dateModified":"2021-08-06T16:09:13+00:00","author":{"@id":"https:\/\/www.vortal.biz\/pt-pt\/#\/schema\/person\/de007f49a9003cc0fec169585b65ddb2"},"breadcrumb":{"@id":"https:\/\/www.vortal.biz\/es\/el-consell-reduce-un-30-el-coste-de-sus-compras-con-la-subasta-electronica\/#breadcrumb"},"inLanguage":"es","potentialAction":[{"@type":"ReadAction","target":["https:\/\/www.vortal.biz\/es\/el-consell-reduce-un-30-el-coste-de-sus-compras-con-la-subasta-electronica\/"]}]},{"@type":"BreadcrumbList","@id":"https:\/\/www.vortal.biz\/es\/el-consell-reduce-un-30-el-coste-de-sus-compras-con-la-subasta-electronica\/#breadcrumb","itemListElement":[{"@type":"ListItem","position":1,"name":"Home","item":"https:\/\/www.vortal.biz\/es\/"},{"@type":"ListItem","position":2,"name":"El Consell reduce un 30% el coste de sus compras con la subasta electr\u00f3nica"}]},{"@type":"WebSite","@id":"https:\/\/www.vortal.biz\/pt-pt\/#website","url":"https:\/\/www.vortal.biz\/pt-pt\/","name":"VORTAL","description":"Connecting Business","potentialAction":[{"@type":"SearchAction","target":{"@type":"EntryPoint","urlTemplate":"https:\/\/www.vortal.biz\/pt-pt\/?s={search_term_string}"},"query-input":"required name=search_term_string"}],"inLanguage":"es"},{"@type":"Person","@id":"https:\/\/www.vortal.biz\/pt-pt\/#\/schema\/person\/de007f49a9003cc0fec169585b65ddb2","name":"Helida Oliveira","image":{"@type":"ImageObject","inLanguage":"es","@id":"https:\/\/www.vortal.biz\/pt-pt\/#\/schema\/person\/image\/","url":"https:\/\/secure.gravatar.com\/avatar\/2485383d4ceb69bbd668ac515d6bdb03?s=96&d=mm&r=g","contentUrl":"https:\/\/secure.gravatar.com\/avatar\/2485383d4ceb69bbd668ac515d6bdb03?s=96&d=mm&r=g","caption":"Helida Oliveira"},"url":"https:\/\/www.vortal.biz\/es\/author\/helida-oliveira\/"}]}},"_links":{"self":[{"href":"https:\/\/www.vortal.biz\/es\/wp-json\/wp\/v2\/posts\/7405"}],"collection":[{"href":"https:\/\/www.vortal.biz\/es\/wp-json\/wp\/v2\/posts"}],"about":[{"href":"https:\/\/www.vortal.biz\/es\/wp-json\/wp\/v2\/types\/post"}],"author":[{"embeddable":true,"href":"https:\/\/www.vortal.biz\/es\/wp-json\/wp\/v2\/users\/5639"}],"replies":[{"embeddable":true,"href":"https:\/\/www.vortal.biz\/es\/wp-json\/wp\/v2\/comments?post=7405"}],"version-history":[{"count":0,"href":"https:\/\/www.vortal.biz\/es\/wp-json\/wp\/v2\/posts\/7405\/revisions"}],"wp:attachment":[{"href":"https:\/\/www.vortal.biz\/es\/wp-json\/wp\/v2\/media?parent=7405"}],"wp:term":[{"taxonomy":"category","embeddable":true,"href":"https:\/\/www.vortal.biz\/es\/wp-json\/wp\/v2\/categories?post=7405"},{"taxonomy":"post_tag","embeddable":true,"href":"https:\/\/www.vortal.biz\/es\/wp-json\/wp\/v2\/tags?post=7405"}],"curies":[{"name":"wp","href":"https:\/\/api.w.org\/{rel}","templated":true}]}}