{"id":7403,"date":"2013-07-02T16:04:55","date_gmt":"2013-07-02T16:04:55","guid":{"rendered":"https:\/\/www.vortal.biz\/?p=7403"},"modified":"2021-08-06T16:05:54","modified_gmt":"2021-08-06T16:05:54","slug":"la-generalitat-de-valencia-ahorra-mas-de-un-millon-de-euros-gracias-a-su-central-de-compras-y-a-la-subasta-electronica","status":"publish","type":"post","link":"https:\/\/www.vortal.biz\/es\/la-generalitat-de-valencia-ahorra-mas-de-un-millon-de-euros-gracias-a-su-central-de-compras-y-a-la-subasta-electronica\/","title":{"rendered":"La Generalitat de Valencia ahorra m\u00e1s de un mill\u00f3n de euros gracias a su central de compras y a la subasta electr\u00f3nica"},"content":{"rendered":"<div class=\"fusion-fullwidth fullwidth-box fusion-builder-row-1 fusion-flex-container nonhundred-percent-fullwidth non-hundred-percent-height-scrolling\" style=\"background-color: rgba(255,255,255,0);background-position: center center;background-repeat: no-repeat;border-width: 0px 0px 0px 0px;border-color:#e2e2e2;border-style:solid;\" ><div class=\"fusion-builder-row fusion-row fusion-flex-align-items-flex-start\" style=\"max-width:calc( 1640px + 32px );margin-left: calc(-32px \/ 2 );margin-right: calc(-32px \/ 2 );\"><div class=\"fusion-layout-column fusion_builder_column fusion-builder-column-0 fusion_builder_column_1_1 1_1 fusion-flex-column\"><div class=\"fusion-column-wrapper fusion-flex-justify-content-flex-start fusion-content-layout-column\" style=\"background-position:left top;background-repeat:no-repeat;-webkit-background-size:cover;-moz-background-size:cover;-o-background-size:cover;background-size:cover;padding: 0px 0px 0px 0px;\"><div class=\"fusion-text fusion-text-1\"><p>La conseller\u00eda de Sanitat de la Generalitat de Valencia ha ahorrado m\u00e1s de un mill\u00f3n de euros tras la celebraci\u00f3n de un acuerdo marco que ha concluido con la celebraci\u00f3n de dos subastas electr\u00f3nicas. Dicho procedimiento ha sido realizado para la contrataci\u00f3n de 53 lotes de diferentes art\u00edculos de sutura para hospitales. En concreto suturas, absorbibles y no absorbibles. La plataforma seleccionada para realizar la subasta ha sido la de la empresa VORTAL.<\/p>\n<p>Las subastas comenzaron con un precio de salida  2,7 millones de euros (IVA incluido), precio de salida fijado por las empresas seleccionadas en el acuerdo marco y que represent\u00f3 un ahorro del 16% con respecto al precio base de la licitaci\u00f3n.  Tras la celebraci\u00f3n de las subastas, en donde las empresas no conoc\u00edan al resto de participantes y s\u00f3lo pod\u00edan conocer su posici\u00f3n y el tiempo restante para la finalizaci\u00f3n, la conselleria de Sanitat ha conseguido ahorrar m\u00e1s de 550 mil euros, lo que significa una reducci\u00f3n del  21% sobre el precio de salida fijado tras la celebraci\u00f3n del acuerdo marco.<\/p>\n<p>En las subastas han participado 12 empresas seleccionadas previamente en el proceso de un Acuerdo Marco en el que la calidad t\u00e9cnica de los proveedores representaba el 75% de la puntuaci\u00f3n. Dichas subastas han tenido una duraci\u00f3n, entre las dos, de aproximadamente 6 horas debido a la intensa competencia entre los proveedores que han llegado a realizar m\u00e1s de 1.300 pujas.<\/p>\n<p>Para Carolina Conesa, Jefa de Contrataci\u00f3n de la conselleria de Sanitat, \u201cla inclusi\u00f3n de la subasta electr\u00f3nica en la central de compras supone un salto cualitativo en nuestros procesos de negociaci\u00f3n. La negociaci\u00f3n en tiempo real nos ha permitido reducir los tiempos y las tareas administrativas en un proceso complejo que de otra forma se hubiese demorado mucho m\u00e1s tiempo y no hubiese garantizado los mismos resultados\u201d.<\/p>\n<p>Estos resultados demuestran que la aplicaci\u00f3n de las nuevas tecnolog\u00edas a los procesos de contrataci\u00f3n son fundamentales para conseguir optimizar el gasto p\u00fablico. Es necesario demostrar con hechos que se pueden reducir los costes optimizando los procesos, y esta debe ser la primera v\u00eda por la que atacar el problema del elevado gasto p\u00fablico.<\/p>\n<\/div><\/div><style type=\"text\/css\">.fusion-body .fusion-builder-column-0{width:100% !important;margin-top : 0px;margin-bottom : 0px;}.fusion-builder-column-0 > .fusion-column-wrapper {padding-top : 0px !important;padding-right : 0px !important;margin-right : 16px;padding-bottom : 0px !important;padding-left : 0px !important;margin-left : 16px;}@media only screen and (max-width:1024px) {.fusion-body .fusion-builder-column-0{width:100% !important;}.fusion-builder-column-0 > .fusion-column-wrapper {margin-right : 16px;margin-left : 16px;}}@media only screen and (max-width:640px) {.fusion-body .fusion-builder-column-0{width:100% !important;}.fusion-builder-column-0 > .fusion-column-wrapper {margin-right : 16px;margin-left : 16px;}}<\/style><\/div><\/div><style type=\"text\/css\">.fusion-body .fusion-flex-container.fusion-builder-row-1{ padding-top : 0px;margin-top : 0px;padding-right : 0px;padding-bottom : 0px;margin-bottom : 0px;padding-left : 0px;}<\/style><\/div>\n","protected":false},"excerpt":{"rendered":"","protected":false},"author":5639,"featured_media":0,"comment_status":"open","ping_status":"open","sticky":false,"template":"","format":"standard","meta":{"footnotes":""},"categories":[7],"tags":[],"yoast_head":"<!-- This site is optimized with the Yoast SEO plugin v22.3 - https:\/\/yoast.com\/wordpress\/plugins\/seo\/ -->\n<title>La Generalitat de Valencia ahorra m\u00e1s de un mill\u00f3n de euros gracias a su central de compras y a la subasta electr\u00f3nica - VORTAL<\/title>\n<meta name=\"robots\" content=\"index, follow, max-snippet:-1, max-image-preview:large, max-video-preview:-1\" \/>\n<link rel=\"canonical\" href=\"https:\/\/www.vortal.biz\/es\/la-generalitat-de-valencia-ahorra-mas-de-un-millon-de-euros-gracias-a-su-central-de-compras-y-a-la-subasta-electronica\/\" \/>\n<meta property=\"og:locale\" content=\"es_ES\" \/>\n<meta property=\"og:type\" content=\"article\" \/>\n<meta property=\"og:title\" content=\"La Generalitat de Valencia ahorra m\u00e1s de un mill\u00f3n de euros gracias a su central de compras y a la subasta electr\u00f3nica - VORTAL\" \/>\n<meta property=\"og:url\" content=\"https:\/\/www.vortal.biz\/es\/la-generalitat-de-valencia-ahorra-mas-de-un-millon-de-euros-gracias-a-su-central-de-compras-y-a-la-subasta-electronica\/\" \/>\n<meta property=\"og:site_name\" content=\"VORTAL\" \/>\n<meta property=\"article:published_time\" content=\"2013-07-02T16:04:55+00:00\" \/>\n<meta property=\"article:modified_time\" content=\"2021-08-06T16:05:54+00:00\" \/>\n<meta name=\"author\" content=\"Helida Oliveira\" \/>\n<meta name=\"twitter:card\" content=\"summary_large_image\" \/>\n<meta name=\"twitter:label1\" content=\"Escrito por\" \/>\n\t<meta name=\"twitter:data1\" content=\"Helida Oliveira\" \/>\n\t<meta name=\"twitter:label2\" content=\"Tiempo de lectura\" \/>\n\t<meta name=\"twitter:data2\" content=\"3 minutos\" \/>\n<script type=\"application\/ld+json\" class=\"yoast-schema-graph\">{\"@context\":\"https:\/\/schema.org\",\"@graph\":[{\"@type\":\"WebPage\",\"@id\":\"https:\/\/www.vortal.biz\/es\/la-generalitat-de-valencia-ahorra-mas-de-un-millon-de-euros-gracias-a-su-central-de-compras-y-a-la-subasta-electronica\/\",\"url\":\"https:\/\/www.vortal.biz\/es\/la-generalitat-de-valencia-ahorra-mas-de-un-millon-de-euros-gracias-a-su-central-de-compras-y-a-la-subasta-electronica\/\",\"name\":\"La Generalitat de Valencia ahorra m\u00e1s de un mill\u00f3n de euros gracias a su central de compras y a la subasta electr\u00f3nica - VORTAL\",\"isPartOf\":{\"@id\":\"https:\/\/www.vortal.biz\/pt-pt\/#website\"},\"datePublished\":\"2013-07-02T16:04:55+00:00\",\"dateModified\":\"2021-08-06T16:05:54+00:00\",\"author\":{\"@id\":\"https:\/\/www.vortal.biz\/pt-pt\/#\/schema\/person\/de007f49a9003cc0fec169585b65ddb2\"},\"breadcrumb\":{\"@id\":\"https:\/\/www.vortal.biz\/es\/la-generalitat-de-valencia-ahorra-mas-de-un-millon-de-euros-gracias-a-su-central-de-compras-y-a-la-subasta-electronica\/#breadcrumb\"},\"inLanguage\":\"es\",\"potentialAction\":[{\"@type\":\"ReadAction\",\"target\":[\"https:\/\/www.vortal.biz\/es\/la-generalitat-de-valencia-ahorra-mas-de-un-millon-de-euros-gracias-a-su-central-de-compras-y-a-la-subasta-electronica\/\"]}]},{\"@type\":\"BreadcrumbList\",\"@id\":\"https:\/\/www.vortal.biz\/es\/la-generalitat-de-valencia-ahorra-mas-de-un-millon-de-euros-gracias-a-su-central-de-compras-y-a-la-subasta-electronica\/#breadcrumb\",\"itemListElement\":[{\"@type\":\"ListItem\",\"position\":1,\"name\":\"Home\",\"item\":\"https:\/\/www.vortal.biz\/es\/\"},{\"@type\":\"ListItem\",\"position\":2,\"name\":\"La Generalitat de Valencia ahorra m\u00e1s de un mill\u00f3n de euros gracias a su central de compras y a la subasta electr\u00f3nica\"}]},{\"@type\":\"WebSite\",\"@id\":\"https:\/\/www.vortal.biz\/pt-pt\/#website\",\"url\":\"https:\/\/www.vortal.biz\/pt-pt\/\",\"name\":\"VORTAL\",\"description\":\"Connecting Business\",\"potentialAction\":[{\"@type\":\"SearchAction\",\"target\":{\"@type\":\"EntryPoint\",\"urlTemplate\":\"https:\/\/www.vortal.biz\/pt-pt\/?s={search_term_string}\"},\"query-input\":\"required name=search_term_string\"}],\"inLanguage\":\"es\"},{\"@type\":\"Person\",\"@id\":\"https:\/\/www.vortal.biz\/pt-pt\/#\/schema\/person\/de007f49a9003cc0fec169585b65ddb2\",\"name\":\"Helida Oliveira\",\"image\":{\"@type\":\"ImageObject\",\"inLanguage\":\"es\",\"@id\":\"https:\/\/www.vortal.biz\/pt-pt\/#\/schema\/person\/image\/\",\"url\":\"https:\/\/secure.gravatar.com\/avatar\/2485383d4ceb69bbd668ac515d6bdb03?s=96&d=mm&r=g\",\"contentUrl\":\"https:\/\/secure.gravatar.com\/avatar\/2485383d4ceb69bbd668ac515d6bdb03?s=96&d=mm&r=g\",\"caption\":\"Helida Oliveira\"},\"url\":\"https:\/\/www.vortal.biz\/es\/author\/helida-oliveira\/\"}]}<\/script>\n<!-- \/ Yoast SEO plugin. -->","yoast_head_json":{"title":"La Generalitat de Valencia ahorra m\u00e1s de un mill\u00f3n de euros gracias a su central de compras y a la subasta electr\u00f3nica - VORTAL","robots":{"index":"index","follow":"follow","max-snippet":"max-snippet:-1","max-image-preview":"max-image-preview:large","max-video-preview":"max-video-preview:-1"},"canonical":"https:\/\/www.vortal.biz\/es\/la-generalitat-de-valencia-ahorra-mas-de-un-millon-de-euros-gracias-a-su-central-de-compras-y-a-la-subasta-electronica\/","og_locale":"es_ES","og_type":"article","og_title":"La Generalitat de Valencia ahorra m\u00e1s de un mill\u00f3n de euros gracias a su central de compras y a la subasta electr\u00f3nica - VORTAL","og_url":"https:\/\/www.vortal.biz\/es\/la-generalitat-de-valencia-ahorra-mas-de-un-millon-de-euros-gracias-a-su-central-de-compras-y-a-la-subasta-electronica\/","og_site_name":"VORTAL","article_published_time":"2013-07-02T16:04:55+00:00","article_modified_time":"2021-08-06T16:05:54+00:00","author":"Helida Oliveira","twitter_card":"summary_large_image","twitter_misc":{"Escrito por":"Helida Oliveira","Tiempo de lectura":"3 minutos"},"schema":{"@context":"https:\/\/schema.org","@graph":[{"@type":"WebPage","@id":"https:\/\/www.vortal.biz\/es\/la-generalitat-de-valencia-ahorra-mas-de-un-millon-de-euros-gracias-a-su-central-de-compras-y-a-la-subasta-electronica\/","url":"https:\/\/www.vortal.biz\/es\/la-generalitat-de-valencia-ahorra-mas-de-un-millon-de-euros-gracias-a-su-central-de-compras-y-a-la-subasta-electronica\/","name":"La Generalitat de Valencia ahorra m\u00e1s de un mill\u00f3n de euros gracias a su central de compras y a la subasta electr\u00f3nica - VORTAL","isPartOf":{"@id":"https:\/\/www.vortal.biz\/pt-pt\/#website"},"datePublished":"2013-07-02T16:04:55+00:00","dateModified":"2021-08-06T16:05:54+00:00","author":{"@id":"https:\/\/www.vortal.biz\/pt-pt\/#\/schema\/person\/de007f49a9003cc0fec169585b65ddb2"},"breadcrumb":{"@id":"https:\/\/www.vortal.biz\/es\/la-generalitat-de-valencia-ahorra-mas-de-un-millon-de-euros-gracias-a-su-central-de-compras-y-a-la-subasta-electronica\/#breadcrumb"},"inLanguage":"es","potentialAction":[{"@type":"ReadAction","target":["https:\/\/www.vortal.biz\/es\/la-generalitat-de-valencia-ahorra-mas-de-un-millon-de-euros-gracias-a-su-central-de-compras-y-a-la-subasta-electronica\/"]}]},{"@type":"BreadcrumbList","@id":"https:\/\/www.vortal.biz\/es\/la-generalitat-de-valencia-ahorra-mas-de-un-millon-de-euros-gracias-a-su-central-de-compras-y-a-la-subasta-electronica\/#breadcrumb","itemListElement":[{"@type":"ListItem","position":1,"name":"Home","item":"https:\/\/www.vortal.biz\/es\/"},{"@type":"ListItem","position":2,"name":"La Generalitat de Valencia ahorra m\u00e1s de un mill\u00f3n de euros gracias a su central de compras y a la subasta electr\u00f3nica"}]},{"@type":"WebSite","@id":"https:\/\/www.vortal.biz\/pt-pt\/#website","url":"https:\/\/www.vortal.biz\/pt-pt\/","name":"VORTAL","description":"Connecting Business","potentialAction":[{"@type":"SearchAction","target":{"@type":"EntryPoint","urlTemplate":"https:\/\/www.vortal.biz\/pt-pt\/?s={search_term_string}"},"query-input":"required name=search_term_string"}],"inLanguage":"es"},{"@type":"Person","@id":"https:\/\/www.vortal.biz\/pt-pt\/#\/schema\/person\/de007f49a9003cc0fec169585b65ddb2","name":"Helida Oliveira","image":{"@type":"ImageObject","inLanguage":"es","@id":"https:\/\/www.vortal.biz\/pt-pt\/#\/schema\/person\/image\/","url":"https:\/\/secure.gravatar.com\/avatar\/2485383d4ceb69bbd668ac515d6bdb03?s=96&d=mm&r=g","contentUrl":"https:\/\/secure.gravatar.com\/avatar\/2485383d4ceb69bbd668ac515d6bdb03?s=96&d=mm&r=g","caption":"Helida Oliveira"},"url":"https:\/\/www.vortal.biz\/es\/author\/helida-oliveira\/"}]}},"_links":{"self":[{"href":"https:\/\/www.vortal.biz\/es\/wp-json\/wp\/v2\/posts\/7403"}],"collection":[{"href":"https:\/\/www.vortal.biz\/es\/wp-json\/wp\/v2\/posts"}],"about":[{"href":"https:\/\/www.vortal.biz\/es\/wp-json\/wp\/v2\/types\/post"}],"author":[{"embeddable":true,"href":"https:\/\/www.vortal.biz\/es\/wp-json\/wp\/v2\/users\/5639"}],"replies":[{"embeddable":true,"href":"https:\/\/www.vortal.biz\/es\/wp-json\/wp\/v2\/comments?post=7403"}],"version-history":[{"count":0,"href":"https:\/\/www.vortal.biz\/es\/wp-json\/wp\/v2\/posts\/7403\/revisions"}],"wp:attachment":[{"href":"https:\/\/www.vortal.biz\/es\/wp-json\/wp\/v2\/media?parent=7403"}],"wp:term":[{"taxonomy":"category","embeddable":true,"href":"https:\/\/www.vortal.biz\/es\/wp-json\/wp\/v2\/categories?post=7403"},{"taxonomy":"post_tag","embeddable":true,"href":"https:\/\/www.vortal.biz\/es\/wp-json\/wp\/v2\/tags?post=7403"}],"curies":[{"name":"wp","href":"https:\/\/api.w.org\/{rel}","templated":true}]}}