{"id":7397,"date":"2013-10-15T15:56:54","date_gmt":"2013-10-15T15:56:54","guid":{"rendered":"https:\/\/www.vortal.biz\/?p=7397"},"modified":"2021-08-06T15:58:28","modified_gmt":"2021-08-06T15:58:28","slug":"presentacion-del-estudio-contratacion-electronica-en-el-sector-publico-espanol-eficiencia-ahorro-y-transparencia","status":"publish","type":"post","link":"https:\/\/www.vortal.biz\/es\/presentacion-del-estudio-contratacion-electronica-en-el-sector-publico-espanol-eficiencia-ahorro-y-transparencia\/","title":{"rendered":"Presentaci\u00f3n del Estudio \u201cContrataci\u00f3n electr\u00f3nica en el Sector P\u00fablico Espa\u00f1ol: Eficiencia, ahorro y transparencia\u201d"},"content":{"rendered":"<div class=\"fusion-fullwidth fullwidth-box fusion-builder-row-1 fusion-flex-container nonhundred-percent-fullwidth non-hundred-percent-height-scrolling\" style=\"background-color: rgba(255,255,255,0);background-position: center center;background-repeat: no-repeat;border-width: 0px 0px 0px 0px;border-color:#e2e2e2;border-style:solid;\" ><div class=\"fusion-builder-row fusion-row fusion-flex-align-items-flex-start\" style=\"max-width:calc( 1640px + 32px );margin-left: calc(-32px \/ 2 );margin-right: calc(-32px \/ 2 );\"><div class=\"fusion-layout-column fusion_builder_column fusion-builder-column-0 fusion_builder_column_1_1 1_1 fusion-flex-column\"><div class=\"fusion-column-wrapper fusion-flex-justify-content-flex-start fusion-content-layout-column\" style=\"background-position:left top;background-repeat:no-repeat;-webkit-background-size:cover;-moz-background-size:cover;-o-background-size:cover;background-size:cover;padding: 0px 0px 0px 0px;\"><div class=\"fusion-text fusion-text-1\"><p>Se ha presentado en el IESE Business School el Informe \u201cLa contrataci\u00f3n electr\u00f3nica en el Sector P\u00fablico Espa\u00f1ol: eficiencia, ahorro y transparencia\u201d.<br \/>\nEste informe en el que VORTAL ha tenido el honor de participar es la continuaci\u00f3n del realizado hace aproximadamente dos a\u00f1os y que fue presentado bajo el t\u00edtulo \u201cLicitaci\u00f3n electr\u00f3nica en el sector p\u00fablico espa\u00f1ol: presente y futuro\u201d.<\/p>\n<p>El informe de este a\u00f1o es un poco diferente, y hemos querido contar con la opini\u00f3n de algunos de los m\u00e1s importantes actores del sector. El documento se articula a trav\u00e9s de breves ensayos con un denominador com\u00fan, abordar los pasos necesarios para que la contrataci\u00f3n p\u00fablica electr\u00f3nica sea una realidad en nuestro pa\u00eds.<\/p>\n<p>La presentaci\u00f3n, a la que asistieron m\u00e1s de 80 altos cargos del sector p\u00fablico y privado, corri\u00f3 a cargo de D\u00aa Trinidad Yera y el Profesor Jos\u00e9 Ram\u00f3n Pin.<\/p>\n<p>Las Principales Conclusiones Del Informe Son Las Siguientes:<\/p>\n<p>&#8211; La contrataci\u00f3n p\u00fablica electr\u00f3nica ser\u00e1 obligatoria para todos los Estados miembros de la UE.<\/p>\n<p>&#8211; El reto que enfrentamos no es tecnol\u00f3gico si no psicol\u00f3gico<\/p>\n<p>&#8211; Todas las opciones para su implantaci\u00f3n son v\u00e1lidas siempre que se garantice: el retorno de la inversi\u00f3n (ROI), la interoperabilidad y el soporte a los usuarios<\/p>\n<p>&#8211; La contrataci\u00f3n electr\u00f3nica no es exclusiva de grandes administraciones. Se debe favorecer un ecosistema que democratice el acceso de las peque\u00f1as administraciones a las nuevas tecnolog\u00edas.<\/p>\n<p>Tras la presentaci\u00f3n del Informe, y dado que est\u00e1bamos en el IESE, se discuti\u00f3 uno de los casos que habitualmente se imparten en los programas orientados al sector p\u00fablico y sanitario.  Los asistentes se juntaron en un desayuno de trabajo en el que discutieron el caso del Instituto Oncol\u00f3gico de Lisboa. Tras poner en com\u00fan sus argumentos los asistentes acudieron de nuevo al aula en donde su produjo un enriquecedor debate moderado por el  Profesor Jos\u00e9 Ram\u00f3n Pin.<\/p>\n<\/div><\/div><style type=\"text\/css\">.fusion-body .fusion-builder-column-0{width:100% !important;margin-top : 0px;margin-bottom : 0px;}.fusion-builder-column-0 > .fusion-column-wrapper {padding-top : 0px !important;padding-right : 0px !important;margin-right : 16px;padding-bottom : 0px !important;padding-left : 0px !important;margin-left : 16px;}@media only screen and (max-width:1024px) {.fusion-body .fusion-builder-column-0{width:100% !important;}.fusion-builder-column-0 > .fusion-column-wrapper {margin-right : 16px;margin-left : 16px;}}@media only screen and (max-width:640px) {.fusion-body .fusion-builder-column-0{width:100% !important;}.fusion-builder-column-0 > .fusion-column-wrapper {margin-right : 16px;margin-left : 16px;}}<\/style><\/div><\/div><style type=\"text\/css\">.fusion-body .fusion-flex-container.fusion-builder-row-1{ padding-top : 0px;margin-top : 0px;padding-right : 0px;padding-bottom : 0px;margin-bottom : 0px;padding-left : 0px;}<\/style><\/div>\n","protected":false},"excerpt":{"rendered":"","protected":false},"author":5639,"featured_media":0,"comment_status":"open","ping_status":"open","sticky":false,"template":"","format":"standard","meta":{"footnotes":""},"categories":[7],"tags":[],"yoast_head":"<!-- This site is optimized with the Yoast SEO plugin v22.3 - https:\/\/yoast.com\/wordpress\/plugins\/seo\/ -->\n<title>Presentaci\u00f3n del Estudio \u201cContrataci\u00f3n electr\u00f3nica en el Sector P\u00fablico Espa\u00f1ol: Eficiencia, ahorro y transparencia\u201d - VORTAL<\/title>\n<meta name=\"robots\" content=\"index, follow, max-snippet:-1, max-image-preview:large, max-video-preview:-1\" \/>\n<link rel=\"canonical\" href=\"https:\/\/www.vortal.biz\/es\/presentacion-del-estudio-contratacion-electronica-en-el-sector-publico-espanol-eficiencia-ahorro-y-transparencia\/\" \/>\n<meta property=\"og:locale\" content=\"es_ES\" \/>\n<meta property=\"og:type\" content=\"article\" \/>\n<meta property=\"og:title\" content=\"Presentaci\u00f3n del Estudio \u201cContrataci\u00f3n electr\u00f3nica en el Sector P\u00fablico Espa\u00f1ol: Eficiencia, ahorro y transparencia\u201d - VORTAL\" \/>\n<meta property=\"og:url\" content=\"https:\/\/www.vortal.biz\/es\/presentacion-del-estudio-contratacion-electronica-en-el-sector-publico-espanol-eficiencia-ahorro-y-transparencia\/\" \/>\n<meta property=\"og:site_name\" content=\"VORTAL\" \/>\n<meta property=\"article:published_time\" content=\"2013-10-15T15:56:54+00:00\" \/>\n<meta property=\"article:modified_time\" content=\"2021-08-06T15:58:28+00:00\" \/>\n<meta name=\"author\" content=\"Helida Oliveira\" \/>\n<meta name=\"twitter:card\" content=\"summary_large_image\" \/>\n<meta name=\"twitter:label1\" content=\"Escrito por\" \/>\n\t<meta name=\"twitter:data1\" content=\"Helida Oliveira\" \/>\n\t<meta name=\"twitter:label2\" content=\"Tiempo de lectura\" \/>\n\t<meta name=\"twitter:data2\" content=\"3 minutos\" \/>\n<script type=\"application\/ld+json\" class=\"yoast-schema-graph\">{\"@context\":\"https:\/\/schema.org\",\"@graph\":[{\"@type\":\"WebPage\",\"@id\":\"https:\/\/www.vortal.biz\/es\/presentacion-del-estudio-contratacion-electronica-en-el-sector-publico-espanol-eficiencia-ahorro-y-transparencia\/\",\"url\":\"https:\/\/www.vortal.biz\/es\/presentacion-del-estudio-contratacion-electronica-en-el-sector-publico-espanol-eficiencia-ahorro-y-transparencia\/\",\"name\":\"Presentaci\u00f3n del Estudio \u201cContrataci\u00f3n electr\u00f3nica en el Sector P\u00fablico Espa\u00f1ol: Eficiencia, ahorro y transparencia\u201d - VORTAL\",\"isPartOf\":{\"@id\":\"https:\/\/www.vortal.biz\/pt-pt\/#website\"},\"datePublished\":\"2013-10-15T15:56:54+00:00\",\"dateModified\":\"2021-08-06T15:58:28+00:00\",\"author\":{\"@id\":\"https:\/\/www.vortal.biz\/pt-pt\/#\/schema\/person\/de007f49a9003cc0fec169585b65ddb2\"},\"breadcrumb\":{\"@id\":\"https:\/\/www.vortal.biz\/es\/presentacion-del-estudio-contratacion-electronica-en-el-sector-publico-espanol-eficiencia-ahorro-y-transparencia\/#breadcrumb\"},\"inLanguage\":\"es\",\"potentialAction\":[{\"@type\":\"ReadAction\",\"target\":[\"https:\/\/www.vortal.biz\/es\/presentacion-del-estudio-contratacion-electronica-en-el-sector-publico-espanol-eficiencia-ahorro-y-transparencia\/\"]}]},{\"@type\":\"BreadcrumbList\",\"@id\":\"https:\/\/www.vortal.biz\/es\/presentacion-del-estudio-contratacion-electronica-en-el-sector-publico-espanol-eficiencia-ahorro-y-transparencia\/#breadcrumb\",\"itemListElement\":[{\"@type\":\"ListItem\",\"position\":1,\"name\":\"Home\",\"item\":\"https:\/\/www.vortal.biz\/es\/\"},{\"@type\":\"ListItem\",\"position\":2,\"name\":\"Presentaci\u00f3n del Estudio \u201cContrataci\u00f3n electr\u00f3nica en el Sector P\u00fablico Espa\u00f1ol: Eficiencia, ahorro y transparencia\u201d\"}]},{\"@type\":\"WebSite\",\"@id\":\"https:\/\/www.vortal.biz\/pt-pt\/#website\",\"url\":\"https:\/\/www.vortal.biz\/pt-pt\/\",\"name\":\"VORTAL\",\"description\":\"Connecting Business\",\"potentialAction\":[{\"@type\":\"SearchAction\",\"target\":{\"@type\":\"EntryPoint\",\"urlTemplate\":\"https:\/\/www.vortal.biz\/pt-pt\/?s={search_term_string}\"},\"query-input\":\"required name=search_term_string\"}],\"inLanguage\":\"es\"},{\"@type\":\"Person\",\"@id\":\"https:\/\/www.vortal.biz\/pt-pt\/#\/schema\/person\/de007f49a9003cc0fec169585b65ddb2\",\"name\":\"Helida Oliveira\",\"image\":{\"@type\":\"ImageObject\",\"inLanguage\":\"es\",\"@id\":\"https:\/\/www.vortal.biz\/pt-pt\/#\/schema\/person\/image\/\",\"url\":\"https:\/\/secure.gravatar.com\/avatar\/2485383d4ceb69bbd668ac515d6bdb03?s=96&d=mm&r=g\",\"contentUrl\":\"https:\/\/secure.gravatar.com\/avatar\/2485383d4ceb69bbd668ac515d6bdb03?s=96&d=mm&r=g\",\"caption\":\"Helida Oliveira\"},\"url\":\"https:\/\/www.vortal.biz\/es\/author\/helida-oliveira\/\"}]}<\/script>\n<!-- \/ Yoast SEO plugin. -->","yoast_head_json":{"title":"Presentaci\u00f3n del Estudio \u201cContrataci\u00f3n electr\u00f3nica en el Sector P\u00fablico Espa\u00f1ol: Eficiencia, ahorro y transparencia\u201d - VORTAL","robots":{"index":"index","follow":"follow","max-snippet":"max-snippet:-1","max-image-preview":"max-image-preview:large","max-video-preview":"max-video-preview:-1"},"canonical":"https:\/\/www.vortal.biz\/es\/presentacion-del-estudio-contratacion-electronica-en-el-sector-publico-espanol-eficiencia-ahorro-y-transparencia\/","og_locale":"es_ES","og_type":"article","og_title":"Presentaci\u00f3n del Estudio \u201cContrataci\u00f3n electr\u00f3nica en el Sector P\u00fablico Espa\u00f1ol: Eficiencia, ahorro y transparencia\u201d - VORTAL","og_url":"https:\/\/www.vortal.biz\/es\/presentacion-del-estudio-contratacion-electronica-en-el-sector-publico-espanol-eficiencia-ahorro-y-transparencia\/","og_site_name":"VORTAL","article_published_time":"2013-10-15T15:56:54+00:00","article_modified_time":"2021-08-06T15:58:28+00:00","author":"Helida Oliveira","twitter_card":"summary_large_image","twitter_misc":{"Escrito por":"Helida Oliveira","Tiempo de lectura":"3 minutos"},"schema":{"@context":"https:\/\/schema.org","@graph":[{"@type":"WebPage","@id":"https:\/\/www.vortal.biz\/es\/presentacion-del-estudio-contratacion-electronica-en-el-sector-publico-espanol-eficiencia-ahorro-y-transparencia\/","url":"https:\/\/www.vortal.biz\/es\/presentacion-del-estudio-contratacion-electronica-en-el-sector-publico-espanol-eficiencia-ahorro-y-transparencia\/","name":"Presentaci\u00f3n del Estudio \u201cContrataci\u00f3n electr\u00f3nica en el Sector P\u00fablico Espa\u00f1ol: Eficiencia, ahorro y transparencia\u201d - VORTAL","isPartOf":{"@id":"https:\/\/www.vortal.biz\/pt-pt\/#website"},"datePublished":"2013-10-15T15:56:54+00:00","dateModified":"2021-08-06T15:58:28+00:00","author":{"@id":"https:\/\/www.vortal.biz\/pt-pt\/#\/schema\/person\/de007f49a9003cc0fec169585b65ddb2"},"breadcrumb":{"@id":"https:\/\/www.vortal.biz\/es\/presentacion-del-estudio-contratacion-electronica-en-el-sector-publico-espanol-eficiencia-ahorro-y-transparencia\/#breadcrumb"},"inLanguage":"es","potentialAction":[{"@type":"ReadAction","target":["https:\/\/www.vortal.biz\/es\/presentacion-del-estudio-contratacion-electronica-en-el-sector-publico-espanol-eficiencia-ahorro-y-transparencia\/"]}]},{"@type":"BreadcrumbList","@id":"https:\/\/www.vortal.biz\/es\/presentacion-del-estudio-contratacion-electronica-en-el-sector-publico-espanol-eficiencia-ahorro-y-transparencia\/#breadcrumb","itemListElement":[{"@type":"ListItem","position":1,"name":"Home","item":"https:\/\/www.vortal.biz\/es\/"},{"@type":"ListItem","position":2,"name":"Presentaci\u00f3n del Estudio \u201cContrataci\u00f3n electr\u00f3nica en el Sector P\u00fablico Espa\u00f1ol: Eficiencia, ahorro y transparencia\u201d"}]},{"@type":"WebSite","@id":"https:\/\/www.vortal.biz\/pt-pt\/#website","url":"https:\/\/www.vortal.biz\/pt-pt\/","name":"VORTAL","description":"Connecting Business","potentialAction":[{"@type":"SearchAction","target":{"@type":"EntryPoint","urlTemplate":"https:\/\/www.vortal.biz\/pt-pt\/?s={search_term_string}"},"query-input":"required name=search_term_string"}],"inLanguage":"es"},{"@type":"Person","@id":"https:\/\/www.vortal.biz\/pt-pt\/#\/schema\/person\/de007f49a9003cc0fec169585b65ddb2","name":"Helida Oliveira","image":{"@type":"ImageObject","inLanguage":"es","@id":"https:\/\/www.vortal.biz\/pt-pt\/#\/schema\/person\/image\/","url":"https:\/\/secure.gravatar.com\/avatar\/2485383d4ceb69bbd668ac515d6bdb03?s=96&d=mm&r=g","contentUrl":"https:\/\/secure.gravatar.com\/avatar\/2485383d4ceb69bbd668ac515d6bdb03?s=96&d=mm&r=g","caption":"Helida Oliveira"},"url":"https:\/\/www.vortal.biz\/es\/author\/helida-oliveira\/"}]}},"_links":{"self":[{"href":"https:\/\/www.vortal.biz\/es\/wp-json\/wp\/v2\/posts\/7397"}],"collection":[{"href":"https:\/\/www.vortal.biz\/es\/wp-json\/wp\/v2\/posts"}],"about":[{"href":"https:\/\/www.vortal.biz\/es\/wp-json\/wp\/v2\/types\/post"}],"author":[{"embeddable":true,"href":"https:\/\/www.vortal.biz\/es\/wp-json\/wp\/v2\/users\/5639"}],"replies":[{"embeddable":true,"href":"https:\/\/www.vortal.biz\/es\/wp-json\/wp\/v2\/comments?post=7397"}],"version-history":[{"count":0,"href":"https:\/\/www.vortal.biz\/es\/wp-json\/wp\/v2\/posts\/7397\/revisions"}],"wp:attachment":[{"href":"https:\/\/www.vortal.biz\/es\/wp-json\/wp\/v2\/media?parent=7397"}],"wp:term":[{"taxonomy":"category","embeddable":true,"href":"https:\/\/www.vortal.biz\/es\/wp-json\/wp\/v2\/categories?post=7397"},{"taxonomy":"post_tag","embeddable":true,"href":"https:\/\/www.vortal.biz\/es\/wp-json\/wp\/v2\/tags?post=7397"}],"curies":[{"name":"wp","href":"https:\/\/api.w.org\/{rel}","templated":true}]}}