{"id":7395,"date":"2013-10-30T15:55:19","date_gmt":"2013-10-30T15:55:19","guid":{"rendered":"https:\/\/www.vortal.biz\/?p=7395"},"modified":"2021-08-06T15:56:26","modified_gmt":"2021-08-06T15:56:26","slug":"el-gobierno-de-colombia-adjudica-la-implantacion-de-su-plataforma-de-contratacion-publica-electronica-a-vortal-por-un-valor-de-27-millones-de-euros","status":"publish","type":"post","link":"https:\/\/www.vortal.biz\/es\/el-gobierno-de-colombia-adjudica-la-implantacion-de-su-plataforma-de-contratacion-publica-electronica-a-vortal-por-un-valor-de-27-millones-de-euros\/","title":{"rendered":"El Gobierno de Colombia adjudica la implantaci\u00f3n de su plataforma de contrataci\u00f3n p\u00fablica electr\u00f3nica a VORTAL por un valor de 2,7 millones de euros"},"content":{"rendered":"<div class=\"fusion-fullwidth fullwidth-box fusion-builder-row-1 fusion-flex-container nonhundred-percent-fullwidth non-hundred-percent-height-scrolling\" style=\"background-color: rgba(255,255,255,0);background-position: center center;background-repeat: no-repeat;border-width: 0px 0px 0px 0px;border-color:#e2e2e2;border-style:solid;\" ><div class=\"fusion-builder-row fusion-row fusion-flex-align-items-flex-start\" style=\"max-width:calc( 1640px + 32px );margin-left: calc(-32px \/ 2 );margin-right: calc(-32px \/ 2 );\"><div class=\"fusion-layout-column fusion_builder_column fusion-builder-column-0 fusion_builder_column_1_1 1_1 fusion-flex-column\"><div class=\"fusion-column-wrapper fusion-flex-justify-content-flex-start fusion-content-layout-column\" style=\"background-position:left top;background-repeat:no-repeat;-webkit-background-size:cover;-moz-background-size:cover;-o-background-size:cover;background-size:cover;padding: 0px 0px 0px 0px;\"><div class=\"fusion-text fusion-text-1\"><p>Queremos compartir con vosotros una gran noticia para nuestra compa\u00f1\u00eda que nos ayuda a seguir posicion\u00e1ndonos como l\u00edderes en el sector. VORTAL, junto con Tecnocom, ha resultado adjudicataria del concurso p\u00fablico internacional para el suministro de la plataforma de contrataci\u00f3n p\u00fablica electr\u00f3nica para la Rep\u00fablica de Colombia, venciendo a las principales empresas mundiales del sector. El proyecto comenzar\u00e1 en noviembre de este mismo a\u00f1o.<\/p>\n<p>Este contrato ya firmado, con un valor de 2,7 millones de euros y una duraci\u00f3n de dos a\u00f1os, tiene como objetivo habilitar la soluci\u00f3n de VORTAL  a 6.500 entidades p\u00fablicas adjudicantes en la administraci\u00f3n central y local de Colombia. Est\u00e1n previstos 600.000 procedimientos p\u00fablicos con un valor de adjudicaciones superior a los 20 mil millones de USD anuales.<\/p>\n<p>Con este negocio VORTAL refuerza considerablemente su actividad internacional y consolida definitivamente su presencia en Latinoam\u00e9rica, permiti\u00e9ndole crear una plataforma de desarrollo para otros mercados. Para el \u00e9xito del concurso ha resultado determinante la escalabilidad, la facilidad de implantaci\u00f3n y la usabilidad de la plataforma tecnol\u00f3gica de VORTAL; recientemente destacada por Gartner como una de las m\u00e1s avanzadas a nivel mundial. Tambi\u00e9n ha sido determinante el hecho de que VORTAL sea la empresa l\u00edder en la implantaci\u00f3n de soluciones de contrataci\u00f3n p\u00fablica electr\u00f3nica en el sector p\u00fablico espa\u00f1ol, puente claro con Latinoam\u00e9rica.<\/p>\n<p>VORTAL estima para 2013 un crecimiento del 15% en su volumen de negocio, y un 25% en 2014; centr\u00e1ndose principalmente en los mercados internacionales, siendo Europa su principal campo de actuaci\u00f3n. La empresa ya ha abierto varios procesos de contrataci\u00f3n en el \u00e1rea de gesti\u00f3n de proyectos, desarrollo de software, gesti\u00f3n de producto o an\u00e1lisis funcional entre otros, previendo un incremento de su equipo cercano al 40% hasta final de 2014.<\/p>\n<\/div><\/div><style type=\"text\/css\">.fusion-body .fusion-builder-column-0{width:100% !important;margin-top : 0px;margin-bottom : 0px;}.fusion-builder-column-0 > .fusion-column-wrapper {padding-top : 0px !important;padding-right : 0px !important;margin-right : 16px;padding-bottom : 0px !important;padding-left : 0px !important;margin-left : 16px;}@media only screen and (max-width:1024px) {.fusion-body .fusion-builder-column-0{width:100% !important;}.fusion-builder-column-0 > .fusion-column-wrapper {margin-right : 16px;margin-left : 16px;}}@media only screen and (max-width:640px) {.fusion-body .fusion-builder-column-0{width:100% !important;}.fusion-builder-column-0 > .fusion-column-wrapper {margin-right : 16px;margin-left : 16px;}}<\/style><\/div><\/div><style type=\"text\/css\">.fusion-body .fusion-flex-container.fusion-builder-row-1{ padding-top : 0px;margin-top : 0px;padding-right : 0px;padding-bottom : 0px;margin-bottom : 0px;padding-left : 0px;}<\/style><\/div>\n","protected":false},"excerpt":{"rendered":"","protected":false},"author":5639,"featured_media":0,"comment_status":"open","ping_status":"open","sticky":false,"template":"","format":"standard","meta":{"footnotes":""},"categories":[7],"tags":[],"yoast_head":"<!-- This site is optimized with the Yoast SEO plugin v22.3 - https:\/\/yoast.com\/wordpress\/plugins\/seo\/ -->\n<title>El Gobierno de Colombia adjudica la implantaci\u00f3n de su plataforma de contrataci\u00f3n p\u00fablica electr\u00f3nica a VORTAL por un valor de 2,7 millones de euros - VORTAL<\/title>\n<meta name=\"robots\" content=\"index, follow, max-snippet:-1, max-image-preview:large, max-video-preview:-1\" \/>\n<link rel=\"canonical\" href=\"https:\/\/www.vortal.biz\/es\/el-gobierno-de-colombia-adjudica-la-implantacion-de-su-plataforma-de-contratacion-publica-electronica-a-vortal-por-un-valor-de-27-millones-de-euros\/\" \/>\n<meta property=\"og:locale\" content=\"es_ES\" \/>\n<meta property=\"og:type\" content=\"article\" \/>\n<meta property=\"og:title\" content=\"El Gobierno de Colombia adjudica la implantaci\u00f3n de su plataforma de contrataci\u00f3n p\u00fablica electr\u00f3nica a VORTAL por un valor de 2,7 millones de euros - VORTAL\" \/>\n<meta property=\"og:url\" content=\"https:\/\/www.vortal.biz\/es\/el-gobierno-de-colombia-adjudica-la-implantacion-de-su-plataforma-de-contratacion-publica-electronica-a-vortal-por-un-valor-de-27-millones-de-euros\/\" \/>\n<meta property=\"og:site_name\" content=\"VORTAL\" \/>\n<meta property=\"article:published_time\" content=\"2013-10-30T15:55:19+00:00\" \/>\n<meta property=\"article:modified_time\" content=\"2021-08-06T15:56:26+00:00\" \/>\n<meta name=\"author\" content=\"Helida Oliveira\" \/>\n<meta name=\"twitter:card\" content=\"summary_large_image\" \/>\n<meta name=\"twitter:label1\" content=\"Escrito por\" \/>\n\t<meta name=\"twitter:data1\" content=\"Helida Oliveira\" \/>\n\t<meta name=\"twitter:label2\" content=\"Tiempo de lectura\" \/>\n\t<meta name=\"twitter:data2\" content=\"3 minutos\" \/>\n<script type=\"application\/ld+json\" class=\"yoast-schema-graph\">{\"@context\":\"https:\/\/schema.org\",\"@graph\":[{\"@type\":\"WebPage\",\"@id\":\"https:\/\/www.vortal.biz\/es\/el-gobierno-de-colombia-adjudica-la-implantacion-de-su-plataforma-de-contratacion-publica-electronica-a-vortal-por-un-valor-de-27-millones-de-euros\/\",\"url\":\"https:\/\/www.vortal.biz\/es\/el-gobierno-de-colombia-adjudica-la-implantacion-de-su-plataforma-de-contratacion-publica-electronica-a-vortal-por-un-valor-de-27-millones-de-euros\/\",\"name\":\"El Gobierno de Colombia adjudica la implantaci\u00f3n de su plataforma de contrataci\u00f3n p\u00fablica electr\u00f3nica a VORTAL por un valor de 2,7 millones de euros - VORTAL\",\"isPartOf\":{\"@id\":\"https:\/\/www.vortal.biz\/pt-pt\/#website\"},\"datePublished\":\"2013-10-30T15:55:19+00:00\",\"dateModified\":\"2021-08-06T15:56:26+00:00\",\"author\":{\"@id\":\"https:\/\/www.vortal.biz\/pt-pt\/#\/schema\/person\/de007f49a9003cc0fec169585b65ddb2\"},\"breadcrumb\":{\"@id\":\"https:\/\/www.vortal.biz\/es\/el-gobierno-de-colombia-adjudica-la-implantacion-de-su-plataforma-de-contratacion-publica-electronica-a-vortal-por-un-valor-de-27-millones-de-euros\/#breadcrumb\"},\"inLanguage\":\"es\",\"potentialAction\":[{\"@type\":\"ReadAction\",\"target\":[\"https:\/\/www.vortal.biz\/es\/el-gobierno-de-colombia-adjudica-la-implantacion-de-su-plataforma-de-contratacion-publica-electronica-a-vortal-por-un-valor-de-27-millones-de-euros\/\"]}]},{\"@type\":\"BreadcrumbList\",\"@id\":\"https:\/\/www.vortal.biz\/es\/el-gobierno-de-colombia-adjudica-la-implantacion-de-su-plataforma-de-contratacion-publica-electronica-a-vortal-por-un-valor-de-27-millones-de-euros\/#breadcrumb\",\"itemListElement\":[{\"@type\":\"ListItem\",\"position\":1,\"name\":\"Home\",\"item\":\"https:\/\/www.vortal.biz\/es\/\"},{\"@type\":\"ListItem\",\"position\":2,\"name\":\"El Gobierno de Colombia adjudica la implantaci\u00f3n de su plataforma de contrataci\u00f3n p\u00fablica electr\u00f3nica a VORTAL por un valor de 2,7 millones de euros\"}]},{\"@type\":\"WebSite\",\"@id\":\"https:\/\/www.vortal.biz\/pt-pt\/#website\",\"url\":\"https:\/\/www.vortal.biz\/pt-pt\/\",\"name\":\"VORTAL\",\"description\":\"Connecting Business\",\"potentialAction\":[{\"@type\":\"SearchAction\",\"target\":{\"@type\":\"EntryPoint\",\"urlTemplate\":\"https:\/\/www.vortal.biz\/pt-pt\/?s={search_term_string}\"},\"query-input\":\"required name=search_term_string\"}],\"inLanguage\":\"es\"},{\"@type\":\"Person\",\"@id\":\"https:\/\/www.vortal.biz\/pt-pt\/#\/schema\/person\/de007f49a9003cc0fec169585b65ddb2\",\"name\":\"Helida Oliveira\",\"image\":{\"@type\":\"ImageObject\",\"inLanguage\":\"es\",\"@id\":\"https:\/\/www.vortal.biz\/pt-pt\/#\/schema\/person\/image\/\",\"url\":\"https:\/\/secure.gravatar.com\/avatar\/2485383d4ceb69bbd668ac515d6bdb03?s=96&d=mm&r=g\",\"contentUrl\":\"https:\/\/secure.gravatar.com\/avatar\/2485383d4ceb69bbd668ac515d6bdb03?s=96&d=mm&r=g\",\"caption\":\"Helida Oliveira\"},\"url\":\"https:\/\/www.vortal.biz\/es\/author\/helida-oliveira\/\"}]}<\/script>\n<!-- \/ Yoast SEO plugin. -->","yoast_head_json":{"title":"El Gobierno de Colombia adjudica la implantaci\u00f3n de su plataforma de contrataci\u00f3n p\u00fablica electr\u00f3nica a VORTAL por un valor de 2,7 millones de euros - VORTAL","robots":{"index":"index","follow":"follow","max-snippet":"max-snippet:-1","max-image-preview":"max-image-preview:large","max-video-preview":"max-video-preview:-1"},"canonical":"https:\/\/www.vortal.biz\/es\/el-gobierno-de-colombia-adjudica-la-implantacion-de-su-plataforma-de-contratacion-publica-electronica-a-vortal-por-un-valor-de-27-millones-de-euros\/","og_locale":"es_ES","og_type":"article","og_title":"El Gobierno de Colombia adjudica la implantaci\u00f3n de su plataforma de contrataci\u00f3n p\u00fablica electr\u00f3nica a VORTAL por un valor de 2,7 millones de euros - VORTAL","og_url":"https:\/\/www.vortal.biz\/es\/el-gobierno-de-colombia-adjudica-la-implantacion-de-su-plataforma-de-contratacion-publica-electronica-a-vortal-por-un-valor-de-27-millones-de-euros\/","og_site_name":"VORTAL","article_published_time":"2013-10-30T15:55:19+00:00","article_modified_time":"2021-08-06T15:56:26+00:00","author":"Helida Oliveira","twitter_card":"summary_large_image","twitter_misc":{"Escrito por":"Helida Oliveira","Tiempo de lectura":"3 minutos"},"schema":{"@context":"https:\/\/schema.org","@graph":[{"@type":"WebPage","@id":"https:\/\/www.vortal.biz\/es\/el-gobierno-de-colombia-adjudica-la-implantacion-de-su-plataforma-de-contratacion-publica-electronica-a-vortal-por-un-valor-de-27-millones-de-euros\/","url":"https:\/\/www.vortal.biz\/es\/el-gobierno-de-colombia-adjudica-la-implantacion-de-su-plataforma-de-contratacion-publica-electronica-a-vortal-por-un-valor-de-27-millones-de-euros\/","name":"El Gobierno de Colombia adjudica la implantaci\u00f3n de su plataforma de contrataci\u00f3n p\u00fablica electr\u00f3nica a VORTAL por un valor de 2,7 millones de euros - VORTAL","isPartOf":{"@id":"https:\/\/www.vortal.biz\/pt-pt\/#website"},"datePublished":"2013-10-30T15:55:19+00:00","dateModified":"2021-08-06T15:56:26+00:00","author":{"@id":"https:\/\/www.vortal.biz\/pt-pt\/#\/schema\/person\/de007f49a9003cc0fec169585b65ddb2"},"breadcrumb":{"@id":"https:\/\/www.vortal.biz\/es\/el-gobierno-de-colombia-adjudica-la-implantacion-de-su-plataforma-de-contratacion-publica-electronica-a-vortal-por-un-valor-de-27-millones-de-euros\/#breadcrumb"},"inLanguage":"es","potentialAction":[{"@type":"ReadAction","target":["https:\/\/www.vortal.biz\/es\/el-gobierno-de-colombia-adjudica-la-implantacion-de-su-plataforma-de-contratacion-publica-electronica-a-vortal-por-un-valor-de-27-millones-de-euros\/"]}]},{"@type":"BreadcrumbList","@id":"https:\/\/www.vortal.biz\/es\/el-gobierno-de-colombia-adjudica-la-implantacion-de-su-plataforma-de-contratacion-publica-electronica-a-vortal-por-un-valor-de-27-millones-de-euros\/#breadcrumb","itemListElement":[{"@type":"ListItem","position":1,"name":"Home","item":"https:\/\/www.vortal.biz\/es\/"},{"@type":"ListItem","position":2,"name":"El Gobierno de Colombia adjudica la implantaci\u00f3n de su plataforma de contrataci\u00f3n p\u00fablica electr\u00f3nica a VORTAL por un valor de 2,7 millones de euros"}]},{"@type":"WebSite","@id":"https:\/\/www.vortal.biz\/pt-pt\/#website","url":"https:\/\/www.vortal.biz\/pt-pt\/","name":"VORTAL","description":"Connecting Business","potentialAction":[{"@type":"SearchAction","target":{"@type":"EntryPoint","urlTemplate":"https:\/\/www.vortal.biz\/pt-pt\/?s={search_term_string}"},"query-input":"required name=search_term_string"}],"inLanguage":"es"},{"@type":"Person","@id":"https:\/\/www.vortal.biz\/pt-pt\/#\/schema\/person\/de007f49a9003cc0fec169585b65ddb2","name":"Helida Oliveira","image":{"@type":"ImageObject","inLanguage":"es","@id":"https:\/\/www.vortal.biz\/pt-pt\/#\/schema\/person\/image\/","url":"https:\/\/secure.gravatar.com\/avatar\/2485383d4ceb69bbd668ac515d6bdb03?s=96&d=mm&r=g","contentUrl":"https:\/\/secure.gravatar.com\/avatar\/2485383d4ceb69bbd668ac515d6bdb03?s=96&d=mm&r=g","caption":"Helida Oliveira"},"url":"https:\/\/www.vortal.biz\/es\/author\/helida-oliveira\/"}]}},"_links":{"self":[{"href":"https:\/\/www.vortal.biz\/es\/wp-json\/wp\/v2\/posts\/7395"}],"collection":[{"href":"https:\/\/www.vortal.biz\/es\/wp-json\/wp\/v2\/posts"}],"about":[{"href":"https:\/\/www.vortal.biz\/es\/wp-json\/wp\/v2\/types\/post"}],"author":[{"embeddable":true,"href":"https:\/\/www.vortal.biz\/es\/wp-json\/wp\/v2\/users\/5639"}],"replies":[{"embeddable":true,"href":"https:\/\/www.vortal.biz\/es\/wp-json\/wp\/v2\/comments?post=7395"}],"version-history":[{"count":0,"href":"https:\/\/www.vortal.biz\/es\/wp-json\/wp\/v2\/posts\/7395\/revisions"}],"wp:attachment":[{"href":"https:\/\/www.vortal.biz\/es\/wp-json\/wp\/v2\/media?parent=7395"}],"wp:term":[{"taxonomy":"category","embeddable":true,"href":"https:\/\/www.vortal.biz\/es\/wp-json\/wp\/v2\/categories?post=7395"},{"taxonomy":"post_tag","embeddable":true,"href":"https:\/\/www.vortal.biz\/es\/wp-json\/wp\/v2\/tags?post=7395"}],"curies":[{"name":"wp","href":"https:\/\/api.w.org\/{rel}","templated":true}]}}