{"id":7393,"date":"2013-11-06T15:53:02","date_gmt":"2013-11-06T15:53:02","guid":{"rendered":"https:\/\/www.vortal.biz\/?p=7393"},"modified":"2021-08-06T15:54:43","modified_gmt":"2021-08-06T15:54:43","slug":"la-contratacion-menor-en-gijon-se-gestiona-100-en-electronico","status":"publish","type":"post","link":"https:\/\/www.vortal.biz\/es\/la-contratacion-menor-en-gijon-se-gestiona-100-en-electronico\/","title":{"rendered":"La contrataci\u00f3n menor en Gij\u00f3n se gestiona 100% en electr\u00f3nico"},"content":{"rendered":"<div class=\"fusion-fullwidth fullwidth-box fusion-builder-row-1 fusion-flex-container nonhundred-percent-fullwidth non-hundred-percent-height-scrolling\" style=\"background-color: rgba(255,255,255,0);background-position: center center;background-repeat: no-repeat;border-width: 0px 0px 0px 0px;border-color:#e2e2e2;border-style:solid;\" ><div class=\"fusion-builder-row fusion-row fusion-flex-align-items-flex-start\" style=\"max-width:calc( 1640px + 32px );margin-left: calc(-32px \/ 2 );margin-right: calc(-32px \/ 2 );\"><div class=\"fusion-layout-column fusion_builder_column fusion-builder-column-0 fusion_builder_column_1_1 1_1 fusion-flex-column\"><div class=\"fusion-column-wrapper fusion-flex-justify-content-flex-start fusion-content-layout-column\" style=\"background-position:left top;background-repeat:no-repeat;-webkit-background-size:cover;-moz-background-size:cover;-o-background-size:cover;background-size:cover;padding: 0px 0px 0px 0px;\"><div class=\"fusion-text fusion-text-1\"><p>La contrataci\u00f3n p\u00fablica electr\u00f3nica poco a poco empieza a ser una realidad entre las Administraciones P\u00fablicas espa\u00f1olas. Como ejemplo destacado se encuentra el Ayuntamiento de Gij\u00f3n que a partir del pr\u00f3ximo lunes d\u00eda 11 de noviembre empezar\u00e1 a tramitar todos sus contratos menores, y los de sus empresas p\u00fablicas, a trav\u00e9s de su plataforma electr\u00f3nica de licitaci\u00f3n.<\/p>\n<p>Desde el mes de septiembre, fecha de inicio del proyecto, el Ayuntamiento ha realizado las pruebas pertinentes y ya ha gestionado m\u00e1s de 20 procedimientos en formato completamente electr\u00f3nico. Estas pruebas de concepto han servido tambi\u00e9n para que a d\u00eda de hoy m\u00e1s de 126 proveedores ya est\u00e9n plenamente operativos y otros 658 hayan iniciado el proceso de alta a la plataforma. Seg\u00fan se publica en El Comercio.es lo que pretende Gij\u00f3n con este sistema no es solo simplificar el procedimiento anterior, sino tambi\u00e9n \u00abgarantizar la m\u00e1xima concurrencia, publicidad y transparencia en la contrataci\u00f3n\u00bb, seg\u00fan asegura el concejal de Hacienda, Alejandro Roces.<\/p>\n<p>Seg\u00fan apunta el mismo medio, el nuevo procedimiento electr\u00f3nico tambi\u00e9n est\u00e1 pensando para que los proveedores se vayan sumando a las iniciativas de comercio electr\u00f3nico seguro, ante la previsi\u00f3n nacional de la obligatoriedad de implantaci\u00f3n de la contrataci\u00f3n p\u00fablica electr\u00f3nica a partir de 2017 en todas las administraciones p\u00fablicas. \u00abEs un cambio de cultura. Queremos anticiparnos, no tanto por el Ayuntamiento, que tambi\u00e9n, sino por sus proveedores, para que adquieran esa ventaja competitiva y cuando est\u00e9 todo en marcha ya est\u00e9n entrenados\u00bb, explica el concejal de Hacienda.<\/p>\n<p><strong>Buena acogida por parte de los licitadores<\/strong><\/p>\n<p>El diario El Comercio.es publicaba en d\u00edas anteriores las opiniones de varios proveedores que ya han tenido oportunidad de probar el sistema. Est\u00e1n son sus primeras impresiones:<\/p>\n<p><strong>\u00abLa nueva plataforma nos hace ser m\u00e1s competitivos y todo es m\u00e1s transparente\u00bb<\/strong><\/p>\n<p>Ofintegral ha sido una de las primeras empresas incorporadas a la nueva plataforma de contrataci\u00f3n electr\u00f3nica municipal. Uno de los nueve integrantes de esta empresa dedicada a suministros de material de oficina y equipamientos de mobiliario, Isaac Garc\u00eda, resalta de la nueva herramienta del Ayuntamiento \u00abla filosof\u00eda de transparencia y de favorecer la competitividad entre las pymes. Es muy importante que se apueste por la empresa local y regional, y que tengamos igualdad de oportunidades unos que otros\u00bb.<\/p>\n<p><strong>\u00abHay que acostumbrarse al sistema, pero ahora lo haces todo sin moverte\u00bb<\/strong><\/p>\n<p>La empresa de geotecnia que \u00c1ngel Lobo regenta en el pol\u00edgono de Porceyo tambi\u00e9n ha dado el paso hacia la tramitaci\u00f3n electr\u00f3nica. En su poder ya ten\u00edan la firma electr\u00f3nica, pero al no estar acostumbrados a su manejo, ya les hab\u00eda caducado. La orientaci\u00f3n recibida desde el Ayuntamiento les ha permitido tanto su renovaci\u00f3n como el acceso a alguna de las primeras ofertas publicadas en la nueva plataforma de contrataci\u00f3n. Para Porceyo, \u00absi todo es m\u00e1s transparente, m\u00e1s r\u00e1pido y m\u00e1s f\u00e1cil es bueno para todo el mundo\u00bb.<\/p>\n<\/div><\/div><style type=\"text\/css\">.fusion-body .fusion-builder-column-0{width:100% !important;margin-top : 0px;margin-bottom : 0px;}.fusion-builder-column-0 > .fusion-column-wrapper {padding-top : 0px !important;padding-right : 0px !important;margin-right : 16px;padding-bottom : 0px !important;padding-left : 0px !important;margin-left : 16px;}@media only screen and (max-width:1024px) {.fusion-body .fusion-builder-column-0{width:100% !important;}.fusion-builder-column-0 > .fusion-column-wrapper {margin-right : 16px;margin-left : 16px;}}@media only screen and (max-width:640px) {.fusion-body .fusion-builder-column-0{width:100% !important;}.fusion-builder-column-0 > .fusion-column-wrapper {margin-right : 16px;margin-left : 16px;}}<\/style><\/div><\/div><style type=\"text\/css\">.fusion-body .fusion-flex-container.fusion-builder-row-1{ padding-top : 0px;margin-top : 0px;padding-right : 0px;padding-bottom : 0px;margin-bottom : 0px;padding-left : 0px;}<\/style><\/div>\n","protected":false},"excerpt":{"rendered":"","protected":false},"author":5639,"featured_media":0,"comment_status":"open","ping_status":"open","sticky":false,"template":"","format":"standard","meta":{"footnotes":""},"categories":[7],"tags":[],"yoast_head":"<!-- This site is optimized with the Yoast SEO plugin v22.3 - https:\/\/yoast.com\/wordpress\/plugins\/seo\/ -->\n<title>La contrataci\u00f3n menor en Gij\u00f3n se gestiona 100% en electr\u00f3nico - VORTAL<\/title>\n<meta name=\"robots\" content=\"index, follow, max-snippet:-1, max-image-preview:large, max-video-preview:-1\" \/>\n<link rel=\"canonical\" href=\"https:\/\/www.vortal.biz\/es\/la-contratacion-menor-en-gijon-se-gestiona-100-en-electronico\/\" \/>\n<meta property=\"og:locale\" content=\"es_ES\" \/>\n<meta property=\"og:type\" content=\"article\" \/>\n<meta property=\"og:title\" content=\"La contrataci\u00f3n menor en Gij\u00f3n se gestiona 100% en electr\u00f3nico - VORTAL\" \/>\n<meta property=\"og:url\" content=\"https:\/\/www.vortal.biz\/es\/la-contratacion-menor-en-gijon-se-gestiona-100-en-electronico\/\" \/>\n<meta property=\"og:site_name\" content=\"VORTAL\" \/>\n<meta property=\"article:published_time\" content=\"2013-11-06T15:53:02+00:00\" \/>\n<meta property=\"article:modified_time\" content=\"2021-08-06T15:54:43+00:00\" \/>\n<meta name=\"author\" content=\"Helida Oliveira\" \/>\n<meta name=\"twitter:card\" content=\"summary_large_image\" \/>\n<meta name=\"twitter:label1\" content=\"Escrito por\" \/>\n\t<meta name=\"twitter:data1\" content=\"Helida Oliveira\" \/>\n\t<meta name=\"twitter:label2\" content=\"Tiempo de lectura\" \/>\n\t<meta name=\"twitter:data2\" content=\"3 minutos\" \/>\n<script type=\"application\/ld+json\" class=\"yoast-schema-graph\">{\"@context\":\"https:\/\/schema.org\",\"@graph\":[{\"@type\":\"WebPage\",\"@id\":\"https:\/\/www.vortal.biz\/es\/la-contratacion-menor-en-gijon-se-gestiona-100-en-electronico\/\",\"url\":\"https:\/\/www.vortal.biz\/es\/la-contratacion-menor-en-gijon-se-gestiona-100-en-electronico\/\",\"name\":\"La contrataci\u00f3n menor en Gij\u00f3n se gestiona 100% en electr\u00f3nico - VORTAL\",\"isPartOf\":{\"@id\":\"https:\/\/www.vortal.biz\/pt-pt\/#website\"},\"datePublished\":\"2013-11-06T15:53:02+00:00\",\"dateModified\":\"2021-08-06T15:54:43+00:00\",\"author\":{\"@id\":\"https:\/\/www.vortal.biz\/pt-pt\/#\/schema\/person\/de007f49a9003cc0fec169585b65ddb2\"},\"breadcrumb\":{\"@id\":\"https:\/\/www.vortal.biz\/es\/la-contratacion-menor-en-gijon-se-gestiona-100-en-electronico\/#breadcrumb\"},\"inLanguage\":\"es\",\"potentialAction\":[{\"@type\":\"ReadAction\",\"target\":[\"https:\/\/www.vortal.biz\/es\/la-contratacion-menor-en-gijon-se-gestiona-100-en-electronico\/\"]}]},{\"@type\":\"BreadcrumbList\",\"@id\":\"https:\/\/www.vortal.biz\/es\/la-contratacion-menor-en-gijon-se-gestiona-100-en-electronico\/#breadcrumb\",\"itemListElement\":[{\"@type\":\"ListItem\",\"position\":1,\"name\":\"Home\",\"item\":\"https:\/\/www.vortal.biz\/es\/\"},{\"@type\":\"ListItem\",\"position\":2,\"name\":\"La contrataci\u00f3n menor en Gij\u00f3n se gestiona 100% en electr\u00f3nico\"}]},{\"@type\":\"WebSite\",\"@id\":\"https:\/\/www.vortal.biz\/pt-pt\/#website\",\"url\":\"https:\/\/www.vortal.biz\/pt-pt\/\",\"name\":\"VORTAL\",\"description\":\"Connecting Business\",\"potentialAction\":[{\"@type\":\"SearchAction\",\"target\":{\"@type\":\"EntryPoint\",\"urlTemplate\":\"https:\/\/www.vortal.biz\/pt-pt\/?s={search_term_string}\"},\"query-input\":\"required name=search_term_string\"}],\"inLanguage\":\"es\"},{\"@type\":\"Person\",\"@id\":\"https:\/\/www.vortal.biz\/pt-pt\/#\/schema\/person\/de007f49a9003cc0fec169585b65ddb2\",\"name\":\"Helida Oliveira\",\"image\":{\"@type\":\"ImageObject\",\"inLanguage\":\"es\",\"@id\":\"https:\/\/www.vortal.biz\/pt-pt\/#\/schema\/person\/image\/\",\"url\":\"https:\/\/secure.gravatar.com\/avatar\/2485383d4ceb69bbd668ac515d6bdb03?s=96&d=mm&r=g\",\"contentUrl\":\"https:\/\/secure.gravatar.com\/avatar\/2485383d4ceb69bbd668ac515d6bdb03?s=96&d=mm&r=g\",\"caption\":\"Helida Oliveira\"},\"url\":\"https:\/\/www.vortal.biz\/es\/author\/helida-oliveira\/\"}]}<\/script>\n<!-- \/ Yoast SEO plugin. -->","yoast_head_json":{"title":"La contrataci\u00f3n menor en Gij\u00f3n se gestiona 100% en electr\u00f3nico - VORTAL","robots":{"index":"index","follow":"follow","max-snippet":"max-snippet:-1","max-image-preview":"max-image-preview:large","max-video-preview":"max-video-preview:-1"},"canonical":"https:\/\/www.vortal.biz\/es\/la-contratacion-menor-en-gijon-se-gestiona-100-en-electronico\/","og_locale":"es_ES","og_type":"article","og_title":"La contrataci\u00f3n menor en Gij\u00f3n se gestiona 100% en electr\u00f3nico - VORTAL","og_url":"https:\/\/www.vortal.biz\/es\/la-contratacion-menor-en-gijon-se-gestiona-100-en-electronico\/","og_site_name":"VORTAL","article_published_time":"2013-11-06T15:53:02+00:00","article_modified_time":"2021-08-06T15:54:43+00:00","author":"Helida Oliveira","twitter_card":"summary_large_image","twitter_misc":{"Escrito por":"Helida Oliveira","Tiempo de lectura":"3 minutos"},"schema":{"@context":"https:\/\/schema.org","@graph":[{"@type":"WebPage","@id":"https:\/\/www.vortal.biz\/es\/la-contratacion-menor-en-gijon-se-gestiona-100-en-electronico\/","url":"https:\/\/www.vortal.biz\/es\/la-contratacion-menor-en-gijon-se-gestiona-100-en-electronico\/","name":"La contrataci\u00f3n menor en Gij\u00f3n se gestiona 100% en electr\u00f3nico - VORTAL","isPartOf":{"@id":"https:\/\/www.vortal.biz\/pt-pt\/#website"},"datePublished":"2013-11-06T15:53:02+00:00","dateModified":"2021-08-06T15:54:43+00:00","author":{"@id":"https:\/\/www.vortal.biz\/pt-pt\/#\/schema\/person\/de007f49a9003cc0fec169585b65ddb2"},"breadcrumb":{"@id":"https:\/\/www.vortal.biz\/es\/la-contratacion-menor-en-gijon-se-gestiona-100-en-electronico\/#breadcrumb"},"inLanguage":"es","potentialAction":[{"@type":"ReadAction","target":["https:\/\/www.vortal.biz\/es\/la-contratacion-menor-en-gijon-se-gestiona-100-en-electronico\/"]}]},{"@type":"BreadcrumbList","@id":"https:\/\/www.vortal.biz\/es\/la-contratacion-menor-en-gijon-se-gestiona-100-en-electronico\/#breadcrumb","itemListElement":[{"@type":"ListItem","position":1,"name":"Home","item":"https:\/\/www.vortal.biz\/es\/"},{"@type":"ListItem","position":2,"name":"La contrataci\u00f3n menor en Gij\u00f3n se gestiona 100% en electr\u00f3nico"}]},{"@type":"WebSite","@id":"https:\/\/www.vortal.biz\/pt-pt\/#website","url":"https:\/\/www.vortal.biz\/pt-pt\/","name":"VORTAL","description":"Connecting Business","potentialAction":[{"@type":"SearchAction","target":{"@type":"EntryPoint","urlTemplate":"https:\/\/www.vortal.biz\/pt-pt\/?s={search_term_string}"},"query-input":"required name=search_term_string"}],"inLanguage":"es"},{"@type":"Person","@id":"https:\/\/www.vortal.biz\/pt-pt\/#\/schema\/person\/de007f49a9003cc0fec169585b65ddb2","name":"Helida Oliveira","image":{"@type":"ImageObject","inLanguage":"es","@id":"https:\/\/www.vortal.biz\/pt-pt\/#\/schema\/person\/image\/","url":"https:\/\/secure.gravatar.com\/avatar\/2485383d4ceb69bbd668ac515d6bdb03?s=96&d=mm&r=g","contentUrl":"https:\/\/secure.gravatar.com\/avatar\/2485383d4ceb69bbd668ac515d6bdb03?s=96&d=mm&r=g","caption":"Helida Oliveira"},"url":"https:\/\/www.vortal.biz\/es\/author\/helida-oliveira\/"}]}},"_links":{"self":[{"href":"https:\/\/www.vortal.biz\/es\/wp-json\/wp\/v2\/posts\/7393"}],"collection":[{"href":"https:\/\/www.vortal.biz\/es\/wp-json\/wp\/v2\/posts"}],"about":[{"href":"https:\/\/www.vortal.biz\/es\/wp-json\/wp\/v2\/types\/post"}],"author":[{"embeddable":true,"href":"https:\/\/www.vortal.biz\/es\/wp-json\/wp\/v2\/users\/5639"}],"replies":[{"embeddable":true,"href":"https:\/\/www.vortal.biz\/es\/wp-json\/wp\/v2\/comments?post=7393"}],"version-history":[{"count":0,"href":"https:\/\/www.vortal.biz\/es\/wp-json\/wp\/v2\/posts\/7393\/revisions"}],"wp:attachment":[{"href":"https:\/\/www.vortal.biz\/es\/wp-json\/wp\/v2\/media?parent=7393"}],"wp:term":[{"taxonomy":"category","embeddable":true,"href":"https:\/\/www.vortal.biz\/es\/wp-json\/wp\/v2\/categories?post=7393"},{"taxonomy":"post_tag","embeddable":true,"href":"https:\/\/www.vortal.biz\/es\/wp-json\/wp\/v2\/tags?post=7393"}],"curies":[{"name":"wp","href":"https:\/\/api.w.org\/{rel}","templated":true}]}}