{"id":7391,"date":"2013-11-12T15:50:25","date_gmt":"2013-11-12T15:50:25","guid":{"rendered":"https:\/\/www.vortal.biz\/?p=7391"},"modified":"2021-08-06T15:52:03","modified_gmt":"2021-08-06T15:52:03","slug":"camino-hacia-el-apagon-analogico-en-la-contratacion-publica","status":"publish","type":"post","link":"https:\/\/www.vortal.biz\/es\/camino-hacia-el-apagon-analogico-en-la-contratacion-publica\/","title":{"rendered":"Camino hacia el apag\u00f3n anal\u00f3gico en la Contrataci\u00f3n P\u00fablica"},"content":{"rendered":"<div class=\"fusion-fullwidth fullwidth-box fusion-builder-row-1 fusion-flex-container nonhundred-percent-fullwidth non-hundred-percent-height-scrolling\" style=\"background-color: rgba(255,255,255,0);background-position: center center;background-repeat: no-repeat;border-width: 0px 0px 0px 0px;border-color:#e2e2e2;border-style:solid;\" ><div class=\"fusion-builder-row fusion-row fusion-flex-align-items-flex-start\" style=\"max-width:calc( 1640px + 32px );margin-left: calc(-32px \/ 2 );margin-right: calc(-32px \/ 2 );\"><div class=\"fusion-layout-column fusion_builder_column fusion-builder-column-0 fusion_builder_column_1_1 1_1 fusion-flex-column\"><div class=\"fusion-column-wrapper fusion-flex-justify-content-flex-start fusion-content-layout-column\" style=\"background-position:left top;background-repeat:no-repeat;-webkit-background-size:cover;-moz-background-size:cover;-o-background-size:cover;background-size:cover;padding: 0px 0px 0px 0px;\"><div class=\"fusion-text fusion-text-1\"><p>La introducci\u00f3n gradual de las TIC en el sector p\u00fablico se asienta en el dise\u00f1o de una Administraci\u00f3n electr\u00f3nica que transforme radicalmente el funcionamiento de la Administraci\u00f3n p\u00fablica y sus prestaciones, as\u00ed como la relaci\u00f3n con otros actores de la sociedad civil. Asistiremos en los pr\u00f3ximos a\u00f1os, como as\u00ed lo venimos haciendo, a un paulatino, aunque constante, apag\u00f3n anal\u00f3gico en la Administraci\u00f3n P\u00fablica. La implantaci\u00f3n de la licitaci\u00f3n p\u00fablica electr\u00f3nica es uno de los puntos principales de esta agenda que marca la ruta hacia el apag\u00f3n.<\/p>\n<p>El pr\u00f3ximo 9 de diciembre la Uni\u00f3n Europea, si todo sigue su curso, aprobar\u00e1 las nuevas Directivas sobre contrataci\u00f3n p\u00fablica que imponen la obligatoriedad del uso de medios electr\u00f3nicos en la contrataci\u00f3n p\u00fablica. Europa, desde hace a\u00f1os, est\u00e1 volcada en la mejora de los procesos de compra p\u00fablica de los estados miembros, y ha manifestado en innumerables ocasiones, con ejemplos concretos, las ventajas asociadas a la utilizaci\u00f3n de medios electr\u00f3nicos en la contrataci\u00f3n p\u00fablica: ahorro, transparencia, eficiencia y aumento de la concurrencia.<\/p>\n<p>Conociendo sus beneficios, \u00bfpor qu\u00e9 debemos esperar hasta la entrada en vigor de la obligatoriedad? Nuestra actual legislaci\u00f3n ya habilita a las entidades p\u00fablicas para  obligar a los licitadores a presentar sus ofertas en formato electr\u00f3nico, suprimiendo as\u00ed el papel de todo el proceso. La necesidad de reducir el gasto p\u00fablico, la demanda social de transparencia, y la excesiva burocratizaci\u00f3n y por tanto ineficiencia, de la contrataci\u00f3n p\u00fablica actual, son el caldo de cultivo perfecto para impulsar este cambio. Cualquier mejora en el proceso de una partida que representa aproximadamente el 20% del PIB nacional tendr\u00e1 un alto impacto en las cuentas p\u00fablicas. Seg\u00fan la Comisi\u00f3n de Contrataci\u00f3n Electr\u00f3nica de la Asociaci\u00f3n Nacional de Empresas de Internet (ANEI), que tengo el honor de presidir, si aplicamos el criterio establecido por la UE, el uso de los medios electr\u00f3nicos en los procesos de contrataci\u00f3n p\u00fablica reduce sus costes entre un 5% y un 20%, dependiendo de los casos. Tomando el extremo inferior de la horquilla anterior (5%), el Informe concluye que el ahorro anual que las Administraciones P\u00fablicas obtendr\u00edan rondar\u00eda los 8.000 M\u20ac.<\/p>\n<p>Desde mi posici\u00f3n actual me complace ver como algunas entidades p\u00fablicas espa\u00f1olas ya se han decidido a dar el paso. Ejemplos como el del Ayuntamiento de Gij\u00f3n,  la Generalitat Valenciana o el Ayuntamiento de Sant Cugat nos invitan al optimismo. Sin realizar grandes inversiones, y optando por soluciones tecnol\u00f3gicas ya existentes en el mercado bajo la modalidad de servicio, han puesto en marcha sus proyectos de licitaci\u00f3n electr\u00f3nica de manera exitosa en un tiempo record y con inversiones m\u00e1s que razonables. No nos confundamos, este no es un proyecto tecnol\u00f3gico; la tecnolog\u00eda ya existe y est\u00e1 lista para usarse. Lo que nos ha demostrado la experiencia es que el mayor obst\u00e1culo para el \u00e9xito reside en la dificultad de estimular a las entidades adjudicadoras, a las comunidades de proveedores  y a los propios empleados p\u00fablicos. La difusi\u00f3n, la formaci\u00f3n y el soporte son las claves del \u00e9xito.<\/p>\n<p><strong>La PYME, la gran vencedora<\/strong><\/p>\n<p>La coyuntura econ\u00f3mica, unida al recrudecimiento de la competencia y la necesidad de abrir nuevas v\u00edas de negocio, ha hecho que cada vez sean m\u00e1s las peque\u00f1as y medianas empresas que optan por dar el salto al sector p\u00fablico e intenten probar suerte en alguno de los miles de concursos que la Administraci\u00f3n licita anualmente en nuestro pa\u00eds.<\/p>\n<p>La habilitaci\u00f3n de medios telem\u00e1ticos contribuir\u00e1 a salvar las barreras f\u00edsicas y ampliar el campo de actuaci\u00f3n de las empresas -independientemente de su tama\u00f1o-, facilitando los tr\u00e1mites con la Administraci\u00f3n y acelerando los procesos. Se ha demostrado que la contrataci\u00f3n electr\u00f3nica produce un efecto positivo en materia econ\u00f3mica, ayudando a reducir costes y aumentando la competitividad en todas las fases y actores de los procesos de compra p\u00fablica.<\/p>\n<p>Seamos optimistas. El sector p\u00fablico ha demostrado que tiene la capacidad para dar este salto. De hecho se ha innovado much\u00edsimo en los \u00faltimos a\u00f1os en atenci\u00f3n al ciudadano a trav\u00e9s de Internet. Continuando con esta tendencia positiva el siguiente paso es trasladar esta innovaci\u00f3n a las relaciones entre Administraciones P\u00fablicas y empresas licitadores, para que todos puedan disfrutar de los beneficios de los que ya gozamos los ciudadanos.<\/p>\n<p>Art\u00edculo Escrito Por Jos\u00e9 Luis Ar\u00edstegui, Director Para El Sector P\u00fablico En VORTAL Espa\u00f1a Y Presidente De La Comisi\u00f3n De Contrataci\u00f3n Electr\u00f3nica De La Asociaci\u00f3n Nacional De Empresas De Internet (ANEI), Y Publicado En La Revista De Compras De AERCE.<\/p>\n<\/div><\/div><style type=\"text\/css\">.fusion-body .fusion-builder-column-0{width:100% !important;margin-top : 0px;margin-bottom : 0px;}.fusion-builder-column-0 > .fusion-column-wrapper {padding-top : 0px !important;padding-right : 0px !important;margin-right : 16px;padding-bottom : 0px !important;padding-left : 0px !important;margin-left : 16px;}@media only screen and (max-width:1024px) {.fusion-body .fusion-builder-column-0{width:100% !important;}.fusion-builder-column-0 > .fusion-column-wrapper {margin-right : 16px;margin-left : 16px;}}@media only screen and (max-width:640px) {.fusion-body .fusion-builder-column-0{width:100% !important;}.fusion-builder-column-0 > .fusion-column-wrapper {margin-right : 16px;margin-left : 16px;}}<\/style><\/div><\/div><style type=\"text\/css\">.fusion-body .fusion-flex-container.fusion-builder-row-1{ padding-top : 0px;margin-top : 0px;padding-right : 0px;padding-bottom : 0px;margin-bottom : 0px;padding-left : 0px;}<\/style><\/div>\n","protected":false},"excerpt":{"rendered":"","protected":false},"author":5639,"featured_media":0,"comment_status":"open","ping_status":"open","sticky":false,"template":"","format":"standard","meta":{"footnotes":""},"categories":[7],"tags":[],"yoast_head":"<!-- This site is optimized with the Yoast SEO plugin v22.3 - https:\/\/yoast.com\/wordpress\/plugins\/seo\/ -->\n<title>Camino hacia el apag\u00f3n anal\u00f3gico en la Contrataci\u00f3n P\u00fablica - VORTAL<\/title>\n<meta name=\"robots\" content=\"index, follow, max-snippet:-1, max-image-preview:large, max-video-preview:-1\" \/>\n<link rel=\"canonical\" href=\"https:\/\/www.vortal.biz\/es\/camino-hacia-el-apagon-analogico-en-la-contratacion-publica\/\" \/>\n<meta property=\"og:locale\" content=\"es_ES\" \/>\n<meta property=\"og:type\" content=\"article\" \/>\n<meta property=\"og:title\" content=\"Camino hacia el apag\u00f3n anal\u00f3gico en la Contrataci\u00f3n P\u00fablica - VORTAL\" \/>\n<meta property=\"og:url\" content=\"https:\/\/www.vortal.biz\/es\/camino-hacia-el-apagon-analogico-en-la-contratacion-publica\/\" \/>\n<meta property=\"og:site_name\" content=\"VORTAL\" \/>\n<meta property=\"article:published_time\" content=\"2013-11-12T15:50:25+00:00\" \/>\n<meta property=\"article:modified_time\" content=\"2021-08-06T15:52:03+00:00\" \/>\n<meta name=\"author\" content=\"Helida Oliveira\" \/>\n<meta name=\"twitter:card\" content=\"summary_large_image\" \/>\n<meta name=\"twitter:label1\" content=\"Escrito por\" \/>\n\t<meta name=\"twitter:data1\" content=\"Helida Oliveira\" \/>\n\t<meta name=\"twitter:label2\" content=\"Tiempo de lectura\" \/>\n\t<meta name=\"twitter:data2\" content=\"3 minutos\" \/>\n<script type=\"application\/ld+json\" class=\"yoast-schema-graph\">{\"@context\":\"https:\/\/schema.org\",\"@graph\":[{\"@type\":\"WebPage\",\"@id\":\"https:\/\/www.vortal.biz\/es\/camino-hacia-el-apagon-analogico-en-la-contratacion-publica\/\",\"url\":\"https:\/\/www.vortal.biz\/es\/camino-hacia-el-apagon-analogico-en-la-contratacion-publica\/\",\"name\":\"Camino hacia el apag\u00f3n anal\u00f3gico en la Contrataci\u00f3n P\u00fablica - VORTAL\",\"isPartOf\":{\"@id\":\"https:\/\/www.vortal.biz\/pt-pt\/#website\"},\"datePublished\":\"2013-11-12T15:50:25+00:00\",\"dateModified\":\"2021-08-06T15:52:03+00:00\",\"author\":{\"@id\":\"https:\/\/www.vortal.biz\/pt-pt\/#\/schema\/person\/de007f49a9003cc0fec169585b65ddb2\"},\"breadcrumb\":{\"@id\":\"https:\/\/www.vortal.biz\/es\/camino-hacia-el-apagon-analogico-en-la-contratacion-publica\/#breadcrumb\"},\"inLanguage\":\"es\",\"potentialAction\":[{\"@type\":\"ReadAction\",\"target\":[\"https:\/\/www.vortal.biz\/es\/camino-hacia-el-apagon-analogico-en-la-contratacion-publica\/\"]}]},{\"@type\":\"BreadcrumbList\",\"@id\":\"https:\/\/www.vortal.biz\/es\/camino-hacia-el-apagon-analogico-en-la-contratacion-publica\/#breadcrumb\",\"itemListElement\":[{\"@type\":\"ListItem\",\"position\":1,\"name\":\"Home\",\"item\":\"https:\/\/www.vortal.biz\/es\/\"},{\"@type\":\"ListItem\",\"position\":2,\"name\":\"Camino hacia el apag\u00f3n anal\u00f3gico en la Contrataci\u00f3n P\u00fablica\"}]},{\"@type\":\"WebSite\",\"@id\":\"https:\/\/www.vortal.biz\/pt-pt\/#website\",\"url\":\"https:\/\/www.vortal.biz\/pt-pt\/\",\"name\":\"VORTAL\",\"description\":\"Connecting Business\",\"potentialAction\":[{\"@type\":\"SearchAction\",\"target\":{\"@type\":\"EntryPoint\",\"urlTemplate\":\"https:\/\/www.vortal.biz\/pt-pt\/?s={search_term_string}\"},\"query-input\":\"required name=search_term_string\"}],\"inLanguage\":\"es\"},{\"@type\":\"Person\",\"@id\":\"https:\/\/www.vortal.biz\/pt-pt\/#\/schema\/person\/de007f49a9003cc0fec169585b65ddb2\",\"name\":\"Helida Oliveira\",\"image\":{\"@type\":\"ImageObject\",\"inLanguage\":\"es\",\"@id\":\"https:\/\/www.vortal.biz\/pt-pt\/#\/schema\/person\/image\/\",\"url\":\"https:\/\/secure.gravatar.com\/avatar\/2485383d4ceb69bbd668ac515d6bdb03?s=96&d=mm&r=g\",\"contentUrl\":\"https:\/\/secure.gravatar.com\/avatar\/2485383d4ceb69bbd668ac515d6bdb03?s=96&d=mm&r=g\",\"caption\":\"Helida Oliveira\"},\"url\":\"https:\/\/www.vortal.biz\/es\/author\/helida-oliveira\/\"}]}<\/script>\n<!-- \/ Yoast SEO plugin. -->","yoast_head_json":{"title":"Camino hacia el apag\u00f3n anal\u00f3gico en la Contrataci\u00f3n P\u00fablica - VORTAL","robots":{"index":"index","follow":"follow","max-snippet":"max-snippet:-1","max-image-preview":"max-image-preview:large","max-video-preview":"max-video-preview:-1"},"canonical":"https:\/\/www.vortal.biz\/es\/camino-hacia-el-apagon-analogico-en-la-contratacion-publica\/","og_locale":"es_ES","og_type":"article","og_title":"Camino hacia el apag\u00f3n anal\u00f3gico en la Contrataci\u00f3n P\u00fablica - VORTAL","og_url":"https:\/\/www.vortal.biz\/es\/camino-hacia-el-apagon-analogico-en-la-contratacion-publica\/","og_site_name":"VORTAL","article_published_time":"2013-11-12T15:50:25+00:00","article_modified_time":"2021-08-06T15:52:03+00:00","author":"Helida Oliveira","twitter_card":"summary_large_image","twitter_misc":{"Escrito por":"Helida Oliveira","Tiempo de lectura":"3 minutos"},"schema":{"@context":"https:\/\/schema.org","@graph":[{"@type":"WebPage","@id":"https:\/\/www.vortal.biz\/es\/camino-hacia-el-apagon-analogico-en-la-contratacion-publica\/","url":"https:\/\/www.vortal.biz\/es\/camino-hacia-el-apagon-analogico-en-la-contratacion-publica\/","name":"Camino hacia el apag\u00f3n anal\u00f3gico en la Contrataci\u00f3n P\u00fablica - VORTAL","isPartOf":{"@id":"https:\/\/www.vortal.biz\/pt-pt\/#website"},"datePublished":"2013-11-12T15:50:25+00:00","dateModified":"2021-08-06T15:52:03+00:00","author":{"@id":"https:\/\/www.vortal.biz\/pt-pt\/#\/schema\/person\/de007f49a9003cc0fec169585b65ddb2"},"breadcrumb":{"@id":"https:\/\/www.vortal.biz\/es\/camino-hacia-el-apagon-analogico-en-la-contratacion-publica\/#breadcrumb"},"inLanguage":"es","potentialAction":[{"@type":"ReadAction","target":["https:\/\/www.vortal.biz\/es\/camino-hacia-el-apagon-analogico-en-la-contratacion-publica\/"]}]},{"@type":"BreadcrumbList","@id":"https:\/\/www.vortal.biz\/es\/camino-hacia-el-apagon-analogico-en-la-contratacion-publica\/#breadcrumb","itemListElement":[{"@type":"ListItem","position":1,"name":"Home","item":"https:\/\/www.vortal.biz\/es\/"},{"@type":"ListItem","position":2,"name":"Camino hacia el apag\u00f3n anal\u00f3gico en la Contrataci\u00f3n P\u00fablica"}]},{"@type":"WebSite","@id":"https:\/\/www.vortal.biz\/pt-pt\/#website","url":"https:\/\/www.vortal.biz\/pt-pt\/","name":"VORTAL","description":"Connecting Business","potentialAction":[{"@type":"SearchAction","target":{"@type":"EntryPoint","urlTemplate":"https:\/\/www.vortal.biz\/pt-pt\/?s={search_term_string}"},"query-input":"required name=search_term_string"}],"inLanguage":"es"},{"@type":"Person","@id":"https:\/\/www.vortal.biz\/pt-pt\/#\/schema\/person\/de007f49a9003cc0fec169585b65ddb2","name":"Helida Oliveira","image":{"@type":"ImageObject","inLanguage":"es","@id":"https:\/\/www.vortal.biz\/pt-pt\/#\/schema\/person\/image\/","url":"https:\/\/secure.gravatar.com\/avatar\/2485383d4ceb69bbd668ac515d6bdb03?s=96&d=mm&r=g","contentUrl":"https:\/\/secure.gravatar.com\/avatar\/2485383d4ceb69bbd668ac515d6bdb03?s=96&d=mm&r=g","caption":"Helida Oliveira"},"url":"https:\/\/www.vortal.biz\/es\/author\/helida-oliveira\/"}]}},"_links":{"self":[{"href":"https:\/\/www.vortal.biz\/es\/wp-json\/wp\/v2\/posts\/7391"}],"collection":[{"href":"https:\/\/www.vortal.biz\/es\/wp-json\/wp\/v2\/posts"}],"about":[{"href":"https:\/\/www.vortal.biz\/es\/wp-json\/wp\/v2\/types\/post"}],"author":[{"embeddable":true,"href":"https:\/\/www.vortal.biz\/es\/wp-json\/wp\/v2\/users\/5639"}],"replies":[{"embeddable":true,"href":"https:\/\/www.vortal.biz\/es\/wp-json\/wp\/v2\/comments?post=7391"}],"version-history":[{"count":0,"href":"https:\/\/www.vortal.biz\/es\/wp-json\/wp\/v2\/posts\/7391\/revisions"}],"wp:attachment":[{"href":"https:\/\/www.vortal.biz\/es\/wp-json\/wp\/v2\/media?parent=7391"}],"wp:term":[{"taxonomy":"category","embeddable":true,"href":"https:\/\/www.vortal.biz\/es\/wp-json\/wp\/v2\/categories?post=7391"},{"taxonomy":"post_tag","embeddable":true,"href":"https:\/\/www.vortal.biz\/es\/wp-json\/wp\/v2\/tags?post=7391"}],"curies":[{"name":"wp","href":"https:\/\/api.w.org\/{rel}","templated":true}]}}