{"id":7389,"date":"2014-01-15T15:47:55","date_gmt":"2014-01-15T15:47:55","guid":{"rendered":"https:\/\/www.vortal.biz\/?p=7389"},"modified":"2021-08-06T15:49:45","modified_gmt":"2021-08-06T15:49:45","slug":"mas-de-7-800-millones-de-ahorro-en-el-sector-publico-gracias-a-la-obligatoriedad-de-la-contratacion-electronica-impuesta-por-la-union-europea","status":"publish","type":"post","link":"https:\/\/www.vortal.biz\/es\/mas-de-7-800-millones-de-ahorro-en-el-sector-publico-gracias-a-la-obligatoriedad-de-la-contratacion-electronica-impuesta-por-la-union-europea\/","title":{"rendered":"M\u00e1s de 7.800 millones de ahorro en el sector p\u00fablico gracias a la obligatoriedad de la contrataci\u00f3n electr\u00f3nica impuesta por la Uni\u00f3n Europea"},"content":{"rendered":"<div class=\"fusion-fullwidth fullwidth-box fusion-builder-row-1 fusion-flex-container nonhundred-percent-fullwidth non-hundred-percent-height-scrolling\" style=\"background-color: rgba(255,255,255,0);background-position: center center;background-repeat: no-repeat;border-width: 0px 0px 0px 0px;border-color:#e2e2e2;border-style:solid;\" ><div class=\"fusion-builder-row fusion-row fusion-flex-align-items-flex-start\" style=\"max-width:calc( 1640px + 32px );margin-left: calc(-32px \/ 2 );margin-right: calc(-32px \/ 2 );\"><div class=\"fusion-layout-column fusion_builder_column fusion-builder-column-0 fusion_builder_column_1_1 1_1 fusion-flex-column\"><div class=\"fusion-column-wrapper fusion-flex-justify-content-flex-start fusion-content-layout-column\" style=\"background-position:left top;background-repeat:no-repeat;-webkit-background-size:cover;-moz-background-size:cover;-o-background-size:cover;background-size:cover;padding: 0px 0px 0px 0px;\"><div class=\"fusion-text fusion-text-1\"><p>El Parlamento Europeo ha aprobado en Estrasburgo las nuevas Directivas Europeas de Contrataci\u00f3n P\u00fablica que implantan la obligatoriedad de la utilizaci\u00f3n de medios electr\u00f3nicos en todos los procesos y fases de la contrataci\u00f3n p\u00fablica.<\/p>\n<p>El Parlamento ha establecido dos a\u00f1os como fecha l\u00edmite para la transposici\u00f3n a la legislaci\u00f3n de cada pa\u00eds. Llegada esta fecha, todas las entidades contratantes de los pa\u00edses de la Uni\u00f3n tendr\u00e1n la obligaci\u00f3n de utilizar medios electr\u00f3nicos para anunciar los procesos de contrataci\u00f3n, recibir las ofertas de las empresas licitadoras o realizar las notificaciones propias de cualquier concurso p\u00fablico.<\/p>\n<p>Como se ha podido comprobar en los casos de estudios documentados por la Comisi\u00f3n Europea, el empleo de medios electr\u00f3nicos en los procesos de contrataci\u00f3n p\u00fablica reduce el coste de contrataci\u00f3n entre un 5% y un 20%, dependiendo de los casos. Esto significa que, siendo conservadores, las Administraciones P\u00fablicas espa\u00f1olas podr\u00edan ahorrar en torno a 7.800 millones de euros anuales.<\/p>\n<p>Seg\u00fan Jos\u00e9 Luis Ar\u00edstegui, Presidente de la Comisi\u00f3n de Contrataci\u00f3n Electr\u00f3nica de ANEI,   \u201ces necesario que Espa\u00f1a, en sinton\u00eda absoluta con los postulados de las instituciones europeas, cuente con una regulaci\u00f3n propia que implante la obligatoriedad de la contrataci\u00f3n p\u00fablica electr\u00f3nica de forma \u00e1gil y eficaz\u201d. Ar\u00edstegui destaca que \u201cpara definir este modelo ser\u00e1 crucial la colaboraci\u00f3n entre el sector p\u00fablico y el privado, permitiendo as\u00ed reducir las inversiones y los riesgos, en la medida en que existen en el mercado soluciones listas para funcionar. Existen diferentes formas de abordar esta cuesti\u00f3n y debemos encontrar la que mejor se adapte a nuestras necesidades y a nuestra realidad territorial,  administrativa y econ\u00f3mica y, sobre todo, la que m\u00e1s impulse el tejido empresarial y las Pymes\u201d. Desde la Comisi\u00f3n de Contrataci\u00f3n Electr\u00f3nica de ANEI ya se le ha hecho llegar una propuesta al Gobierno de Espa\u00f1a.<\/p>\n<p>Europa ha querido con estas nuevas Directivas impulsar la creaci\u00f3n de un verdadero mercado \u00fanico. Ha puesto los cimientos para que las empresas europeas puedan trabajar en todo el continente sin necesidad de soportar grandes costes. Para la Comisi\u00f3n de Contrataci\u00f3n Electr\u00f3nica de ANEI,  \u201cel sector p\u00fablico y las empresas espa\u00f1olas no deber\u00edan de esperar hasta el \u00faltimo momento para realizar la transici\u00f3n. Nuestro sector empresarial debe aprender a manejarse con estos medios, ganar en competitividad y aprovecharse de un mercado que d\u00eda a d\u00eda dejar\u00e1 de ser nacional para convertirse en europeo\u201d.<\/p>\n<\/div><\/div><style type=\"text\/css\">.fusion-body .fusion-builder-column-0{width:100% !important;margin-top : 0px;margin-bottom : 0px;}.fusion-builder-column-0 > .fusion-column-wrapper {padding-top : 0px !important;padding-right : 0px !important;margin-right : 16px;padding-bottom : 0px !important;padding-left : 0px !important;margin-left : 16px;}@media only screen and (max-width:1024px) {.fusion-body .fusion-builder-column-0{width:100% !important;}.fusion-builder-column-0 > .fusion-column-wrapper {margin-right : 16px;margin-left : 16px;}}@media only screen and (max-width:640px) {.fusion-body .fusion-builder-column-0{width:100% !important;}.fusion-builder-column-0 > .fusion-column-wrapper {margin-right : 16px;margin-left : 16px;}}<\/style><\/div><\/div><style type=\"text\/css\">.fusion-body .fusion-flex-container.fusion-builder-row-1{ padding-top : 0px;margin-top : 0px;padding-right : 0px;padding-bottom : 0px;margin-bottom : 0px;padding-left : 0px;}<\/style><\/div>\n","protected":false},"excerpt":{"rendered":"","protected":false},"author":5639,"featured_media":0,"comment_status":"open","ping_status":"open","sticky":false,"template":"","format":"standard","meta":{"footnotes":""},"categories":[7],"tags":[],"yoast_head":"<!-- This site is optimized with the Yoast SEO plugin v22.3 - https:\/\/yoast.com\/wordpress\/plugins\/seo\/ -->\n<title>M\u00e1s de 7.800 millones de ahorro en el sector p\u00fablico gracias a la obligatoriedad de la contrataci\u00f3n electr\u00f3nica impuesta por la Uni\u00f3n Europea - VORTAL<\/title>\n<meta name=\"robots\" content=\"index, follow, max-snippet:-1, max-image-preview:large, max-video-preview:-1\" \/>\n<link rel=\"canonical\" href=\"https:\/\/www.vortal.biz\/es\/mas-de-7-800-millones-de-ahorro-en-el-sector-publico-gracias-a-la-obligatoriedad-de-la-contratacion-electronica-impuesta-por-la-union-europea\/\" \/>\n<meta property=\"og:locale\" content=\"es_ES\" \/>\n<meta property=\"og:type\" content=\"article\" \/>\n<meta property=\"og:title\" content=\"M\u00e1s de 7.800 millones de ahorro en el sector p\u00fablico gracias a la obligatoriedad de la contrataci\u00f3n electr\u00f3nica impuesta por la Uni\u00f3n Europea - VORTAL\" \/>\n<meta property=\"og:url\" content=\"https:\/\/www.vortal.biz\/es\/mas-de-7-800-millones-de-ahorro-en-el-sector-publico-gracias-a-la-obligatoriedad-de-la-contratacion-electronica-impuesta-por-la-union-europea\/\" \/>\n<meta property=\"og:site_name\" content=\"VORTAL\" \/>\n<meta property=\"article:published_time\" content=\"2014-01-15T15:47:55+00:00\" \/>\n<meta property=\"article:modified_time\" content=\"2021-08-06T15:49:45+00:00\" \/>\n<meta name=\"author\" content=\"Helida Oliveira\" \/>\n<meta name=\"twitter:card\" content=\"summary_large_image\" \/>\n<meta name=\"twitter:label1\" content=\"Escrito por\" \/>\n\t<meta name=\"twitter:data1\" content=\"Helida Oliveira\" \/>\n\t<meta name=\"twitter:label2\" content=\"Tiempo de lectura\" \/>\n\t<meta name=\"twitter:data2\" content=\"3 minutos\" \/>\n<script type=\"application\/ld+json\" class=\"yoast-schema-graph\">{\"@context\":\"https:\/\/schema.org\",\"@graph\":[{\"@type\":\"WebPage\",\"@id\":\"https:\/\/www.vortal.biz\/es\/mas-de-7-800-millones-de-ahorro-en-el-sector-publico-gracias-a-la-obligatoriedad-de-la-contratacion-electronica-impuesta-por-la-union-europea\/\",\"url\":\"https:\/\/www.vortal.biz\/es\/mas-de-7-800-millones-de-ahorro-en-el-sector-publico-gracias-a-la-obligatoriedad-de-la-contratacion-electronica-impuesta-por-la-union-europea\/\",\"name\":\"M\u00e1s de 7.800 millones de ahorro en el sector p\u00fablico gracias a la obligatoriedad de la contrataci\u00f3n electr\u00f3nica impuesta por la Uni\u00f3n Europea - VORTAL\",\"isPartOf\":{\"@id\":\"https:\/\/www.vortal.biz\/pt-pt\/#website\"},\"datePublished\":\"2014-01-15T15:47:55+00:00\",\"dateModified\":\"2021-08-06T15:49:45+00:00\",\"author\":{\"@id\":\"https:\/\/www.vortal.biz\/pt-pt\/#\/schema\/person\/de007f49a9003cc0fec169585b65ddb2\"},\"breadcrumb\":{\"@id\":\"https:\/\/www.vortal.biz\/es\/mas-de-7-800-millones-de-ahorro-en-el-sector-publico-gracias-a-la-obligatoriedad-de-la-contratacion-electronica-impuesta-por-la-union-europea\/#breadcrumb\"},\"inLanguage\":\"es\",\"potentialAction\":[{\"@type\":\"ReadAction\",\"target\":[\"https:\/\/www.vortal.biz\/es\/mas-de-7-800-millones-de-ahorro-en-el-sector-publico-gracias-a-la-obligatoriedad-de-la-contratacion-electronica-impuesta-por-la-union-europea\/\"]}]},{\"@type\":\"BreadcrumbList\",\"@id\":\"https:\/\/www.vortal.biz\/es\/mas-de-7-800-millones-de-ahorro-en-el-sector-publico-gracias-a-la-obligatoriedad-de-la-contratacion-electronica-impuesta-por-la-union-europea\/#breadcrumb\",\"itemListElement\":[{\"@type\":\"ListItem\",\"position\":1,\"name\":\"Home\",\"item\":\"https:\/\/www.vortal.biz\/es\/\"},{\"@type\":\"ListItem\",\"position\":2,\"name\":\"M\u00e1s de 7.800 millones de ahorro en el sector p\u00fablico gracias a la obligatoriedad de la contrataci\u00f3n electr\u00f3nica impuesta por la Uni\u00f3n Europea\"}]},{\"@type\":\"WebSite\",\"@id\":\"https:\/\/www.vortal.biz\/pt-pt\/#website\",\"url\":\"https:\/\/www.vortal.biz\/pt-pt\/\",\"name\":\"VORTAL\",\"description\":\"Connecting Business\",\"potentialAction\":[{\"@type\":\"SearchAction\",\"target\":{\"@type\":\"EntryPoint\",\"urlTemplate\":\"https:\/\/www.vortal.biz\/pt-pt\/?s={search_term_string}\"},\"query-input\":\"required name=search_term_string\"}],\"inLanguage\":\"es\"},{\"@type\":\"Person\",\"@id\":\"https:\/\/www.vortal.biz\/pt-pt\/#\/schema\/person\/de007f49a9003cc0fec169585b65ddb2\",\"name\":\"Helida Oliveira\",\"image\":{\"@type\":\"ImageObject\",\"inLanguage\":\"es\",\"@id\":\"https:\/\/www.vortal.biz\/pt-pt\/#\/schema\/person\/image\/\",\"url\":\"https:\/\/secure.gravatar.com\/avatar\/2485383d4ceb69bbd668ac515d6bdb03?s=96&d=mm&r=g\",\"contentUrl\":\"https:\/\/secure.gravatar.com\/avatar\/2485383d4ceb69bbd668ac515d6bdb03?s=96&d=mm&r=g\",\"caption\":\"Helida Oliveira\"},\"url\":\"https:\/\/www.vortal.biz\/es\/author\/helida-oliveira\/\"}]}<\/script>\n<!-- \/ Yoast SEO plugin. -->","yoast_head_json":{"title":"M\u00e1s de 7.800 millones de ahorro en el sector p\u00fablico gracias a la obligatoriedad de la contrataci\u00f3n electr\u00f3nica impuesta por la Uni\u00f3n Europea - VORTAL","robots":{"index":"index","follow":"follow","max-snippet":"max-snippet:-1","max-image-preview":"max-image-preview:large","max-video-preview":"max-video-preview:-1"},"canonical":"https:\/\/www.vortal.biz\/es\/mas-de-7-800-millones-de-ahorro-en-el-sector-publico-gracias-a-la-obligatoriedad-de-la-contratacion-electronica-impuesta-por-la-union-europea\/","og_locale":"es_ES","og_type":"article","og_title":"M\u00e1s de 7.800 millones de ahorro en el sector p\u00fablico gracias a la obligatoriedad de la contrataci\u00f3n electr\u00f3nica impuesta por la Uni\u00f3n Europea - VORTAL","og_url":"https:\/\/www.vortal.biz\/es\/mas-de-7-800-millones-de-ahorro-en-el-sector-publico-gracias-a-la-obligatoriedad-de-la-contratacion-electronica-impuesta-por-la-union-europea\/","og_site_name":"VORTAL","article_published_time":"2014-01-15T15:47:55+00:00","article_modified_time":"2021-08-06T15:49:45+00:00","author":"Helida Oliveira","twitter_card":"summary_large_image","twitter_misc":{"Escrito por":"Helida Oliveira","Tiempo de lectura":"3 minutos"},"schema":{"@context":"https:\/\/schema.org","@graph":[{"@type":"WebPage","@id":"https:\/\/www.vortal.biz\/es\/mas-de-7-800-millones-de-ahorro-en-el-sector-publico-gracias-a-la-obligatoriedad-de-la-contratacion-electronica-impuesta-por-la-union-europea\/","url":"https:\/\/www.vortal.biz\/es\/mas-de-7-800-millones-de-ahorro-en-el-sector-publico-gracias-a-la-obligatoriedad-de-la-contratacion-electronica-impuesta-por-la-union-europea\/","name":"M\u00e1s de 7.800 millones de ahorro en el sector p\u00fablico gracias a la obligatoriedad de la contrataci\u00f3n electr\u00f3nica impuesta por la Uni\u00f3n Europea - VORTAL","isPartOf":{"@id":"https:\/\/www.vortal.biz\/pt-pt\/#website"},"datePublished":"2014-01-15T15:47:55+00:00","dateModified":"2021-08-06T15:49:45+00:00","author":{"@id":"https:\/\/www.vortal.biz\/pt-pt\/#\/schema\/person\/de007f49a9003cc0fec169585b65ddb2"},"breadcrumb":{"@id":"https:\/\/www.vortal.biz\/es\/mas-de-7-800-millones-de-ahorro-en-el-sector-publico-gracias-a-la-obligatoriedad-de-la-contratacion-electronica-impuesta-por-la-union-europea\/#breadcrumb"},"inLanguage":"es","potentialAction":[{"@type":"ReadAction","target":["https:\/\/www.vortal.biz\/es\/mas-de-7-800-millones-de-ahorro-en-el-sector-publico-gracias-a-la-obligatoriedad-de-la-contratacion-electronica-impuesta-por-la-union-europea\/"]}]},{"@type":"BreadcrumbList","@id":"https:\/\/www.vortal.biz\/es\/mas-de-7-800-millones-de-ahorro-en-el-sector-publico-gracias-a-la-obligatoriedad-de-la-contratacion-electronica-impuesta-por-la-union-europea\/#breadcrumb","itemListElement":[{"@type":"ListItem","position":1,"name":"Home","item":"https:\/\/www.vortal.biz\/es\/"},{"@type":"ListItem","position":2,"name":"M\u00e1s de 7.800 millones de ahorro en el sector p\u00fablico gracias a la obligatoriedad de la contrataci\u00f3n electr\u00f3nica impuesta por la Uni\u00f3n Europea"}]},{"@type":"WebSite","@id":"https:\/\/www.vortal.biz\/pt-pt\/#website","url":"https:\/\/www.vortal.biz\/pt-pt\/","name":"VORTAL","description":"Connecting Business","potentialAction":[{"@type":"SearchAction","target":{"@type":"EntryPoint","urlTemplate":"https:\/\/www.vortal.biz\/pt-pt\/?s={search_term_string}"},"query-input":"required name=search_term_string"}],"inLanguage":"es"},{"@type":"Person","@id":"https:\/\/www.vortal.biz\/pt-pt\/#\/schema\/person\/de007f49a9003cc0fec169585b65ddb2","name":"Helida Oliveira","image":{"@type":"ImageObject","inLanguage":"es","@id":"https:\/\/www.vortal.biz\/pt-pt\/#\/schema\/person\/image\/","url":"https:\/\/secure.gravatar.com\/avatar\/2485383d4ceb69bbd668ac515d6bdb03?s=96&d=mm&r=g","contentUrl":"https:\/\/secure.gravatar.com\/avatar\/2485383d4ceb69bbd668ac515d6bdb03?s=96&d=mm&r=g","caption":"Helida Oliveira"},"url":"https:\/\/www.vortal.biz\/es\/author\/helida-oliveira\/"}]}},"_links":{"self":[{"href":"https:\/\/www.vortal.biz\/es\/wp-json\/wp\/v2\/posts\/7389"}],"collection":[{"href":"https:\/\/www.vortal.biz\/es\/wp-json\/wp\/v2\/posts"}],"about":[{"href":"https:\/\/www.vortal.biz\/es\/wp-json\/wp\/v2\/types\/post"}],"author":[{"embeddable":true,"href":"https:\/\/www.vortal.biz\/es\/wp-json\/wp\/v2\/users\/5639"}],"replies":[{"embeddable":true,"href":"https:\/\/www.vortal.biz\/es\/wp-json\/wp\/v2\/comments?post=7389"}],"version-history":[{"count":0,"href":"https:\/\/www.vortal.biz\/es\/wp-json\/wp\/v2\/posts\/7389\/revisions"}],"wp:attachment":[{"href":"https:\/\/www.vortal.biz\/es\/wp-json\/wp\/v2\/media?parent=7389"}],"wp:term":[{"taxonomy":"category","embeddable":true,"href":"https:\/\/www.vortal.biz\/es\/wp-json\/wp\/v2\/categories?post=7389"},{"taxonomy":"post_tag","embeddable":true,"href":"https:\/\/www.vortal.biz\/es\/wp-json\/wp\/v2\/tags?post=7389"}],"curies":[{"name":"wp","href":"https:\/\/api.w.org\/{rel}","templated":true}]}}