{"id":7387,"date":"2014-03-25T15:45:36","date_gmt":"2014-03-25T15:45:36","guid":{"rendered":"https:\/\/www.vortal.biz\/?p=7387"},"modified":"2021-08-06T15:46:52","modified_gmt":"2021-08-06T15:46:52","slug":"el-ayuntamiento-de-gijon-ahorra-mas-de-430-mil-euros-en-su-contrato-de-energia-electrica","status":"publish","type":"post","link":"https:\/\/www.vortal.biz\/es\/el-ayuntamiento-de-gijon-ahorra-mas-de-430-mil-euros-en-su-contrato-de-energia-electrica\/","title":{"rendered":"El Ayuntamiento de Gij\u00f3n ahorra m\u00e1s de 430 mil euros en su contrato de energ\u00eda el\u00e9ctrica"},"content":{"rendered":"<div class=\"fusion-fullwidth fullwidth-box fusion-builder-row-1 fusion-flex-container nonhundred-percent-fullwidth non-hundred-percent-height-scrolling\" style=\"background-color: rgba(255,255,255,0);background-position: center center;background-repeat: no-repeat;border-width: 0px 0px 0px 0px;border-color:#e2e2e2;border-style:solid;\" ><div class=\"fusion-builder-row fusion-row fusion-flex-align-items-flex-start\" style=\"max-width:calc( 1640px + 32px );margin-left: calc(-32px \/ 2 );margin-right: calc(-32px \/ 2 );\"><div class=\"fusion-layout-column fusion_builder_column fusion-builder-column-0 fusion_builder_column_1_1 1_1 fusion-flex-column\"><div class=\"fusion-column-wrapper fusion-flex-justify-content-flex-start fusion-content-layout-column\" style=\"background-position:left top;background-repeat:no-repeat;-webkit-background-size:cover;-moz-background-size:cover;-o-background-size:cover;background-size:cover;padding: 0px 0px 0px 0px;\"><div class=\"fusion-text fusion-text-1\"><p>El Ayuntamiento de Gij\u00f3n ha adjudicado, a trav\u00e9s de la celebraci\u00f3n de una subasta electr\u00f3nica, el contrato de suministro de energ\u00eda el\u00e9ctrica del Consistorio, sus organismos aut\u00f3nomos y todas las empresas p\u00fablicas dependientes de \u00e9l. En total 14 entidades p\u00fablicas que han conseguido ahorrar m\u00e1s de 437 mil euros con respecto al \u00faltimo contrato negociado en 2013, lo que representa una rebaja en el precio del 8,74%.<\/p>\n<p>La subasta, con una duraci\u00f3n de 30 minutos, cont\u00f3 con la participaci\u00f3n de 3 empresas que realizaron 25 pujas desde diferentes puntos de Espa\u00f1a. Las empresas participantes valoraron de forma muy positiva la herramienta, que consideraron intuitiva y de f\u00e1cil manejo.<\/p>\n<p>Seg\u00fan Alejandro Roces, Concejal de Hacienda, \u201cla celebraci\u00f3n de esta subasta es un paso m\u00e1s en la estrategia decidida del Ayuntamiento por implantar la contrataci\u00f3n p\u00fablica electr\u00f3nica a todos los niveles. Nuestros principales objetivos se traducen en aumentar la concurrencia, la transparencia y la eficiencia en todos los procesos de contrataci\u00f3n\u201d. Desde octubre de 2013 el Consistorio, y las empresas p\u00fablicas dependientes de \u00e9l, gestionan toda su contrataci\u00f3n menor a trav\u00e9s de su plataforma de licitaci\u00f3n electr\u00f3nica puesta en marcha en colaboraci\u00f3n con la empresa VORTAL.<\/p>\n<p><strong>Una soluci\u00f3n transparente, econ\u00f3mica, racional y eficiente<\/strong><\/p>\n<p>El Ayuntamiento de Gij\u00f3n ha decidido realizar esta subasta en un momento en el que la situaci\u00f3n econ\u00f3mica obliga. Desde el Consistorio llevan a\u00f1os dando pasos hacia nuevos sistemas que permitan mejorar su eficiencia en los procesos de contrataci\u00f3n p\u00fablica, siendo la v\u00eda electr\u00f3nica la m\u00e1s id\u00f3nea para conseguir este objetivo.<\/p>\n<p>Gracias a la implantaci\u00f3n de la plataforma de licitaci\u00f3n electr\u00f3nica se ha conseguido incrementar notablemente la publicidad de la contrataci\u00f3n p\u00fablica del Ayuntamiento y sus empresas p\u00fablicas. Se ha logrado, hasta el momento, incrementar en un 50% el n\u00famero medio de ofertas presentadas, y reducir los tiempos medios de gesti\u00f3n de una licitaci\u00f3n p\u00fablica en un 40%. Al mismo tiempo, al tratarse de expedientes \u00edntegramente electr\u00f3nicos ha sido posible obtener tambi\u00e9n ahorros en las tareas de gesti\u00f3n interna: papel, tel\u00e9fono, mensajer\u00eda, electricidad, etc.<\/p>\n<p>En los pr\u00f3ximos meses el Ayuntamiento empezar\u00e1 a licitar toda su contrataci\u00f3n p\u00fablica a trav\u00e9s de la plataforma de licitaci\u00f3n electr\u00f3nica. Su objetivo es el de convertirse en la primera entidad local en Espa\u00f1a que realiza toda su contrataci\u00f3n p\u00fablica a trav\u00e9s de medios electr\u00f3nicos.<\/p>\n<\/div><\/div><style type=\"text\/css\">.fusion-body .fusion-builder-column-0{width:100% !important;margin-top : 0px;margin-bottom : 0px;}.fusion-builder-column-0 > .fusion-column-wrapper {padding-top : 0px !important;padding-right : 0px !important;margin-right : 16px;padding-bottom : 0px !important;padding-left : 0px !important;margin-left : 16px;}@media only screen and (max-width:1024px) {.fusion-body .fusion-builder-column-0{width:100% !important;}.fusion-builder-column-0 > .fusion-column-wrapper {margin-right : 16px;margin-left : 16px;}}@media only screen and (max-width:640px) {.fusion-body .fusion-builder-column-0{width:100% !important;}.fusion-builder-column-0 > .fusion-column-wrapper {margin-right : 16px;margin-left : 16px;}}<\/style><\/div><\/div><style type=\"text\/css\">.fusion-body .fusion-flex-container.fusion-builder-row-1{ padding-top : 0px;margin-top : 0px;padding-right : 0px;padding-bottom : 0px;margin-bottom : 0px;padding-left : 0px;}<\/style><\/div>\n","protected":false},"excerpt":{"rendered":"","protected":false},"author":5639,"featured_media":0,"comment_status":"open","ping_status":"open","sticky":false,"template":"","format":"standard","meta":{"footnotes":""},"categories":[7],"tags":[],"yoast_head":"<!-- This site is optimized with the Yoast SEO plugin v22.3 - https:\/\/yoast.com\/wordpress\/plugins\/seo\/ -->\n<title>El Ayuntamiento de Gij\u00f3n ahorra m\u00e1s de 430 mil euros en su contrato de energ\u00eda el\u00e9ctrica - VORTAL<\/title>\n<meta name=\"robots\" content=\"index, follow, max-snippet:-1, max-image-preview:large, max-video-preview:-1\" \/>\n<link rel=\"canonical\" href=\"https:\/\/www.vortal.biz\/es\/el-ayuntamiento-de-gijon-ahorra-mas-de-430-mil-euros-en-su-contrato-de-energia-electrica\/\" \/>\n<meta property=\"og:locale\" content=\"es_ES\" \/>\n<meta property=\"og:type\" content=\"article\" \/>\n<meta property=\"og:title\" content=\"El Ayuntamiento de Gij\u00f3n ahorra m\u00e1s de 430 mil euros en su contrato de energ\u00eda el\u00e9ctrica - VORTAL\" \/>\n<meta property=\"og:url\" content=\"https:\/\/www.vortal.biz\/es\/el-ayuntamiento-de-gijon-ahorra-mas-de-430-mil-euros-en-su-contrato-de-energia-electrica\/\" \/>\n<meta property=\"og:site_name\" content=\"VORTAL\" \/>\n<meta property=\"article:published_time\" content=\"2014-03-25T15:45:36+00:00\" \/>\n<meta property=\"article:modified_time\" content=\"2021-08-06T15:46:52+00:00\" \/>\n<meta name=\"author\" content=\"Helida Oliveira\" \/>\n<meta name=\"twitter:card\" content=\"summary_large_image\" \/>\n<meta name=\"twitter:label1\" content=\"Escrito por\" \/>\n\t<meta name=\"twitter:data1\" content=\"Helida Oliveira\" \/>\n\t<meta name=\"twitter:label2\" content=\"Tiempo de lectura\" \/>\n\t<meta name=\"twitter:data2\" content=\"3 minutos\" \/>\n<script type=\"application\/ld+json\" class=\"yoast-schema-graph\">{\"@context\":\"https:\/\/schema.org\",\"@graph\":[{\"@type\":\"WebPage\",\"@id\":\"https:\/\/www.vortal.biz\/es\/el-ayuntamiento-de-gijon-ahorra-mas-de-430-mil-euros-en-su-contrato-de-energia-electrica\/\",\"url\":\"https:\/\/www.vortal.biz\/es\/el-ayuntamiento-de-gijon-ahorra-mas-de-430-mil-euros-en-su-contrato-de-energia-electrica\/\",\"name\":\"El Ayuntamiento de Gij\u00f3n ahorra m\u00e1s de 430 mil euros en su contrato de energ\u00eda el\u00e9ctrica - VORTAL\",\"isPartOf\":{\"@id\":\"https:\/\/www.vortal.biz\/pt-pt\/#website\"},\"datePublished\":\"2014-03-25T15:45:36+00:00\",\"dateModified\":\"2021-08-06T15:46:52+00:00\",\"author\":{\"@id\":\"https:\/\/www.vortal.biz\/pt-pt\/#\/schema\/person\/de007f49a9003cc0fec169585b65ddb2\"},\"breadcrumb\":{\"@id\":\"https:\/\/www.vortal.biz\/es\/el-ayuntamiento-de-gijon-ahorra-mas-de-430-mil-euros-en-su-contrato-de-energia-electrica\/#breadcrumb\"},\"inLanguage\":\"es\",\"potentialAction\":[{\"@type\":\"ReadAction\",\"target\":[\"https:\/\/www.vortal.biz\/es\/el-ayuntamiento-de-gijon-ahorra-mas-de-430-mil-euros-en-su-contrato-de-energia-electrica\/\"]}]},{\"@type\":\"BreadcrumbList\",\"@id\":\"https:\/\/www.vortal.biz\/es\/el-ayuntamiento-de-gijon-ahorra-mas-de-430-mil-euros-en-su-contrato-de-energia-electrica\/#breadcrumb\",\"itemListElement\":[{\"@type\":\"ListItem\",\"position\":1,\"name\":\"Home\",\"item\":\"https:\/\/www.vortal.biz\/es\/\"},{\"@type\":\"ListItem\",\"position\":2,\"name\":\"El Ayuntamiento de Gij\u00f3n ahorra m\u00e1s de 430 mil euros en su contrato de energ\u00eda el\u00e9ctrica\"}]},{\"@type\":\"WebSite\",\"@id\":\"https:\/\/www.vortal.biz\/pt-pt\/#website\",\"url\":\"https:\/\/www.vortal.biz\/pt-pt\/\",\"name\":\"VORTAL\",\"description\":\"Connecting Business\",\"potentialAction\":[{\"@type\":\"SearchAction\",\"target\":{\"@type\":\"EntryPoint\",\"urlTemplate\":\"https:\/\/www.vortal.biz\/pt-pt\/?s={search_term_string}\"},\"query-input\":\"required name=search_term_string\"}],\"inLanguage\":\"es\"},{\"@type\":\"Person\",\"@id\":\"https:\/\/www.vortal.biz\/pt-pt\/#\/schema\/person\/de007f49a9003cc0fec169585b65ddb2\",\"name\":\"Helida Oliveira\",\"image\":{\"@type\":\"ImageObject\",\"inLanguage\":\"es\",\"@id\":\"https:\/\/www.vortal.biz\/pt-pt\/#\/schema\/person\/image\/\",\"url\":\"https:\/\/secure.gravatar.com\/avatar\/2485383d4ceb69bbd668ac515d6bdb03?s=96&d=mm&r=g\",\"contentUrl\":\"https:\/\/secure.gravatar.com\/avatar\/2485383d4ceb69bbd668ac515d6bdb03?s=96&d=mm&r=g\",\"caption\":\"Helida Oliveira\"},\"url\":\"https:\/\/www.vortal.biz\/es\/author\/helida-oliveira\/\"}]}<\/script>\n<!-- \/ Yoast SEO plugin. -->","yoast_head_json":{"title":"El Ayuntamiento de Gij\u00f3n ahorra m\u00e1s de 430 mil euros en su contrato de energ\u00eda el\u00e9ctrica - VORTAL","robots":{"index":"index","follow":"follow","max-snippet":"max-snippet:-1","max-image-preview":"max-image-preview:large","max-video-preview":"max-video-preview:-1"},"canonical":"https:\/\/www.vortal.biz\/es\/el-ayuntamiento-de-gijon-ahorra-mas-de-430-mil-euros-en-su-contrato-de-energia-electrica\/","og_locale":"es_ES","og_type":"article","og_title":"El Ayuntamiento de Gij\u00f3n ahorra m\u00e1s de 430 mil euros en su contrato de energ\u00eda el\u00e9ctrica - VORTAL","og_url":"https:\/\/www.vortal.biz\/es\/el-ayuntamiento-de-gijon-ahorra-mas-de-430-mil-euros-en-su-contrato-de-energia-electrica\/","og_site_name":"VORTAL","article_published_time":"2014-03-25T15:45:36+00:00","article_modified_time":"2021-08-06T15:46:52+00:00","author":"Helida Oliveira","twitter_card":"summary_large_image","twitter_misc":{"Escrito por":"Helida Oliveira","Tiempo de lectura":"3 minutos"},"schema":{"@context":"https:\/\/schema.org","@graph":[{"@type":"WebPage","@id":"https:\/\/www.vortal.biz\/es\/el-ayuntamiento-de-gijon-ahorra-mas-de-430-mil-euros-en-su-contrato-de-energia-electrica\/","url":"https:\/\/www.vortal.biz\/es\/el-ayuntamiento-de-gijon-ahorra-mas-de-430-mil-euros-en-su-contrato-de-energia-electrica\/","name":"El Ayuntamiento de Gij\u00f3n ahorra m\u00e1s de 430 mil euros en su contrato de energ\u00eda el\u00e9ctrica - VORTAL","isPartOf":{"@id":"https:\/\/www.vortal.biz\/pt-pt\/#website"},"datePublished":"2014-03-25T15:45:36+00:00","dateModified":"2021-08-06T15:46:52+00:00","author":{"@id":"https:\/\/www.vortal.biz\/pt-pt\/#\/schema\/person\/de007f49a9003cc0fec169585b65ddb2"},"breadcrumb":{"@id":"https:\/\/www.vortal.biz\/es\/el-ayuntamiento-de-gijon-ahorra-mas-de-430-mil-euros-en-su-contrato-de-energia-electrica\/#breadcrumb"},"inLanguage":"es","potentialAction":[{"@type":"ReadAction","target":["https:\/\/www.vortal.biz\/es\/el-ayuntamiento-de-gijon-ahorra-mas-de-430-mil-euros-en-su-contrato-de-energia-electrica\/"]}]},{"@type":"BreadcrumbList","@id":"https:\/\/www.vortal.biz\/es\/el-ayuntamiento-de-gijon-ahorra-mas-de-430-mil-euros-en-su-contrato-de-energia-electrica\/#breadcrumb","itemListElement":[{"@type":"ListItem","position":1,"name":"Home","item":"https:\/\/www.vortal.biz\/es\/"},{"@type":"ListItem","position":2,"name":"El Ayuntamiento de Gij\u00f3n ahorra m\u00e1s de 430 mil euros en su contrato de energ\u00eda el\u00e9ctrica"}]},{"@type":"WebSite","@id":"https:\/\/www.vortal.biz\/pt-pt\/#website","url":"https:\/\/www.vortal.biz\/pt-pt\/","name":"VORTAL","description":"Connecting Business","potentialAction":[{"@type":"SearchAction","target":{"@type":"EntryPoint","urlTemplate":"https:\/\/www.vortal.biz\/pt-pt\/?s={search_term_string}"},"query-input":"required name=search_term_string"}],"inLanguage":"es"},{"@type":"Person","@id":"https:\/\/www.vortal.biz\/pt-pt\/#\/schema\/person\/de007f49a9003cc0fec169585b65ddb2","name":"Helida Oliveira","image":{"@type":"ImageObject","inLanguage":"es","@id":"https:\/\/www.vortal.biz\/pt-pt\/#\/schema\/person\/image\/","url":"https:\/\/secure.gravatar.com\/avatar\/2485383d4ceb69bbd668ac515d6bdb03?s=96&d=mm&r=g","contentUrl":"https:\/\/secure.gravatar.com\/avatar\/2485383d4ceb69bbd668ac515d6bdb03?s=96&d=mm&r=g","caption":"Helida Oliveira"},"url":"https:\/\/www.vortal.biz\/es\/author\/helida-oliveira\/"}]}},"_links":{"self":[{"href":"https:\/\/www.vortal.biz\/es\/wp-json\/wp\/v2\/posts\/7387"}],"collection":[{"href":"https:\/\/www.vortal.biz\/es\/wp-json\/wp\/v2\/posts"}],"about":[{"href":"https:\/\/www.vortal.biz\/es\/wp-json\/wp\/v2\/types\/post"}],"author":[{"embeddable":true,"href":"https:\/\/www.vortal.biz\/es\/wp-json\/wp\/v2\/users\/5639"}],"replies":[{"embeddable":true,"href":"https:\/\/www.vortal.biz\/es\/wp-json\/wp\/v2\/comments?post=7387"}],"version-history":[{"count":0,"href":"https:\/\/www.vortal.biz\/es\/wp-json\/wp\/v2\/posts\/7387\/revisions"}],"wp:attachment":[{"href":"https:\/\/www.vortal.biz\/es\/wp-json\/wp\/v2\/media?parent=7387"}],"wp:term":[{"taxonomy":"category","embeddable":true,"href":"https:\/\/www.vortal.biz\/es\/wp-json\/wp\/v2\/categories?post=7387"},{"taxonomy":"post_tag","embeddable":true,"href":"https:\/\/www.vortal.biz\/es\/wp-json\/wp\/v2\/tags?post=7387"}],"curies":[{"name":"wp","href":"https:\/\/api.w.org\/{rel}","templated":true}]}}