{"id":7385,"date":"2014-03-28T15:42:40","date_gmt":"2014-03-28T15:42:40","guid":{"rendered":"https:\/\/www.vortal.biz\/?p=7385"},"modified":"2021-08-06T15:44:15","modified_gmt":"2021-08-06T15:44:15","slug":"la-union-europea-publica-las-nuevas-directivas-de-contratacion-publica-que-exigen-a-espana-la-implantacion-obligatoria-la-licitacion-electronica","status":"publish","type":"post","link":"https:\/\/www.vortal.biz\/es\/la-union-europea-publica-las-nuevas-directivas-de-contratacion-publica-que-exigen-a-espana-la-implantacion-obligatoria-la-licitacion-electronica\/","title":{"rendered":"La Uni\u00f3n Europea publica las nuevas Directivas de Contrataci\u00f3n P\u00fablica que exigen a Espa\u00f1a la implantaci\u00f3n obligatoria la licitaci\u00f3n electr\u00f3nica"},"content":{"rendered":"<div class=\"fusion-fullwidth fullwidth-box fusion-builder-row-1 fusion-flex-container nonhundred-percent-fullwidth non-hundred-percent-height-scrolling\" style=\"background-color: rgba(255,255,255,0);background-position: center center;background-repeat: no-repeat;border-width: 0px 0px 0px 0px;border-color:#e2e2e2;border-style:solid;\" ><div class=\"fusion-builder-row fusion-row fusion-flex-align-items-flex-start\" style=\"max-width:calc( 1640px + 32px );margin-left: calc(-32px \/ 2 );margin-right: calc(-32px \/ 2 );\"><div class=\"fusion-layout-column fusion_builder_column fusion-builder-column-0 fusion_builder_column_1_1 1_1 fusion-flex-column\"><div class=\"fusion-column-wrapper fusion-flex-justify-content-flex-start fusion-content-layout-column\" style=\"background-position:left top;background-repeat:no-repeat;-webkit-background-size:cover;-moz-background-size:cover;-o-background-size:cover;background-size:cover;padding: 0px 0px 0px 0px;\"><div class=\"fusion-text fusion-text-1\"><p>Se han publicado en el Bolet\u00edn Oficial de la UE (DOUE) las nuevas Directivas europeas de Contrataci\u00f3n P\u00fablica que exigen a Espa\u00f1a la implantaci\u00f3n obligatoria la licitaci\u00f3n electr\u00f3nica.<\/p>\n<p>Con la publicaci\u00f3n de las Directivas en el DOUE se inicia el periodo de transposici\u00f3n a las diferentes legislaciones nacionales. Espa\u00f1a deber\u00e1 acometer esta tarea antes de que finalice el primer trimestre de 2016. Ese mismo a\u00f1o, ya ser\u00e1 obligatorio que todas las administraciones p\u00fablicas espa\u00f1olas se comuniquen con sus licitadores a trav\u00e9s de la notificaci\u00f3n electr\u00f3nica, y que todos los pliegos administrativos est\u00e9n disponibles de manera online.<\/p>\n<p>En el primer trimestre de 2017,  todas las centrales de compras deber\u00e1n haber implantado un sistema de licitaci\u00f3n electr\u00f3nica que permita el env\u00edo y recepci\u00f3n de ofertas de forma segura y confidencial. El \u00faltimo paso se dar\u00e1 en el \u00faltimo trimestre de 2018, en donde la licitaci\u00f3n electr\u00f3nica ser\u00e1 completamente obligatoria para todas las administraciones p\u00fablicas de los Estados miembro de la UE.<\/p>\n<p>Las autoridades p\u00fablicas gastan alrededor del 18 por ciento del PIB en la contrataci\u00f3n de obras, bienes o servicios, lo que pone de manifiesto que cualquier optimizaci\u00f3n de este  proceso tendr\u00e1 un impacto muy significativo en cuanto a reducci\u00f3n del gasto p\u00fablico. En este sentido, la UE ha afirmado en diferentes estudios que la aplicaci\u00f3n de las nuevas tecnolog\u00edas a los procesos de contrataci\u00f3n p\u00fablica reduce el coste de contrataci\u00f3n entre un 5% y un 20%, dependiendo de los casos. Esto significa que, siendo conservadores, las Administraciones P\u00fablicas espa\u00f1olas podr\u00edan ahorrar en torno a 7.800 millones de euros anuales.<\/p>\n<p>Para la adopci\u00f3n de estas tecnolog\u00edas, la UE fomenta y apoya la iniciativa privada. Hay innumerables casos de \u00e9xito en la UE que han demostrado que el sector privado tiene las herramientas y el conocimiento de c\u00f3mo hacer esta transici\u00f3n de una forma no traum\u00e1tica y eficiente entre todos los agentes implicados.<\/p>\n<p><strong>Criterios sociales y medio ambientales<\/strong><\/p>\n<p>La nueva legislaci\u00f3n, que ya fue acordada con el Consejo en junio de 2013, supone una revisi\u00f3n de las normas de contrataci\u00f3n p\u00fablica en la UE, que por primera vez fija est\u00e1ndares comunes sobre contratos de concesi\u00f3n, con el objetivo de impulsar una competencia justa y garantizar la obtenci\u00f3n una mayor rentabilidad del dinero, al introducir criterios de adjudicaci\u00f3n que hacen mayor hincapi\u00e9 en consideraciones medioambientales, aspectos sociales e innovaci\u00f3n.<\/p>\n<p><strong>Otras mejoras introducidas con las nuevas directivas<\/strong><\/p>\n<p>Gracias a los nuevos criterios, las autoridades p\u00fablicas podr\u00e1n dar prioridad a la calidad, consideraciones medioambientales, aspectos sociales o a la innovaci\u00f3n, sin olvidar el precio ni los costes del ciclo de vida del objeto de la licitaci\u00f3n.<\/p>\n<p>Asimismo, la nueva normativa permitir\u00e1 simplificar\u00e1 los procesos de licitaci\u00f3n. S\u00f3lo ser\u00e1 necesario presentar un \u00fanico documento europeo con la declaraci\u00f3n del empresario. \u00danicamente el adjudicatario tendr\u00e1 que proporcionar toda la documentaci\u00f3n administrativa original. Esta modificaci\u00f3n significar\u00e1 la reducci\u00f3n de cargas administrativas de en torno al 80%, seg\u00fan las estimaciones de la Comisi\u00f3n.<\/p>\n<\/div><\/div><style type=\"text\/css\">.fusion-body .fusion-builder-column-0{width:100% !important;margin-top : 0px;margin-bottom : 0px;}.fusion-builder-column-0 > .fusion-column-wrapper {padding-top : 0px !important;padding-right : 0px !important;margin-right : 16px;padding-bottom : 0px !important;padding-left : 0px !important;margin-left : 16px;}@media only screen and (max-width:1024px) {.fusion-body .fusion-builder-column-0{width:100% !important;}.fusion-builder-column-0 > .fusion-column-wrapper {margin-right : 16px;margin-left : 16px;}}@media only screen and (max-width:640px) {.fusion-body .fusion-builder-column-0{width:100% !important;}.fusion-builder-column-0 > .fusion-column-wrapper {margin-right : 16px;margin-left : 16px;}}<\/style><\/div><\/div><style type=\"text\/css\">.fusion-body .fusion-flex-container.fusion-builder-row-1{ padding-top : 0px;margin-top : 0px;padding-right : 0px;padding-bottom : 0px;margin-bottom : 0px;padding-left : 0px;}<\/style><\/div>\n","protected":false},"excerpt":{"rendered":"","protected":false},"author":5639,"featured_media":0,"comment_status":"open","ping_status":"open","sticky":false,"template":"","format":"standard","meta":{"footnotes":""},"categories":[7],"tags":[],"yoast_head":"<!-- This site is optimized with the Yoast SEO plugin v22.3 - https:\/\/yoast.com\/wordpress\/plugins\/seo\/ -->\n<title>La Uni\u00f3n Europea publica las nuevas Directivas de Contrataci\u00f3n P\u00fablica que exigen a Espa\u00f1a la implantaci\u00f3n obligatoria la licitaci\u00f3n electr\u00f3nica - VORTAL<\/title>\n<meta name=\"robots\" content=\"index, follow, max-snippet:-1, max-image-preview:large, max-video-preview:-1\" \/>\n<link rel=\"canonical\" href=\"https:\/\/www.vortal.biz\/es\/la-union-europea-publica-las-nuevas-directivas-de-contratacion-publica-que-exigen-a-espana-la-implantacion-obligatoria-la-licitacion-electronica\/\" \/>\n<meta property=\"og:locale\" content=\"es_ES\" \/>\n<meta property=\"og:type\" content=\"article\" \/>\n<meta property=\"og:title\" content=\"La Uni\u00f3n Europea publica las nuevas Directivas de Contrataci\u00f3n P\u00fablica que exigen a Espa\u00f1a la implantaci\u00f3n obligatoria la licitaci\u00f3n electr\u00f3nica - VORTAL\" \/>\n<meta property=\"og:url\" content=\"https:\/\/www.vortal.biz\/es\/la-union-europea-publica-las-nuevas-directivas-de-contratacion-publica-que-exigen-a-espana-la-implantacion-obligatoria-la-licitacion-electronica\/\" \/>\n<meta property=\"og:site_name\" content=\"VORTAL\" \/>\n<meta property=\"article:published_time\" content=\"2014-03-28T15:42:40+00:00\" \/>\n<meta property=\"article:modified_time\" content=\"2021-08-06T15:44:15+00:00\" \/>\n<meta name=\"author\" content=\"Helida Oliveira\" \/>\n<meta name=\"twitter:card\" content=\"summary_large_image\" \/>\n<meta name=\"twitter:label1\" content=\"Escrito por\" \/>\n\t<meta name=\"twitter:data1\" content=\"Helida Oliveira\" \/>\n\t<meta name=\"twitter:label2\" content=\"Tiempo de lectura\" \/>\n\t<meta name=\"twitter:data2\" content=\"3 minutos\" \/>\n<script type=\"application\/ld+json\" class=\"yoast-schema-graph\">{\"@context\":\"https:\/\/schema.org\",\"@graph\":[{\"@type\":\"WebPage\",\"@id\":\"https:\/\/www.vortal.biz\/es\/la-union-europea-publica-las-nuevas-directivas-de-contratacion-publica-que-exigen-a-espana-la-implantacion-obligatoria-la-licitacion-electronica\/\",\"url\":\"https:\/\/www.vortal.biz\/es\/la-union-europea-publica-las-nuevas-directivas-de-contratacion-publica-que-exigen-a-espana-la-implantacion-obligatoria-la-licitacion-electronica\/\",\"name\":\"La Uni\u00f3n Europea publica las nuevas Directivas de Contrataci\u00f3n P\u00fablica que exigen a Espa\u00f1a la implantaci\u00f3n obligatoria la licitaci\u00f3n electr\u00f3nica - VORTAL\",\"isPartOf\":{\"@id\":\"https:\/\/www.vortal.biz\/pt-pt\/#website\"},\"datePublished\":\"2014-03-28T15:42:40+00:00\",\"dateModified\":\"2021-08-06T15:44:15+00:00\",\"author\":{\"@id\":\"https:\/\/www.vortal.biz\/pt-pt\/#\/schema\/person\/de007f49a9003cc0fec169585b65ddb2\"},\"breadcrumb\":{\"@id\":\"https:\/\/www.vortal.biz\/es\/la-union-europea-publica-las-nuevas-directivas-de-contratacion-publica-que-exigen-a-espana-la-implantacion-obligatoria-la-licitacion-electronica\/#breadcrumb\"},\"inLanguage\":\"es\",\"potentialAction\":[{\"@type\":\"ReadAction\",\"target\":[\"https:\/\/www.vortal.biz\/es\/la-union-europea-publica-las-nuevas-directivas-de-contratacion-publica-que-exigen-a-espana-la-implantacion-obligatoria-la-licitacion-electronica\/\"]}]},{\"@type\":\"BreadcrumbList\",\"@id\":\"https:\/\/www.vortal.biz\/es\/la-union-europea-publica-las-nuevas-directivas-de-contratacion-publica-que-exigen-a-espana-la-implantacion-obligatoria-la-licitacion-electronica\/#breadcrumb\",\"itemListElement\":[{\"@type\":\"ListItem\",\"position\":1,\"name\":\"Home\",\"item\":\"https:\/\/www.vortal.biz\/es\/\"},{\"@type\":\"ListItem\",\"position\":2,\"name\":\"La Uni\u00f3n Europea publica las nuevas Directivas de Contrataci\u00f3n P\u00fablica que exigen a Espa\u00f1a la implantaci\u00f3n obligatoria la licitaci\u00f3n electr\u00f3nica\"}]},{\"@type\":\"WebSite\",\"@id\":\"https:\/\/www.vortal.biz\/pt-pt\/#website\",\"url\":\"https:\/\/www.vortal.biz\/pt-pt\/\",\"name\":\"VORTAL\",\"description\":\"Connecting Business\",\"potentialAction\":[{\"@type\":\"SearchAction\",\"target\":{\"@type\":\"EntryPoint\",\"urlTemplate\":\"https:\/\/www.vortal.biz\/pt-pt\/?s={search_term_string}\"},\"query-input\":\"required name=search_term_string\"}],\"inLanguage\":\"es\"},{\"@type\":\"Person\",\"@id\":\"https:\/\/www.vortal.biz\/pt-pt\/#\/schema\/person\/de007f49a9003cc0fec169585b65ddb2\",\"name\":\"Helida Oliveira\",\"image\":{\"@type\":\"ImageObject\",\"inLanguage\":\"es\",\"@id\":\"https:\/\/www.vortal.biz\/pt-pt\/#\/schema\/person\/image\/\",\"url\":\"https:\/\/secure.gravatar.com\/avatar\/2485383d4ceb69bbd668ac515d6bdb03?s=96&d=mm&r=g\",\"contentUrl\":\"https:\/\/secure.gravatar.com\/avatar\/2485383d4ceb69bbd668ac515d6bdb03?s=96&d=mm&r=g\",\"caption\":\"Helida Oliveira\"},\"url\":\"https:\/\/www.vortal.biz\/es\/author\/helida-oliveira\/\"}]}<\/script>\n<!-- \/ Yoast SEO plugin. -->","yoast_head_json":{"title":"La Uni\u00f3n Europea publica las nuevas Directivas de Contrataci\u00f3n P\u00fablica que exigen a Espa\u00f1a la implantaci\u00f3n obligatoria la licitaci\u00f3n electr\u00f3nica - VORTAL","robots":{"index":"index","follow":"follow","max-snippet":"max-snippet:-1","max-image-preview":"max-image-preview:large","max-video-preview":"max-video-preview:-1"},"canonical":"https:\/\/www.vortal.biz\/es\/la-union-europea-publica-las-nuevas-directivas-de-contratacion-publica-que-exigen-a-espana-la-implantacion-obligatoria-la-licitacion-electronica\/","og_locale":"es_ES","og_type":"article","og_title":"La Uni\u00f3n Europea publica las nuevas Directivas de Contrataci\u00f3n P\u00fablica que exigen a Espa\u00f1a la implantaci\u00f3n obligatoria la licitaci\u00f3n electr\u00f3nica - VORTAL","og_url":"https:\/\/www.vortal.biz\/es\/la-union-europea-publica-las-nuevas-directivas-de-contratacion-publica-que-exigen-a-espana-la-implantacion-obligatoria-la-licitacion-electronica\/","og_site_name":"VORTAL","article_published_time":"2014-03-28T15:42:40+00:00","article_modified_time":"2021-08-06T15:44:15+00:00","author":"Helida Oliveira","twitter_card":"summary_large_image","twitter_misc":{"Escrito por":"Helida Oliveira","Tiempo de lectura":"3 minutos"},"schema":{"@context":"https:\/\/schema.org","@graph":[{"@type":"WebPage","@id":"https:\/\/www.vortal.biz\/es\/la-union-europea-publica-las-nuevas-directivas-de-contratacion-publica-que-exigen-a-espana-la-implantacion-obligatoria-la-licitacion-electronica\/","url":"https:\/\/www.vortal.biz\/es\/la-union-europea-publica-las-nuevas-directivas-de-contratacion-publica-que-exigen-a-espana-la-implantacion-obligatoria-la-licitacion-electronica\/","name":"La Uni\u00f3n Europea publica las nuevas Directivas de Contrataci\u00f3n P\u00fablica que exigen a Espa\u00f1a la implantaci\u00f3n obligatoria la licitaci\u00f3n electr\u00f3nica - VORTAL","isPartOf":{"@id":"https:\/\/www.vortal.biz\/pt-pt\/#website"},"datePublished":"2014-03-28T15:42:40+00:00","dateModified":"2021-08-06T15:44:15+00:00","author":{"@id":"https:\/\/www.vortal.biz\/pt-pt\/#\/schema\/person\/de007f49a9003cc0fec169585b65ddb2"},"breadcrumb":{"@id":"https:\/\/www.vortal.biz\/es\/la-union-europea-publica-las-nuevas-directivas-de-contratacion-publica-que-exigen-a-espana-la-implantacion-obligatoria-la-licitacion-electronica\/#breadcrumb"},"inLanguage":"es","potentialAction":[{"@type":"ReadAction","target":["https:\/\/www.vortal.biz\/es\/la-union-europea-publica-las-nuevas-directivas-de-contratacion-publica-que-exigen-a-espana-la-implantacion-obligatoria-la-licitacion-electronica\/"]}]},{"@type":"BreadcrumbList","@id":"https:\/\/www.vortal.biz\/es\/la-union-europea-publica-las-nuevas-directivas-de-contratacion-publica-que-exigen-a-espana-la-implantacion-obligatoria-la-licitacion-electronica\/#breadcrumb","itemListElement":[{"@type":"ListItem","position":1,"name":"Home","item":"https:\/\/www.vortal.biz\/es\/"},{"@type":"ListItem","position":2,"name":"La Uni\u00f3n Europea publica las nuevas Directivas de Contrataci\u00f3n P\u00fablica que exigen a Espa\u00f1a la implantaci\u00f3n obligatoria la licitaci\u00f3n electr\u00f3nica"}]},{"@type":"WebSite","@id":"https:\/\/www.vortal.biz\/pt-pt\/#website","url":"https:\/\/www.vortal.biz\/pt-pt\/","name":"VORTAL","description":"Connecting Business","potentialAction":[{"@type":"SearchAction","target":{"@type":"EntryPoint","urlTemplate":"https:\/\/www.vortal.biz\/pt-pt\/?s={search_term_string}"},"query-input":"required name=search_term_string"}],"inLanguage":"es"},{"@type":"Person","@id":"https:\/\/www.vortal.biz\/pt-pt\/#\/schema\/person\/de007f49a9003cc0fec169585b65ddb2","name":"Helida Oliveira","image":{"@type":"ImageObject","inLanguage":"es","@id":"https:\/\/www.vortal.biz\/pt-pt\/#\/schema\/person\/image\/","url":"https:\/\/secure.gravatar.com\/avatar\/2485383d4ceb69bbd668ac515d6bdb03?s=96&d=mm&r=g","contentUrl":"https:\/\/secure.gravatar.com\/avatar\/2485383d4ceb69bbd668ac515d6bdb03?s=96&d=mm&r=g","caption":"Helida Oliveira"},"url":"https:\/\/www.vortal.biz\/es\/author\/helida-oliveira\/"}]}},"_links":{"self":[{"href":"https:\/\/www.vortal.biz\/es\/wp-json\/wp\/v2\/posts\/7385"}],"collection":[{"href":"https:\/\/www.vortal.biz\/es\/wp-json\/wp\/v2\/posts"}],"about":[{"href":"https:\/\/www.vortal.biz\/es\/wp-json\/wp\/v2\/types\/post"}],"author":[{"embeddable":true,"href":"https:\/\/www.vortal.biz\/es\/wp-json\/wp\/v2\/users\/5639"}],"replies":[{"embeddable":true,"href":"https:\/\/www.vortal.biz\/es\/wp-json\/wp\/v2\/comments?post=7385"}],"version-history":[{"count":0,"href":"https:\/\/www.vortal.biz\/es\/wp-json\/wp\/v2\/posts\/7385\/revisions"}],"wp:attachment":[{"href":"https:\/\/www.vortal.biz\/es\/wp-json\/wp\/v2\/media?parent=7385"}],"wp:term":[{"taxonomy":"category","embeddable":true,"href":"https:\/\/www.vortal.biz\/es\/wp-json\/wp\/v2\/categories?post=7385"},{"taxonomy":"post_tag","embeddable":true,"href":"https:\/\/www.vortal.biz\/es\/wp-json\/wp\/v2\/tags?post=7385"}],"curies":[{"name":"wp","href":"https:\/\/api.w.org\/{rel}","templated":true}]}}