{"id":7383,"date":"2014-06-16T15:35:38","date_gmt":"2014-06-16T15:35:38","guid":{"rendered":"https:\/\/www.vortal.biz\/?p=7383"},"modified":"2021-08-06T15:40:07","modified_gmt":"2021-08-06T15:40:07","slug":"aspectos-normativos-a-tener-en-cuenta-para-la-seleccion-de-un-servicio-cloud-para-el-sector-publico","status":"publish","type":"post","link":"https:\/\/www.vortal.biz\/es\/aspectos-normativos-a-tener-en-cuenta-para-la-seleccion-de-un-servicio-cloud-para-el-sector-publico\/","title":{"rendered":"Aspectos normativos a tener en cuenta para la selecci\u00f3n de un servicio cloud para el sector p\u00fablico"},"content":{"rendered":"<div class=\"fusion-fullwidth fullwidth-box fusion-builder-row-1 fusion-flex-container nonhundred-percent-fullwidth non-hundred-percent-height-scrolling\" style=\"background-color: rgba(255,255,255,0);background-position: center center;background-repeat: no-repeat;border-width: 0px 0px 0px 0px;border-color:#e2e2e2;border-style:solid;\" ><div class=\"fusion-builder-row fusion-row fusion-flex-align-items-flex-start\" style=\"max-width:calc( 1640px + 32px );margin-left: calc(-32px \/ 2 );margin-right: calc(-32px \/ 2 );\"><div class=\"fusion-layout-column fusion_builder_column fusion-builder-column-0 fusion_builder_column_1_1 1_1 fusion-flex-column\"><div class=\"fusion-column-wrapper fusion-flex-justify-content-flex-start fusion-content-layout-column\" style=\"background-position:left top;background-repeat:no-repeat;-webkit-background-size:cover;-moz-background-size:cover;-o-background-size:cover;background-size:cover;padding: 0px 0px 0px 0px;\"><div class=\"fusion-text fusion-text-1\"><p>Analizamos en esta entrada los aspectos normativos que se deben tener en cuenta a la hora de realizar la selecci\u00f3n. Este apartado espec\u00edfico tambi\u00e9n es de aplicaci\u00f3n a los desarrollos a medida de este tipo de soluciones, sobre todo en lo referente a la LAECSP, TRLCSP, LFE, ENS y ENI:<\/p>\n<p><strong>Ley De Acceso Electr\u00f3nico De Los Ciudadanos A Los Servicios P\u00fablicos (LAECSP):<\/strong><\/p>\n<p>La Administraci\u00f3n Electr\u00f3nica, y en este caso la contrataci\u00f3n p\u00fablica electr\u00f3nica, tiene que mantener en todo momento las mismas garant\u00edas de seguridad jur\u00eddica de las actuaciones administrativas en papel (ver Manual Pr\u00e1ctico de Supervivencia en la Administraci\u00f3n Electr\u00f3nica, realizado por Alberto L\u00f3pez Tall\u00f3n):<\/p>\n<p>&#8211; Identificaci\u00f3n: que no pueda haber ambig\u00fcedad a la hora de establecer la identidad de una persona f\u00edsica o jur\u00eddica. Tema resuelto por la Ley de Firma Electr\u00f3nica (Ley 56\/2007).<\/p>\n<p>&#8211; Autenticaci\u00f3n: la garant\u00eda de conocer fehacientemente la identidad de una persona f\u00edsica o jur\u00eddica. Este concepto guarda una estrecha relaci\u00f3n con el no repudio (imposibilidad de rechazar la autor\u00eda de una determinada acci\u00f3n o documento). La principal herramienta para la autenticaci\u00f3n son sistemas de usuario\/clave y la firma electr\u00f3nica. Ambos mecanismos permiten asimismo el no repudio.<\/p>\n<p>&#8211; Integridad: se refiere a que se puede confiar en que una determinada informaci\u00f3n, por ejemplo, de un documento electr\u00f3nico no fue manipulada y corresponde a su estado original. Lo que se consigue con la imposici\u00f3n de Sellos de Tiempo.<\/p>\n<p>&#8211; Confidencialidad: guardar el secreto frente a terceros sobre una determinada informaci\u00f3n, ya sea un documento, comunicaci\u00f3n, etc. La herramienta principal para lograr este objetivo es la criptograf\u00eda.<\/p>\n<p>&#8211; Disponibilidad: se refiere a la disponibilidad en todo momento de la informaci\u00f3n y\/o servicios. Esto implica servicios de alta disponibilidad 24\u00d77, servidores redundados, centros de respaldo, etc.<\/p>\n<p>&#8211; Trazabilidad: se refiere a la informaci\u00f3n hist\u00f3rica que es importante conocer y conservar, \u00bfqu\u00e9 cambios ha sufrido la informaci\u00f3n?, \u00bfqui\u00e9n ha accedido a ella?, etc.<\/p>\n<p>&#8211; Conservaci\u00f3n: la correcta conservaci\u00f3n y archivo de la informaci\u00f3n de modo que se encuentre disponible e integra a\u00fan despu\u00e9s de que hayan pasado largos periodos de tiempo. En el caso de la contrataci\u00f3n p\u00fablica las Administraciones P\u00fablicas deben custodiar la informaci\u00f3n de los concursos durante 5 a\u00f1os.<\/p>\n<p><strong>Real Decreto Legislativo 3\/20111 (Por El Que Se Aprueba El Texto Refundido De La Ley De Contratos Del Sector P\u00fablico \u2013 TRLCSP):<\/strong><\/p>\n<p>La Plataforma seleccionada, o desarrollada a medida si fuese el caso, deber\u00e1 soportar todos los procedimientos de contrataci\u00f3n p\u00fablica prevista por el TRLCSP. En el caso de las soluciones Cloud ser\u00eda recomendable una auditor\u00eda de un tercero que certificase la adecuaci\u00f3n normativa.<\/p>\n<p><strong>Ley De Firma Electr\u00f3nica (LFE \u2013 Ley 56\/2007):<\/strong><\/p>\n<p>El sistema deber\u00e1 permitir la firma electr\u00f3nica reconocida, basada en un certificado reconocido y generada mediante un dispositivo seguro de creaci\u00f3n de firma. La firma electr\u00f3nica reconocida, como as\u00ed lo establece la Ley, tendr\u00e1 respecto de los datos consignados en forma electr\u00f3nica el mismo valor que la firma manuscrita en relaci\u00f3n con los consignados en papel.<br \/>\nLa plataforma, de acuerdo al principio de no discriminaci\u00f3n, deber\u00e1 admitir cualquier certificado admitido por el Ministerio de Industria, Turismo y Comercio.<\/p>\n<p><strong>Esquema Nacional De Seguridad (ENS):<\/strong><\/p>\n<p>La plataforma de contrataci\u00f3n p\u00fablica electr\u00f3nica deber\u00e1 garantizar la adecuaci\u00f3n con los ENS, que tiene por objeto establecer la pol\u00edtica de seguridad en la utilizaci\u00f3n de medios electr\u00f3nicos y est\u00e1 constituido por principios b\u00e1sicos y requisitos m\u00ednimos que permitan una protecci\u00f3n adecuada de la informaci\u00f3n.<\/p>\n<p>Un tercero deber\u00e1 acreditar su grado de adecuaci\u00f3n. Simplificando, los ENS bajan al terreno los aspectos mencionados por la LAECSP: disponibilidad, autenticidad, integridad, confidencialidad y trazabilidad. Tras la auditor\u00eda pertinente, la adecuaci\u00f3n de la colusi\u00f3n ser\u00e1 catalogada como: B\u00c1SICA, MEDIA O ALTA.<\/p>\n<p><strong>\u00bfQu\u00e9 se debe analizar? (informaci\u00f3n extra\u00edda de Presentaci\u00f3n de INTECO)<\/strong><\/p>\n<p>Principios b\u00e1sicos:<\/p>\n<p>&#8211; Seguridad Integral<br \/>\n&#8211; Gesti\u00f3n de riesgos<br \/>\n&#8211; Prevenci\u00f3n, reacci\u00f3n y recuperaci\u00f3n<br \/>\n&#8211; L\u00edneas de defensa<br \/>\n&#8211; Reevaluaci\u00f3n peri\u00f3dica<br \/>\n&#8211; La seguridad como funci\u00f3n diferenciada<\/p>\n<p>Requisitos m\u00ednimos:<\/p>\n<p>&#8211; Organizaci\u00f3n e implantaci\u00f3n del proceso de seguridad<br \/>\n&#8211; An\u00e1lisis y gesti\u00f3n de los riesgos<br \/>\n&#8211; Gesti\u00f3n del personal<br \/>\n&#8211; Autorizaci\u00f3n y control de accesos<br \/>\n&#8211; Protecci\u00f3n de las instalaciones<br \/>\n&#8211; Integridad y actualizaci\u00f3n del sistema<br \/>\n&#8211; Protecci\u00f3n de la informaci\u00f3n almacenada y en tr\u00e1nsito<br \/>\n&#8211; Prevenci\u00f3n ante otros sistemas de informaci\u00f3n interconectados<br \/>\n&#8211; Registro de actividad<br \/>\n&#8211; Incidentes de seguridad<br \/>\n&#8211; Continuidad en la Actividad<br \/>\n&#8211; Mejora Continua del Proceso de Seguridad<\/p>\n<p>Medidas de seguridad:<\/p>\n<p>&#8211; Marco Organizativo<br \/>\n&#8211; Marco Operacional<br \/>\n&#8211; Marco de Protecci\u00f3n<\/p>\n<p><strong>Esquema Nacional De Interoperabilidad (ENI):<\/strong><\/p>\n<p>Las soluciones contratadas por las Administraciones p\u00fablicas deber\u00e1n usar est\u00e1ndares abiertos, as\u00ed como, en su caso y de forma complementaria, est\u00e1ndares que sean de uso generalizado por los ciudadanos, al objeto de garantizar la independencia en la elecci\u00f3n de alternativas tecnol\u00f3gicas por los ciudadanos y las Administraciones p\u00fablicas y la adaptabilidad al progreso de la tecnolog\u00eda y, de forma que:<\/p>\n<p>&#8211; Los documentos y servicios de administraci\u00f3n electr\u00f3nica que los \u00f3rganos o Entidades de Derecho P\u00fablico emisores pongan a disposici\u00f3n de los ciudadanos o de otras Administraciones p\u00fablicas se encontrar\u00e1n, como m\u00ednimo, disponibles mediante est\u00e1ndares abiertos.<\/p>\n<p>&#8211; Los documentos, servicios electr\u00f3nicos y aplicaciones puestos por las Administraciones p\u00fablicas a disposici\u00f3n de los ciudadanos o de otras Administraciones p\u00fablicas ser\u00e1n, seg\u00fan corresponda, visualizables, accesibles y funcionalmente operables en condiciones que permitan satisfacer el principio de neutralidad tecnol\u00f3gica y eviten la discriminaci\u00f3n a los ciudadanos por raz\u00f3n de su elecci\u00f3n tecnol\u00f3gica.<\/p>\n<p><strong>Ley Org\u00e1nica De Protecci\u00f3n De Datos (LOPD):<\/strong><\/p>\n<p>La Plataforma seleccionada deber\u00e1 proteger los datos de car\u00e1cter personal de los usuarios registrados en la Plataforma. El proveedor del servicio deber\u00e1 garantizar que todos los ficheros de datos de car\u00e1cter personal deber\u00e1n estar inscritos y legalizados ante la Agencia Espa\u00f1ola de Protecci\u00f3n de Datos. Asimismo, todos los datos de car\u00e1cter personal recogidos por la empresa, deben contar con el consentimiento del afectado.<\/p>\n<p>&#8211; Ley de Servicios de la Sociedad de la Informaci\u00f3n (LSSI)<br \/>\n&#8211; Los empresarios o profesionales que presten un servicio de la sociedad de la informaci\u00f3n deben tener accesible la siguiente informaci\u00f3n<br \/>\n&#8211; Nombre o denominaci\u00f3n social.<br \/>\n&#8211; Residencia, domicilio o direcci\u00f3n de establecimiento permanente en Espa\u00f1a.<br \/>\n&#8211; Direcci\u00f3n de correo electr\u00f3nico.<br \/>\n&#8211; Cualquier otro dato que permita establecer una comunicaci\u00f3n directa y efectiva.<br \/>\n&#8211; Datos de inscripci\u00f3n en el registro p\u00fablico con efectos constitutivos (R. Mercantil, por ejemplo).<br \/>\n&#8211; En caso de que corresponda, datos identificativos de la autorizaci\u00f3n administrativa previa necesaria para el ejercicio de la actividad.<br \/>\n&#8211; N\u00famero de Identificaci\u00f3n Fiscal.<br \/>\n&#8211; Los c\u00f3digos de conducta a los que, en su caso, est\u00e9 adherido y la manera de consultarlos electr\u00f3nicamente.<br \/>\n&#8211; Etc.<\/p>\n<p>Esperamos que este an\u00e1lisis os haya sido \u00fatil.<\/p>\n<\/div><\/div><style type=\"text\/css\">.fusion-body .fusion-builder-column-0{width:100% !important;margin-top : 0px;margin-bottom : 0px;}.fusion-builder-column-0 > .fusion-column-wrapper {padding-top : 0px !important;padding-right : 0px !important;margin-right : 16px;padding-bottom : 0px !important;padding-left : 0px !important;margin-left : 16px;}@media only screen and (max-width:1024px) {.fusion-body .fusion-builder-column-0{width:100% !important;}.fusion-builder-column-0 > .fusion-column-wrapper {margin-right : 16px;margin-left : 16px;}}@media only screen and (max-width:640px) {.fusion-body .fusion-builder-column-0{width:100% !important;}.fusion-builder-column-0 > .fusion-column-wrapper {margin-right : 16px;margin-left : 16px;}}<\/style><\/div><\/div><style type=\"text\/css\">.fusion-body .fusion-flex-container.fusion-builder-row-1{ padding-top : 0px;margin-top : 0px;padding-right : 0px;padding-bottom : 0px;margin-bottom : 0px;padding-left : 0px;}<\/style><\/div>\n","protected":false},"excerpt":{"rendered":"","protected":false},"author":5639,"featured_media":0,"comment_status":"open","ping_status":"open","sticky":false,"template":"","format":"standard","meta":{"footnotes":""},"categories":[7],"tags":[],"yoast_head":"<!-- This site is optimized with the Yoast SEO plugin v22.3 - https:\/\/yoast.com\/wordpress\/plugins\/seo\/ -->\n<title>Aspectos normativos a tener en cuenta para la selecci\u00f3n de un servicio cloud para el sector p\u00fablico - VORTAL<\/title>\n<meta name=\"robots\" content=\"index, follow, max-snippet:-1, max-image-preview:large, max-video-preview:-1\" \/>\n<link rel=\"canonical\" href=\"https:\/\/www.vortal.biz\/es\/aspectos-normativos-a-tener-en-cuenta-para-la-seleccion-de-un-servicio-cloud-para-el-sector-publico\/\" \/>\n<meta property=\"og:locale\" content=\"es_ES\" \/>\n<meta property=\"og:type\" content=\"article\" \/>\n<meta property=\"og:title\" content=\"Aspectos normativos a tener en cuenta para la selecci\u00f3n de un servicio cloud para el sector p\u00fablico - VORTAL\" \/>\n<meta property=\"og:url\" content=\"https:\/\/www.vortal.biz\/es\/aspectos-normativos-a-tener-en-cuenta-para-la-seleccion-de-un-servicio-cloud-para-el-sector-publico\/\" \/>\n<meta property=\"og:site_name\" content=\"VORTAL\" \/>\n<meta property=\"article:published_time\" content=\"2014-06-16T15:35:38+00:00\" \/>\n<meta property=\"article:modified_time\" content=\"2021-08-06T15:40:07+00:00\" \/>\n<meta name=\"author\" content=\"Helida Oliveira\" \/>\n<meta name=\"twitter:card\" content=\"summary_large_image\" \/>\n<meta name=\"twitter:label1\" content=\"Escrito por\" \/>\n\t<meta name=\"twitter:data1\" content=\"Helida Oliveira\" \/>\n\t<meta name=\"twitter:label2\" content=\"Tiempo de lectura\" \/>\n\t<meta name=\"twitter:data2\" content=\"3 minutos\" \/>\n<script type=\"application\/ld+json\" class=\"yoast-schema-graph\">{\"@context\":\"https:\/\/schema.org\",\"@graph\":[{\"@type\":\"WebPage\",\"@id\":\"https:\/\/www.vortal.biz\/es\/aspectos-normativos-a-tener-en-cuenta-para-la-seleccion-de-un-servicio-cloud-para-el-sector-publico\/\",\"url\":\"https:\/\/www.vortal.biz\/es\/aspectos-normativos-a-tener-en-cuenta-para-la-seleccion-de-un-servicio-cloud-para-el-sector-publico\/\",\"name\":\"Aspectos normativos a tener en cuenta para la selecci\u00f3n de un servicio cloud para el sector p\u00fablico - VORTAL\",\"isPartOf\":{\"@id\":\"https:\/\/www.vortal.biz\/pt-pt\/#website\"},\"datePublished\":\"2014-06-16T15:35:38+00:00\",\"dateModified\":\"2021-08-06T15:40:07+00:00\",\"author\":{\"@id\":\"https:\/\/www.vortal.biz\/pt-pt\/#\/schema\/person\/de007f49a9003cc0fec169585b65ddb2\"},\"breadcrumb\":{\"@id\":\"https:\/\/www.vortal.biz\/es\/aspectos-normativos-a-tener-en-cuenta-para-la-seleccion-de-un-servicio-cloud-para-el-sector-publico\/#breadcrumb\"},\"inLanguage\":\"es\",\"potentialAction\":[{\"@type\":\"ReadAction\",\"target\":[\"https:\/\/www.vortal.biz\/es\/aspectos-normativos-a-tener-en-cuenta-para-la-seleccion-de-un-servicio-cloud-para-el-sector-publico\/\"]}]},{\"@type\":\"BreadcrumbList\",\"@id\":\"https:\/\/www.vortal.biz\/es\/aspectos-normativos-a-tener-en-cuenta-para-la-seleccion-de-un-servicio-cloud-para-el-sector-publico\/#breadcrumb\",\"itemListElement\":[{\"@type\":\"ListItem\",\"position\":1,\"name\":\"Home\",\"item\":\"https:\/\/www.vortal.biz\/es\/\"},{\"@type\":\"ListItem\",\"position\":2,\"name\":\"Aspectos normativos a tener en cuenta para la selecci\u00f3n de un servicio cloud para el sector p\u00fablico\"}]},{\"@type\":\"WebSite\",\"@id\":\"https:\/\/www.vortal.biz\/pt-pt\/#website\",\"url\":\"https:\/\/www.vortal.biz\/pt-pt\/\",\"name\":\"VORTAL\",\"description\":\"Connecting Business\",\"potentialAction\":[{\"@type\":\"SearchAction\",\"target\":{\"@type\":\"EntryPoint\",\"urlTemplate\":\"https:\/\/www.vortal.biz\/pt-pt\/?s={search_term_string}\"},\"query-input\":\"required name=search_term_string\"}],\"inLanguage\":\"es\"},{\"@type\":\"Person\",\"@id\":\"https:\/\/www.vortal.biz\/pt-pt\/#\/schema\/person\/de007f49a9003cc0fec169585b65ddb2\",\"name\":\"Helida Oliveira\",\"image\":{\"@type\":\"ImageObject\",\"inLanguage\":\"es\",\"@id\":\"https:\/\/www.vortal.biz\/pt-pt\/#\/schema\/person\/image\/\",\"url\":\"https:\/\/secure.gravatar.com\/avatar\/2485383d4ceb69bbd668ac515d6bdb03?s=96&d=mm&r=g\",\"contentUrl\":\"https:\/\/secure.gravatar.com\/avatar\/2485383d4ceb69bbd668ac515d6bdb03?s=96&d=mm&r=g\",\"caption\":\"Helida Oliveira\"},\"url\":\"https:\/\/www.vortal.biz\/es\/author\/helida-oliveira\/\"}]}<\/script>\n<!-- \/ Yoast SEO plugin. -->","yoast_head_json":{"title":"Aspectos normativos a tener en cuenta para la selecci\u00f3n de un servicio cloud para el sector p\u00fablico - VORTAL","robots":{"index":"index","follow":"follow","max-snippet":"max-snippet:-1","max-image-preview":"max-image-preview:large","max-video-preview":"max-video-preview:-1"},"canonical":"https:\/\/www.vortal.biz\/es\/aspectos-normativos-a-tener-en-cuenta-para-la-seleccion-de-un-servicio-cloud-para-el-sector-publico\/","og_locale":"es_ES","og_type":"article","og_title":"Aspectos normativos a tener en cuenta para la selecci\u00f3n de un servicio cloud para el sector p\u00fablico - VORTAL","og_url":"https:\/\/www.vortal.biz\/es\/aspectos-normativos-a-tener-en-cuenta-para-la-seleccion-de-un-servicio-cloud-para-el-sector-publico\/","og_site_name":"VORTAL","article_published_time":"2014-06-16T15:35:38+00:00","article_modified_time":"2021-08-06T15:40:07+00:00","author":"Helida Oliveira","twitter_card":"summary_large_image","twitter_misc":{"Escrito por":"Helida Oliveira","Tiempo de lectura":"3 minutos"},"schema":{"@context":"https:\/\/schema.org","@graph":[{"@type":"WebPage","@id":"https:\/\/www.vortal.biz\/es\/aspectos-normativos-a-tener-en-cuenta-para-la-seleccion-de-un-servicio-cloud-para-el-sector-publico\/","url":"https:\/\/www.vortal.biz\/es\/aspectos-normativos-a-tener-en-cuenta-para-la-seleccion-de-un-servicio-cloud-para-el-sector-publico\/","name":"Aspectos normativos a tener en cuenta para la selecci\u00f3n de un servicio cloud para el sector p\u00fablico - VORTAL","isPartOf":{"@id":"https:\/\/www.vortal.biz\/pt-pt\/#website"},"datePublished":"2014-06-16T15:35:38+00:00","dateModified":"2021-08-06T15:40:07+00:00","author":{"@id":"https:\/\/www.vortal.biz\/pt-pt\/#\/schema\/person\/de007f49a9003cc0fec169585b65ddb2"},"breadcrumb":{"@id":"https:\/\/www.vortal.biz\/es\/aspectos-normativos-a-tener-en-cuenta-para-la-seleccion-de-un-servicio-cloud-para-el-sector-publico\/#breadcrumb"},"inLanguage":"es","potentialAction":[{"@type":"ReadAction","target":["https:\/\/www.vortal.biz\/es\/aspectos-normativos-a-tener-en-cuenta-para-la-seleccion-de-un-servicio-cloud-para-el-sector-publico\/"]}]},{"@type":"BreadcrumbList","@id":"https:\/\/www.vortal.biz\/es\/aspectos-normativos-a-tener-en-cuenta-para-la-seleccion-de-un-servicio-cloud-para-el-sector-publico\/#breadcrumb","itemListElement":[{"@type":"ListItem","position":1,"name":"Home","item":"https:\/\/www.vortal.biz\/es\/"},{"@type":"ListItem","position":2,"name":"Aspectos normativos a tener en cuenta para la selecci\u00f3n de un servicio cloud para el sector p\u00fablico"}]},{"@type":"WebSite","@id":"https:\/\/www.vortal.biz\/pt-pt\/#website","url":"https:\/\/www.vortal.biz\/pt-pt\/","name":"VORTAL","description":"Connecting Business","potentialAction":[{"@type":"SearchAction","target":{"@type":"EntryPoint","urlTemplate":"https:\/\/www.vortal.biz\/pt-pt\/?s={search_term_string}"},"query-input":"required name=search_term_string"}],"inLanguage":"es"},{"@type":"Person","@id":"https:\/\/www.vortal.biz\/pt-pt\/#\/schema\/person\/de007f49a9003cc0fec169585b65ddb2","name":"Helida Oliveira","image":{"@type":"ImageObject","inLanguage":"es","@id":"https:\/\/www.vortal.biz\/pt-pt\/#\/schema\/person\/image\/","url":"https:\/\/secure.gravatar.com\/avatar\/2485383d4ceb69bbd668ac515d6bdb03?s=96&d=mm&r=g","contentUrl":"https:\/\/secure.gravatar.com\/avatar\/2485383d4ceb69bbd668ac515d6bdb03?s=96&d=mm&r=g","caption":"Helida Oliveira"},"url":"https:\/\/www.vortal.biz\/es\/author\/helida-oliveira\/"}]}},"_links":{"self":[{"href":"https:\/\/www.vortal.biz\/es\/wp-json\/wp\/v2\/posts\/7383"}],"collection":[{"href":"https:\/\/www.vortal.biz\/es\/wp-json\/wp\/v2\/posts"}],"about":[{"href":"https:\/\/www.vortal.biz\/es\/wp-json\/wp\/v2\/types\/post"}],"author":[{"embeddable":true,"href":"https:\/\/www.vortal.biz\/es\/wp-json\/wp\/v2\/users\/5639"}],"replies":[{"embeddable":true,"href":"https:\/\/www.vortal.biz\/es\/wp-json\/wp\/v2\/comments?post=7383"}],"version-history":[{"count":0,"href":"https:\/\/www.vortal.biz\/es\/wp-json\/wp\/v2\/posts\/7383\/revisions"}],"wp:attachment":[{"href":"https:\/\/www.vortal.biz\/es\/wp-json\/wp\/v2\/media?parent=7383"}],"wp:term":[{"taxonomy":"category","embeddable":true,"href":"https:\/\/www.vortal.biz\/es\/wp-json\/wp\/v2\/categories?post=7383"},{"taxonomy":"post_tag","embeddable":true,"href":"https:\/\/www.vortal.biz\/es\/wp-json\/wp\/v2\/tags?post=7383"}],"curies":[{"name":"wp","href":"https:\/\/api.w.org\/{rel}","templated":true}]}}