{"id":7379,"date":"2014-09-09T15:28:38","date_gmt":"2014-09-09T15:28:38","guid":{"rendered":"https:\/\/www.vortal.biz\/?p=7379"},"modified":"2021-08-06T15:29:50","modified_gmt":"2021-08-06T15:29:50","slug":"la-xunta-de-galicia-implanta-un-nuevo-sistema-de-licitacion-electronica","status":"publish","type":"post","link":"https:\/\/www.vortal.biz\/es\/la-xunta-de-galicia-implanta-un-nuevo-sistema-de-licitacion-electronica\/","title":{"rendered":"La Xunta de Galicia implanta un nuevo sistema de licitaci\u00f3n electr\u00f3nica"},"content":{"rendered":"<div class=\"fusion-fullwidth fullwidth-box fusion-builder-row-1 fusion-flex-container nonhundred-percent-fullwidth non-hundred-percent-height-scrolling\" style=\"background-color: rgba(255,255,255,0);background-position: center center;background-repeat: no-repeat;border-width: 0px 0px 0px 0px;border-color:#e2e2e2;border-style:solid;\" ><div class=\"fusion-builder-row fusion-row fusion-flex-align-items-flex-start\" style=\"max-width:calc( 1640px + 32px );margin-left: calc(-32px \/ 2 );margin-right: calc(-32px \/ 2 );\"><div class=\"fusion-layout-column fusion_builder_column fusion-builder-column-0 fusion_builder_column_1_1 1_1 fusion-flex-column\"><div class=\"fusion-column-wrapper fusion-flex-justify-content-flex-start fusion-content-layout-column\" style=\"background-position:left top;background-repeat:no-repeat;-webkit-background-size:cover;-moz-background-size:cover;-o-background-size:cover;background-size:cover;padding: 0px 0px 0px 0px;\"><div class=\"fusion-text fusion-text-1\"><p>VORTAL, con la colaboraci\u00f3n de Tecnocom, ha resultado adjudicataria del concurso p\u00fablico para la implantaci\u00f3n del servicio de licitaci\u00f3n p\u00fablica electr\u00f3nica que la Direcci\u00f3n General de Administraci\u00f3n Local y la Agencia de Modernizaci\u00f3n de Galicia (AMTEGA) ofrecer\u00e1n como servicio a las Diputaciones y a las entidades locales de las provincias de A Coru\u00f1a y Pontevedra.<\/p>\n<p>El contrato, con un valor de 325 mil euros y una duraci\u00f3n de dos a\u00f1os, prorrogable por dos m\u00e1s,  tiene como objetivo habilitar la plataforma de licitaci\u00f3n electr\u00f3nica de VORTAL  en las Diputaciones de A Coru\u00f1a y Pontevedra, en 4 ayuntamientos mayores de 20.000 habitantes y en 100 ayuntamientos menores de 20.000 habitantes de dichas provincias. Su principal objetivo es optimizar  los procesos de contrataci\u00f3n, aumentar la transparencia de la contrataci\u00f3n p\u00fablica, facilitar el acceso de la PYME a la contrataci\u00f3n p\u00fablica, y realizar un permanente control y monitorizaci\u00f3n del gasto p\u00fablico.<\/p>\n<p>La plataforma escogida para proveer este servicio no requiere de inversiones en desarrollo o en mantenimiento ya que se ofrece bajo la modalidad Software como servicio. La Xunta ha entendido que esta soluci\u00f3n es id\u00f3nea por su escalabilidad, coste y tiempo de implantaci\u00f3n; adem\u00e1s de ser el modelo de contrataci\u00f3n p\u00fablica electr\u00f3nica m\u00e1s utilizado a nivel Europeo y concretamente en Espa\u00f1a, lo que lo convierte en una apuesta segura y confiable.<\/p>\n<p>Para la ejecuci\u00f3n de este proyecto, m\u00e1s all\u00e1 del factor tecnol\u00f3gico, se ha hecho especial hincapi\u00e9 en el aspecto de formaci\u00f3n y apoyo a entidades p\u00fablicas y a empresas proveedores. Para Jos\u00e9 Luis Ar\u00edstegui, Director del Sector P\u00fablico en VORTAL, \u201clos responsables de la Xunta han sido conscientes en todo momento de que adem\u00e1s del factor tecnol\u00f3gico, la gesti\u00f3n del cambio es clave en un proyecto de esta \u00edndole que introduce elementos nuevos en el trabajo diario\u201d.<\/p>\n<p>Con este negocio, VORTAL refuerza considerablemente su actividad en Espa\u00f1a y se consolida como el operador de licitaci\u00f3n p\u00fablica electr\u00f3nica m\u00e1s utilizado por el sector p\u00fablico espa\u00f1ol, mientras TECNOCOM se posiciona como uno de los integradores principales en el \u00e1mbito de la Contrataci\u00f3n P\u00fablica Electr\u00f3nica. Las dos compa\u00f1\u00edas contin\u00faan su colaboraci\u00f3n, despu\u00e9s de la adjudicaci\u00f3n del proyecto estrat\u00e9gico para  la puesta en marcha de la plataforma de contrataci\u00f3n p\u00fablica electr\u00f3nica del estado colombiano.<\/p>\n<p><strong>La Administraci\u00f3n P\u00fablica gallega se adelanta a la obligatoriedad impuesta por las UE<\/strong><\/p>\n<p>La Xunta ha querido facilitar con este servicio la adaptaci\u00f3n de las entidades p\u00fablicas gallegas a las nuevas Directivas Europeas de Contrataci\u00f3n, ya aprobadas, que impondr\u00e1n la obligatoriedad del uso de medios electr\u00f3nicos en los procesos de contrataci\u00f3n p\u00fablica en los pr\u00f3ximos a\u00f1os.<\/p>\n<p>El Parlamento ha establecido dos a\u00f1os como fecha l\u00edmite para la transposici\u00f3n a la legislaci\u00f3n de cada pa\u00eds. Llegada esta fecha, todas las entidades contratantes de los pa\u00edses de la Uni\u00f3n tendr\u00e1n la obligaci\u00f3n de utilizar medios electr\u00f3nicos para anunciar los procesos de contrataci\u00f3n, recibir las ofertas de las empresas licitadoras o realizar las notificaciones propias de cualquier concurso p\u00fablico.<\/p>\n<p>Como se ha podido comprobar en los casos de estudios documentados por la Comisi\u00f3n Europea, el empleo de medios electr\u00f3nicos en los procesos de contrataci\u00f3n p\u00fablica reduce el coste de contrataci\u00f3n entre un 5% y un 20%, dependiendo de los casos.<\/p>\n<p><strong>Un servicio de valor a\u00f1adido y m\u00e1s oportunidades de negocio para las empresas locales<\/strong><\/p>\n<p>A trav\u00e9s de la plataforma los licitadores dados de alta tendr\u00e1n acceso en tiempo real a todos los procedimientos activos en la plataforma que est\u00e9n relacionados con su actividad. Siempre que el Ayuntamiento realice una consulta al mercado el licitador es informado de manera inmediata sobre la oportunidad para que pueda presentar su oferta de forma simple y eficaz, reduciendo enormemente las cargas administrativas derivadas de los procesos de licitaci\u00f3n.<\/p>\n<p>La plataforma ser\u00e1 una \u201cgu\u00eda\u201d para todas aquellas empresas que encuentran dificultades en la presentaci\u00f3n de ofertas en los procesos de compra p\u00fablica. La plataforma guiar\u00e1 a los licitadores en la presentaci\u00f3n de ofertas y se habilitar\u00e1 un n\u00famero de atenci\u00f3n telef\u00f3nico permanentemente para solucionar cualquier duda que pudiese surgir durante el proceso.<\/p>\n<\/div><\/div><style type=\"text\/css\">.fusion-body .fusion-builder-column-0{width:100% !important;margin-top : 0px;margin-bottom : 0px;}.fusion-builder-column-0 > .fusion-column-wrapper {padding-top : 0px !important;padding-right : 0px !important;margin-right : 16px;padding-bottom : 0px !important;padding-left : 0px !important;margin-left : 16px;}@media only screen and (max-width:1024px) {.fusion-body .fusion-builder-column-0{width:100% !important;}.fusion-builder-column-0 > .fusion-column-wrapper {margin-right : 16px;margin-left : 16px;}}@media only screen and (max-width:640px) {.fusion-body .fusion-builder-column-0{width:100% !important;}.fusion-builder-column-0 > .fusion-column-wrapper {margin-right : 16px;margin-left : 16px;}}<\/style><\/div><\/div><style type=\"text\/css\">.fusion-body .fusion-flex-container.fusion-builder-row-1{ padding-top : 0px;margin-top : 0px;padding-right : 0px;padding-bottom : 0px;margin-bottom : 0px;padding-left : 0px;}<\/style><\/div>\n","protected":false},"excerpt":{"rendered":"","protected":false},"author":5639,"featured_media":0,"comment_status":"open","ping_status":"open","sticky":false,"template":"","format":"standard","meta":{"footnotes":""},"categories":[7],"tags":[],"yoast_head":"<!-- This site is optimized with the Yoast SEO plugin v22.3 - https:\/\/yoast.com\/wordpress\/plugins\/seo\/ -->\n<title>La Xunta de Galicia implanta un nuevo sistema de licitaci\u00f3n electr\u00f3nica - VORTAL<\/title>\n<meta name=\"robots\" content=\"index, follow, max-snippet:-1, max-image-preview:large, max-video-preview:-1\" \/>\n<link rel=\"canonical\" href=\"https:\/\/www.vortal.biz\/es\/la-xunta-de-galicia-implanta-un-nuevo-sistema-de-licitacion-electronica\/\" \/>\n<meta property=\"og:locale\" content=\"es_ES\" \/>\n<meta property=\"og:type\" content=\"article\" \/>\n<meta property=\"og:title\" content=\"La Xunta de Galicia implanta un nuevo sistema de licitaci\u00f3n electr\u00f3nica - VORTAL\" \/>\n<meta property=\"og:url\" content=\"https:\/\/www.vortal.biz\/es\/la-xunta-de-galicia-implanta-un-nuevo-sistema-de-licitacion-electronica\/\" \/>\n<meta property=\"og:site_name\" content=\"VORTAL\" \/>\n<meta property=\"article:published_time\" content=\"2014-09-09T15:28:38+00:00\" \/>\n<meta property=\"article:modified_time\" content=\"2021-08-06T15:29:50+00:00\" \/>\n<meta name=\"author\" content=\"Helida Oliveira\" \/>\n<meta name=\"twitter:card\" content=\"summary_large_image\" \/>\n<meta name=\"twitter:label1\" content=\"Escrito por\" \/>\n\t<meta name=\"twitter:data1\" content=\"Helida Oliveira\" \/>\n\t<meta name=\"twitter:label2\" content=\"Tiempo de lectura\" \/>\n\t<meta name=\"twitter:data2\" content=\"3 minutos\" \/>\n<script type=\"application\/ld+json\" class=\"yoast-schema-graph\">{\"@context\":\"https:\/\/schema.org\",\"@graph\":[{\"@type\":\"WebPage\",\"@id\":\"https:\/\/www.vortal.biz\/es\/la-xunta-de-galicia-implanta-un-nuevo-sistema-de-licitacion-electronica\/\",\"url\":\"https:\/\/www.vortal.biz\/es\/la-xunta-de-galicia-implanta-un-nuevo-sistema-de-licitacion-electronica\/\",\"name\":\"La Xunta de Galicia implanta un nuevo sistema de licitaci\u00f3n electr\u00f3nica - VORTAL\",\"isPartOf\":{\"@id\":\"https:\/\/www.vortal.biz\/pt-pt\/#website\"},\"datePublished\":\"2014-09-09T15:28:38+00:00\",\"dateModified\":\"2021-08-06T15:29:50+00:00\",\"author\":{\"@id\":\"https:\/\/www.vortal.biz\/pt-pt\/#\/schema\/person\/de007f49a9003cc0fec169585b65ddb2\"},\"breadcrumb\":{\"@id\":\"https:\/\/www.vortal.biz\/es\/la-xunta-de-galicia-implanta-un-nuevo-sistema-de-licitacion-electronica\/#breadcrumb\"},\"inLanguage\":\"es\",\"potentialAction\":[{\"@type\":\"ReadAction\",\"target\":[\"https:\/\/www.vortal.biz\/es\/la-xunta-de-galicia-implanta-un-nuevo-sistema-de-licitacion-electronica\/\"]}]},{\"@type\":\"BreadcrumbList\",\"@id\":\"https:\/\/www.vortal.biz\/es\/la-xunta-de-galicia-implanta-un-nuevo-sistema-de-licitacion-electronica\/#breadcrumb\",\"itemListElement\":[{\"@type\":\"ListItem\",\"position\":1,\"name\":\"Home\",\"item\":\"https:\/\/www.vortal.biz\/es\/\"},{\"@type\":\"ListItem\",\"position\":2,\"name\":\"La Xunta de Galicia implanta un nuevo sistema de licitaci\u00f3n electr\u00f3nica\"}]},{\"@type\":\"WebSite\",\"@id\":\"https:\/\/www.vortal.biz\/pt-pt\/#website\",\"url\":\"https:\/\/www.vortal.biz\/pt-pt\/\",\"name\":\"VORTAL\",\"description\":\"Connecting Business\",\"potentialAction\":[{\"@type\":\"SearchAction\",\"target\":{\"@type\":\"EntryPoint\",\"urlTemplate\":\"https:\/\/www.vortal.biz\/pt-pt\/?s={search_term_string}\"},\"query-input\":\"required name=search_term_string\"}],\"inLanguage\":\"es\"},{\"@type\":\"Person\",\"@id\":\"https:\/\/www.vortal.biz\/pt-pt\/#\/schema\/person\/de007f49a9003cc0fec169585b65ddb2\",\"name\":\"Helida Oliveira\",\"image\":{\"@type\":\"ImageObject\",\"inLanguage\":\"es\",\"@id\":\"https:\/\/www.vortal.biz\/pt-pt\/#\/schema\/person\/image\/\",\"url\":\"https:\/\/secure.gravatar.com\/avatar\/2485383d4ceb69bbd668ac515d6bdb03?s=96&d=mm&r=g\",\"contentUrl\":\"https:\/\/secure.gravatar.com\/avatar\/2485383d4ceb69bbd668ac515d6bdb03?s=96&d=mm&r=g\",\"caption\":\"Helida Oliveira\"},\"url\":\"https:\/\/www.vortal.biz\/es\/author\/helida-oliveira\/\"}]}<\/script>\n<!-- \/ Yoast SEO plugin. -->","yoast_head_json":{"title":"La Xunta de Galicia implanta un nuevo sistema de licitaci\u00f3n electr\u00f3nica - VORTAL","robots":{"index":"index","follow":"follow","max-snippet":"max-snippet:-1","max-image-preview":"max-image-preview:large","max-video-preview":"max-video-preview:-1"},"canonical":"https:\/\/www.vortal.biz\/es\/la-xunta-de-galicia-implanta-un-nuevo-sistema-de-licitacion-electronica\/","og_locale":"es_ES","og_type":"article","og_title":"La Xunta de Galicia implanta un nuevo sistema de licitaci\u00f3n electr\u00f3nica - VORTAL","og_url":"https:\/\/www.vortal.biz\/es\/la-xunta-de-galicia-implanta-un-nuevo-sistema-de-licitacion-electronica\/","og_site_name":"VORTAL","article_published_time":"2014-09-09T15:28:38+00:00","article_modified_time":"2021-08-06T15:29:50+00:00","author":"Helida Oliveira","twitter_card":"summary_large_image","twitter_misc":{"Escrito por":"Helida Oliveira","Tiempo de lectura":"3 minutos"},"schema":{"@context":"https:\/\/schema.org","@graph":[{"@type":"WebPage","@id":"https:\/\/www.vortal.biz\/es\/la-xunta-de-galicia-implanta-un-nuevo-sistema-de-licitacion-electronica\/","url":"https:\/\/www.vortal.biz\/es\/la-xunta-de-galicia-implanta-un-nuevo-sistema-de-licitacion-electronica\/","name":"La Xunta de Galicia implanta un nuevo sistema de licitaci\u00f3n electr\u00f3nica - VORTAL","isPartOf":{"@id":"https:\/\/www.vortal.biz\/pt-pt\/#website"},"datePublished":"2014-09-09T15:28:38+00:00","dateModified":"2021-08-06T15:29:50+00:00","author":{"@id":"https:\/\/www.vortal.biz\/pt-pt\/#\/schema\/person\/de007f49a9003cc0fec169585b65ddb2"},"breadcrumb":{"@id":"https:\/\/www.vortal.biz\/es\/la-xunta-de-galicia-implanta-un-nuevo-sistema-de-licitacion-electronica\/#breadcrumb"},"inLanguage":"es","potentialAction":[{"@type":"ReadAction","target":["https:\/\/www.vortal.biz\/es\/la-xunta-de-galicia-implanta-un-nuevo-sistema-de-licitacion-electronica\/"]}]},{"@type":"BreadcrumbList","@id":"https:\/\/www.vortal.biz\/es\/la-xunta-de-galicia-implanta-un-nuevo-sistema-de-licitacion-electronica\/#breadcrumb","itemListElement":[{"@type":"ListItem","position":1,"name":"Home","item":"https:\/\/www.vortal.biz\/es\/"},{"@type":"ListItem","position":2,"name":"La Xunta de Galicia implanta un nuevo sistema de licitaci\u00f3n electr\u00f3nica"}]},{"@type":"WebSite","@id":"https:\/\/www.vortal.biz\/pt-pt\/#website","url":"https:\/\/www.vortal.biz\/pt-pt\/","name":"VORTAL","description":"Connecting Business","potentialAction":[{"@type":"SearchAction","target":{"@type":"EntryPoint","urlTemplate":"https:\/\/www.vortal.biz\/pt-pt\/?s={search_term_string}"},"query-input":"required name=search_term_string"}],"inLanguage":"es"},{"@type":"Person","@id":"https:\/\/www.vortal.biz\/pt-pt\/#\/schema\/person\/de007f49a9003cc0fec169585b65ddb2","name":"Helida Oliveira","image":{"@type":"ImageObject","inLanguage":"es","@id":"https:\/\/www.vortal.biz\/pt-pt\/#\/schema\/person\/image\/","url":"https:\/\/secure.gravatar.com\/avatar\/2485383d4ceb69bbd668ac515d6bdb03?s=96&d=mm&r=g","contentUrl":"https:\/\/secure.gravatar.com\/avatar\/2485383d4ceb69bbd668ac515d6bdb03?s=96&d=mm&r=g","caption":"Helida Oliveira"},"url":"https:\/\/www.vortal.biz\/es\/author\/helida-oliveira\/"}]}},"_links":{"self":[{"href":"https:\/\/www.vortal.biz\/es\/wp-json\/wp\/v2\/posts\/7379"}],"collection":[{"href":"https:\/\/www.vortal.biz\/es\/wp-json\/wp\/v2\/posts"}],"about":[{"href":"https:\/\/www.vortal.biz\/es\/wp-json\/wp\/v2\/types\/post"}],"author":[{"embeddable":true,"href":"https:\/\/www.vortal.biz\/es\/wp-json\/wp\/v2\/users\/5639"}],"replies":[{"embeddable":true,"href":"https:\/\/www.vortal.biz\/es\/wp-json\/wp\/v2\/comments?post=7379"}],"version-history":[{"count":0,"href":"https:\/\/www.vortal.biz\/es\/wp-json\/wp\/v2\/posts\/7379\/revisions"}],"wp:attachment":[{"href":"https:\/\/www.vortal.biz\/es\/wp-json\/wp\/v2\/media?parent=7379"}],"wp:term":[{"taxonomy":"category","embeddable":true,"href":"https:\/\/www.vortal.biz\/es\/wp-json\/wp\/v2\/categories?post=7379"},{"taxonomy":"post_tag","embeddable":true,"href":"https:\/\/www.vortal.biz\/es\/wp-json\/wp\/v2\/tags?post=7379"}],"curies":[{"name":"wp","href":"https:\/\/api.w.org\/{rel}","templated":true}]}}