{"id":7365,"date":"2015-04-27T15:14:14","date_gmt":"2015-04-27T15:14:14","guid":{"rendered":"https:\/\/www.vortal.biz\/?p=7365"},"modified":"2021-08-06T15:17:10","modified_gmt":"2021-08-06T15:17:10","slug":"quien-no-implanta-la-licitacion-electronica-es-porque-no-quiere","status":"publish","type":"post","link":"https:\/\/www.vortal.biz\/es\/quien-no-implanta-la-licitacion-electronica-es-porque-no-quiere\/","title":{"rendered":"\u201cQuien no implanta la licitaci\u00f3n electr\u00f3nica es porque no quiere\u201d"},"content":{"rendered":"<div class=\"fusion-fullwidth fullwidth-box fusion-builder-row-1 fusion-flex-container nonhundred-percent-fullwidth non-hundred-percent-height-scrolling\" style=\"background-color: rgba(255,255,255,0);background-position: center center;background-repeat: no-repeat;border-width: 0px 0px 0px 0px;border-color:#e2e2e2;border-style:solid;\" ><div class=\"fusion-builder-row fusion-row fusion-flex-align-items-flex-start\" style=\"max-width:calc( 1640px + 32px );margin-left: calc(-32px \/ 2 );margin-right: calc(-32px \/ 2 );\"><div class=\"fusion-layout-column fusion_builder_column fusion-builder-column-0 fusion_builder_column_1_1 1_1 fusion-flex-column\"><div class=\"fusion-column-wrapper fusion-flex-justify-content-flex-start fusion-content-layout-column\" style=\"background-position:left top;background-repeat:no-repeat;-webkit-background-size:cover;-moz-background-size:cover;-o-background-size:cover;background-size:cover;padding: 0px 0px 0px 0px;\"><div class=\"fusion-text fusion-text-1\"><p>Un a\u00f1o m\u00e1s hemos tenido el placer de participar activamente en el Congreso Nacional de Innovaci\u00f3n y Servicios P\u00fablicos (CNIS 2015). Entre las actividades que hemos \u201causpiciado\u201d se encuentra una mesa de debate en donde diversas AAPP han hablado sobre su experiencia a la hora de implantar la licitaci\u00f3n electr\u00f3nica en sus entidades. Estuvieron con nosotros Araceli Fern\u00e1ndez del Ayuntamiento de Arganda del Rey, Susana Alonso del Ayuntamiento de Gij\u00f3n, V\u00edctor Almonacid del Ayuntamiento de Alzira y Juan Marquina de la Diputaci\u00f3n de Orense.<\/p>\n<p>El debate, que estuvo moderado por Jos\u00e9 Luis Ar\u00edstegui \u2013 VORTAL -, sirvi\u00f3 para que los presentes hiciesen hincapi\u00e9 en algunos de los factores claves para implantar la licitaci\u00f3n p\u00fablica electr\u00f3nica con \u00e9xito. A continuaci\u00f3n destacamos algunas de las conclusiones principales, aunque si ten\u00e9is un rato os animamos a ver el video que tambi\u00e9n encontrar\u00e9is a continuaci\u00f3n:<\/p>\n<p><strong>Posibilidad de obligar a las empresas a licitar electr\u00f3nica<\/strong><\/p>\n<p>V\u00edctor Almonacid, Secretario del Ayuntamiento de Alizra, afirm\u00f3 que la Ley 11\/2017 permite obligar a las empresas a presentar sus ofertas por v\u00eda electr\u00f3nica. Las AAPP pueden, v\u00eda reglamentaria, obligar a personas f\u00edsicas y jur\u00eddicas a relacionarse con la administraci\u00f3n por medios electr\u00f3nicos.<\/p>\n<p>De la misma opini\u00f3n se mostr\u00f3 Juan Marquina, Vicesecretario General de la Diputaci\u00f3n de Orense, que incluso lleg\u00f3 a afirmar, interpelado por V\u00edctor, que llegado el momento podr\u00edan ser las propias empresas quienes reclamasen a la administraci\u00f3n medios electr\u00f3nicos para presentar sus ofertas.<\/p>\n<p><strong>Arranque de proyecto \u2013 la gesti\u00f3n del cambio<\/strong><\/p>\n<p>Susana Alonso, Responsable de Proyectos de Modernizaci\u00f3n del Ayuntamiento de Gij\u00f3n, hizo especial hincapi\u00e9 en esta cuesti\u00f3n. Explic\u00f3 como desde Gij\u00f3n se ha tratado esta cuesti\u00f3n<\/p>\n<p>desde una doble perspectiva: la interna y la externa. Se refiri\u00f3 a que desde el Ayuntamiento ya se han celebrado m\u00e1s de 20 sesiones de formaci\u00f3n a proveedores que ya empiezan a asumir la licitaci\u00f3n electr\u00f3nica como algo normal. Seg\u00fan Susana este hecho permite que a medida que transcurren los meses el n\u00famero medio de ofertas presentadas por procedimientos aumente.<\/p>\n<p>En este punto, Araceli Fern\u00e1ndez, Concejala de Innovaci\u00f3n y Calidad del Ayuntamiento de Arganda del Rey, destac\u00f3 la importancia de la labor de apoyo a usuarios internos realizada desde el equipo interno a cargo del proyecto. Son ellos los encargados\u2028de \u201cevangelizar\u201d a sus compa\u00f1eros.<\/p>\n<p>Para la concejala de Arganda es imprescindible ser capaces de transmitir muy bien los principales beneficios que aporta el sistema tanto para funcionarios como para empresarios, \u201clo que hay que vender son los beneficios del proyecto\u201d.<br \/>\nPor \u00faltimo, tambi\u00e9n calific\u00f3 como crucial en el caso de Arganda el apoyo que han tenido en todo momento desde Intervenci\u00f3n, lo que ha ayudado a que el proyecto se ejecute de forma eficaz.<\/p>\n<p><strong>\u00bfEst\u00e1n los licitadores preparados?<\/strong><\/p>\n<p>Juan Marquina fue el primero en abordar este tema. Se mostr\u00f3 positivamente sorprendido por como los proveedores estaban reaccionando en los primeros meses en los que la Diputaci\u00f3n est\u00e1 licitando en electr\u00f3nico. Indic\u00f3 tambi\u00e9n que para su sorpresa muchos de sus proveedores ya conoc\u00edan la plataforma, y que un elevado porcentaje de ellos ya estaban dados de alta para presentar sus ofertas a otras entidades que ya utilizan la plataforma para licitar.<\/p>\n<p>Adem\u00e1s Susana Alonso afirm\u00f3 que en el caso de Gij\u00f3n (contratos menores), en donde priman criterios fundamentalmente cuantitativos a la hora de adjudicar, los proveedores se han mostrado muy satisfechos. Valoran muy positivamente la transparencia que se ha introducido gracias al proceso electr\u00f3nico.<\/p>\n<p><strong>\u00bfSi los beneficios son claros, por qu\u00e9 no se implanta?<\/strong><\/p>\n<p>Como afirma Marquina, Espa\u00f1a est\u00e1 en puesto 20 de la UE en cuanto a implantaci\u00f3n de licitaci\u00f3n electr\u00f3nica y este hecho se debe achacar principalmente a la ausencia de una legislaci\u00f3n que lo imponga. Para V\u00edctor Almonacid el problema es m\u00e1s simple, la principal raz\u00f3n es que \u201cquien no implanta la licitaci\u00f3n electr\u00f3nica es porque no quiere hacerlo\u201d.<\/p>\n<p>Por desgracia el debate finaliz\u00f3 sin preguntas ya que Miguel de Bas no nos dej\u00f3 porque ya \u00edbamos justos de tiempo \ud83d\ude42 . Si algunos de los asistentes os quedasteis con alguna duda por favor hacerlas en la secci\u00f3n de comentarios y se la transmitiremos a los protagonistas para que las respondan.<\/p>\n<p>Muchas gracias a Araceli, Susana, V\u00edctor y Juan por aceptar nuestra invitaci\u00f3n para participar en este encuentro y aportar informaci\u00f3n de tanto valor al debate.<\/p>\n<p>Nota: El pasado 17 de abril fue aprobado en Consejo de Ministros el Anteproyecto de la nueva Ley de Contratos. Pod\u00e9is encontrar las principales novedades en este link: <a href=\"http:\/\/www.obcp.es\/opiniones\/novedades-introducidas-en-el-anteproyecto-de-ley-de-contratos-del-sector-publico\" rel=\"noopener\" target=\"_blank\">http:\/\/www.obcp.es\/opiniones\/novedades-introducidas-en-el-anteproyecto-de-ley-de-contratos-del-sector-publico<\/a><\/p>\n<\/div><\/div><style type=\"text\/css\">.fusion-body .fusion-builder-column-0{width:100% !important;margin-top : 0px;margin-bottom : 0px;}.fusion-builder-column-0 > .fusion-column-wrapper {padding-top : 0px !important;padding-right : 0px !important;margin-right : 16px;padding-bottom : 0px !important;padding-left : 0px !important;margin-left : 16px;}@media only screen and (max-width:1024px) {.fusion-body .fusion-builder-column-0{width:100% !important;}.fusion-builder-column-0 > .fusion-column-wrapper {margin-right : 16px;margin-left : 16px;}}@media only screen and (max-width:640px) {.fusion-body .fusion-builder-column-0{width:100% !important;}.fusion-builder-column-0 > .fusion-column-wrapper {margin-right : 16px;margin-left : 16px;}}<\/style><\/div><\/div><style type=\"text\/css\">.fusion-body .fusion-flex-container.fusion-builder-row-1{ padding-top : 0px;margin-top : 0px;padding-right : 0px;padding-bottom : 0px;margin-bottom : 0px;padding-left : 0px;}<\/style><\/div>\n","protected":false},"excerpt":{"rendered":"","protected":false},"author":5639,"featured_media":0,"comment_status":"open","ping_status":"open","sticky":false,"template":"","format":"standard","meta":{"footnotes":""},"categories":[7],"tags":[],"yoast_head":"<!-- This site is optimized with the Yoast SEO plugin v22.3 - https:\/\/yoast.com\/wordpress\/plugins\/seo\/ -->\n<title>\u201cQuien no implanta la licitaci\u00f3n electr\u00f3nica es porque no quiere\u201d - VORTAL<\/title>\n<meta name=\"robots\" content=\"index, follow, max-snippet:-1, max-image-preview:large, max-video-preview:-1\" \/>\n<link rel=\"canonical\" href=\"https:\/\/www.vortal.biz\/es\/quien-no-implanta-la-licitacion-electronica-es-porque-no-quiere\/\" \/>\n<meta property=\"og:locale\" content=\"es_ES\" \/>\n<meta property=\"og:type\" content=\"article\" \/>\n<meta property=\"og:title\" content=\"\u201cQuien no implanta la licitaci\u00f3n electr\u00f3nica es porque no quiere\u201d - VORTAL\" \/>\n<meta property=\"og:url\" content=\"https:\/\/www.vortal.biz\/es\/quien-no-implanta-la-licitacion-electronica-es-porque-no-quiere\/\" \/>\n<meta property=\"og:site_name\" content=\"VORTAL\" \/>\n<meta property=\"article:published_time\" content=\"2015-04-27T15:14:14+00:00\" \/>\n<meta property=\"article:modified_time\" content=\"2021-08-06T15:17:10+00:00\" \/>\n<meta name=\"author\" content=\"Helida Oliveira\" \/>\n<meta name=\"twitter:card\" content=\"summary_large_image\" \/>\n<meta name=\"twitter:label1\" content=\"Escrito por\" \/>\n\t<meta name=\"twitter:data1\" content=\"Helida Oliveira\" \/>\n\t<meta name=\"twitter:label2\" content=\"Tiempo de lectura\" \/>\n\t<meta name=\"twitter:data2\" content=\"3 minutos\" \/>\n<script type=\"application\/ld+json\" class=\"yoast-schema-graph\">{\"@context\":\"https:\/\/schema.org\",\"@graph\":[{\"@type\":\"WebPage\",\"@id\":\"https:\/\/www.vortal.biz\/es\/quien-no-implanta-la-licitacion-electronica-es-porque-no-quiere\/\",\"url\":\"https:\/\/www.vortal.biz\/es\/quien-no-implanta-la-licitacion-electronica-es-porque-no-quiere\/\",\"name\":\"\u201cQuien no implanta la licitaci\u00f3n electr\u00f3nica es porque no quiere\u201d - VORTAL\",\"isPartOf\":{\"@id\":\"https:\/\/www.vortal.biz\/pt-pt\/#website\"},\"datePublished\":\"2015-04-27T15:14:14+00:00\",\"dateModified\":\"2021-08-06T15:17:10+00:00\",\"author\":{\"@id\":\"https:\/\/www.vortal.biz\/pt-pt\/#\/schema\/person\/de007f49a9003cc0fec169585b65ddb2\"},\"breadcrumb\":{\"@id\":\"https:\/\/www.vortal.biz\/es\/quien-no-implanta-la-licitacion-electronica-es-porque-no-quiere\/#breadcrumb\"},\"inLanguage\":\"es\",\"potentialAction\":[{\"@type\":\"ReadAction\",\"target\":[\"https:\/\/www.vortal.biz\/es\/quien-no-implanta-la-licitacion-electronica-es-porque-no-quiere\/\"]}]},{\"@type\":\"BreadcrumbList\",\"@id\":\"https:\/\/www.vortal.biz\/es\/quien-no-implanta-la-licitacion-electronica-es-porque-no-quiere\/#breadcrumb\",\"itemListElement\":[{\"@type\":\"ListItem\",\"position\":1,\"name\":\"Home\",\"item\":\"https:\/\/www.vortal.biz\/es\/\"},{\"@type\":\"ListItem\",\"position\":2,\"name\":\"\u201cQuien no implanta la licitaci\u00f3n electr\u00f3nica es porque no quiere\u201d\"}]},{\"@type\":\"WebSite\",\"@id\":\"https:\/\/www.vortal.biz\/pt-pt\/#website\",\"url\":\"https:\/\/www.vortal.biz\/pt-pt\/\",\"name\":\"VORTAL\",\"description\":\"Connecting Business\",\"potentialAction\":[{\"@type\":\"SearchAction\",\"target\":{\"@type\":\"EntryPoint\",\"urlTemplate\":\"https:\/\/www.vortal.biz\/pt-pt\/?s={search_term_string}\"},\"query-input\":\"required name=search_term_string\"}],\"inLanguage\":\"es\"},{\"@type\":\"Person\",\"@id\":\"https:\/\/www.vortal.biz\/pt-pt\/#\/schema\/person\/de007f49a9003cc0fec169585b65ddb2\",\"name\":\"Helida Oliveira\",\"image\":{\"@type\":\"ImageObject\",\"inLanguage\":\"es\",\"@id\":\"https:\/\/www.vortal.biz\/pt-pt\/#\/schema\/person\/image\/\",\"url\":\"https:\/\/secure.gravatar.com\/avatar\/2485383d4ceb69bbd668ac515d6bdb03?s=96&d=mm&r=g\",\"contentUrl\":\"https:\/\/secure.gravatar.com\/avatar\/2485383d4ceb69bbd668ac515d6bdb03?s=96&d=mm&r=g\",\"caption\":\"Helida Oliveira\"},\"url\":\"https:\/\/www.vortal.biz\/es\/author\/helida-oliveira\/\"}]}<\/script>\n<!-- \/ Yoast SEO plugin. -->","yoast_head_json":{"title":"\u201cQuien no implanta la licitaci\u00f3n electr\u00f3nica es porque no quiere\u201d - VORTAL","robots":{"index":"index","follow":"follow","max-snippet":"max-snippet:-1","max-image-preview":"max-image-preview:large","max-video-preview":"max-video-preview:-1"},"canonical":"https:\/\/www.vortal.biz\/es\/quien-no-implanta-la-licitacion-electronica-es-porque-no-quiere\/","og_locale":"es_ES","og_type":"article","og_title":"\u201cQuien no implanta la licitaci\u00f3n electr\u00f3nica es porque no quiere\u201d - VORTAL","og_url":"https:\/\/www.vortal.biz\/es\/quien-no-implanta-la-licitacion-electronica-es-porque-no-quiere\/","og_site_name":"VORTAL","article_published_time":"2015-04-27T15:14:14+00:00","article_modified_time":"2021-08-06T15:17:10+00:00","author":"Helida Oliveira","twitter_card":"summary_large_image","twitter_misc":{"Escrito por":"Helida Oliveira","Tiempo de lectura":"3 minutos"},"schema":{"@context":"https:\/\/schema.org","@graph":[{"@type":"WebPage","@id":"https:\/\/www.vortal.biz\/es\/quien-no-implanta-la-licitacion-electronica-es-porque-no-quiere\/","url":"https:\/\/www.vortal.biz\/es\/quien-no-implanta-la-licitacion-electronica-es-porque-no-quiere\/","name":"\u201cQuien no implanta la licitaci\u00f3n electr\u00f3nica es porque no quiere\u201d - VORTAL","isPartOf":{"@id":"https:\/\/www.vortal.biz\/pt-pt\/#website"},"datePublished":"2015-04-27T15:14:14+00:00","dateModified":"2021-08-06T15:17:10+00:00","author":{"@id":"https:\/\/www.vortal.biz\/pt-pt\/#\/schema\/person\/de007f49a9003cc0fec169585b65ddb2"},"breadcrumb":{"@id":"https:\/\/www.vortal.biz\/es\/quien-no-implanta-la-licitacion-electronica-es-porque-no-quiere\/#breadcrumb"},"inLanguage":"es","potentialAction":[{"@type":"ReadAction","target":["https:\/\/www.vortal.biz\/es\/quien-no-implanta-la-licitacion-electronica-es-porque-no-quiere\/"]}]},{"@type":"BreadcrumbList","@id":"https:\/\/www.vortal.biz\/es\/quien-no-implanta-la-licitacion-electronica-es-porque-no-quiere\/#breadcrumb","itemListElement":[{"@type":"ListItem","position":1,"name":"Home","item":"https:\/\/www.vortal.biz\/es\/"},{"@type":"ListItem","position":2,"name":"\u201cQuien no implanta la licitaci\u00f3n electr\u00f3nica es porque no quiere\u201d"}]},{"@type":"WebSite","@id":"https:\/\/www.vortal.biz\/pt-pt\/#website","url":"https:\/\/www.vortal.biz\/pt-pt\/","name":"VORTAL","description":"Connecting Business","potentialAction":[{"@type":"SearchAction","target":{"@type":"EntryPoint","urlTemplate":"https:\/\/www.vortal.biz\/pt-pt\/?s={search_term_string}"},"query-input":"required name=search_term_string"}],"inLanguage":"es"},{"@type":"Person","@id":"https:\/\/www.vortal.biz\/pt-pt\/#\/schema\/person\/de007f49a9003cc0fec169585b65ddb2","name":"Helida Oliveira","image":{"@type":"ImageObject","inLanguage":"es","@id":"https:\/\/www.vortal.biz\/pt-pt\/#\/schema\/person\/image\/","url":"https:\/\/secure.gravatar.com\/avatar\/2485383d4ceb69bbd668ac515d6bdb03?s=96&d=mm&r=g","contentUrl":"https:\/\/secure.gravatar.com\/avatar\/2485383d4ceb69bbd668ac515d6bdb03?s=96&d=mm&r=g","caption":"Helida Oliveira"},"url":"https:\/\/www.vortal.biz\/es\/author\/helida-oliveira\/"}]}},"_links":{"self":[{"href":"https:\/\/www.vortal.biz\/es\/wp-json\/wp\/v2\/posts\/7365"}],"collection":[{"href":"https:\/\/www.vortal.biz\/es\/wp-json\/wp\/v2\/posts"}],"about":[{"href":"https:\/\/www.vortal.biz\/es\/wp-json\/wp\/v2\/types\/post"}],"author":[{"embeddable":true,"href":"https:\/\/www.vortal.biz\/es\/wp-json\/wp\/v2\/users\/5639"}],"replies":[{"embeddable":true,"href":"https:\/\/www.vortal.biz\/es\/wp-json\/wp\/v2\/comments?post=7365"}],"version-history":[{"count":0,"href":"https:\/\/www.vortal.biz\/es\/wp-json\/wp\/v2\/posts\/7365\/revisions"}],"wp:attachment":[{"href":"https:\/\/www.vortal.biz\/es\/wp-json\/wp\/v2\/media?parent=7365"}],"wp:term":[{"taxonomy":"category","embeddable":true,"href":"https:\/\/www.vortal.biz\/es\/wp-json\/wp\/v2\/categories?post=7365"},{"taxonomy":"post_tag","embeddable":true,"href":"https:\/\/www.vortal.biz\/es\/wp-json\/wp\/v2\/tags?post=7365"}],"curies":[{"name":"wp","href":"https:\/\/api.w.org\/{rel}","templated":true}]}}