{"id":7363,"date":"2015-04-29T15:08:44","date_gmt":"2015-04-29T15:08:44","guid":{"rendered":"https:\/\/www.vortal.biz\/?p=7363"},"modified":"2021-08-06T15:12:55","modified_gmt":"2021-08-06T15:12:55","slug":"las-mejores-sintesis-del-anteproyecto-de-ley-de-contratos-del-sector-publico","status":"publish","type":"post","link":"https:\/\/www.vortal.biz\/es\/las-mejores-sintesis-del-anteproyecto-de-ley-de-contratos-del-sector-publico\/","title":{"rendered":"Las mejores s\u00edntesis del Anteproyecto de Ley de Contratos del Sector P\u00fablico"},"content":{"rendered":"<div class=\"fusion-fullwidth fullwidth-box fusion-builder-row-1 fusion-flex-container nonhundred-percent-fullwidth non-hundred-percent-height-scrolling\" style=\"background-color: rgba(255,255,255,0);background-position: center center;background-repeat: no-repeat;border-width: 0px 0px 0px 0px;border-color:#e2e2e2;border-style:solid;\" ><div class=\"fusion-builder-row fusion-row fusion-flex-align-items-flex-start\" style=\"max-width:calc( 1640px + 32px );margin-left: calc(-32px \/ 2 );margin-right: calc(-32px \/ 2 );\"><div class=\"fusion-layout-column fusion_builder_column fusion-builder-column-0 fusion_builder_column_1_1 1_1 fusion-flex-column\"><div class=\"fusion-column-wrapper fusion-flex-justify-content-flex-start fusion-content-layout-column\" style=\"background-position:left top;background-repeat:no-repeat;-webkit-background-size:cover;-moz-background-size:cover;-o-background-size:cover;background-size:cover;padding: 0px 0px 0px 0px;\"><div class=\"fusion-text fusion-text-1\"><p>El pasado d\u00eda 17 de abril se aprob\u00f3 en Consejo de Ministros el Anteproyecto de Ley de Contratos del Sector P\u00fablico. El objetivo de esta nueva ley es el de incorporar al ordenamiento jur\u00eddico espa\u00f1ol la Directiva 2014\/24\/UE del Parlamento Europeo y del Consejo de 26 de febrero de 2014 sobre contrataci\u00f3n p\u00fablica y por la que se deroga la Directiva 2004\/18\/CE.<\/p>\n<p>Dicha directiva supone un avance en cuanto a la apuesta decidida por la implantaci\u00f3n de medios electr\u00f3nicos en la contrataci\u00f3n p\u00fablica, estableci\u00e9ndola como obligatoria en los plazos previstos a nivel comunitario.<\/p>\n<p>Ya ha habido especialistas que han analizado este tema. Desde este blog nos gustar\u00eda destacar dos aportaciones que consideramos muy relevantes y que explican de forma muy sint\u00e9tica las principales novedades del texto:<\/p>\n<p><strong>La contrataci\u00f3n electr\u00f3nica en la futura LCSP<\/strong><\/p>\n<p>V\u00edctor Almonacid, Secretario del Ayuntamiento de Alzira, en el art\u00edculo publicado en su blog celebra el texto.  Aunque incluye algunas salvedad como la no reducci\u00f3n de los umbrales para la consideraci\u00f3n del contrato menor, que en la contrataci\u00f3n local los contratos por debajo de estos umbrales representan el 80% del total (el art. 118 del Anteproyecto es igual que el 111 del TRLSCP).<\/p>\n<p>Asimismo hace referencia a la Memoria del An\u00e1lisis de Impacto Normativo de la nueva LCSP en la que se destaca que \u201cla utilizaci\u00f3n de las nuevas tecnolog\u00edas y sistemas electr\u00f3nicos de comunicaci\u00f3n permiten agilizar la gesti\u00f3n de la Contrataci\u00f3n p\u00fablica. De este modo, siguiendo el camino marcado por la Uni\u00f3n Europea y actuando en consonancia con la situaci\u00f3n actual en el contexto internacional, se potencia la contrataci\u00f3n electr\u00f3nica con el objetivo de convertirla en la regla general en los procesos de adquisici\u00f3n de bienes y servicios, manteniendo la contrataci\u00f3n no electr\u00f3nica como residual y excepcional\u201d.<\/p>\n<p>En el art\u00edculo se tratan otros temas que impacta esta nueva ley como el papel del Estado y los proveedores de servicios de contrataci\u00f3n electr\u00f3nica, el fomento de las PYMEs y emprendedores o las medidas contra la corrupci\u00f3n. Asimismo se desglosan de forma clara los principales art\u00edculos de la ley que hacen referencia e impactan en la contrataci\u00f3n local.<\/p>\n<p>Leer art\u00edculo: <a href=\"https:\/\/nosoloaytos.wordpress.com\/2015\/03\/21\/la-contratacion-electronica-en-la-futura-lcsp\/\" rel=\"noopener\" target=\"_blank\">https:\/\/nosoloaytos.wordpress.com\/2015\/03\/21\/la-contratacion-electronica-en-la-futura-lcsp\/<\/a><\/p>\n<p><strong>Novedades introducidas en el Anteproyecto de LCSP<\/strong><\/p>\n<p>Jos\u00e9 Mar\u00eda Gimeno Feliu, Catedr\u00e1tico de Derecho Administrativo de la Universidad de Zaragoza, analiza en la secci\u00f3n de opini\u00f3n del Observatorio de Contrataci\u00f3n P\u00fablica los principales cambios que introducir\u00e1 la nueva ley. Desde una perspectiva muy pragm\u00e1tica el Catedr\u00e1tico enumera en un an\u00e1lisis muy bien estructurado las principales novedades, entre las que destacan:<\/p>\n<p>&#8211; Comunicaciones electr\u00f3nicas en todos los casos.<br \/>\n&#8211; Acceso a los pliegos y dem\u00e1s documentaci\u00f3n complementaria por medios electr\u00f3nicos a trav\u00e9s del perfil de contratante, acceso que ser\u00e1 libre, directo, completo y gratuito, y que deber\u00e1 poder efectuarse desde la fecha de la publicaci\u00f3n del anuncio de licitaci\u00f3n o, en su caso, del env\u00edo de la invitaci\u00f3n a los candidatos seleccionados.<br \/>\n&#8211; Extensi\u00f3n regla de medios electr\u00f3nicos, incluso para ofertas.<br \/>\n&#8211; Notificaci\u00f3n de la adjudicaci\u00f3n por medios electr\u00f3nicos.<\/p>\n<\/div><\/div><style type=\"text\/css\">.fusion-body .fusion-builder-column-0{width:100% !important;margin-top : 0px;margin-bottom : 0px;}.fusion-builder-column-0 > .fusion-column-wrapper {padding-top : 0px !important;padding-right : 0px !important;margin-right : 16px;padding-bottom : 0px !important;padding-left : 0px !important;margin-left : 16px;}@media only screen and (max-width:1024px) {.fusion-body .fusion-builder-column-0{width:100% !important;}.fusion-builder-column-0 > .fusion-column-wrapper {margin-right : 16px;margin-left : 16px;}}@media only screen and (max-width:640px) {.fusion-body .fusion-builder-column-0{width:100% !important;}.fusion-builder-column-0 > .fusion-column-wrapper {margin-right : 16px;margin-left : 16px;}}<\/style><\/div><\/div><style type=\"text\/css\">.fusion-body .fusion-flex-container.fusion-builder-row-1{ padding-top : 0px;margin-top : 0px;padding-right : 0px;padding-bottom : 0px;margin-bottom : 0px;padding-left : 0px;}<\/style><\/div>\n","protected":false},"excerpt":{"rendered":"","protected":false},"author":5639,"featured_media":0,"comment_status":"open","ping_status":"open","sticky":false,"template":"","format":"standard","meta":{"footnotes":""},"categories":[7],"tags":[],"yoast_head":"<!-- This site is optimized with the Yoast SEO plugin v22.3 - https:\/\/yoast.com\/wordpress\/plugins\/seo\/ -->\n<title>Las mejores s\u00edntesis del Anteproyecto de Ley de Contratos del Sector P\u00fablico - VORTAL<\/title>\n<meta name=\"robots\" content=\"index, follow, max-snippet:-1, max-image-preview:large, max-video-preview:-1\" \/>\n<link rel=\"canonical\" href=\"https:\/\/www.vortal.biz\/es\/las-mejores-sintesis-del-anteproyecto-de-ley-de-contratos-del-sector-publico\/\" \/>\n<meta property=\"og:locale\" content=\"es_ES\" \/>\n<meta property=\"og:type\" content=\"article\" \/>\n<meta property=\"og:title\" content=\"Las mejores s\u00edntesis del Anteproyecto de Ley de Contratos del Sector P\u00fablico - VORTAL\" \/>\n<meta property=\"og:url\" content=\"https:\/\/www.vortal.biz\/es\/las-mejores-sintesis-del-anteproyecto-de-ley-de-contratos-del-sector-publico\/\" \/>\n<meta property=\"og:site_name\" content=\"VORTAL\" \/>\n<meta property=\"article:published_time\" content=\"2015-04-29T15:08:44+00:00\" \/>\n<meta property=\"article:modified_time\" content=\"2021-08-06T15:12:55+00:00\" \/>\n<meta name=\"author\" content=\"Helida Oliveira\" \/>\n<meta name=\"twitter:card\" content=\"summary_large_image\" \/>\n<meta name=\"twitter:label1\" content=\"Escrito por\" \/>\n\t<meta name=\"twitter:data1\" content=\"Helida Oliveira\" \/>\n\t<meta name=\"twitter:label2\" content=\"Tiempo de lectura\" \/>\n\t<meta name=\"twitter:data2\" content=\"3 minutos\" \/>\n<script type=\"application\/ld+json\" class=\"yoast-schema-graph\">{\"@context\":\"https:\/\/schema.org\",\"@graph\":[{\"@type\":\"WebPage\",\"@id\":\"https:\/\/www.vortal.biz\/es\/las-mejores-sintesis-del-anteproyecto-de-ley-de-contratos-del-sector-publico\/\",\"url\":\"https:\/\/www.vortal.biz\/es\/las-mejores-sintesis-del-anteproyecto-de-ley-de-contratos-del-sector-publico\/\",\"name\":\"Las mejores s\u00edntesis del Anteproyecto de Ley de Contratos del Sector P\u00fablico - VORTAL\",\"isPartOf\":{\"@id\":\"https:\/\/www.vortal.biz\/pt-pt\/#website\"},\"datePublished\":\"2015-04-29T15:08:44+00:00\",\"dateModified\":\"2021-08-06T15:12:55+00:00\",\"author\":{\"@id\":\"https:\/\/www.vortal.biz\/pt-pt\/#\/schema\/person\/de007f49a9003cc0fec169585b65ddb2\"},\"breadcrumb\":{\"@id\":\"https:\/\/www.vortal.biz\/es\/las-mejores-sintesis-del-anteproyecto-de-ley-de-contratos-del-sector-publico\/#breadcrumb\"},\"inLanguage\":\"es\",\"potentialAction\":[{\"@type\":\"ReadAction\",\"target\":[\"https:\/\/www.vortal.biz\/es\/las-mejores-sintesis-del-anteproyecto-de-ley-de-contratos-del-sector-publico\/\"]}]},{\"@type\":\"BreadcrumbList\",\"@id\":\"https:\/\/www.vortal.biz\/es\/las-mejores-sintesis-del-anteproyecto-de-ley-de-contratos-del-sector-publico\/#breadcrumb\",\"itemListElement\":[{\"@type\":\"ListItem\",\"position\":1,\"name\":\"Home\",\"item\":\"https:\/\/www.vortal.biz\/es\/\"},{\"@type\":\"ListItem\",\"position\":2,\"name\":\"Las mejores s\u00edntesis del Anteproyecto de Ley de Contratos del Sector P\u00fablico\"}]},{\"@type\":\"WebSite\",\"@id\":\"https:\/\/www.vortal.biz\/pt-pt\/#website\",\"url\":\"https:\/\/www.vortal.biz\/pt-pt\/\",\"name\":\"VORTAL\",\"description\":\"Connecting Business\",\"potentialAction\":[{\"@type\":\"SearchAction\",\"target\":{\"@type\":\"EntryPoint\",\"urlTemplate\":\"https:\/\/www.vortal.biz\/pt-pt\/?s={search_term_string}\"},\"query-input\":\"required name=search_term_string\"}],\"inLanguage\":\"es\"},{\"@type\":\"Person\",\"@id\":\"https:\/\/www.vortal.biz\/pt-pt\/#\/schema\/person\/de007f49a9003cc0fec169585b65ddb2\",\"name\":\"Helida Oliveira\",\"image\":{\"@type\":\"ImageObject\",\"inLanguage\":\"es\",\"@id\":\"https:\/\/www.vortal.biz\/pt-pt\/#\/schema\/person\/image\/\",\"url\":\"https:\/\/secure.gravatar.com\/avatar\/2485383d4ceb69bbd668ac515d6bdb03?s=96&d=mm&r=g\",\"contentUrl\":\"https:\/\/secure.gravatar.com\/avatar\/2485383d4ceb69bbd668ac515d6bdb03?s=96&d=mm&r=g\",\"caption\":\"Helida Oliveira\"},\"url\":\"https:\/\/www.vortal.biz\/es\/author\/helida-oliveira\/\"}]}<\/script>\n<!-- \/ Yoast SEO plugin. -->","yoast_head_json":{"title":"Las mejores s\u00edntesis del Anteproyecto de Ley de Contratos del Sector P\u00fablico - VORTAL","robots":{"index":"index","follow":"follow","max-snippet":"max-snippet:-1","max-image-preview":"max-image-preview:large","max-video-preview":"max-video-preview:-1"},"canonical":"https:\/\/www.vortal.biz\/es\/las-mejores-sintesis-del-anteproyecto-de-ley-de-contratos-del-sector-publico\/","og_locale":"es_ES","og_type":"article","og_title":"Las mejores s\u00edntesis del Anteproyecto de Ley de Contratos del Sector P\u00fablico - VORTAL","og_url":"https:\/\/www.vortal.biz\/es\/las-mejores-sintesis-del-anteproyecto-de-ley-de-contratos-del-sector-publico\/","og_site_name":"VORTAL","article_published_time":"2015-04-29T15:08:44+00:00","article_modified_time":"2021-08-06T15:12:55+00:00","author":"Helida Oliveira","twitter_card":"summary_large_image","twitter_misc":{"Escrito por":"Helida Oliveira","Tiempo de lectura":"3 minutos"},"schema":{"@context":"https:\/\/schema.org","@graph":[{"@type":"WebPage","@id":"https:\/\/www.vortal.biz\/es\/las-mejores-sintesis-del-anteproyecto-de-ley-de-contratos-del-sector-publico\/","url":"https:\/\/www.vortal.biz\/es\/las-mejores-sintesis-del-anteproyecto-de-ley-de-contratos-del-sector-publico\/","name":"Las mejores s\u00edntesis del Anteproyecto de Ley de Contratos del Sector P\u00fablico - VORTAL","isPartOf":{"@id":"https:\/\/www.vortal.biz\/pt-pt\/#website"},"datePublished":"2015-04-29T15:08:44+00:00","dateModified":"2021-08-06T15:12:55+00:00","author":{"@id":"https:\/\/www.vortal.biz\/pt-pt\/#\/schema\/person\/de007f49a9003cc0fec169585b65ddb2"},"breadcrumb":{"@id":"https:\/\/www.vortal.biz\/es\/las-mejores-sintesis-del-anteproyecto-de-ley-de-contratos-del-sector-publico\/#breadcrumb"},"inLanguage":"es","potentialAction":[{"@type":"ReadAction","target":["https:\/\/www.vortal.biz\/es\/las-mejores-sintesis-del-anteproyecto-de-ley-de-contratos-del-sector-publico\/"]}]},{"@type":"BreadcrumbList","@id":"https:\/\/www.vortal.biz\/es\/las-mejores-sintesis-del-anteproyecto-de-ley-de-contratos-del-sector-publico\/#breadcrumb","itemListElement":[{"@type":"ListItem","position":1,"name":"Home","item":"https:\/\/www.vortal.biz\/es\/"},{"@type":"ListItem","position":2,"name":"Las mejores s\u00edntesis del Anteproyecto de Ley de Contratos del Sector P\u00fablico"}]},{"@type":"WebSite","@id":"https:\/\/www.vortal.biz\/pt-pt\/#website","url":"https:\/\/www.vortal.biz\/pt-pt\/","name":"VORTAL","description":"Connecting Business","potentialAction":[{"@type":"SearchAction","target":{"@type":"EntryPoint","urlTemplate":"https:\/\/www.vortal.biz\/pt-pt\/?s={search_term_string}"},"query-input":"required name=search_term_string"}],"inLanguage":"es"},{"@type":"Person","@id":"https:\/\/www.vortal.biz\/pt-pt\/#\/schema\/person\/de007f49a9003cc0fec169585b65ddb2","name":"Helida Oliveira","image":{"@type":"ImageObject","inLanguage":"es","@id":"https:\/\/www.vortal.biz\/pt-pt\/#\/schema\/person\/image\/","url":"https:\/\/secure.gravatar.com\/avatar\/2485383d4ceb69bbd668ac515d6bdb03?s=96&d=mm&r=g","contentUrl":"https:\/\/secure.gravatar.com\/avatar\/2485383d4ceb69bbd668ac515d6bdb03?s=96&d=mm&r=g","caption":"Helida Oliveira"},"url":"https:\/\/www.vortal.biz\/es\/author\/helida-oliveira\/"}]}},"_links":{"self":[{"href":"https:\/\/www.vortal.biz\/es\/wp-json\/wp\/v2\/posts\/7363"}],"collection":[{"href":"https:\/\/www.vortal.biz\/es\/wp-json\/wp\/v2\/posts"}],"about":[{"href":"https:\/\/www.vortal.biz\/es\/wp-json\/wp\/v2\/types\/post"}],"author":[{"embeddable":true,"href":"https:\/\/www.vortal.biz\/es\/wp-json\/wp\/v2\/users\/5639"}],"replies":[{"embeddable":true,"href":"https:\/\/www.vortal.biz\/es\/wp-json\/wp\/v2\/comments?post=7363"}],"version-history":[{"count":0,"href":"https:\/\/www.vortal.biz\/es\/wp-json\/wp\/v2\/posts\/7363\/revisions"}],"wp:attachment":[{"href":"https:\/\/www.vortal.biz\/es\/wp-json\/wp\/v2\/media?parent=7363"}],"wp:term":[{"taxonomy":"category","embeddable":true,"href":"https:\/\/www.vortal.biz\/es\/wp-json\/wp\/v2\/categories?post=7363"},{"taxonomy":"post_tag","embeddable":true,"href":"https:\/\/www.vortal.biz\/es\/wp-json\/wp\/v2\/tags?post=7363"}],"curies":[{"name":"wp","href":"https:\/\/api.w.org\/{rel}","templated":true}]}}