{"id":7330,"date":"2013-10-03T14:23:09","date_gmt":"2013-10-03T14:23:09","guid":{"rendered":"https:\/\/www.vortal.biz\/?p=7330"},"modified":"2021-08-06T14:25:19","modified_gmt":"2021-08-06T14:25:19","slug":"vortal-preside-euplat-la-mayor-asociacion-de-plataformas-de-contratacion-publica-electronica-del-mundo","status":"publish","type":"post","link":"https:\/\/www.vortal.biz\/es\/vortal-preside-euplat-la-mayor-asociacion-de-plataformas-de-contratacion-publica-electronica-del-mundo\/","title":{"rendered":"VORTAL preside EUPLAT, la mayor asociaci\u00f3n de plataformas de contrataci\u00f3n p\u00fablica electr\u00f3nica del mundo"},"content":{"rendered":"<div class=\"fusion-fullwidth fullwidth-box fusion-builder-row-1 fusion-flex-container nonhundred-percent-fullwidth non-hundred-percent-height-scrolling\" style=\"background-color: rgba(255,255,255,0);background-position: center center;background-repeat: no-repeat;border-width: 0px 0px 0px 0px;border-color:#e2e2e2;border-style:solid;\" ><div class=\"fusion-builder-row fusion-row fusion-flex-align-items-flex-start\" style=\"max-width:calc( 1640px + 32px );margin-left: calc(-32px \/ 2 );margin-right: calc(-32px \/ 2 );\"><div class=\"fusion-layout-column fusion_builder_column fusion-builder-column-0 fusion_builder_column_1_1 1_1 fusion-flex-column\"><div class=\"fusion-column-wrapper fusion-flex-justify-content-flex-start fusion-content-layout-column\" style=\"background-position:left top;background-repeat:no-repeat;-webkit-background-size:cover;-moz-background-size:cover;-o-background-size:cover;background-size:cover;padding: 0px 0px 0px 0px;\"><div class=\"fusion-text fusion-text-1\"><p>VORTAL, a trav\u00e9s de nuestro vicepresidente Miguel Sobral, preside EUPLAT, la primera Asociaci\u00f3n Europea de Plataformas Electr\u00f3nicas de Contrataci\u00f3n P\u00fablica. Pod\u00e9is conocer m\u00e1s de la asociaci\u00f3n accediendo a la p\u00e1gina web: http:\/\/euplat.org\/<\/p>\n<p>La asociaci\u00f3n se ha creada al abrigo de la ley belga. Sus principales objetivos son la representaci\u00f3n del sector ante los organismos europeos, participar en los debates p\u00fablicos en el \u00e1mbito de la Contrataci\u00f3n P\u00fablica Electr\u00f3nica, colaborar en la difusi\u00f3n de los beneficios de la contrataci\u00f3n p\u00fablica electr\u00f3nica a nivel comunitario favoreciendo as\u00ed su r\u00e1pida implantaci\u00f3n, promocionar la interoperabilidad entre las distintas plataformas, etc.<\/p>\n<p>Como pod\u00e9is ver en la web el n\u00famero de miembros no est\u00e1 cerrado y est\u00e1 iniciativa es extensible a todos los operadores europeos de plataformas de contrataci\u00f3n p\u00fablica electr\u00f3nica. Si est\u00e1is interesados en formar parte de EUPLAT pod\u00e9is enviar vuestra solicitud a trav\u00e9s de la web.<\/p>\n<p>Os iremos informando de las principales actividades que se lleven a cabo en el seno de EUPLAT.<\/p>\n<\/div><\/div><style type=\"text\/css\">.fusion-body .fusion-builder-column-0{width:100% !important;margin-top : 0px;margin-bottom : 0px;}.fusion-builder-column-0 > .fusion-column-wrapper {padding-top : 0px !important;padding-right : 0px !important;margin-right : 16px;padding-bottom : 0px !important;padding-left : 0px !important;margin-left : 16px;}@media only screen and (max-width:1024px) {.fusion-body .fusion-builder-column-0{width:100% !important;}.fusion-builder-column-0 > .fusion-column-wrapper {margin-right : 16px;margin-left : 16px;}}@media only screen and (max-width:640px) {.fusion-body .fusion-builder-column-0{width:100% !important;}.fusion-builder-column-0 > .fusion-column-wrapper {margin-right : 16px;margin-left : 16px;}}<\/style><\/div><\/div><style type=\"text\/css\">.fusion-body .fusion-flex-container.fusion-builder-row-1{ padding-top : 0px;margin-top : 0px;padding-right : 0px;padding-bottom : 0px;margin-bottom : 0px;padding-left : 0px;}<\/style><\/div>\n","protected":false},"excerpt":{"rendered":"","protected":false},"author":5639,"featured_media":0,"comment_status":"open","ping_status":"open","sticky":false,"template":"","format":"standard","meta":{"footnotes":""},"categories":[7],"tags":[],"yoast_head":"<!-- This site is optimized with the Yoast SEO plugin v22.3 - https:\/\/yoast.com\/wordpress\/plugins\/seo\/ -->\n<title>VORTAL preside EUPLAT, la mayor asociaci\u00f3n de plataformas de contrataci\u00f3n p\u00fablica electr\u00f3nica del mundo - VORTAL<\/title>\n<meta name=\"robots\" content=\"index, follow, max-snippet:-1, max-image-preview:large, max-video-preview:-1\" \/>\n<link rel=\"canonical\" href=\"https:\/\/www.vortal.biz\/es\/vortal-preside-euplat-la-mayor-asociacion-de-plataformas-de-contratacion-publica-electronica-del-mundo\/\" \/>\n<meta property=\"og:locale\" content=\"es_ES\" \/>\n<meta property=\"og:type\" content=\"article\" \/>\n<meta property=\"og:title\" content=\"VORTAL preside EUPLAT, la mayor asociaci\u00f3n de plataformas de contrataci\u00f3n p\u00fablica electr\u00f3nica del mundo - VORTAL\" \/>\n<meta property=\"og:url\" content=\"https:\/\/www.vortal.biz\/es\/vortal-preside-euplat-la-mayor-asociacion-de-plataformas-de-contratacion-publica-electronica-del-mundo\/\" \/>\n<meta property=\"og:site_name\" content=\"VORTAL\" \/>\n<meta property=\"article:published_time\" content=\"2013-10-03T14:23:09+00:00\" \/>\n<meta property=\"article:modified_time\" content=\"2021-08-06T14:25:19+00:00\" \/>\n<meta name=\"author\" content=\"Helida Oliveira\" \/>\n<meta name=\"twitter:card\" content=\"summary_large_image\" \/>\n<meta name=\"twitter:label1\" content=\"Escrito por\" \/>\n\t<meta name=\"twitter:data1\" content=\"Helida Oliveira\" \/>\n\t<meta name=\"twitter:label2\" content=\"Tiempo de lectura\" \/>\n\t<meta name=\"twitter:data2\" content=\"3 minutos\" \/>\n<script type=\"application\/ld+json\" class=\"yoast-schema-graph\">{\"@context\":\"https:\/\/schema.org\",\"@graph\":[{\"@type\":\"WebPage\",\"@id\":\"https:\/\/www.vortal.biz\/es\/vortal-preside-euplat-la-mayor-asociacion-de-plataformas-de-contratacion-publica-electronica-del-mundo\/\",\"url\":\"https:\/\/www.vortal.biz\/es\/vortal-preside-euplat-la-mayor-asociacion-de-plataformas-de-contratacion-publica-electronica-del-mundo\/\",\"name\":\"VORTAL preside EUPLAT, la mayor asociaci\u00f3n de plataformas de contrataci\u00f3n p\u00fablica electr\u00f3nica del mundo - VORTAL\",\"isPartOf\":{\"@id\":\"https:\/\/www.vortal.biz\/pt-pt\/#website\"},\"datePublished\":\"2013-10-03T14:23:09+00:00\",\"dateModified\":\"2021-08-06T14:25:19+00:00\",\"author\":{\"@id\":\"https:\/\/www.vortal.biz\/pt-pt\/#\/schema\/person\/de007f49a9003cc0fec169585b65ddb2\"},\"breadcrumb\":{\"@id\":\"https:\/\/www.vortal.biz\/es\/vortal-preside-euplat-la-mayor-asociacion-de-plataformas-de-contratacion-publica-electronica-del-mundo\/#breadcrumb\"},\"inLanguage\":\"es\",\"potentialAction\":[{\"@type\":\"ReadAction\",\"target\":[\"https:\/\/www.vortal.biz\/es\/vortal-preside-euplat-la-mayor-asociacion-de-plataformas-de-contratacion-publica-electronica-del-mundo\/\"]}]},{\"@type\":\"BreadcrumbList\",\"@id\":\"https:\/\/www.vortal.biz\/es\/vortal-preside-euplat-la-mayor-asociacion-de-plataformas-de-contratacion-publica-electronica-del-mundo\/#breadcrumb\",\"itemListElement\":[{\"@type\":\"ListItem\",\"position\":1,\"name\":\"Home\",\"item\":\"https:\/\/www.vortal.biz\/es\/\"},{\"@type\":\"ListItem\",\"position\":2,\"name\":\"VORTAL preside EUPLAT, la mayor asociaci\u00f3n de plataformas de contrataci\u00f3n p\u00fablica electr\u00f3nica del mundo\"}]},{\"@type\":\"WebSite\",\"@id\":\"https:\/\/www.vortal.biz\/pt-pt\/#website\",\"url\":\"https:\/\/www.vortal.biz\/pt-pt\/\",\"name\":\"VORTAL\",\"description\":\"Connecting Business\",\"potentialAction\":[{\"@type\":\"SearchAction\",\"target\":{\"@type\":\"EntryPoint\",\"urlTemplate\":\"https:\/\/www.vortal.biz\/pt-pt\/?s={search_term_string}\"},\"query-input\":\"required name=search_term_string\"}],\"inLanguage\":\"es\"},{\"@type\":\"Person\",\"@id\":\"https:\/\/www.vortal.biz\/pt-pt\/#\/schema\/person\/de007f49a9003cc0fec169585b65ddb2\",\"name\":\"Helida Oliveira\",\"image\":{\"@type\":\"ImageObject\",\"inLanguage\":\"es\",\"@id\":\"https:\/\/www.vortal.biz\/pt-pt\/#\/schema\/person\/image\/\",\"url\":\"https:\/\/secure.gravatar.com\/avatar\/2485383d4ceb69bbd668ac515d6bdb03?s=96&d=mm&r=g\",\"contentUrl\":\"https:\/\/secure.gravatar.com\/avatar\/2485383d4ceb69bbd668ac515d6bdb03?s=96&d=mm&r=g\",\"caption\":\"Helida Oliveira\"},\"url\":\"https:\/\/www.vortal.biz\/es\/author\/helida-oliveira\/\"}]}<\/script>\n<!-- \/ Yoast SEO plugin. -->","yoast_head_json":{"title":"VORTAL preside EUPLAT, la mayor asociaci\u00f3n de plataformas de contrataci\u00f3n p\u00fablica electr\u00f3nica del mundo - VORTAL","robots":{"index":"index","follow":"follow","max-snippet":"max-snippet:-1","max-image-preview":"max-image-preview:large","max-video-preview":"max-video-preview:-1"},"canonical":"https:\/\/www.vortal.biz\/es\/vortal-preside-euplat-la-mayor-asociacion-de-plataformas-de-contratacion-publica-electronica-del-mundo\/","og_locale":"es_ES","og_type":"article","og_title":"VORTAL preside EUPLAT, la mayor asociaci\u00f3n de plataformas de contrataci\u00f3n p\u00fablica electr\u00f3nica del mundo - VORTAL","og_url":"https:\/\/www.vortal.biz\/es\/vortal-preside-euplat-la-mayor-asociacion-de-plataformas-de-contratacion-publica-electronica-del-mundo\/","og_site_name":"VORTAL","article_published_time":"2013-10-03T14:23:09+00:00","article_modified_time":"2021-08-06T14:25:19+00:00","author":"Helida Oliveira","twitter_card":"summary_large_image","twitter_misc":{"Escrito por":"Helida Oliveira","Tiempo de lectura":"3 minutos"},"schema":{"@context":"https:\/\/schema.org","@graph":[{"@type":"WebPage","@id":"https:\/\/www.vortal.biz\/es\/vortal-preside-euplat-la-mayor-asociacion-de-plataformas-de-contratacion-publica-electronica-del-mundo\/","url":"https:\/\/www.vortal.biz\/es\/vortal-preside-euplat-la-mayor-asociacion-de-plataformas-de-contratacion-publica-electronica-del-mundo\/","name":"VORTAL preside EUPLAT, la mayor asociaci\u00f3n de plataformas de contrataci\u00f3n p\u00fablica electr\u00f3nica del mundo - VORTAL","isPartOf":{"@id":"https:\/\/www.vortal.biz\/pt-pt\/#website"},"datePublished":"2013-10-03T14:23:09+00:00","dateModified":"2021-08-06T14:25:19+00:00","author":{"@id":"https:\/\/www.vortal.biz\/pt-pt\/#\/schema\/person\/de007f49a9003cc0fec169585b65ddb2"},"breadcrumb":{"@id":"https:\/\/www.vortal.biz\/es\/vortal-preside-euplat-la-mayor-asociacion-de-plataformas-de-contratacion-publica-electronica-del-mundo\/#breadcrumb"},"inLanguage":"es","potentialAction":[{"@type":"ReadAction","target":["https:\/\/www.vortal.biz\/es\/vortal-preside-euplat-la-mayor-asociacion-de-plataformas-de-contratacion-publica-electronica-del-mundo\/"]}]},{"@type":"BreadcrumbList","@id":"https:\/\/www.vortal.biz\/es\/vortal-preside-euplat-la-mayor-asociacion-de-plataformas-de-contratacion-publica-electronica-del-mundo\/#breadcrumb","itemListElement":[{"@type":"ListItem","position":1,"name":"Home","item":"https:\/\/www.vortal.biz\/es\/"},{"@type":"ListItem","position":2,"name":"VORTAL preside EUPLAT, la mayor asociaci\u00f3n de plataformas de contrataci\u00f3n p\u00fablica electr\u00f3nica del mundo"}]},{"@type":"WebSite","@id":"https:\/\/www.vortal.biz\/pt-pt\/#website","url":"https:\/\/www.vortal.biz\/pt-pt\/","name":"VORTAL","description":"Connecting Business","potentialAction":[{"@type":"SearchAction","target":{"@type":"EntryPoint","urlTemplate":"https:\/\/www.vortal.biz\/pt-pt\/?s={search_term_string}"},"query-input":"required name=search_term_string"}],"inLanguage":"es"},{"@type":"Person","@id":"https:\/\/www.vortal.biz\/pt-pt\/#\/schema\/person\/de007f49a9003cc0fec169585b65ddb2","name":"Helida Oliveira","image":{"@type":"ImageObject","inLanguage":"es","@id":"https:\/\/www.vortal.biz\/pt-pt\/#\/schema\/person\/image\/","url":"https:\/\/secure.gravatar.com\/avatar\/2485383d4ceb69bbd668ac515d6bdb03?s=96&d=mm&r=g","contentUrl":"https:\/\/secure.gravatar.com\/avatar\/2485383d4ceb69bbd668ac515d6bdb03?s=96&d=mm&r=g","caption":"Helida Oliveira"},"url":"https:\/\/www.vortal.biz\/es\/author\/helida-oliveira\/"}]}},"_links":{"self":[{"href":"https:\/\/www.vortal.biz\/es\/wp-json\/wp\/v2\/posts\/7330"}],"collection":[{"href":"https:\/\/www.vortal.biz\/es\/wp-json\/wp\/v2\/posts"}],"about":[{"href":"https:\/\/www.vortal.biz\/es\/wp-json\/wp\/v2\/types\/post"}],"author":[{"embeddable":true,"href":"https:\/\/www.vortal.biz\/es\/wp-json\/wp\/v2\/users\/5639"}],"replies":[{"embeddable":true,"href":"https:\/\/www.vortal.biz\/es\/wp-json\/wp\/v2\/comments?post=7330"}],"version-history":[{"count":0,"href":"https:\/\/www.vortal.biz\/es\/wp-json\/wp\/v2\/posts\/7330\/revisions"}],"wp:attachment":[{"href":"https:\/\/www.vortal.biz\/es\/wp-json\/wp\/v2\/media?parent=7330"}],"wp:term":[{"taxonomy":"category","embeddable":true,"href":"https:\/\/www.vortal.biz\/es\/wp-json\/wp\/v2\/categories?post=7330"},{"taxonomy":"post_tag","embeddable":true,"href":"https:\/\/www.vortal.biz\/es\/wp-json\/wp\/v2\/tags?post=7330"}],"curies":[{"name":"wp","href":"https:\/\/api.w.org\/{rel}","templated":true}]}}