{"id":7286,"date":"2015-11-18T12:57:02","date_gmt":"2015-11-18T12:57:02","guid":{"rendered":"https:\/\/www.vortal.biz\/?p=7286"},"modified":"2021-08-06T12:59:47","modified_gmt":"2021-08-06T12:59:47","slug":"eficiencia-aplicada-a-la-contratacion-publica-ajuntament-de-terrassa","status":"publish","type":"post","link":"https:\/\/www.vortal.biz\/es\/eficiencia-aplicada-a-la-contratacion-publica-ajuntament-de-terrassa\/","title":{"rendered":"Eficiencia aplicada a la contrataci\u00f3n p\u00fablica: Ajuntament de Terrassa"},"content":{"rendered":"<div class=\"fusion-fullwidth fullwidth-box fusion-builder-row-1 fusion-flex-container nonhundred-percent-fullwidth non-hundred-percent-height-scrolling\" style=\"background-color: rgba(255,255,255,0);background-position: center center;background-repeat: no-repeat;border-width: 0px 0px 0px 0px;border-color:#e2e2e2;border-style:solid;\" ><div class=\"fusion-builder-row fusion-row fusion-flex-align-items-flex-start\" style=\"max-width:calc( 1640px + 32px );margin-left: calc(-32px \/ 2 );margin-right: calc(-32px \/ 2 );\"><div class=\"fusion-layout-column fusion_builder_column fusion-builder-column-0 fusion_builder_column_1_1 1_1 fusion-flex-column\"><div class=\"fusion-column-wrapper fusion-flex-justify-content-flex-start fusion-content-layout-column\" style=\"background-position:left top;background-repeat:no-repeat;-webkit-background-size:cover;-moz-background-size:cover;-o-background-size:cover;background-size:cover;padding: 0px 0px 0px 0px;\"><div class=\"fusion-text fusion-text-1\"><p>Joan Bosch, Jefe del Servicio de Contrataci\u00f3n del Ajuntament de Terrassa nos acompa\u00f1\u00f3 el primer d\u00eda del evento SmartCity Expo World Congress que se celebr\u00f3 en Barcelona entre los d\u00edas 17 y 19 de noviembre.<\/p>\n<p>Los asistentes tuvieron la oportunidad de conocer en una sesi\u00f3n de 20 minutos c\u00f3mo se ha llevado a cabo desde el Ajuntament la puesta en marcha de su proyecto de contrataci\u00f3n p\u00fablica electr\u00f3nica., comenzando por la creaci\u00f3n y aprobaci\u00f3n de la Ordenanza Municipal para el Gobierno y Administraci\u00f3n Electr\u00f3nica:<\/p>\n<p>\u201dArt\u00edculo 51 bis: Procedimientos de contrataci\u00f3n [\u2026].<\/p>\n<p>[\u2026]<\/p>\n<p>2. [\u2026] Los \u00f3rganos de contrataci\u00f3n establecer\u00e1n en las respectivas licitaciones la obligatoriedad del uso de medios electr\u00f3nicos, inform\u00e1ticos o telem\u00e1ticos para desarrollar todas las fases del procedimiento de contrataci\u00f3n, inclusive las que corresponda realizar a los licitadores y\/o candidatos, como la presentaci\u00f3n de ofertas o proposiciones, [\u2026], especificando en los respectivos pliegos de cl\u00e1usulas que regir\u00e1n la licitaci\u00f3n i en el anuncio o, en el caso de los contratos menores, en la solicitud de ofertas.\u201d<\/p>\n<p>Esta Ordenanza, junto con la modificaci\u00f3n del Pliego de Clausulas Administrativas ha dado lugar al inicio de la contrataci\u00f3n electr\u00f3nica en la entidad:<\/p>\n<p>\u201c[\u2026] [Se establece la obligatoriedad del uso de medios electr\u00f3nicos, inform\u00e1ticos o telem\u00e1ticos para desarrollar todas las fases del procedimiento de contrataci\u00f3n, las que corresponda realizar a los licitadores, como la presentaci\u00f3n de las proposiciones, inclusive. Las proposiciones que no se presenten por medios electr\u00f3nicos, en la forma que determina este pliego, ser\u00e1n excluidas.<\/p>\n<p>La presentaci\u00f3n de proposiciones se har\u00e1 \u00fanicamente a trav\u00e9s del portal www.vortalgov.es. El acceso a la plataforma www.vortalgov.es es gratuito\u201d<\/p>\n<p>Se estableci\u00f3 por tanto la obligatoriedad del uso de medios electr\u00f3nico para la gesti\u00f3n de las licitaciones p\u00fablicas. Desde el momento de su implantaci\u00f3n se han realizado 68 procedimientos totalmente electr\u00f3nicos, con un total de 404 ofertas recibidas, todas ellas en formato electr\u00f3nico. Lo que significa casi 6 ofertas por procedimiento publicado.<\/p>\n<p>Si quieres saber m\u00e1s sobre la licitaci\u00f3n electr\u00f3nica te recomendamos que te descargues nuestro Libro Blanco.<\/p>\n<\/div><\/div><style type=\"text\/css\">.fusion-body .fusion-builder-column-0{width:100% !important;margin-top : 0px;margin-bottom : 0px;}.fusion-builder-column-0 > .fusion-column-wrapper {padding-top : 0px !important;padding-right : 0px !important;margin-right : 16px;padding-bottom : 0px !important;padding-left : 0px !important;margin-left : 16px;}@media only screen and (max-width:1024px) {.fusion-body .fusion-builder-column-0{width:100% !important;}.fusion-builder-column-0 > .fusion-column-wrapper {margin-right : 16px;margin-left : 16px;}}@media only screen and (max-width:640px) {.fusion-body .fusion-builder-column-0{width:100% !important;}.fusion-builder-column-0 > .fusion-column-wrapper {margin-right : 16px;margin-left : 16px;}}<\/style><\/div><\/div><style type=\"text\/css\">.fusion-body .fusion-flex-container.fusion-builder-row-1{ padding-top : 0px;margin-top : 0px;padding-right : 0px;padding-bottom : 0px;margin-bottom : 0px;padding-left : 0px;}<\/style><\/div>\n","protected":false},"excerpt":{"rendered":"","protected":false},"author":5639,"featured_media":0,"comment_status":"open","ping_status":"open","sticky":false,"template":"","format":"standard","meta":{"footnotes":""},"categories":[7],"tags":[],"yoast_head":"<!-- This site is optimized with the Yoast SEO plugin v22.3 - https:\/\/yoast.com\/wordpress\/plugins\/seo\/ -->\n<title>Eficiencia aplicada a la contrataci\u00f3n p\u00fablica: Ajuntament de Terrassa - VORTAL<\/title>\n<meta name=\"robots\" content=\"index, follow, max-snippet:-1, max-image-preview:large, max-video-preview:-1\" \/>\n<link rel=\"canonical\" href=\"https:\/\/www.vortal.biz\/es\/eficiencia-aplicada-a-la-contratacion-publica-ajuntament-de-terrassa\/\" \/>\n<meta property=\"og:locale\" content=\"es_ES\" \/>\n<meta property=\"og:type\" content=\"article\" \/>\n<meta property=\"og:title\" content=\"Eficiencia aplicada a la contrataci\u00f3n p\u00fablica: Ajuntament de Terrassa - VORTAL\" \/>\n<meta property=\"og:url\" content=\"https:\/\/www.vortal.biz\/es\/eficiencia-aplicada-a-la-contratacion-publica-ajuntament-de-terrassa\/\" \/>\n<meta property=\"og:site_name\" content=\"VORTAL\" \/>\n<meta property=\"article:published_time\" content=\"2015-11-18T12:57:02+00:00\" \/>\n<meta property=\"article:modified_time\" content=\"2021-08-06T12:59:47+00:00\" \/>\n<meta name=\"author\" content=\"Helida Oliveira\" \/>\n<meta name=\"twitter:card\" content=\"summary_large_image\" \/>\n<meta name=\"twitter:label1\" content=\"Escrito por\" \/>\n\t<meta name=\"twitter:data1\" content=\"Helida Oliveira\" \/>\n\t<meta name=\"twitter:label2\" content=\"Tiempo de lectura\" \/>\n\t<meta name=\"twitter:data2\" content=\"3 minutos\" \/>\n<script type=\"application\/ld+json\" class=\"yoast-schema-graph\">{\"@context\":\"https:\/\/schema.org\",\"@graph\":[{\"@type\":\"WebPage\",\"@id\":\"https:\/\/www.vortal.biz\/es\/eficiencia-aplicada-a-la-contratacion-publica-ajuntament-de-terrassa\/\",\"url\":\"https:\/\/www.vortal.biz\/es\/eficiencia-aplicada-a-la-contratacion-publica-ajuntament-de-terrassa\/\",\"name\":\"Eficiencia aplicada a la contrataci\u00f3n p\u00fablica: Ajuntament de Terrassa - VORTAL\",\"isPartOf\":{\"@id\":\"https:\/\/www.vortal.biz\/pt-pt\/#website\"},\"datePublished\":\"2015-11-18T12:57:02+00:00\",\"dateModified\":\"2021-08-06T12:59:47+00:00\",\"author\":{\"@id\":\"https:\/\/www.vortal.biz\/pt-pt\/#\/schema\/person\/de007f49a9003cc0fec169585b65ddb2\"},\"breadcrumb\":{\"@id\":\"https:\/\/www.vortal.biz\/es\/eficiencia-aplicada-a-la-contratacion-publica-ajuntament-de-terrassa\/#breadcrumb\"},\"inLanguage\":\"es\",\"potentialAction\":[{\"@type\":\"ReadAction\",\"target\":[\"https:\/\/www.vortal.biz\/es\/eficiencia-aplicada-a-la-contratacion-publica-ajuntament-de-terrassa\/\"]}]},{\"@type\":\"BreadcrumbList\",\"@id\":\"https:\/\/www.vortal.biz\/es\/eficiencia-aplicada-a-la-contratacion-publica-ajuntament-de-terrassa\/#breadcrumb\",\"itemListElement\":[{\"@type\":\"ListItem\",\"position\":1,\"name\":\"Home\",\"item\":\"https:\/\/www.vortal.biz\/es\/\"},{\"@type\":\"ListItem\",\"position\":2,\"name\":\"Eficiencia aplicada a la contrataci\u00f3n p\u00fablica: Ajuntament de Terrassa\"}]},{\"@type\":\"WebSite\",\"@id\":\"https:\/\/www.vortal.biz\/pt-pt\/#website\",\"url\":\"https:\/\/www.vortal.biz\/pt-pt\/\",\"name\":\"VORTAL\",\"description\":\"Connecting Business\",\"potentialAction\":[{\"@type\":\"SearchAction\",\"target\":{\"@type\":\"EntryPoint\",\"urlTemplate\":\"https:\/\/www.vortal.biz\/pt-pt\/?s={search_term_string}\"},\"query-input\":\"required name=search_term_string\"}],\"inLanguage\":\"es\"},{\"@type\":\"Person\",\"@id\":\"https:\/\/www.vortal.biz\/pt-pt\/#\/schema\/person\/de007f49a9003cc0fec169585b65ddb2\",\"name\":\"Helida Oliveira\",\"image\":{\"@type\":\"ImageObject\",\"inLanguage\":\"es\",\"@id\":\"https:\/\/www.vortal.biz\/pt-pt\/#\/schema\/person\/image\/\",\"url\":\"https:\/\/secure.gravatar.com\/avatar\/2485383d4ceb69bbd668ac515d6bdb03?s=96&d=mm&r=g\",\"contentUrl\":\"https:\/\/secure.gravatar.com\/avatar\/2485383d4ceb69bbd668ac515d6bdb03?s=96&d=mm&r=g\",\"caption\":\"Helida Oliveira\"},\"url\":\"https:\/\/www.vortal.biz\/es\/author\/helida-oliveira\/\"}]}<\/script>\n<!-- \/ Yoast SEO plugin. -->","yoast_head_json":{"title":"Eficiencia aplicada a la contrataci\u00f3n p\u00fablica: Ajuntament de Terrassa - VORTAL","robots":{"index":"index","follow":"follow","max-snippet":"max-snippet:-1","max-image-preview":"max-image-preview:large","max-video-preview":"max-video-preview:-1"},"canonical":"https:\/\/www.vortal.biz\/es\/eficiencia-aplicada-a-la-contratacion-publica-ajuntament-de-terrassa\/","og_locale":"es_ES","og_type":"article","og_title":"Eficiencia aplicada a la contrataci\u00f3n p\u00fablica: Ajuntament de Terrassa - VORTAL","og_url":"https:\/\/www.vortal.biz\/es\/eficiencia-aplicada-a-la-contratacion-publica-ajuntament-de-terrassa\/","og_site_name":"VORTAL","article_published_time":"2015-11-18T12:57:02+00:00","article_modified_time":"2021-08-06T12:59:47+00:00","author":"Helida Oliveira","twitter_card":"summary_large_image","twitter_misc":{"Escrito por":"Helida Oliveira","Tiempo de lectura":"3 minutos"},"schema":{"@context":"https:\/\/schema.org","@graph":[{"@type":"WebPage","@id":"https:\/\/www.vortal.biz\/es\/eficiencia-aplicada-a-la-contratacion-publica-ajuntament-de-terrassa\/","url":"https:\/\/www.vortal.biz\/es\/eficiencia-aplicada-a-la-contratacion-publica-ajuntament-de-terrassa\/","name":"Eficiencia aplicada a la contrataci\u00f3n p\u00fablica: Ajuntament de Terrassa - VORTAL","isPartOf":{"@id":"https:\/\/www.vortal.biz\/pt-pt\/#website"},"datePublished":"2015-11-18T12:57:02+00:00","dateModified":"2021-08-06T12:59:47+00:00","author":{"@id":"https:\/\/www.vortal.biz\/pt-pt\/#\/schema\/person\/de007f49a9003cc0fec169585b65ddb2"},"breadcrumb":{"@id":"https:\/\/www.vortal.biz\/es\/eficiencia-aplicada-a-la-contratacion-publica-ajuntament-de-terrassa\/#breadcrumb"},"inLanguage":"es","potentialAction":[{"@type":"ReadAction","target":["https:\/\/www.vortal.biz\/es\/eficiencia-aplicada-a-la-contratacion-publica-ajuntament-de-terrassa\/"]}]},{"@type":"BreadcrumbList","@id":"https:\/\/www.vortal.biz\/es\/eficiencia-aplicada-a-la-contratacion-publica-ajuntament-de-terrassa\/#breadcrumb","itemListElement":[{"@type":"ListItem","position":1,"name":"Home","item":"https:\/\/www.vortal.biz\/es\/"},{"@type":"ListItem","position":2,"name":"Eficiencia aplicada a la contrataci\u00f3n p\u00fablica: Ajuntament de Terrassa"}]},{"@type":"WebSite","@id":"https:\/\/www.vortal.biz\/pt-pt\/#website","url":"https:\/\/www.vortal.biz\/pt-pt\/","name":"VORTAL","description":"Connecting Business","potentialAction":[{"@type":"SearchAction","target":{"@type":"EntryPoint","urlTemplate":"https:\/\/www.vortal.biz\/pt-pt\/?s={search_term_string}"},"query-input":"required name=search_term_string"}],"inLanguage":"es"},{"@type":"Person","@id":"https:\/\/www.vortal.biz\/pt-pt\/#\/schema\/person\/de007f49a9003cc0fec169585b65ddb2","name":"Helida Oliveira","image":{"@type":"ImageObject","inLanguage":"es","@id":"https:\/\/www.vortal.biz\/pt-pt\/#\/schema\/person\/image\/","url":"https:\/\/secure.gravatar.com\/avatar\/2485383d4ceb69bbd668ac515d6bdb03?s=96&d=mm&r=g","contentUrl":"https:\/\/secure.gravatar.com\/avatar\/2485383d4ceb69bbd668ac515d6bdb03?s=96&d=mm&r=g","caption":"Helida Oliveira"},"url":"https:\/\/www.vortal.biz\/es\/author\/helida-oliveira\/"}]}},"_links":{"self":[{"href":"https:\/\/www.vortal.biz\/es\/wp-json\/wp\/v2\/posts\/7286"}],"collection":[{"href":"https:\/\/www.vortal.biz\/es\/wp-json\/wp\/v2\/posts"}],"about":[{"href":"https:\/\/www.vortal.biz\/es\/wp-json\/wp\/v2\/types\/post"}],"author":[{"embeddable":true,"href":"https:\/\/www.vortal.biz\/es\/wp-json\/wp\/v2\/users\/5639"}],"replies":[{"embeddable":true,"href":"https:\/\/www.vortal.biz\/es\/wp-json\/wp\/v2\/comments?post=7286"}],"version-history":[{"count":0,"href":"https:\/\/www.vortal.biz\/es\/wp-json\/wp\/v2\/posts\/7286\/revisions"}],"wp:attachment":[{"href":"https:\/\/www.vortal.biz\/es\/wp-json\/wp\/v2\/media?parent=7286"}],"wp:term":[{"taxonomy":"category","embeddable":true,"href":"https:\/\/www.vortal.biz\/es\/wp-json\/wp\/v2\/categories?post=7286"},{"taxonomy":"post_tag","embeddable":true,"href":"https:\/\/www.vortal.biz\/es\/wp-json\/wp\/v2\/tags?post=7286"}],"curies":[{"name":"wp","href":"https:\/\/api.w.org\/{rel}","templated":true}]}}