{"id":7246,"date":"2016-04-20T09:53:27","date_gmt":"2016-04-20T09:53:27","guid":{"rendered":"https:\/\/www.vortal.biz\/?p=7246"},"modified":"2021-08-06T09:56:01","modified_gmt":"2021-08-06T09:56:01","slug":"el-plazo-para-la-transposicion-de-las-nuevas-directivas-europeas-de-contratacion-publica-ha-acabado-y-ahora-que","status":"publish","type":"post","link":"https:\/\/www.vortal.biz\/es\/el-plazo-para-la-transposicion-de-las-nuevas-directivas-europeas-de-contratacion-publica-ha-acabado-y-ahora-que\/","title":{"rendered":"El plazo para la transposici\u00f3n de las nuevas Directivas Europeas de Contrataci\u00f3n P\u00fablica ha acabado&#8230; \u00bfy ahora qu\u00e9?"},"content":{"rendered":"<div class=\"fusion-fullwidth fullwidth-box fusion-builder-row-1 fusion-flex-container nonhundred-percent-fullwidth non-hundred-percent-height-scrolling\" style=\"background-color: rgba(255,255,255,0);background-position: center center;background-repeat: no-repeat;border-width: 0px 0px 0px 0px;border-color:#e2e2e2;border-style:solid;\" ><div class=\"fusion-builder-row fusion-row fusion-flex-align-items-flex-start\" style=\"max-width:calc( 1640px + 32px );margin-left: calc(-32px \/ 2 );margin-right: calc(-32px \/ 2 );\"><div class=\"fusion-layout-column fusion_builder_column fusion-builder-column-0 fusion_builder_column_1_1 1_1 fusion-flex-column\"><div class=\"fusion-column-wrapper fusion-flex-justify-content-flex-start fusion-content-layout-column\" style=\"background-position:left top;background-repeat:no-repeat;-webkit-background-size:cover;-moz-background-size:cover;-o-background-size:cover;background-size:cover;padding: 0px 0px 0px 0px;\"><div class=\"fusion-text fusion-text-1\"><p>Como muchos sab\u00e9is, el pasado d\u00eda 18 de abril termin\u00f3 el plazo para que Espa\u00f1a traspusiese las directivas europeas de contrataci\u00f3n a la legislaci\u00f3n nacional. El plazo ha acabado y como reza el titular de la noticia publicada por el diario El Mundo: \u201cEspa\u00f1a pierde otro tren y deja en el limbo la contrataci\u00f3n electr\u00f3nica\u201d.<\/p>\n<p>Como es l\u00f3gico, algunos medios espa\u00f1oles se han hecho eco de la noticia. A continuaci\u00f3n os dejamos un breve resumen de las informaciones que consideramos m\u00e1s destacadas:<\/p>\n<p><strong>Diario El Mundo:<\/strong><\/p>\n<p>\u201cEspa\u00f1a pierde otro tren y deja en el limbo la contrataci\u00f3n electr\u00f3nica\u201d. Es la repercusi\u00f3n de la mesa de trabaja organizada por PwC e IE Business School. En la mesa particip\u00f3 Javier V\u00e1zquez Matilla, miembro del grupo de expertos de la Comisi\u00f3n Europea en esta materia, que aludi\u00f3 certeramente a algunos problemas de la contrataci\u00f3n p\u00fablica durante los \u00faltimos a\u00f1os: \u201cActualmente estamos funcionando con una ley de textos refundidos y que ha sufrido m\u00e1s de 21 modificaciones desde 2001\u201d. Como destaca el medio, a esta situaci\u00f3n deber\u00eda dar respuesta el Anteproyecto de Ley de Contratos del Sector P\u00fablico, norma que est\u00e1 paralizada debido a la situaci\u00f3n pol\u00edtica de nuestro pa\u00eds.<\/p>\n<p>En la noticia, y bajo el ep\u00edgrafe \u201cel Pa\u00eds Vasco, el faro entre la niebla\u201d se destaca el caso del Gobierno Vasco. Un caso que sin duda ha sido y es referencia en el sector p\u00fablico por haber sido los pioneros. Por arrojar algo de positivismo, desde aqu\u00ed queremos mencionar que ya hay otras entidades p\u00fablicas que, arriesg\u00e1ndose como el Gobierno Vasco lo hizo en su d\u00eda, han implantado la contrataci\u00f3n p\u00fablica electr\u00f3nica: Universidad de Almer\u00eda, Ayuntamiento de Gij\u00f3n, Ayuntamiento de Alzira, Ayuntamiento de Arganda del Rey, Ayuntamiento de Sagunto, Concello de Santiago, Diputaci\u00f3n de Castell\u00f3n\u2026<\/p>\n<p><strong>Diario Expansi\u00f3n:<\/strong><\/p>\n<p>\u201cInseguridad en los contratos p\u00fablicos por la nueva directiva europea\u201d. En la noticia se destaca que Espa\u00f1a se expone a la apertura de un expediente sancionador por parte de la Comisi\u00f3n Europea al no haber adaptado su legislaci\u00f3n a la norma de la UE. Os recomendamos la lectura de la notica, en donde se profundiza, a trav\u00e9s de expertos de EY y Deloitte, en la inseguridad jur\u00eddica que esta situaci\u00f3n provoca.<\/p>\n<p><strong>El Peri\u00f3dico de Catalunya:<\/strong><\/p>\n<p>\u201cEspa\u00f1a se salta el plazo para aplicar las directivas europeas de contrataci\u00f3n p\u00fablica\u201d. El Peri\u00f3dico centra la noticia en la paralizaci\u00f3n del Anteproyecto de Ley, y pone el acento en que desde que acab\u00f3 el periodo de observaciones, en mayo de 2015, no ha habido ning\u00fan avance.<\/p>\n<p>Documentos elaborados por diferentes organismos para tratar de mitigar esta incertidumbre.<\/p>\n<p>&#8211; Resoluci\u00f3n de 16 de marzo de 2016, de la Direcci\u00f3n General del Patrimonio del Estado, por la que se publica la Recomendaci\u00f3n de la Junta Consultiva de Contrataci\u00f3n Administrativa, sobre el efecto directo de las nuevas Directivas comunitarias en materia de contrataci\u00f3n p\u00fablica.<br \/>\n&#8211; Informe 17\/2015, de 3 de diciembre, de la Junta Consultiva de Contrataci\u00f3n Administrativa de la Comunidad Aut\u00f3noma de Arag\u00f3n.<br \/>\n&#8211; Informe 1\/2016, de6 de abril, de la Junta Consultiva de Contrataci\u00f3n Administrativa de la Generalitat de Catalunya.<\/p>\n<p>En vez de ser nosotros quienes interpretemos estos documentos, os dejamos el link al art\u00edculo publicado por V\u00edctor Almonacid, Secretario del Ayuntamiento de Alzira, con el t\u00edtulo \u201c18 de abril: entra en vigor una ley de contratos inexsitente\u201d, publicado en la red social Novagob.<\/p>\n<p>\u00c9ste y otros temas ser\u00e1n tratados en el I Congreso Nacional de Contrataci\u00f3n P\u00fablica Electr\u00f3nica los d\u00edas 4 y 5 de mayo en Valencia. Reserva tu lugar aqu\u00ed. Quedan pocas plazas\u2026<\/p>\n<\/div><\/div><style type=\"text\/css\">.fusion-body .fusion-builder-column-0{width:100% !important;margin-top : 0px;margin-bottom : 0px;}.fusion-builder-column-0 > .fusion-column-wrapper {padding-top : 0px !important;padding-right : 0px !important;margin-right : 16px;padding-bottom : 0px !important;padding-left : 0px !important;margin-left : 16px;}@media only screen and (max-width:1024px) {.fusion-body .fusion-builder-column-0{width:100% !important;}.fusion-builder-column-0 > .fusion-column-wrapper {margin-right : 16px;margin-left : 16px;}}@media only screen and (max-width:640px) {.fusion-body .fusion-builder-column-0{width:100% !important;}.fusion-builder-column-0 > .fusion-column-wrapper {margin-right : 16px;margin-left : 16px;}}<\/style><\/div><\/div><style type=\"text\/css\">.fusion-body .fusion-flex-container.fusion-builder-row-1{ padding-top : 0px;margin-top : 0px;padding-right : 0px;padding-bottom : 0px;margin-bottom : 0px;padding-left : 0px;}<\/style><\/div>\n","protected":false},"excerpt":{"rendered":"","protected":false},"author":5639,"featured_media":0,"comment_status":"open","ping_status":"open","sticky":false,"template":"","format":"standard","meta":{"footnotes":""},"categories":[7],"tags":[],"yoast_head":"<!-- This site is optimized with the Yoast SEO plugin v22.3 - https:\/\/yoast.com\/wordpress\/plugins\/seo\/ -->\n<title>El plazo para la transposici\u00f3n de las nuevas Directivas Europeas de Contrataci\u00f3n P\u00fablica ha acabado... \u00bfy ahora qu\u00e9? - VORTAL<\/title>\n<meta name=\"robots\" content=\"index, follow, max-snippet:-1, max-image-preview:large, max-video-preview:-1\" \/>\n<link rel=\"canonical\" href=\"https:\/\/www.vortal.biz\/es\/el-plazo-para-la-transposicion-de-las-nuevas-directivas-europeas-de-contratacion-publica-ha-acabado-y-ahora-que\/\" \/>\n<meta property=\"og:locale\" content=\"es_ES\" \/>\n<meta property=\"og:type\" content=\"article\" \/>\n<meta property=\"og:title\" content=\"El plazo para la transposici\u00f3n de las nuevas Directivas Europeas de Contrataci\u00f3n P\u00fablica ha acabado... \u00bfy ahora qu\u00e9? - VORTAL\" \/>\n<meta property=\"og:url\" content=\"https:\/\/www.vortal.biz\/es\/el-plazo-para-la-transposicion-de-las-nuevas-directivas-europeas-de-contratacion-publica-ha-acabado-y-ahora-que\/\" \/>\n<meta property=\"og:site_name\" content=\"VORTAL\" \/>\n<meta property=\"article:published_time\" content=\"2016-04-20T09:53:27+00:00\" \/>\n<meta property=\"article:modified_time\" content=\"2021-08-06T09:56:01+00:00\" \/>\n<meta name=\"author\" content=\"Helida Oliveira\" \/>\n<meta name=\"twitter:card\" content=\"summary_large_image\" \/>\n<meta name=\"twitter:label1\" content=\"Escrito por\" \/>\n\t<meta name=\"twitter:data1\" content=\"Helida Oliveira\" \/>\n\t<meta name=\"twitter:label2\" content=\"Tiempo de lectura\" \/>\n\t<meta name=\"twitter:data2\" content=\"3 minutos\" \/>\n<script type=\"application\/ld+json\" class=\"yoast-schema-graph\">{\"@context\":\"https:\/\/schema.org\",\"@graph\":[{\"@type\":\"WebPage\",\"@id\":\"https:\/\/www.vortal.biz\/es\/el-plazo-para-la-transposicion-de-las-nuevas-directivas-europeas-de-contratacion-publica-ha-acabado-y-ahora-que\/\",\"url\":\"https:\/\/www.vortal.biz\/es\/el-plazo-para-la-transposicion-de-las-nuevas-directivas-europeas-de-contratacion-publica-ha-acabado-y-ahora-que\/\",\"name\":\"El plazo para la transposici\u00f3n de las nuevas Directivas Europeas de Contrataci\u00f3n P\u00fablica ha acabado... \u00bfy ahora qu\u00e9? - VORTAL\",\"isPartOf\":{\"@id\":\"https:\/\/www.vortal.biz\/pt-pt\/#website\"},\"datePublished\":\"2016-04-20T09:53:27+00:00\",\"dateModified\":\"2021-08-06T09:56:01+00:00\",\"author\":{\"@id\":\"https:\/\/www.vortal.biz\/pt-pt\/#\/schema\/person\/de007f49a9003cc0fec169585b65ddb2\"},\"breadcrumb\":{\"@id\":\"https:\/\/www.vortal.biz\/es\/el-plazo-para-la-transposicion-de-las-nuevas-directivas-europeas-de-contratacion-publica-ha-acabado-y-ahora-que\/#breadcrumb\"},\"inLanguage\":\"es\",\"potentialAction\":[{\"@type\":\"ReadAction\",\"target\":[\"https:\/\/www.vortal.biz\/es\/el-plazo-para-la-transposicion-de-las-nuevas-directivas-europeas-de-contratacion-publica-ha-acabado-y-ahora-que\/\"]}]},{\"@type\":\"BreadcrumbList\",\"@id\":\"https:\/\/www.vortal.biz\/es\/el-plazo-para-la-transposicion-de-las-nuevas-directivas-europeas-de-contratacion-publica-ha-acabado-y-ahora-que\/#breadcrumb\",\"itemListElement\":[{\"@type\":\"ListItem\",\"position\":1,\"name\":\"Home\",\"item\":\"https:\/\/www.vortal.biz\/es\/\"},{\"@type\":\"ListItem\",\"position\":2,\"name\":\"El plazo para la transposici\u00f3n de las nuevas Directivas Europeas de Contrataci\u00f3n P\u00fablica ha acabado&#8230; \u00bfy ahora qu\u00e9?\"}]},{\"@type\":\"WebSite\",\"@id\":\"https:\/\/www.vortal.biz\/pt-pt\/#website\",\"url\":\"https:\/\/www.vortal.biz\/pt-pt\/\",\"name\":\"VORTAL\",\"description\":\"Connecting Business\",\"potentialAction\":[{\"@type\":\"SearchAction\",\"target\":{\"@type\":\"EntryPoint\",\"urlTemplate\":\"https:\/\/www.vortal.biz\/pt-pt\/?s={search_term_string}\"},\"query-input\":\"required name=search_term_string\"}],\"inLanguage\":\"es\"},{\"@type\":\"Person\",\"@id\":\"https:\/\/www.vortal.biz\/pt-pt\/#\/schema\/person\/de007f49a9003cc0fec169585b65ddb2\",\"name\":\"Helida Oliveira\",\"image\":{\"@type\":\"ImageObject\",\"inLanguage\":\"es\",\"@id\":\"https:\/\/www.vortal.biz\/pt-pt\/#\/schema\/person\/image\/\",\"url\":\"https:\/\/secure.gravatar.com\/avatar\/2485383d4ceb69bbd668ac515d6bdb03?s=96&d=mm&r=g\",\"contentUrl\":\"https:\/\/secure.gravatar.com\/avatar\/2485383d4ceb69bbd668ac515d6bdb03?s=96&d=mm&r=g\",\"caption\":\"Helida Oliveira\"},\"url\":\"https:\/\/www.vortal.biz\/es\/author\/helida-oliveira\/\"}]}<\/script>\n<!-- \/ Yoast SEO plugin. -->","yoast_head_json":{"title":"El plazo para la transposici\u00f3n de las nuevas Directivas Europeas de Contrataci\u00f3n P\u00fablica ha acabado... \u00bfy ahora qu\u00e9? - VORTAL","robots":{"index":"index","follow":"follow","max-snippet":"max-snippet:-1","max-image-preview":"max-image-preview:large","max-video-preview":"max-video-preview:-1"},"canonical":"https:\/\/www.vortal.biz\/es\/el-plazo-para-la-transposicion-de-las-nuevas-directivas-europeas-de-contratacion-publica-ha-acabado-y-ahora-que\/","og_locale":"es_ES","og_type":"article","og_title":"El plazo para la transposici\u00f3n de las nuevas Directivas Europeas de Contrataci\u00f3n P\u00fablica ha acabado... \u00bfy ahora qu\u00e9? - VORTAL","og_url":"https:\/\/www.vortal.biz\/es\/el-plazo-para-la-transposicion-de-las-nuevas-directivas-europeas-de-contratacion-publica-ha-acabado-y-ahora-que\/","og_site_name":"VORTAL","article_published_time":"2016-04-20T09:53:27+00:00","article_modified_time":"2021-08-06T09:56:01+00:00","author":"Helida Oliveira","twitter_card":"summary_large_image","twitter_misc":{"Escrito por":"Helida Oliveira","Tiempo de lectura":"3 minutos"},"schema":{"@context":"https:\/\/schema.org","@graph":[{"@type":"WebPage","@id":"https:\/\/www.vortal.biz\/es\/el-plazo-para-la-transposicion-de-las-nuevas-directivas-europeas-de-contratacion-publica-ha-acabado-y-ahora-que\/","url":"https:\/\/www.vortal.biz\/es\/el-plazo-para-la-transposicion-de-las-nuevas-directivas-europeas-de-contratacion-publica-ha-acabado-y-ahora-que\/","name":"El plazo para la transposici\u00f3n de las nuevas Directivas Europeas de Contrataci\u00f3n P\u00fablica ha acabado... \u00bfy ahora qu\u00e9? - VORTAL","isPartOf":{"@id":"https:\/\/www.vortal.biz\/pt-pt\/#website"},"datePublished":"2016-04-20T09:53:27+00:00","dateModified":"2021-08-06T09:56:01+00:00","author":{"@id":"https:\/\/www.vortal.biz\/pt-pt\/#\/schema\/person\/de007f49a9003cc0fec169585b65ddb2"},"breadcrumb":{"@id":"https:\/\/www.vortal.biz\/es\/el-plazo-para-la-transposicion-de-las-nuevas-directivas-europeas-de-contratacion-publica-ha-acabado-y-ahora-que\/#breadcrumb"},"inLanguage":"es","potentialAction":[{"@type":"ReadAction","target":["https:\/\/www.vortal.biz\/es\/el-plazo-para-la-transposicion-de-las-nuevas-directivas-europeas-de-contratacion-publica-ha-acabado-y-ahora-que\/"]}]},{"@type":"BreadcrumbList","@id":"https:\/\/www.vortal.biz\/es\/el-plazo-para-la-transposicion-de-las-nuevas-directivas-europeas-de-contratacion-publica-ha-acabado-y-ahora-que\/#breadcrumb","itemListElement":[{"@type":"ListItem","position":1,"name":"Home","item":"https:\/\/www.vortal.biz\/es\/"},{"@type":"ListItem","position":2,"name":"El plazo para la transposici\u00f3n de las nuevas Directivas Europeas de Contrataci\u00f3n P\u00fablica ha acabado&#8230; \u00bfy ahora qu\u00e9?"}]},{"@type":"WebSite","@id":"https:\/\/www.vortal.biz\/pt-pt\/#website","url":"https:\/\/www.vortal.biz\/pt-pt\/","name":"VORTAL","description":"Connecting Business","potentialAction":[{"@type":"SearchAction","target":{"@type":"EntryPoint","urlTemplate":"https:\/\/www.vortal.biz\/pt-pt\/?s={search_term_string}"},"query-input":"required name=search_term_string"}],"inLanguage":"es"},{"@type":"Person","@id":"https:\/\/www.vortal.biz\/pt-pt\/#\/schema\/person\/de007f49a9003cc0fec169585b65ddb2","name":"Helida Oliveira","image":{"@type":"ImageObject","inLanguage":"es","@id":"https:\/\/www.vortal.biz\/pt-pt\/#\/schema\/person\/image\/","url":"https:\/\/secure.gravatar.com\/avatar\/2485383d4ceb69bbd668ac515d6bdb03?s=96&d=mm&r=g","contentUrl":"https:\/\/secure.gravatar.com\/avatar\/2485383d4ceb69bbd668ac515d6bdb03?s=96&d=mm&r=g","caption":"Helida Oliveira"},"url":"https:\/\/www.vortal.biz\/es\/author\/helida-oliveira\/"}]}},"_links":{"self":[{"href":"https:\/\/www.vortal.biz\/es\/wp-json\/wp\/v2\/posts\/7246"}],"collection":[{"href":"https:\/\/www.vortal.biz\/es\/wp-json\/wp\/v2\/posts"}],"about":[{"href":"https:\/\/www.vortal.biz\/es\/wp-json\/wp\/v2\/types\/post"}],"author":[{"embeddable":true,"href":"https:\/\/www.vortal.biz\/es\/wp-json\/wp\/v2\/users\/5639"}],"replies":[{"embeddable":true,"href":"https:\/\/www.vortal.biz\/es\/wp-json\/wp\/v2\/comments?post=7246"}],"version-history":[{"count":0,"href":"https:\/\/www.vortal.biz\/es\/wp-json\/wp\/v2\/posts\/7246\/revisions"}],"wp:attachment":[{"href":"https:\/\/www.vortal.biz\/es\/wp-json\/wp\/v2\/media?parent=7246"}],"wp:term":[{"taxonomy":"category","embeddable":true,"href":"https:\/\/www.vortal.biz\/es\/wp-json\/wp\/v2\/categories?post=7246"},{"taxonomy":"post_tag","embeddable":true,"href":"https:\/\/www.vortal.biz\/es\/wp-json\/wp\/v2\/tags?post=7246"}],"curies":[{"name":"wp","href":"https:\/\/api.w.org\/{rel}","templated":true}]}}