{"id":7228,"date":"2016-05-06T09:16:05","date_gmt":"2016-05-06T09:16:05","guid":{"rendered":"https:\/\/www.vortal.biz\/?p=7228"},"modified":"2021-08-06T09:17:09","modified_gmt":"2021-08-06T09:17:09","slug":"gran-acogida-al-i-congreso-nacional-de-contratacion-publica-electronica","status":"publish","type":"post","link":"https:\/\/www.vortal.biz\/es\/gran-acogida-al-i-congreso-nacional-de-contratacion-publica-electronica\/","title":{"rendered":"Gran acogida al I Congreso Nacional de Contrataci\u00f3n P\u00fablica Electr\u00f3nica"},"content":{"rendered":"<div class=\"fusion-fullwidth fullwidth-box fusion-builder-row-1 fusion-flex-container nonhundred-percent-fullwidth non-hundred-percent-height-scrolling\" style=\"background-color: rgba(255,255,255,0);background-position: center center;background-repeat: no-repeat;border-width: 0px 0px 0px 0px;border-color:#e2e2e2;border-style:solid;\" ><div class=\"fusion-builder-row fusion-row fusion-flex-align-items-flex-start\" style=\"max-width:calc( 1640px + 32px );margin-left: calc(-32px \/ 2 );margin-right: calc(-32px \/ 2 );\"><div class=\"fusion-layout-column fusion_builder_column fusion-builder-column-0 fusion_builder_column_1_1 1_1 fusion-flex-column\"><div class=\"fusion-column-wrapper fusion-flex-justify-content-flex-start fusion-content-layout-column\" style=\"background-position:left top;background-repeat:no-repeat;-webkit-background-size:cover;-moz-background-size:cover;-o-background-size:cover;background-size:cover;padding: 0px 0px 0px 0px;\"><div class=\"fusion-text fusion-text-1\"><p>Valencia ha sido la capital de la contrataci\u00f3n p\u00fablica electr\u00f3nica durante dos d\u00edas gracias al I Congreso Nacional de Contrataci\u00f3n P\u00fablica Electr\u00f3nica, celebrado en el Centro Cultural La Petxina. 400 profesionales de la Administraci\u00f3n han debatido sobre la tramitaci\u00f3n electr\u00f3nica, de obligado cumplimiento en el sector p\u00fablico europeo a mediados de 2018.<\/p>\n<p>VORTAL ha tenido el orgullo de ser uno de los promotores de esta iniciativa que, junto con el apoyo del sector p\u00fablico valenciano y el resto de patrocinadores, hemos acercado esta materia, en ocasiones desconocida, a todos los asistentes.<\/p>\n<p>En los pr\u00f3ximos d\u00edas\/semanas iremos poniendo a vuestra disposici\u00f3n numerosos recursos (videos y presentaciones). Queremos que quienes no hay\u00e1is podido asistir por una u otra raz\u00f3n est\u00e9is informados sobre este asunto.<\/p>\n<p>Durante el evento, los ponentes han destacado que la contrataci\u00f3n p\u00fablica electr\u00f3nica es un paso definitivo hacia la transparencia y el ahorro p\u00fablico. Aquellas administraciones que ya han puesto en marcha este modelo de contrataci\u00f3n confirman la satisfacci\u00f3n ciudadana y el ahorro de costes que supone tambi\u00e9n para las empresas. De hecho, seg\u00fan se ha desvelado en el Congreso, los estudios realizados hasta el momento confirman que la licitaci\u00f3n electr\u00f3nica supone un ahorro en gastos de contrataci\u00f3n que puede llegar al 20%.<\/p>\n<p>El conseller de Hacienda, Vicent Soler, ha clausurado el congreso. Se han celebrado un total de diez mesas redondas y seis conferencias, que han servido para conocer con detalle el panorama al que se enfrenta Espa\u00f1a para actualizar la Administraci\u00f3n P\u00fablica. En la actualidad, la contrataci\u00f3n p\u00fablica ya representa el 20% del PIB a nivel europeo.<\/p>\n<p>Jos\u00e9 Luis Ar\u00edstegui, Director General de VORTAL en Espa\u00f1a, explica en este video el por qu\u00e9 de este evento. Un evento que sin duda tendr\u00e1 continuidad.<\/p>\n<\/div><\/div><style type=\"text\/css\">.fusion-body .fusion-builder-column-0{width:100% !important;margin-top : 0px;margin-bottom : 0px;}.fusion-builder-column-0 > .fusion-column-wrapper {padding-top : 0px !important;padding-right : 0px !important;margin-right : 16px;padding-bottom : 0px !important;padding-left : 0px !important;margin-left : 16px;}@media only screen and (max-width:1024px) {.fusion-body .fusion-builder-column-0{width:100% !important;}.fusion-builder-column-0 > .fusion-column-wrapper {margin-right : 16px;margin-left : 16px;}}@media only screen and (max-width:640px) {.fusion-body .fusion-builder-column-0{width:100% !important;}.fusion-builder-column-0 > .fusion-column-wrapper {margin-right : 16px;margin-left : 16px;}}<\/style><\/div><\/div><style type=\"text\/css\">.fusion-body .fusion-flex-container.fusion-builder-row-1{ padding-top : 0px;margin-top : 0px;padding-right : 0px;padding-bottom : 0px;margin-bottom : 0px;padding-left : 0px;}<\/style><\/div>\n","protected":false},"excerpt":{"rendered":"","protected":false},"author":5639,"featured_media":0,"comment_status":"open","ping_status":"open","sticky":false,"template":"","format":"standard","meta":{"footnotes":""},"categories":[7],"tags":[],"yoast_head":"<!-- This site is optimized with the Yoast SEO plugin v22.3 - https:\/\/yoast.com\/wordpress\/plugins\/seo\/ -->\n<title>Gran acogida al I Congreso Nacional de Contrataci\u00f3n P\u00fablica Electr\u00f3nica - VORTAL<\/title>\n<meta name=\"robots\" content=\"index, follow, max-snippet:-1, max-image-preview:large, max-video-preview:-1\" \/>\n<link rel=\"canonical\" href=\"https:\/\/www.vortal.biz\/es\/gran-acogida-al-i-congreso-nacional-de-contratacion-publica-electronica\/\" \/>\n<meta property=\"og:locale\" content=\"es_ES\" \/>\n<meta property=\"og:type\" content=\"article\" \/>\n<meta property=\"og:title\" content=\"Gran acogida al I Congreso Nacional de Contrataci\u00f3n P\u00fablica Electr\u00f3nica - VORTAL\" \/>\n<meta property=\"og:url\" content=\"https:\/\/www.vortal.biz\/es\/gran-acogida-al-i-congreso-nacional-de-contratacion-publica-electronica\/\" \/>\n<meta property=\"og:site_name\" content=\"VORTAL\" \/>\n<meta property=\"article:published_time\" content=\"2016-05-06T09:16:05+00:00\" \/>\n<meta property=\"article:modified_time\" content=\"2021-08-06T09:17:09+00:00\" \/>\n<meta name=\"author\" content=\"Helida Oliveira\" \/>\n<meta name=\"twitter:card\" content=\"summary_large_image\" \/>\n<meta name=\"twitter:label1\" content=\"Escrito por\" \/>\n\t<meta name=\"twitter:data1\" content=\"Helida Oliveira\" \/>\n\t<meta name=\"twitter:label2\" content=\"Tiempo de lectura\" \/>\n\t<meta name=\"twitter:data2\" content=\"3 minutos\" \/>\n<script type=\"application\/ld+json\" class=\"yoast-schema-graph\">{\"@context\":\"https:\/\/schema.org\",\"@graph\":[{\"@type\":\"WebPage\",\"@id\":\"https:\/\/www.vortal.biz\/es\/gran-acogida-al-i-congreso-nacional-de-contratacion-publica-electronica\/\",\"url\":\"https:\/\/www.vortal.biz\/es\/gran-acogida-al-i-congreso-nacional-de-contratacion-publica-electronica\/\",\"name\":\"Gran acogida al I Congreso Nacional de Contrataci\u00f3n P\u00fablica Electr\u00f3nica - VORTAL\",\"isPartOf\":{\"@id\":\"https:\/\/www.vortal.biz\/pt-pt\/#website\"},\"datePublished\":\"2016-05-06T09:16:05+00:00\",\"dateModified\":\"2021-08-06T09:17:09+00:00\",\"author\":{\"@id\":\"https:\/\/www.vortal.biz\/pt-pt\/#\/schema\/person\/de007f49a9003cc0fec169585b65ddb2\"},\"breadcrumb\":{\"@id\":\"https:\/\/www.vortal.biz\/es\/gran-acogida-al-i-congreso-nacional-de-contratacion-publica-electronica\/#breadcrumb\"},\"inLanguage\":\"es\",\"potentialAction\":[{\"@type\":\"ReadAction\",\"target\":[\"https:\/\/www.vortal.biz\/es\/gran-acogida-al-i-congreso-nacional-de-contratacion-publica-electronica\/\"]}]},{\"@type\":\"BreadcrumbList\",\"@id\":\"https:\/\/www.vortal.biz\/es\/gran-acogida-al-i-congreso-nacional-de-contratacion-publica-electronica\/#breadcrumb\",\"itemListElement\":[{\"@type\":\"ListItem\",\"position\":1,\"name\":\"Home\",\"item\":\"https:\/\/www.vortal.biz\/es\/\"},{\"@type\":\"ListItem\",\"position\":2,\"name\":\"Gran acogida al I Congreso Nacional de Contrataci\u00f3n P\u00fablica Electr\u00f3nica\"}]},{\"@type\":\"WebSite\",\"@id\":\"https:\/\/www.vortal.biz\/pt-pt\/#website\",\"url\":\"https:\/\/www.vortal.biz\/pt-pt\/\",\"name\":\"VORTAL\",\"description\":\"Connecting Business\",\"potentialAction\":[{\"@type\":\"SearchAction\",\"target\":{\"@type\":\"EntryPoint\",\"urlTemplate\":\"https:\/\/www.vortal.biz\/pt-pt\/?s={search_term_string}\"},\"query-input\":\"required name=search_term_string\"}],\"inLanguage\":\"es\"},{\"@type\":\"Person\",\"@id\":\"https:\/\/www.vortal.biz\/pt-pt\/#\/schema\/person\/de007f49a9003cc0fec169585b65ddb2\",\"name\":\"Helida Oliveira\",\"image\":{\"@type\":\"ImageObject\",\"inLanguage\":\"es\",\"@id\":\"https:\/\/www.vortal.biz\/pt-pt\/#\/schema\/person\/image\/\",\"url\":\"https:\/\/secure.gravatar.com\/avatar\/2485383d4ceb69bbd668ac515d6bdb03?s=96&d=mm&r=g\",\"contentUrl\":\"https:\/\/secure.gravatar.com\/avatar\/2485383d4ceb69bbd668ac515d6bdb03?s=96&d=mm&r=g\",\"caption\":\"Helida Oliveira\"},\"url\":\"https:\/\/www.vortal.biz\/es\/author\/helida-oliveira\/\"}]}<\/script>\n<!-- \/ Yoast SEO plugin. -->","yoast_head_json":{"title":"Gran acogida al I Congreso Nacional de Contrataci\u00f3n P\u00fablica Electr\u00f3nica - VORTAL","robots":{"index":"index","follow":"follow","max-snippet":"max-snippet:-1","max-image-preview":"max-image-preview:large","max-video-preview":"max-video-preview:-1"},"canonical":"https:\/\/www.vortal.biz\/es\/gran-acogida-al-i-congreso-nacional-de-contratacion-publica-electronica\/","og_locale":"es_ES","og_type":"article","og_title":"Gran acogida al I Congreso Nacional de Contrataci\u00f3n P\u00fablica Electr\u00f3nica - VORTAL","og_url":"https:\/\/www.vortal.biz\/es\/gran-acogida-al-i-congreso-nacional-de-contratacion-publica-electronica\/","og_site_name":"VORTAL","article_published_time":"2016-05-06T09:16:05+00:00","article_modified_time":"2021-08-06T09:17:09+00:00","author":"Helida Oliveira","twitter_card":"summary_large_image","twitter_misc":{"Escrito por":"Helida Oliveira","Tiempo de lectura":"3 minutos"},"schema":{"@context":"https:\/\/schema.org","@graph":[{"@type":"WebPage","@id":"https:\/\/www.vortal.biz\/es\/gran-acogida-al-i-congreso-nacional-de-contratacion-publica-electronica\/","url":"https:\/\/www.vortal.biz\/es\/gran-acogida-al-i-congreso-nacional-de-contratacion-publica-electronica\/","name":"Gran acogida al I Congreso Nacional de Contrataci\u00f3n P\u00fablica Electr\u00f3nica - VORTAL","isPartOf":{"@id":"https:\/\/www.vortal.biz\/pt-pt\/#website"},"datePublished":"2016-05-06T09:16:05+00:00","dateModified":"2021-08-06T09:17:09+00:00","author":{"@id":"https:\/\/www.vortal.biz\/pt-pt\/#\/schema\/person\/de007f49a9003cc0fec169585b65ddb2"},"breadcrumb":{"@id":"https:\/\/www.vortal.biz\/es\/gran-acogida-al-i-congreso-nacional-de-contratacion-publica-electronica\/#breadcrumb"},"inLanguage":"es","potentialAction":[{"@type":"ReadAction","target":["https:\/\/www.vortal.biz\/es\/gran-acogida-al-i-congreso-nacional-de-contratacion-publica-electronica\/"]}]},{"@type":"BreadcrumbList","@id":"https:\/\/www.vortal.biz\/es\/gran-acogida-al-i-congreso-nacional-de-contratacion-publica-electronica\/#breadcrumb","itemListElement":[{"@type":"ListItem","position":1,"name":"Home","item":"https:\/\/www.vortal.biz\/es\/"},{"@type":"ListItem","position":2,"name":"Gran acogida al I Congreso Nacional de Contrataci\u00f3n P\u00fablica Electr\u00f3nica"}]},{"@type":"WebSite","@id":"https:\/\/www.vortal.biz\/pt-pt\/#website","url":"https:\/\/www.vortal.biz\/pt-pt\/","name":"VORTAL","description":"Connecting Business","potentialAction":[{"@type":"SearchAction","target":{"@type":"EntryPoint","urlTemplate":"https:\/\/www.vortal.biz\/pt-pt\/?s={search_term_string}"},"query-input":"required name=search_term_string"}],"inLanguage":"es"},{"@type":"Person","@id":"https:\/\/www.vortal.biz\/pt-pt\/#\/schema\/person\/de007f49a9003cc0fec169585b65ddb2","name":"Helida Oliveira","image":{"@type":"ImageObject","inLanguage":"es","@id":"https:\/\/www.vortal.biz\/pt-pt\/#\/schema\/person\/image\/","url":"https:\/\/secure.gravatar.com\/avatar\/2485383d4ceb69bbd668ac515d6bdb03?s=96&d=mm&r=g","contentUrl":"https:\/\/secure.gravatar.com\/avatar\/2485383d4ceb69bbd668ac515d6bdb03?s=96&d=mm&r=g","caption":"Helida Oliveira"},"url":"https:\/\/www.vortal.biz\/es\/author\/helida-oliveira\/"}]}},"_links":{"self":[{"href":"https:\/\/www.vortal.biz\/es\/wp-json\/wp\/v2\/posts\/7228"}],"collection":[{"href":"https:\/\/www.vortal.biz\/es\/wp-json\/wp\/v2\/posts"}],"about":[{"href":"https:\/\/www.vortal.biz\/es\/wp-json\/wp\/v2\/types\/post"}],"author":[{"embeddable":true,"href":"https:\/\/www.vortal.biz\/es\/wp-json\/wp\/v2\/users\/5639"}],"replies":[{"embeddable":true,"href":"https:\/\/www.vortal.biz\/es\/wp-json\/wp\/v2\/comments?post=7228"}],"version-history":[{"count":0,"href":"https:\/\/www.vortal.biz\/es\/wp-json\/wp\/v2\/posts\/7228\/revisions"}],"wp:attachment":[{"href":"https:\/\/www.vortal.biz\/es\/wp-json\/wp\/v2\/media?parent=7228"}],"wp:term":[{"taxonomy":"category","embeddable":true,"href":"https:\/\/www.vortal.biz\/es\/wp-json\/wp\/v2\/categories?post=7228"},{"taxonomy":"post_tag","embeddable":true,"href":"https:\/\/www.vortal.biz\/es\/wp-json\/wp\/v2\/tags?post=7228"}],"curies":[{"name":"wp","href":"https:\/\/api.w.org\/{rel}","templated":true}]}}