{"id":7178,"date":"2016-08-09T16:09:23","date_gmt":"2016-08-09T16:09:23","guid":{"rendered":"https:\/\/www.vortal.biz\/?p=7178"},"modified":"2021-08-05T16:12:33","modified_gmt":"2021-08-05T16:12:33","slug":"vortal-patrocinara-el-iii-congreso-iberoamericano-de-innovacion-publica","status":"publish","type":"post","link":"https:\/\/www.vortal.biz\/es\/vortal-patrocinara-el-iii-congreso-iberoamericano-de-innovacion-publica\/","title":{"rendered":"VORTAL patrocinar\u00e1 el III Congreso Iberoamericano de Innovaci\u00f3n P\u00fablica"},"content":{"rendered":"<div class=\"fusion-fullwidth fullwidth-box fusion-builder-row-1 fusion-flex-container nonhundred-percent-fullwidth non-hundred-percent-height-scrolling\" style=\"background-color: rgba(255,255,255,0);background-position: center center;background-repeat: no-repeat;border-width: 0px 0px 0px 0px;border-color:#e2e2e2;border-style:solid;\" ><div class=\"fusion-builder-row fusion-row fusion-flex-align-items-flex-start\" style=\"max-width:calc( 1640px + 32px );margin-left: calc(-32px \/ 2 );margin-right: calc(-32px \/ 2 );\"><div class=\"fusion-layout-column fusion_builder_column fusion-builder-column-0 fusion_builder_column_1_1 1_1 fusion-flex-column\"><div class=\"fusion-column-wrapper fusion-flex-justify-content-flex-start fusion-content-layout-column\" style=\"background-position:left top;background-repeat:no-repeat;-webkit-background-size:cover;-moz-background-size:cover;-o-background-size:cover;background-size:cover;padding: 0px 0px 0px 0px;\"><div class=\"fusion-text fusion-text-1\"><p>VORTAL patrocinar\u00e1 los pr\u00f3ximos 29 y 30 de septiembre el III Congreso Iberoamericano de Innovaci\u00f3n P\u00fablica que organiza NovaGob,  la red social por excelencia de la Administraci\u00f3n P\u00fablica, junto al Cabildo de Tenerife y la Universidad de la Laguna.<\/p>\n<p>El evento, que va ya por su tercera edici\u00f3n, reunir\u00e1 este a\u00f1o a m\u00e1s de 500 responsables de la modernizaci\u00f3n administrativa en Espa\u00f1a y Latinoam\u00e9rica. Este es el \u00fanico foro que re\u00fane a representantes de ambos lados del Atl\u00e1ntico, posibilitando el intercambio de experiencias entre ambas regiones.<\/p>\n<p>VORTAL estar\u00e1 presente patrocinando la mesa de debate sobre Contrataci\u00f3n P\u00fablica Electr\u00f3nica, que ser\u00e1 moderada por Rui Dias-Ferreira, Consejero Delegado de VORTAL en Espa\u00f1a. Para el debate hemos invitado a:<\/p>\n<p>&#8211; M\u00aa Pilar Batet, Jefa del Servicio de Contrataci\u00f3n y Central de Compras Diputaci\u00f3n de Castell\u00f3n<br \/>\n&#8211; Yokasta Guzm\u00e1n, Directora General de Contrataciones P\u00fablicas de la Rep\u00fablica Dominicana<br \/>\n&#8211; Fernando \u00c1lvarez, Responsable Departamento de Modernizaci\u00f3n del Ayuntamiento de Gij\u00f3n<br \/>\n&#8211; Artur Trinidade Mimoso, Miembro del Consejo General SPMS Ministerio de Sanidad Gobierno de Portugal<br \/>\n&#8211; Israel Rodr\u00edguez, Responsable Proyecto Contrataci\u00f3n Electr\u00f3nica Universidad de Almer\u00eda<\/p>\n<p>A las opiniones de estos expertos se sumar\u00e1n por v\u00eddeo las de otros como Mar\u00eda Margarita Zuleta, Directora de Colombia Compra Eficiente, entidad que se encarga de la contrataci\u00f3n p\u00fablica en la Rep\u00fablica de Colombia.<\/p>\n<p>Con este dise\u00f1o hemos querido recoger las opiniones de todo tipo de entidades p\u00fablicas, desde universidades a gobiernos.<br \/>\nDesde VORTAL esperamos que tanto esta, como el resto de sesiones, resulten de vuestro inter\u00e9s.<\/p>\n<\/div><\/div><style type=\"text\/css\">.fusion-body .fusion-builder-column-0{width:100% !important;margin-top : 0px;margin-bottom : 0px;}.fusion-builder-column-0 > .fusion-column-wrapper {padding-top : 0px !important;padding-right : 0px !important;margin-right : 16px;padding-bottom : 0px !important;padding-left : 0px !important;margin-left : 16px;}@media only screen and (max-width:1024px) {.fusion-body .fusion-builder-column-0{width:100% !important;}.fusion-builder-column-0 > .fusion-column-wrapper {margin-right : 16px;margin-left : 16px;}}@media only screen and (max-width:640px) {.fusion-body .fusion-builder-column-0{width:100% !important;}.fusion-builder-column-0 > .fusion-column-wrapper {margin-right : 16px;margin-left : 16px;}}<\/style><\/div><\/div><style type=\"text\/css\">.fusion-body .fusion-flex-container.fusion-builder-row-1{ padding-top : 0px;margin-top : 0px;padding-right : 0px;padding-bottom : 0px;margin-bottom : 0px;padding-left : 0px;}<\/style><\/div>\n","protected":false},"excerpt":{"rendered":"","protected":false},"author":5639,"featured_media":0,"comment_status":"open","ping_status":"open","sticky":false,"template":"","format":"standard","meta":{"footnotes":""},"categories":[7],"tags":[],"yoast_head":"<!-- This site is optimized with the Yoast SEO plugin v22.3 - https:\/\/yoast.com\/wordpress\/plugins\/seo\/ -->\n<title>VORTAL patrocinar\u00e1 el III Congreso Iberoamericano de Innovaci\u00f3n P\u00fablica - VORTAL<\/title>\n<meta name=\"robots\" content=\"index, follow, max-snippet:-1, max-image-preview:large, max-video-preview:-1\" \/>\n<link rel=\"canonical\" href=\"https:\/\/www.vortal.biz\/es\/vortal-patrocinara-el-iii-congreso-iberoamericano-de-innovacion-publica\/\" \/>\n<meta property=\"og:locale\" content=\"es_ES\" \/>\n<meta property=\"og:type\" content=\"article\" \/>\n<meta property=\"og:title\" content=\"VORTAL patrocinar\u00e1 el III Congreso Iberoamericano de Innovaci\u00f3n P\u00fablica - VORTAL\" \/>\n<meta property=\"og:url\" content=\"https:\/\/www.vortal.biz\/es\/vortal-patrocinara-el-iii-congreso-iberoamericano-de-innovacion-publica\/\" \/>\n<meta property=\"og:site_name\" content=\"VORTAL\" \/>\n<meta property=\"article:published_time\" content=\"2016-08-09T16:09:23+00:00\" \/>\n<meta property=\"article:modified_time\" content=\"2021-08-05T16:12:33+00:00\" \/>\n<meta name=\"author\" content=\"Helida Oliveira\" \/>\n<meta name=\"twitter:card\" content=\"summary_large_image\" \/>\n<meta name=\"twitter:label1\" content=\"Escrito por\" \/>\n\t<meta name=\"twitter:data1\" content=\"Helida Oliveira\" \/>\n\t<meta name=\"twitter:label2\" content=\"Tiempo de lectura\" \/>\n\t<meta name=\"twitter:data2\" content=\"3 minutos\" \/>\n<script type=\"application\/ld+json\" class=\"yoast-schema-graph\">{\"@context\":\"https:\/\/schema.org\",\"@graph\":[{\"@type\":\"WebPage\",\"@id\":\"https:\/\/www.vortal.biz\/es\/vortal-patrocinara-el-iii-congreso-iberoamericano-de-innovacion-publica\/\",\"url\":\"https:\/\/www.vortal.biz\/es\/vortal-patrocinara-el-iii-congreso-iberoamericano-de-innovacion-publica\/\",\"name\":\"VORTAL patrocinar\u00e1 el III Congreso Iberoamericano de Innovaci\u00f3n P\u00fablica - VORTAL\",\"isPartOf\":{\"@id\":\"https:\/\/www.vortal.biz\/pt-pt\/#website\"},\"datePublished\":\"2016-08-09T16:09:23+00:00\",\"dateModified\":\"2021-08-05T16:12:33+00:00\",\"author\":{\"@id\":\"https:\/\/www.vortal.biz\/pt-pt\/#\/schema\/person\/de007f49a9003cc0fec169585b65ddb2\"},\"breadcrumb\":{\"@id\":\"https:\/\/www.vortal.biz\/es\/vortal-patrocinara-el-iii-congreso-iberoamericano-de-innovacion-publica\/#breadcrumb\"},\"inLanguage\":\"es\",\"potentialAction\":[{\"@type\":\"ReadAction\",\"target\":[\"https:\/\/www.vortal.biz\/es\/vortal-patrocinara-el-iii-congreso-iberoamericano-de-innovacion-publica\/\"]}]},{\"@type\":\"BreadcrumbList\",\"@id\":\"https:\/\/www.vortal.biz\/es\/vortal-patrocinara-el-iii-congreso-iberoamericano-de-innovacion-publica\/#breadcrumb\",\"itemListElement\":[{\"@type\":\"ListItem\",\"position\":1,\"name\":\"Home\",\"item\":\"https:\/\/www.vortal.biz\/es\/\"},{\"@type\":\"ListItem\",\"position\":2,\"name\":\"VORTAL patrocinar\u00e1 el III Congreso Iberoamericano de Innovaci\u00f3n P\u00fablica\"}]},{\"@type\":\"WebSite\",\"@id\":\"https:\/\/www.vortal.biz\/pt-pt\/#website\",\"url\":\"https:\/\/www.vortal.biz\/pt-pt\/\",\"name\":\"VORTAL\",\"description\":\"Connecting Business\",\"potentialAction\":[{\"@type\":\"SearchAction\",\"target\":{\"@type\":\"EntryPoint\",\"urlTemplate\":\"https:\/\/www.vortal.biz\/pt-pt\/?s={search_term_string}\"},\"query-input\":\"required name=search_term_string\"}],\"inLanguage\":\"es\"},{\"@type\":\"Person\",\"@id\":\"https:\/\/www.vortal.biz\/pt-pt\/#\/schema\/person\/de007f49a9003cc0fec169585b65ddb2\",\"name\":\"Helida Oliveira\",\"image\":{\"@type\":\"ImageObject\",\"inLanguage\":\"es\",\"@id\":\"https:\/\/www.vortal.biz\/pt-pt\/#\/schema\/person\/image\/\",\"url\":\"https:\/\/secure.gravatar.com\/avatar\/2485383d4ceb69bbd668ac515d6bdb03?s=96&d=mm&r=g\",\"contentUrl\":\"https:\/\/secure.gravatar.com\/avatar\/2485383d4ceb69bbd668ac515d6bdb03?s=96&d=mm&r=g\",\"caption\":\"Helida Oliveira\"},\"url\":\"https:\/\/www.vortal.biz\/es\/author\/helida-oliveira\/\"}]}<\/script>\n<!-- \/ Yoast SEO plugin. -->","yoast_head_json":{"title":"VORTAL patrocinar\u00e1 el III Congreso Iberoamericano de Innovaci\u00f3n P\u00fablica - VORTAL","robots":{"index":"index","follow":"follow","max-snippet":"max-snippet:-1","max-image-preview":"max-image-preview:large","max-video-preview":"max-video-preview:-1"},"canonical":"https:\/\/www.vortal.biz\/es\/vortal-patrocinara-el-iii-congreso-iberoamericano-de-innovacion-publica\/","og_locale":"es_ES","og_type":"article","og_title":"VORTAL patrocinar\u00e1 el III Congreso Iberoamericano de Innovaci\u00f3n P\u00fablica - VORTAL","og_url":"https:\/\/www.vortal.biz\/es\/vortal-patrocinara-el-iii-congreso-iberoamericano-de-innovacion-publica\/","og_site_name":"VORTAL","article_published_time":"2016-08-09T16:09:23+00:00","article_modified_time":"2021-08-05T16:12:33+00:00","author":"Helida Oliveira","twitter_card":"summary_large_image","twitter_misc":{"Escrito por":"Helida Oliveira","Tiempo de lectura":"3 minutos"},"schema":{"@context":"https:\/\/schema.org","@graph":[{"@type":"WebPage","@id":"https:\/\/www.vortal.biz\/es\/vortal-patrocinara-el-iii-congreso-iberoamericano-de-innovacion-publica\/","url":"https:\/\/www.vortal.biz\/es\/vortal-patrocinara-el-iii-congreso-iberoamericano-de-innovacion-publica\/","name":"VORTAL patrocinar\u00e1 el III Congreso Iberoamericano de Innovaci\u00f3n P\u00fablica - VORTAL","isPartOf":{"@id":"https:\/\/www.vortal.biz\/pt-pt\/#website"},"datePublished":"2016-08-09T16:09:23+00:00","dateModified":"2021-08-05T16:12:33+00:00","author":{"@id":"https:\/\/www.vortal.biz\/pt-pt\/#\/schema\/person\/de007f49a9003cc0fec169585b65ddb2"},"breadcrumb":{"@id":"https:\/\/www.vortal.biz\/es\/vortal-patrocinara-el-iii-congreso-iberoamericano-de-innovacion-publica\/#breadcrumb"},"inLanguage":"es","potentialAction":[{"@type":"ReadAction","target":["https:\/\/www.vortal.biz\/es\/vortal-patrocinara-el-iii-congreso-iberoamericano-de-innovacion-publica\/"]}]},{"@type":"BreadcrumbList","@id":"https:\/\/www.vortal.biz\/es\/vortal-patrocinara-el-iii-congreso-iberoamericano-de-innovacion-publica\/#breadcrumb","itemListElement":[{"@type":"ListItem","position":1,"name":"Home","item":"https:\/\/www.vortal.biz\/es\/"},{"@type":"ListItem","position":2,"name":"VORTAL patrocinar\u00e1 el III Congreso Iberoamericano de Innovaci\u00f3n P\u00fablica"}]},{"@type":"WebSite","@id":"https:\/\/www.vortal.biz\/pt-pt\/#website","url":"https:\/\/www.vortal.biz\/pt-pt\/","name":"VORTAL","description":"Connecting Business","potentialAction":[{"@type":"SearchAction","target":{"@type":"EntryPoint","urlTemplate":"https:\/\/www.vortal.biz\/pt-pt\/?s={search_term_string}"},"query-input":"required name=search_term_string"}],"inLanguage":"es"},{"@type":"Person","@id":"https:\/\/www.vortal.biz\/pt-pt\/#\/schema\/person\/de007f49a9003cc0fec169585b65ddb2","name":"Helida Oliveira","image":{"@type":"ImageObject","inLanguage":"es","@id":"https:\/\/www.vortal.biz\/pt-pt\/#\/schema\/person\/image\/","url":"https:\/\/secure.gravatar.com\/avatar\/2485383d4ceb69bbd668ac515d6bdb03?s=96&d=mm&r=g","contentUrl":"https:\/\/secure.gravatar.com\/avatar\/2485383d4ceb69bbd668ac515d6bdb03?s=96&d=mm&r=g","caption":"Helida Oliveira"},"url":"https:\/\/www.vortal.biz\/es\/author\/helida-oliveira\/"}]}},"_links":{"self":[{"href":"https:\/\/www.vortal.biz\/es\/wp-json\/wp\/v2\/posts\/7178"}],"collection":[{"href":"https:\/\/www.vortal.biz\/es\/wp-json\/wp\/v2\/posts"}],"about":[{"href":"https:\/\/www.vortal.biz\/es\/wp-json\/wp\/v2\/types\/post"}],"author":[{"embeddable":true,"href":"https:\/\/www.vortal.biz\/es\/wp-json\/wp\/v2\/users\/5639"}],"replies":[{"embeddable":true,"href":"https:\/\/www.vortal.biz\/es\/wp-json\/wp\/v2\/comments?post=7178"}],"version-history":[{"count":0,"href":"https:\/\/www.vortal.biz\/es\/wp-json\/wp\/v2\/posts\/7178\/revisions"}],"wp:attachment":[{"href":"https:\/\/www.vortal.biz\/es\/wp-json\/wp\/v2\/media?parent=7178"}],"wp:term":[{"taxonomy":"category","embeddable":true,"href":"https:\/\/www.vortal.biz\/es\/wp-json\/wp\/v2\/categories?post=7178"},{"taxonomy":"post_tag","embeddable":true,"href":"https:\/\/www.vortal.biz\/es\/wp-json\/wp\/v2\/tags?post=7178"}],"curies":[{"name":"wp","href":"https:\/\/api.w.org\/{rel}","templated":true}]}}