{"id":7174,"date":"2016-11-28T16:05:55","date_gmt":"2016-11-28T16:05:55","guid":{"rendered":"https:\/\/www.vortal.biz\/?p=7174"},"modified":"2021-08-05T16:07:08","modified_gmt":"2021-08-05T16:07:08","slug":"vortal-va-a-participar-en-los-dialogos-de-compliance-organizados-por-la-cnmc","status":"publish","type":"post","link":"https:\/\/www.vortal.biz\/es\/vortal-va-a-participar-en-los-dialogos-de-compliance-organizados-por-la-cnmc\/","title":{"rendered":"VORTAL va a participar en los Di\u00e1logos de Compliance organizados por la CNMC"},"content":{"rendered":"<div class=\"fusion-fullwidth fullwidth-box fusion-builder-row-1 fusion-flex-container nonhundred-percent-fullwidth non-hundred-percent-height-scrolling\" style=\"background-color: rgba(255,255,255,0);background-position: center center;background-repeat: no-repeat;border-width: 0px 0px 0px 0px;border-color:#e2e2e2;border-style:solid;\" ><div class=\"fusion-builder-row fusion-row fusion-flex-align-items-flex-start\" style=\"max-width:calc( 1640px + 32px );margin-left: calc(-32px \/ 2 );margin-right: calc(-32px \/ 2 );\"><div class=\"fusion-layout-column fusion_builder_column fusion-builder-column-0 fusion_builder_column_1_1 1_1 fusion-flex-column\"><div class=\"fusion-column-wrapper fusion-flex-justify-content-flex-start fusion-content-layout-column\" style=\"background-position:left top;background-repeat:no-repeat;-webkit-background-size:cover;-moz-background-size:cover;-o-background-size:cover;background-size:cover;padding: 0px 0px 0px 0px;\"><div class=\"fusion-text fusion-text-1\"><p>Este Mi\u00e9rcoles, dia 30, VORTAL va a participar en los Di\u00e1logos de Compliance, organizados por la Comision Nacional de la Competencia, con la presencia de Jos\u00e9 Lu\u00eds Aristegui, Director General de Vortal Espa\u00f1a, quien va a hablar, c\u00f3mo la contrataci\u00f3n p\u00fablica electr\u00f3nica, puede ayudar a las labores de compliance, tanto al sector p\u00fablico como privado, adem\u00e1s de citar varios ejemplos de administraciones p\u00fablicas espa\u00f1olas exitosos.<\/p>\n<p>En este misma mesa de debate tambi\u00e9n participar\u00e1n D. Antonio Maudes Guti\u00e9rrez, Director del Departamento de Promoci\u00f3n de la Competencia de la CNMC y D. Jos\u00e9 Mar\u00eda Ayala de la Torre, Abogado del Estado y responsable del grupo de trabajo de ASCOM del Sector P\u00fablico, moderados por D\u00aa. Gloria Hern\u00e1ndez Aler, abogada y miembro de la Junta Directiva de ASCOM.<\/p>\n<p>Los Di\u00e1logos de Compliance \u00abse trata de una nueva iniciativa que pretende maximizar las potenciales ventajas de la colaboraci\u00f3n p\u00fablico privada, haciendo pedagog\u00eda e incorporando a nuestro sistema los mejores est\u00e1ndares de compliance y supervisi\u00f3n deontol\u00f3gica existentes a nivel internacional.\u00bb (in: www.cnmc.es)<\/p>\n<\/div><\/div><style type=\"text\/css\">.fusion-body .fusion-builder-column-0{width:100% !important;margin-top : 0px;margin-bottom : 0px;}.fusion-builder-column-0 > .fusion-column-wrapper {padding-top : 0px !important;padding-right : 0px !important;margin-right : 16px;padding-bottom : 0px !important;padding-left : 0px !important;margin-left : 16px;}@media only screen and (max-width:1024px) {.fusion-body .fusion-builder-column-0{width:100% !important;}.fusion-builder-column-0 > .fusion-column-wrapper {margin-right : 16px;margin-left : 16px;}}@media only screen and (max-width:640px) {.fusion-body .fusion-builder-column-0{width:100% !important;}.fusion-builder-column-0 > .fusion-column-wrapper {margin-right : 16px;margin-left : 16px;}}<\/style><\/div><\/div><style type=\"text\/css\">.fusion-body .fusion-flex-container.fusion-builder-row-1{ padding-top : 0px;margin-top : 0px;padding-right : 0px;padding-bottom : 0px;margin-bottom : 0px;padding-left : 0px;}<\/style><\/div>\n","protected":false},"excerpt":{"rendered":"","protected":false},"author":5639,"featured_media":0,"comment_status":"open","ping_status":"open","sticky":false,"template":"","format":"standard","meta":{"footnotes":""},"categories":[7],"tags":[],"yoast_head":"<!-- This site is optimized with the Yoast SEO plugin v22.3 - https:\/\/yoast.com\/wordpress\/plugins\/seo\/ -->\n<title>VORTAL va a participar en los Di\u00e1logos de Compliance organizados por la CNMC - VORTAL<\/title>\n<meta name=\"robots\" content=\"index, follow, max-snippet:-1, max-image-preview:large, max-video-preview:-1\" \/>\n<link rel=\"canonical\" href=\"https:\/\/www.vortal.biz\/es\/vortal-va-a-participar-en-los-dialogos-de-compliance-organizados-por-la-cnmc\/\" \/>\n<meta property=\"og:locale\" content=\"es_ES\" \/>\n<meta property=\"og:type\" content=\"article\" \/>\n<meta property=\"og:title\" content=\"VORTAL va a participar en los Di\u00e1logos de Compliance organizados por la CNMC - VORTAL\" \/>\n<meta property=\"og:url\" content=\"https:\/\/www.vortal.biz\/es\/vortal-va-a-participar-en-los-dialogos-de-compliance-organizados-por-la-cnmc\/\" \/>\n<meta property=\"og:site_name\" content=\"VORTAL\" \/>\n<meta property=\"article:published_time\" content=\"2016-11-28T16:05:55+00:00\" \/>\n<meta property=\"article:modified_time\" content=\"2021-08-05T16:07:08+00:00\" \/>\n<meta name=\"author\" content=\"Helida Oliveira\" \/>\n<meta name=\"twitter:card\" content=\"summary_large_image\" \/>\n<meta name=\"twitter:label1\" content=\"Escrito por\" \/>\n\t<meta name=\"twitter:data1\" content=\"Helida Oliveira\" \/>\n\t<meta name=\"twitter:label2\" content=\"Tiempo de lectura\" \/>\n\t<meta name=\"twitter:data2\" content=\"3 minutos\" \/>\n<script type=\"application\/ld+json\" class=\"yoast-schema-graph\">{\"@context\":\"https:\/\/schema.org\",\"@graph\":[{\"@type\":\"WebPage\",\"@id\":\"https:\/\/www.vortal.biz\/es\/vortal-va-a-participar-en-los-dialogos-de-compliance-organizados-por-la-cnmc\/\",\"url\":\"https:\/\/www.vortal.biz\/es\/vortal-va-a-participar-en-los-dialogos-de-compliance-organizados-por-la-cnmc\/\",\"name\":\"VORTAL va a participar en los Di\u00e1logos de Compliance organizados por la CNMC - VORTAL\",\"isPartOf\":{\"@id\":\"https:\/\/www.vortal.biz\/pt-pt\/#website\"},\"datePublished\":\"2016-11-28T16:05:55+00:00\",\"dateModified\":\"2021-08-05T16:07:08+00:00\",\"author\":{\"@id\":\"https:\/\/www.vortal.biz\/pt-pt\/#\/schema\/person\/de007f49a9003cc0fec169585b65ddb2\"},\"breadcrumb\":{\"@id\":\"https:\/\/www.vortal.biz\/es\/vortal-va-a-participar-en-los-dialogos-de-compliance-organizados-por-la-cnmc\/#breadcrumb\"},\"inLanguage\":\"es\",\"potentialAction\":[{\"@type\":\"ReadAction\",\"target\":[\"https:\/\/www.vortal.biz\/es\/vortal-va-a-participar-en-los-dialogos-de-compliance-organizados-por-la-cnmc\/\"]}]},{\"@type\":\"BreadcrumbList\",\"@id\":\"https:\/\/www.vortal.biz\/es\/vortal-va-a-participar-en-los-dialogos-de-compliance-organizados-por-la-cnmc\/#breadcrumb\",\"itemListElement\":[{\"@type\":\"ListItem\",\"position\":1,\"name\":\"Home\",\"item\":\"https:\/\/www.vortal.biz\/es\/\"},{\"@type\":\"ListItem\",\"position\":2,\"name\":\"VORTAL va a participar en los Di\u00e1logos de Compliance organizados por la CNMC\"}]},{\"@type\":\"WebSite\",\"@id\":\"https:\/\/www.vortal.biz\/pt-pt\/#website\",\"url\":\"https:\/\/www.vortal.biz\/pt-pt\/\",\"name\":\"VORTAL\",\"description\":\"Connecting Business\",\"potentialAction\":[{\"@type\":\"SearchAction\",\"target\":{\"@type\":\"EntryPoint\",\"urlTemplate\":\"https:\/\/www.vortal.biz\/pt-pt\/?s={search_term_string}\"},\"query-input\":\"required name=search_term_string\"}],\"inLanguage\":\"es\"},{\"@type\":\"Person\",\"@id\":\"https:\/\/www.vortal.biz\/pt-pt\/#\/schema\/person\/de007f49a9003cc0fec169585b65ddb2\",\"name\":\"Helida Oliveira\",\"image\":{\"@type\":\"ImageObject\",\"inLanguage\":\"es\",\"@id\":\"https:\/\/www.vortal.biz\/pt-pt\/#\/schema\/person\/image\/\",\"url\":\"https:\/\/secure.gravatar.com\/avatar\/2485383d4ceb69bbd668ac515d6bdb03?s=96&d=mm&r=g\",\"contentUrl\":\"https:\/\/secure.gravatar.com\/avatar\/2485383d4ceb69bbd668ac515d6bdb03?s=96&d=mm&r=g\",\"caption\":\"Helida Oliveira\"},\"url\":\"https:\/\/www.vortal.biz\/es\/author\/helida-oliveira\/\"}]}<\/script>\n<!-- \/ Yoast SEO plugin. -->","yoast_head_json":{"title":"VORTAL va a participar en los Di\u00e1logos de Compliance organizados por la CNMC - VORTAL","robots":{"index":"index","follow":"follow","max-snippet":"max-snippet:-1","max-image-preview":"max-image-preview:large","max-video-preview":"max-video-preview:-1"},"canonical":"https:\/\/www.vortal.biz\/es\/vortal-va-a-participar-en-los-dialogos-de-compliance-organizados-por-la-cnmc\/","og_locale":"es_ES","og_type":"article","og_title":"VORTAL va a participar en los Di\u00e1logos de Compliance organizados por la CNMC - VORTAL","og_url":"https:\/\/www.vortal.biz\/es\/vortal-va-a-participar-en-los-dialogos-de-compliance-organizados-por-la-cnmc\/","og_site_name":"VORTAL","article_published_time":"2016-11-28T16:05:55+00:00","article_modified_time":"2021-08-05T16:07:08+00:00","author":"Helida Oliveira","twitter_card":"summary_large_image","twitter_misc":{"Escrito por":"Helida Oliveira","Tiempo de lectura":"3 minutos"},"schema":{"@context":"https:\/\/schema.org","@graph":[{"@type":"WebPage","@id":"https:\/\/www.vortal.biz\/es\/vortal-va-a-participar-en-los-dialogos-de-compliance-organizados-por-la-cnmc\/","url":"https:\/\/www.vortal.biz\/es\/vortal-va-a-participar-en-los-dialogos-de-compliance-organizados-por-la-cnmc\/","name":"VORTAL va a participar en los Di\u00e1logos de Compliance organizados por la CNMC - VORTAL","isPartOf":{"@id":"https:\/\/www.vortal.biz\/pt-pt\/#website"},"datePublished":"2016-11-28T16:05:55+00:00","dateModified":"2021-08-05T16:07:08+00:00","author":{"@id":"https:\/\/www.vortal.biz\/pt-pt\/#\/schema\/person\/de007f49a9003cc0fec169585b65ddb2"},"breadcrumb":{"@id":"https:\/\/www.vortal.biz\/es\/vortal-va-a-participar-en-los-dialogos-de-compliance-organizados-por-la-cnmc\/#breadcrumb"},"inLanguage":"es","potentialAction":[{"@type":"ReadAction","target":["https:\/\/www.vortal.biz\/es\/vortal-va-a-participar-en-los-dialogos-de-compliance-organizados-por-la-cnmc\/"]}]},{"@type":"BreadcrumbList","@id":"https:\/\/www.vortal.biz\/es\/vortal-va-a-participar-en-los-dialogos-de-compliance-organizados-por-la-cnmc\/#breadcrumb","itemListElement":[{"@type":"ListItem","position":1,"name":"Home","item":"https:\/\/www.vortal.biz\/es\/"},{"@type":"ListItem","position":2,"name":"VORTAL va a participar en los Di\u00e1logos de Compliance organizados por la CNMC"}]},{"@type":"WebSite","@id":"https:\/\/www.vortal.biz\/pt-pt\/#website","url":"https:\/\/www.vortal.biz\/pt-pt\/","name":"VORTAL","description":"Connecting Business","potentialAction":[{"@type":"SearchAction","target":{"@type":"EntryPoint","urlTemplate":"https:\/\/www.vortal.biz\/pt-pt\/?s={search_term_string}"},"query-input":"required name=search_term_string"}],"inLanguage":"es"},{"@type":"Person","@id":"https:\/\/www.vortal.biz\/pt-pt\/#\/schema\/person\/de007f49a9003cc0fec169585b65ddb2","name":"Helida Oliveira","image":{"@type":"ImageObject","inLanguage":"es","@id":"https:\/\/www.vortal.biz\/pt-pt\/#\/schema\/person\/image\/","url":"https:\/\/secure.gravatar.com\/avatar\/2485383d4ceb69bbd668ac515d6bdb03?s=96&d=mm&r=g","contentUrl":"https:\/\/secure.gravatar.com\/avatar\/2485383d4ceb69bbd668ac515d6bdb03?s=96&d=mm&r=g","caption":"Helida Oliveira"},"url":"https:\/\/www.vortal.biz\/es\/author\/helida-oliveira\/"}]}},"_links":{"self":[{"href":"https:\/\/www.vortal.biz\/es\/wp-json\/wp\/v2\/posts\/7174"}],"collection":[{"href":"https:\/\/www.vortal.biz\/es\/wp-json\/wp\/v2\/posts"}],"about":[{"href":"https:\/\/www.vortal.biz\/es\/wp-json\/wp\/v2\/types\/post"}],"author":[{"embeddable":true,"href":"https:\/\/www.vortal.biz\/es\/wp-json\/wp\/v2\/users\/5639"}],"replies":[{"embeddable":true,"href":"https:\/\/www.vortal.biz\/es\/wp-json\/wp\/v2\/comments?post=7174"}],"version-history":[{"count":0,"href":"https:\/\/www.vortal.biz\/es\/wp-json\/wp\/v2\/posts\/7174\/revisions"}],"wp:attachment":[{"href":"https:\/\/www.vortal.biz\/es\/wp-json\/wp\/v2\/media?parent=7174"}],"wp:term":[{"taxonomy":"category","embeddable":true,"href":"https:\/\/www.vortal.biz\/es\/wp-json\/wp\/v2\/categories?post=7174"},{"taxonomy":"post_tag","embeddable":true,"href":"https:\/\/www.vortal.biz\/es\/wp-json\/wp\/v2\/tags?post=7174"}],"curies":[{"name":"wp","href":"https:\/\/api.w.org\/{rel}","templated":true}]}}