{"id":7151,"date":"2017-01-10T14:50:00","date_gmt":"2017-01-10T14:50:00","guid":{"rendered":"https:\/\/www.vortal.biz\/?p=7151"},"modified":"2021-08-05T14:52:04","modified_gmt":"2021-08-05T14:52:04","slug":"segunda-edicion-del-congreso-de-gobierno-digital-en-barcelona-con-el-apoyo-de-vortal","status":"publish","type":"post","link":"https:\/\/www.vortal.biz\/es\/segunda-edicion-del-congreso-de-gobierno-digital-en-barcelona-con-el-apoyo-de-vortal\/","title":{"rendered":"Segunda edici\u00f3n del Congreso de Gobierno Digital en Barcelona, con el apoyo de VORTAL"},"content":{"rendered":"<div class=\"fusion-fullwidth fullwidth-box fusion-builder-row-1 fusion-flex-container nonhundred-percent-fullwidth non-hundred-percent-height-scrolling\" style=\"background-color: rgba(255,255,255,0);background-position: center center;background-repeat: no-repeat;border-width: 0px 0px 0px 0px;border-color:#e2e2e2;border-style:solid;\" ><div class=\"fusion-builder-row fusion-row fusion-flex-align-items-flex-start\" style=\"max-width:calc( 1640px + 32px );margin-left: calc(-32px \/ 2 );margin-right: calc(-32px \/ 2 );\"><div class=\"fusion-layout-column fusion_builder_column fusion-builder-column-0 fusion_builder_column_1_1 1_1 fusion-flex-column\"><div class=\"fusion-column-wrapper fusion-flex-justify-content-flex-start fusion-content-layout-column\" style=\"background-position:left top;background-repeat:no-repeat;-webkit-background-size:cover;-moz-background-size:cover;-o-background-size:cover;background-size:cover;padding: 0px 0px 0px 0px;\"><div class=\"fusion-text fusion-text-1\"><p>Los pr\u00f3ximos d\u00edas 25 y 26 de enero de 2017 la Generalidad de Catalu\u00f1a, junto con el Consorcio Localret y el Consorcio AOC y en colaboraci\u00f3n con la Diputaci\u00f3n de Barcelona, celebraran el II Congreso de Gobierno Digital en el Centro de Cultura Contempor\u00e1nea de Barcelona (CCCB).<\/p>\n<p>El evento tiene como objetivo principal crear un espacio de encuentro y de intercambio de conocimiento, con experiencias y debate sobre las infraestructuras que deben permitir una buena gobernanza y una gesti\u00f3n p\u00fablica eficiente, estructurando una administraci\u00f3n abierta e innovadora que d\u00e9 respuesta real a las demandas y expectativas de la sociedad.<\/p>\n<p>VORTAL, como l\u00edder en contrataci\u00f3n p\u00fablica electr\u00f3nica, participar\u00e1 en el evento como patrocinador presentando dos casos de \u00e9xito de implantaci\u00f3n de su plataforma en la administraci\u00f3n catalana, donde se expondr\u00e1n los beneficios que aporta el uso de medios electr\u00f3nicos en la mejora de la eficiencia en tiempo y el ahorro de costes para las administraciones p\u00fablicas.<\/p>\n<p>En el congreso, adem\u00e1s, participaran altos cargos, t\u00e9cnicos de las \u00e1reas y de servicios involucrados en la transformaci\u00f3n de todos los niveles de las administraciones p\u00fablicas de Catalu\u00f1a, especialmente aquellos que est\u00e1n dirigiendo, liderando o participando en la transformaci\u00f3n y modernizaci\u00f3n de sus instituciones.<\/p>\n<p>Para asistir al evento puede acceder a la p\u00e1gina de registro y para m\u00e1s informaci\u00f3n sobre el evento visite la p\u00e1gina web del congreso.<\/p>\n<p><strong>Agenda:<\/strong><\/p>\n<p><strong>Mi\u00e9rcoles 25 Enero<\/strong><\/p>\n<p>9:00 &#8211; 9:25: Bienvenida Institucional<br \/>\n9:25 &#8211; 10:15: Ponencia Inaugural<br \/>\n11:15 &#8211; 12:00: Caf\u00e9<br \/>\n12:00 &#8211; 12:30: Caso de \u00e9xito VORTAL: Contractaci\u00f3 p\u00fablica electr\u00f2nica efectiva: l\u2019experi\u00e8ncia de l\u2019Ajuntament de Terrassa<br \/>\n14:30 &#8211; 15:45: Comida<br \/>\n16.45 &#8211; 17:45: Talleres<\/p>\n<p><strong>Jueves 26 Enero<\/strong><\/p>\n<p>9:00 \u2013 9:15: Bienvenida<br \/>\n9:15 &#8211; 11:15: Ponencias identidad digital<br \/>\n11:15 &#8211; 12:00: Caf\u00e9<br \/>\n12:00 &#8211; 12:30: Caso de \u00e9xito VORTAL: Contrataci\u00f3n p\u00fablica electr\u00f3nica en el Ajuntament de Matar\u00f3: Experiencia y Ventajas<br \/>\n15:45 &#8211; 16:45: Conclusiones del congreso<br \/>\n16:45 &#8211; 17:30: Reconocimientos y clausura institucional<\/p>\n<\/div><\/div><style type=\"text\/css\">.fusion-body .fusion-builder-column-0{width:100% !important;margin-top : 0px;margin-bottom : 0px;}.fusion-builder-column-0 > .fusion-column-wrapper {padding-top : 0px !important;padding-right : 0px !important;margin-right : 16px;padding-bottom : 0px !important;padding-left : 0px !important;margin-left : 16px;}@media only screen and (max-width:1024px) {.fusion-body .fusion-builder-column-0{width:100% !important;}.fusion-builder-column-0 > .fusion-column-wrapper {margin-right : 16px;margin-left : 16px;}}@media only screen and (max-width:640px) {.fusion-body .fusion-builder-column-0{width:100% !important;}.fusion-builder-column-0 > .fusion-column-wrapper {margin-right : 16px;margin-left : 16px;}}<\/style><\/div><\/div><style type=\"text\/css\">.fusion-body .fusion-flex-container.fusion-builder-row-1{ padding-top : 0px;margin-top : 0px;padding-right : 0px;padding-bottom : 0px;margin-bottom : 0px;padding-left : 0px;}<\/style><\/div>\n","protected":false},"excerpt":{"rendered":"","protected":false},"author":5639,"featured_media":0,"comment_status":"open","ping_status":"open","sticky":false,"template":"","format":"standard","meta":{"footnotes":""},"categories":[7],"tags":[],"yoast_head":"<!-- This site is optimized with the Yoast SEO plugin v22.3 - https:\/\/yoast.com\/wordpress\/plugins\/seo\/ -->\n<title>Segunda edici\u00f3n del Congreso de Gobierno Digital en Barcelona, con el apoyo de VORTAL - VORTAL<\/title>\n<meta name=\"robots\" content=\"index, follow, max-snippet:-1, max-image-preview:large, max-video-preview:-1\" \/>\n<link rel=\"canonical\" href=\"https:\/\/www.vortal.biz\/es\/segunda-edicion-del-congreso-de-gobierno-digital-en-barcelona-con-el-apoyo-de-vortal\/\" \/>\n<meta property=\"og:locale\" content=\"es_ES\" \/>\n<meta property=\"og:type\" content=\"article\" \/>\n<meta property=\"og:title\" content=\"Segunda edici\u00f3n del Congreso de Gobierno Digital en Barcelona, con el apoyo de VORTAL - VORTAL\" \/>\n<meta property=\"og:url\" content=\"https:\/\/www.vortal.biz\/es\/segunda-edicion-del-congreso-de-gobierno-digital-en-barcelona-con-el-apoyo-de-vortal\/\" \/>\n<meta property=\"og:site_name\" content=\"VORTAL\" \/>\n<meta property=\"article:published_time\" content=\"2017-01-10T14:50:00+00:00\" \/>\n<meta property=\"article:modified_time\" content=\"2021-08-05T14:52:04+00:00\" \/>\n<meta name=\"author\" content=\"Helida Oliveira\" \/>\n<meta name=\"twitter:card\" content=\"summary_large_image\" \/>\n<meta name=\"twitter:label1\" content=\"Escrito por\" \/>\n\t<meta name=\"twitter:data1\" content=\"Helida Oliveira\" \/>\n\t<meta name=\"twitter:label2\" content=\"Tiempo de lectura\" \/>\n\t<meta name=\"twitter:data2\" content=\"3 minutos\" \/>\n<script type=\"application\/ld+json\" class=\"yoast-schema-graph\">{\"@context\":\"https:\/\/schema.org\",\"@graph\":[{\"@type\":\"WebPage\",\"@id\":\"https:\/\/www.vortal.biz\/es\/segunda-edicion-del-congreso-de-gobierno-digital-en-barcelona-con-el-apoyo-de-vortal\/\",\"url\":\"https:\/\/www.vortal.biz\/es\/segunda-edicion-del-congreso-de-gobierno-digital-en-barcelona-con-el-apoyo-de-vortal\/\",\"name\":\"Segunda edici\u00f3n del Congreso de Gobierno Digital en Barcelona, con el apoyo de VORTAL - VORTAL\",\"isPartOf\":{\"@id\":\"https:\/\/www.vortal.biz\/pt-pt\/#website\"},\"datePublished\":\"2017-01-10T14:50:00+00:00\",\"dateModified\":\"2021-08-05T14:52:04+00:00\",\"author\":{\"@id\":\"https:\/\/www.vortal.biz\/pt-pt\/#\/schema\/person\/de007f49a9003cc0fec169585b65ddb2\"},\"breadcrumb\":{\"@id\":\"https:\/\/www.vortal.biz\/es\/segunda-edicion-del-congreso-de-gobierno-digital-en-barcelona-con-el-apoyo-de-vortal\/#breadcrumb\"},\"inLanguage\":\"es\",\"potentialAction\":[{\"@type\":\"ReadAction\",\"target\":[\"https:\/\/www.vortal.biz\/es\/segunda-edicion-del-congreso-de-gobierno-digital-en-barcelona-con-el-apoyo-de-vortal\/\"]}]},{\"@type\":\"BreadcrumbList\",\"@id\":\"https:\/\/www.vortal.biz\/es\/segunda-edicion-del-congreso-de-gobierno-digital-en-barcelona-con-el-apoyo-de-vortal\/#breadcrumb\",\"itemListElement\":[{\"@type\":\"ListItem\",\"position\":1,\"name\":\"Home\",\"item\":\"https:\/\/www.vortal.biz\/es\/\"},{\"@type\":\"ListItem\",\"position\":2,\"name\":\"Segunda edici\u00f3n del Congreso de Gobierno Digital en Barcelona, con el apoyo de VORTAL\"}]},{\"@type\":\"WebSite\",\"@id\":\"https:\/\/www.vortal.biz\/pt-pt\/#website\",\"url\":\"https:\/\/www.vortal.biz\/pt-pt\/\",\"name\":\"VORTAL\",\"description\":\"Connecting Business\",\"potentialAction\":[{\"@type\":\"SearchAction\",\"target\":{\"@type\":\"EntryPoint\",\"urlTemplate\":\"https:\/\/www.vortal.biz\/pt-pt\/?s={search_term_string}\"},\"query-input\":\"required name=search_term_string\"}],\"inLanguage\":\"es\"},{\"@type\":\"Person\",\"@id\":\"https:\/\/www.vortal.biz\/pt-pt\/#\/schema\/person\/de007f49a9003cc0fec169585b65ddb2\",\"name\":\"Helida Oliveira\",\"image\":{\"@type\":\"ImageObject\",\"inLanguage\":\"es\",\"@id\":\"https:\/\/www.vortal.biz\/pt-pt\/#\/schema\/person\/image\/\",\"url\":\"https:\/\/secure.gravatar.com\/avatar\/2485383d4ceb69bbd668ac515d6bdb03?s=96&d=mm&r=g\",\"contentUrl\":\"https:\/\/secure.gravatar.com\/avatar\/2485383d4ceb69bbd668ac515d6bdb03?s=96&d=mm&r=g\",\"caption\":\"Helida Oliveira\"},\"url\":\"https:\/\/www.vortal.biz\/es\/author\/helida-oliveira\/\"}]}<\/script>\n<!-- \/ Yoast SEO plugin. -->","yoast_head_json":{"title":"Segunda edici\u00f3n del Congreso de Gobierno Digital en Barcelona, con el apoyo de VORTAL - VORTAL","robots":{"index":"index","follow":"follow","max-snippet":"max-snippet:-1","max-image-preview":"max-image-preview:large","max-video-preview":"max-video-preview:-1"},"canonical":"https:\/\/www.vortal.biz\/es\/segunda-edicion-del-congreso-de-gobierno-digital-en-barcelona-con-el-apoyo-de-vortal\/","og_locale":"es_ES","og_type":"article","og_title":"Segunda edici\u00f3n del Congreso de Gobierno Digital en Barcelona, con el apoyo de VORTAL - VORTAL","og_url":"https:\/\/www.vortal.biz\/es\/segunda-edicion-del-congreso-de-gobierno-digital-en-barcelona-con-el-apoyo-de-vortal\/","og_site_name":"VORTAL","article_published_time":"2017-01-10T14:50:00+00:00","article_modified_time":"2021-08-05T14:52:04+00:00","author":"Helida Oliveira","twitter_card":"summary_large_image","twitter_misc":{"Escrito por":"Helida Oliveira","Tiempo de lectura":"3 minutos"},"schema":{"@context":"https:\/\/schema.org","@graph":[{"@type":"WebPage","@id":"https:\/\/www.vortal.biz\/es\/segunda-edicion-del-congreso-de-gobierno-digital-en-barcelona-con-el-apoyo-de-vortal\/","url":"https:\/\/www.vortal.biz\/es\/segunda-edicion-del-congreso-de-gobierno-digital-en-barcelona-con-el-apoyo-de-vortal\/","name":"Segunda edici\u00f3n del Congreso de Gobierno Digital en Barcelona, con el apoyo de VORTAL - VORTAL","isPartOf":{"@id":"https:\/\/www.vortal.biz\/pt-pt\/#website"},"datePublished":"2017-01-10T14:50:00+00:00","dateModified":"2021-08-05T14:52:04+00:00","author":{"@id":"https:\/\/www.vortal.biz\/pt-pt\/#\/schema\/person\/de007f49a9003cc0fec169585b65ddb2"},"breadcrumb":{"@id":"https:\/\/www.vortal.biz\/es\/segunda-edicion-del-congreso-de-gobierno-digital-en-barcelona-con-el-apoyo-de-vortal\/#breadcrumb"},"inLanguage":"es","potentialAction":[{"@type":"ReadAction","target":["https:\/\/www.vortal.biz\/es\/segunda-edicion-del-congreso-de-gobierno-digital-en-barcelona-con-el-apoyo-de-vortal\/"]}]},{"@type":"BreadcrumbList","@id":"https:\/\/www.vortal.biz\/es\/segunda-edicion-del-congreso-de-gobierno-digital-en-barcelona-con-el-apoyo-de-vortal\/#breadcrumb","itemListElement":[{"@type":"ListItem","position":1,"name":"Home","item":"https:\/\/www.vortal.biz\/es\/"},{"@type":"ListItem","position":2,"name":"Segunda edici\u00f3n del Congreso de Gobierno Digital en Barcelona, con el apoyo de VORTAL"}]},{"@type":"WebSite","@id":"https:\/\/www.vortal.biz\/pt-pt\/#website","url":"https:\/\/www.vortal.biz\/pt-pt\/","name":"VORTAL","description":"Connecting Business","potentialAction":[{"@type":"SearchAction","target":{"@type":"EntryPoint","urlTemplate":"https:\/\/www.vortal.biz\/pt-pt\/?s={search_term_string}"},"query-input":"required name=search_term_string"}],"inLanguage":"es"},{"@type":"Person","@id":"https:\/\/www.vortal.biz\/pt-pt\/#\/schema\/person\/de007f49a9003cc0fec169585b65ddb2","name":"Helida Oliveira","image":{"@type":"ImageObject","inLanguage":"es","@id":"https:\/\/www.vortal.biz\/pt-pt\/#\/schema\/person\/image\/","url":"https:\/\/secure.gravatar.com\/avatar\/2485383d4ceb69bbd668ac515d6bdb03?s=96&d=mm&r=g","contentUrl":"https:\/\/secure.gravatar.com\/avatar\/2485383d4ceb69bbd668ac515d6bdb03?s=96&d=mm&r=g","caption":"Helida Oliveira"},"url":"https:\/\/www.vortal.biz\/es\/author\/helida-oliveira\/"}]}},"_links":{"self":[{"href":"https:\/\/www.vortal.biz\/es\/wp-json\/wp\/v2\/posts\/7151"}],"collection":[{"href":"https:\/\/www.vortal.biz\/es\/wp-json\/wp\/v2\/posts"}],"about":[{"href":"https:\/\/www.vortal.biz\/es\/wp-json\/wp\/v2\/types\/post"}],"author":[{"embeddable":true,"href":"https:\/\/www.vortal.biz\/es\/wp-json\/wp\/v2\/users\/5639"}],"replies":[{"embeddable":true,"href":"https:\/\/www.vortal.biz\/es\/wp-json\/wp\/v2\/comments?post=7151"}],"version-history":[{"count":0,"href":"https:\/\/www.vortal.biz\/es\/wp-json\/wp\/v2\/posts\/7151\/revisions"}],"wp:attachment":[{"href":"https:\/\/www.vortal.biz\/es\/wp-json\/wp\/v2\/media?parent=7151"}],"wp:term":[{"taxonomy":"category","embeddable":true,"href":"https:\/\/www.vortal.biz\/es\/wp-json\/wp\/v2\/categories?post=7151"},{"taxonomy":"post_tag","embeddable":true,"href":"https:\/\/www.vortal.biz\/es\/wp-json\/wp\/v2\/tags?post=7151"}],"curies":[{"name":"wp","href":"https:\/\/api.w.org\/{rel}","templated":true}]}}