{"id":7145,"date":"2017-02-14T14:37:46","date_gmt":"2017-02-14T14:37:46","guid":{"rendered":"https:\/\/www.vortal.biz\/?p=7145"},"modified":"2021-08-05T14:39:07","modified_gmt":"2021-08-05T14:39:07","slug":"congreso-de-innovacion-y-servicios-publicos-cnis-22-y-23-de-febrero","status":"publish","type":"post","link":"https:\/\/www.vortal.biz\/es\/congreso-de-innovacion-y-servicios-publicos-cnis-22-y-23-de-febrero\/","title":{"rendered":"Congreso de Innovaci\u00f3n y Servicios P\u00fablicos &#8211; CNIS &#8211; 22 y 23 de Febrero"},"content":{"rendered":"<div class=\"fusion-fullwidth fullwidth-box fusion-builder-row-1 fusion-flex-container nonhundred-percent-fullwidth non-hundred-percent-height-scrolling\" style=\"background-color: rgba(255,255,255,0);background-position: center center;background-repeat: no-repeat;border-width: 0px 0px 0px 0px;border-color:#e2e2e2;border-style:solid;\" ><div class=\"fusion-builder-row fusion-row fusion-flex-align-items-flex-start\" style=\"max-width:calc( 1640px + 32px );margin-left: calc(-32px \/ 2 );margin-right: calc(-32px \/ 2 );\"><div class=\"fusion-layout-column fusion_builder_column fusion-builder-column-0 fusion_builder_column_1_1 1_1 fusion-flex-column\"><div class=\"fusion-column-wrapper fusion-flex-justify-content-flex-start fusion-content-layout-column\" style=\"background-position:left top;background-repeat:no-repeat;-webkit-background-size:cover;-moz-background-size:cover;-o-background-size:cover;background-size:cover;padding: 0px 0px 0px 0px;\"><div class=\"fusion-text fusion-text-1\"><p>Un a\u00f1o m\u00e1s, VORTAL participa como patrocinador en el Congreso de Innovaci\u00f3n y Servicios P\u00fablicos \u2013 CNIS que se celebrar\u00e1 los pr\u00f3ximos d\u00edas 22 y 23 de Febrero en la sede de la F\u00e1brica Nacional de la Moneda y Timbre de Madrid.<\/p>\n<p>Como claro promotor de la innovaci\u00f3n del sector p\u00fablico espa\u00f1ol, VORTAL formar\u00e1 parte del programa del congreso con una mesa redonda sobre contrataci\u00f3n p\u00fablica electr\u00f3nica el mi\u00e9rcoles 22 de febrero a las 17.10h en el Auditorio Principal. La moderaci\u00f3n correr\u00e1 a cargo de Jos\u00e9 Luis Ar\u00edstegui ( Director General de VORTAL) contaremos con la participaci\u00f3n del Ayuntamiento de Gij\u00f3n, La Diputaci\u00f3n de Orense, la Universidad de Almer\u00eda y V\u00edctor Almonacid Lamelas (Secretario General del Ajuntament de Alzira).<\/p>\n<p>Tambi\u00e9n el mi\u00e9rcoles 22 y a las 12h el Ayuntamiento de Gij\u00f3n nos presentar\u00e1 en la sala de comunicaciones el caso de \u00e9xito de su implementaci\u00f3n de la contrataci\u00f3n electr\u00f3nica en una ponencia liderada por Fernando \u00c1lvarez (Responsable del Servicio de Planificaci\u00f3n y Modernizaci\u00f3n) y M\u00f3nica Suero Mato (T\u00e9cnico del Servicio de Planificaci\u00f3n y Modernizaci\u00f3n) ambos del Ayuntamiento de Gij\u00f3n.<\/p>\n<\/div><\/div><style type=\"text\/css\">.fusion-body .fusion-builder-column-0{width:100% !important;margin-top : 0px;margin-bottom : 0px;}.fusion-builder-column-0 > .fusion-column-wrapper {padding-top : 0px !important;padding-right : 0px !important;margin-right : 16px;padding-bottom : 0px !important;padding-left : 0px !important;margin-left : 16px;}@media only screen and (max-width:1024px) {.fusion-body .fusion-builder-column-0{width:100% !important;}.fusion-builder-column-0 > .fusion-column-wrapper {margin-right : 16px;margin-left : 16px;}}@media only screen and (max-width:640px) {.fusion-body .fusion-builder-column-0{width:100% !important;}.fusion-builder-column-0 > .fusion-column-wrapper {margin-right : 16px;margin-left : 16px;}}<\/style><\/div><\/div><style type=\"text\/css\">.fusion-body .fusion-flex-container.fusion-builder-row-1{ padding-top : 0px;margin-top : 0px;padding-right : 0px;padding-bottom : 0px;margin-bottom : 0px;padding-left : 0px;}<\/style><\/div>\n","protected":false},"excerpt":{"rendered":"","protected":false},"author":5639,"featured_media":0,"comment_status":"open","ping_status":"open","sticky":false,"template":"","format":"standard","meta":{"footnotes":""},"categories":[7],"tags":[],"yoast_head":"<!-- This site is optimized with the Yoast SEO plugin v22.3 - https:\/\/yoast.com\/wordpress\/plugins\/seo\/ -->\n<title>Congreso de Innovaci\u00f3n y Servicios P\u00fablicos - CNIS - 22 y 23 de Febrero - VORTAL<\/title>\n<meta name=\"robots\" content=\"index, follow, max-snippet:-1, max-image-preview:large, max-video-preview:-1\" \/>\n<link rel=\"canonical\" href=\"https:\/\/www.vortal.biz\/es\/congreso-de-innovacion-y-servicios-publicos-cnis-22-y-23-de-febrero\/\" \/>\n<meta property=\"og:locale\" content=\"es_ES\" \/>\n<meta property=\"og:type\" content=\"article\" \/>\n<meta property=\"og:title\" content=\"Congreso de Innovaci\u00f3n y Servicios P\u00fablicos - CNIS - 22 y 23 de Febrero - VORTAL\" \/>\n<meta property=\"og:url\" content=\"https:\/\/www.vortal.biz\/es\/congreso-de-innovacion-y-servicios-publicos-cnis-22-y-23-de-febrero\/\" \/>\n<meta property=\"og:site_name\" content=\"VORTAL\" \/>\n<meta property=\"article:published_time\" content=\"2017-02-14T14:37:46+00:00\" \/>\n<meta property=\"article:modified_time\" content=\"2021-08-05T14:39:07+00:00\" \/>\n<meta name=\"author\" content=\"Helida Oliveira\" \/>\n<meta name=\"twitter:card\" content=\"summary_large_image\" \/>\n<meta name=\"twitter:label1\" content=\"Escrito por\" \/>\n\t<meta name=\"twitter:data1\" content=\"Helida Oliveira\" \/>\n\t<meta name=\"twitter:label2\" content=\"Tiempo de lectura\" \/>\n\t<meta name=\"twitter:data2\" content=\"3 minutos\" \/>\n<script type=\"application\/ld+json\" class=\"yoast-schema-graph\">{\"@context\":\"https:\/\/schema.org\",\"@graph\":[{\"@type\":\"WebPage\",\"@id\":\"https:\/\/www.vortal.biz\/es\/congreso-de-innovacion-y-servicios-publicos-cnis-22-y-23-de-febrero\/\",\"url\":\"https:\/\/www.vortal.biz\/es\/congreso-de-innovacion-y-servicios-publicos-cnis-22-y-23-de-febrero\/\",\"name\":\"Congreso de Innovaci\u00f3n y Servicios P\u00fablicos - CNIS - 22 y 23 de Febrero - VORTAL\",\"isPartOf\":{\"@id\":\"https:\/\/www.vortal.biz\/pt-pt\/#website\"},\"datePublished\":\"2017-02-14T14:37:46+00:00\",\"dateModified\":\"2021-08-05T14:39:07+00:00\",\"author\":{\"@id\":\"https:\/\/www.vortal.biz\/pt-pt\/#\/schema\/person\/de007f49a9003cc0fec169585b65ddb2\"},\"breadcrumb\":{\"@id\":\"https:\/\/www.vortal.biz\/es\/congreso-de-innovacion-y-servicios-publicos-cnis-22-y-23-de-febrero\/#breadcrumb\"},\"inLanguage\":\"es\",\"potentialAction\":[{\"@type\":\"ReadAction\",\"target\":[\"https:\/\/www.vortal.biz\/es\/congreso-de-innovacion-y-servicios-publicos-cnis-22-y-23-de-febrero\/\"]}]},{\"@type\":\"BreadcrumbList\",\"@id\":\"https:\/\/www.vortal.biz\/es\/congreso-de-innovacion-y-servicios-publicos-cnis-22-y-23-de-febrero\/#breadcrumb\",\"itemListElement\":[{\"@type\":\"ListItem\",\"position\":1,\"name\":\"Home\",\"item\":\"https:\/\/www.vortal.biz\/es\/\"},{\"@type\":\"ListItem\",\"position\":2,\"name\":\"Congreso de Innovaci\u00f3n y Servicios P\u00fablicos &#8211; CNIS &#8211; 22 y 23 de Febrero\"}]},{\"@type\":\"WebSite\",\"@id\":\"https:\/\/www.vortal.biz\/pt-pt\/#website\",\"url\":\"https:\/\/www.vortal.biz\/pt-pt\/\",\"name\":\"VORTAL\",\"description\":\"Connecting Business\",\"potentialAction\":[{\"@type\":\"SearchAction\",\"target\":{\"@type\":\"EntryPoint\",\"urlTemplate\":\"https:\/\/www.vortal.biz\/pt-pt\/?s={search_term_string}\"},\"query-input\":\"required name=search_term_string\"}],\"inLanguage\":\"es\"},{\"@type\":\"Person\",\"@id\":\"https:\/\/www.vortal.biz\/pt-pt\/#\/schema\/person\/de007f49a9003cc0fec169585b65ddb2\",\"name\":\"Helida Oliveira\",\"image\":{\"@type\":\"ImageObject\",\"inLanguage\":\"es\",\"@id\":\"https:\/\/www.vortal.biz\/pt-pt\/#\/schema\/person\/image\/\",\"url\":\"https:\/\/secure.gravatar.com\/avatar\/2485383d4ceb69bbd668ac515d6bdb03?s=96&d=mm&r=g\",\"contentUrl\":\"https:\/\/secure.gravatar.com\/avatar\/2485383d4ceb69bbd668ac515d6bdb03?s=96&d=mm&r=g\",\"caption\":\"Helida Oliveira\"},\"url\":\"https:\/\/www.vortal.biz\/es\/author\/helida-oliveira\/\"}]}<\/script>\n<!-- \/ Yoast SEO plugin. -->","yoast_head_json":{"title":"Congreso de Innovaci\u00f3n y Servicios P\u00fablicos - CNIS - 22 y 23 de Febrero - VORTAL","robots":{"index":"index","follow":"follow","max-snippet":"max-snippet:-1","max-image-preview":"max-image-preview:large","max-video-preview":"max-video-preview:-1"},"canonical":"https:\/\/www.vortal.biz\/es\/congreso-de-innovacion-y-servicios-publicos-cnis-22-y-23-de-febrero\/","og_locale":"es_ES","og_type":"article","og_title":"Congreso de Innovaci\u00f3n y Servicios P\u00fablicos - CNIS - 22 y 23 de Febrero - VORTAL","og_url":"https:\/\/www.vortal.biz\/es\/congreso-de-innovacion-y-servicios-publicos-cnis-22-y-23-de-febrero\/","og_site_name":"VORTAL","article_published_time":"2017-02-14T14:37:46+00:00","article_modified_time":"2021-08-05T14:39:07+00:00","author":"Helida Oliveira","twitter_card":"summary_large_image","twitter_misc":{"Escrito por":"Helida Oliveira","Tiempo de lectura":"3 minutos"},"schema":{"@context":"https:\/\/schema.org","@graph":[{"@type":"WebPage","@id":"https:\/\/www.vortal.biz\/es\/congreso-de-innovacion-y-servicios-publicos-cnis-22-y-23-de-febrero\/","url":"https:\/\/www.vortal.biz\/es\/congreso-de-innovacion-y-servicios-publicos-cnis-22-y-23-de-febrero\/","name":"Congreso de Innovaci\u00f3n y Servicios P\u00fablicos - CNIS - 22 y 23 de Febrero - VORTAL","isPartOf":{"@id":"https:\/\/www.vortal.biz\/pt-pt\/#website"},"datePublished":"2017-02-14T14:37:46+00:00","dateModified":"2021-08-05T14:39:07+00:00","author":{"@id":"https:\/\/www.vortal.biz\/pt-pt\/#\/schema\/person\/de007f49a9003cc0fec169585b65ddb2"},"breadcrumb":{"@id":"https:\/\/www.vortal.biz\/es\/congreso-de-innovacion-y-servicios-publicos-cnis-22-y-23-de-febrero\/#breadcrumb"},"inLanguage":"es","potentialAction":[{"@type":"ReadAction","target":["https:\/\/www.vortal.biz\/es\/congreso-de-innovacion-y-servicios-publicos-cnis-22-y-23-de-febrero\/"]}]},{"@type":"BreadcrumbList","@id":"https:\/\/www.vortal.biz\/es\/congreso-de-innovacion-y-servicios-publicos-cnis-22-y-23-de-febrero\/#breadcrumb","itemListElement":[{"@type":"ListItem","position":1,"name":"Home","item":"https:\/\/www.vortal.biz\/es\/"},{"@type":"ListItem","position":2,"name":"Congreso de Innovaci\u00f3n y Servicios P\u00fablicos &#8211; CNIS &#8211; 22 y 23 de Febrero"}]},{"@type":"WebSite","@id":"https:\/\/www.vortal.biz\/pt-pt\/#website","url":"https:\/\/www.vortal.biz\/pt-pt\/","name":"VORTAL","description":"Connecting Business","potentialAction":[{"@type":"SearchAction","target":{"@type":"EntryPoint","urlTemplate":"https:\/\/www.vortal.biz\/pt-pt\/?s={search_term_string}"},"query-input":"required name=search_term_string"}],"inLanguage":"es"},{"@type":"Person","@id":"https:\/\/www.vortal.biz\/pt-pt\/#\/schema\/person\/de007f49a9003cc0fec169585b65ddb2","name":"Helida Oliveira","image":{"@type":"ImageObject","inLanguage":"es","@id":"https:\/\/www.vortal.biz\/pt-pt\/#\/schema\/person\/image\/","url":"https:\/\/secure.gravatar.com\/avatar\/2485383d4ceb69bbd668ac515d6bdb03?s=96&d=mm&r=g","contentUrl":"https:\/\/secure.gravatar.com\/avatar\/2485383d4ceb69bbd668ac515d6bdb03?s=96&d=mm&r=g","caption":"Helida Oliveira"},"url":"https:\/\/www.vortal.biz\/es\/author\/helida-oliveira\/"}]}},"_links":{"self":[{"href":"https:\/\/www.vortal.biz\/es\/wp-json\/wp\/v2\/posts\/7145"}],"collection":[{"href":"https:\/\/www.vortal.biz\/es\/wp-json\/wp\/v2\/posts"}],"about":[{"href":"https:\/\/www.vortal.biz\/es\/wp-json\/wp\/v2\/types\/post"}],"author":[{"embeddable":true,"href":"https:\/\/www.vortal.biz\/es\/wp-json\/wp\/v2\/users\/5639"}],"replies":[{"embeddable":true,"href":"https:\/\/www.vortal.biz\/es\/wp-json\/wp\/v2\/comments?post=7145"}],"version-history":[{"count":0,"href":"https:\/\/www.vortal.biz\/es\/wp-json\/wp\/v2\/posts\/7145\/revisions"}],"wp:attachment":[{"href":"https:\/\/www.vortal.biz\/es\/wp-json\/wp\/v2\/media?parent=7145"}],"wp:term":[{"taxonomy":"category","embeddable":true,"href":"https:\/\/www.vortal.biz\/es\/wp-json\/wp\/v2\/categories?post=7145"},{"taxonomy":"post_tag","embeddable":true,"href":"https:\/\/www.vortal.biz\/es\/wp-json\/wp\/v2\/tags?post=7145"}],"curies":[{"name":"wp","href":"https:\/\/api.w.org\/{rel}","templated":true}]}}