{"id":7107,"date":"2017-05-03T13:15:41","date_gmt":"2017-05-03T13:15:41","guid":{"rendered":"https:\/\/www.vortal.biz\/?p=7107"},"modified":"2021-08-05T13:17:26","modified_gmt":"2021-08-05T13:17:26","slug":"el-congreso-nacional-de-contratacion-publica-electronica-cnce17-con-vortal","status":"publish","type":"post","link":"https:\/\/www.vortal.biz\/es\/el-congreso-nacional-de-contratacion-publica-electronica-cnce17-con-vortal\/","title":{"rendered":"El Congreso Nacional de Contrataci\u00f3n P\u00fablica Electr\u00f3nica CNCE\u201917 con VORTAL"},"content":{"rendered":"<div class=\"fusion-fullwidth fullwidth-box fusion-builder-row-1 fusion-flex-container nonhundred-percent-fullwidth non-hundred-percent-height-scrolling\" style=\"background-color: rgba(255,255,255,0);background-position: center center;background-repeat: no-repeat;border-width: 0px 0px 0px 0px;border-color:#e2e2e2;border-style:solid;\" ><div class=\"fusion-builder-row fusion-row fusion-flex-align-items-flex-start\" style=\"max-width:calc( 1640px + 32px );margin-left: calc(-32px \/ 2 );margin-right: calc(-32px \/ 2 );\"><div class=\"fusion-layout-column fusion_builder_column fusion-builder-column-0 fusion_builder_column_1_1 1_1 fusion-flex-column\"><div class=\"fusion-column-wrapper fusion-flex-justify-content-flex-start fusion-content-layout-column\" style=\"background-position:left top;background-repeat:no-repeat;-webkit-background-size:cover;-moz-background-size:cover;-o-background-size:cover;background-size:cover;padding: 0px 0px 0px 0px;\"><div class=\"fusion-text fusion-text-1\"><p>El pr\u00f3ximo 24 de mayo se celebra la II Edici\u00f3n del Congreso Nacional de Contrataci\u00f3n P\u00fablica Electr\u00f3nica (CNCE\u201917) en la Facultad de Medicina de la Universidad Complutense de Madrid.<\/p>\n<p>El CNCE\u201917 reunir\u00e1 a diferentes empresas y entidades p\u00fablicas espa\u00f1olas y de otros pa\u00edses con experiencia con el objetivo de analizar y debatir sobre los nuevos retos y oportunidades, en particular para las Pymes, que supone para el mercado de las compras p\u00fablicas, los cambios legales derivados de las Directivas Europeas y que establecen el uso obligatorio de canales electr\u00f3nicos para la puesta en pr\u00e1ctica de la contrataci\u00f3n p\u00fablica en la Uni\u00f3n Europea.<\/p>\n<p>VORTAL, un a\u00f1o m\u00e1s y como empresa pionera y con gran experiencia a nivel nacional e internacional en contrataci\u00f3n p\u00fablica electr\u00f3nica, es patrocinador principal de este evento.<\/p>\n<p>Estamos en un momento importante de cambio, y estamos convencidos de que en un momento as\u00ed es m\u00e1s importante que nunca contar con un socio experto en la materia. VORTAL es colaborador institucional de los poderes p\u00fablicos y participa activamente en el trabajo que la Comisi\u00f3n Europea lleva a cabo para la transposici\u00f3n de las Directivas de 2014. Es por ello que queremos compartir e informar de primera mano sobre la obligatoriedad que sobreviene pr\u00f3ximamente y los retos y oportunidades que implica la transformaci\u00f3n hacia una contrataci\u00f3n electr\u00f3nica.<\/p>\n<p>Contaremos en el programa con representantes de algunos de nuestros clientes nacionales como Aena S.A., el Ayuntamiento de Gij\u00f3n, el Ayuntamiento de Terrassa, la Diputaci\u00f3n Provincial de Ourense, el Ajuntament de Burjassot o el Consell Comarcal del Vall\u00e9s Oriental, pero tambi\u00e9n con alguno de nuestros clientes m\u00e1s internacionales como es la Ciudad de Viena o Colombia Compra Eficiente (agencia gubernamental encargada del Sistema Nacional de Contrataciones P\u00fablicas en Colombia).<\/p>\n<p>Dentro del programa de \u201cExperiencias\u201d, Jos\u00e9 Luis Ar\u00edstegui, Director General de VORTAL Espa\u00f1a, moderar\u00e1 a las 11.30h la mesa redonda de \u201cContrataci\u00f3n P\u00fablica Electr\u00f3nica en la administraci\u00f3n local\u201d donde se pondr\u00e1 en relieve el papel fundamental que la contrataci\u00f3n electr\u00f3nica ha llevado a cabo en el refuerzo de la competitividad de las empresas, el aumento de la transparencia de las administraciones, la integraci\u00f3n de los mercados y el incremento de la participaci\u00f3n de la Pyme y por tanto de la activaci\u00f3n del tejido empresarial local en las administraciones regionales.<\/p>\n<p>En paralelo al CNCE\u201917, se celebrar\u00e1 el eBusinessWorld 2017, el congreso internacional de usuarios y partners de VORTAL y donde se debatir\u00e1 sobre el presente futuro de la innovaci\u00f3n de la contrataci\u00f3n electr\u00f3nica en el sector p\u00fablico y privado.<\/p>\n<p>\u00a1No te pierdas el evento y esperamos verte el pr\u00f3ximo 24 de mayo en Madrid!<\/p>\n<\/div><\/div><style type=\"text\/css\">.fusion-body .fusion-builder-column-0{width:100% !important;margin-top : 0px;margin-bottom : 0px;}.fusion-builder-column-0 > .fusion-column-wrapper {padding-top : 0px !important;padding-right : 0px !important;margin-right : 16px;padding-bottom : 0px !important;padding-left : 0px !important;margin-left : 16px;}@media only screen and (max-width:1024px) {.fusion-body .fusion-builder-column-0{width:100% !important;}.fusion-builder-column-0 > .fusion-column-wrapper {margin-right : 16px;margin-left : 16px;}}@media only screen and (max-width:640px) {.fusion-body .fusion-builder-column-0{width:100% !important;}.fusion-builder-column-0 > .fusion-column-wrapper {margin-right : 16px;margin-left : 16px;}}<\/style><\/div><\/div><style type=\"text\/css\">.fusion-body .fusion-flex-container.fusion-builder-row-1{ padding-top : 0px;margin-top : 0px;padding-right : 0px;padding-bottom : 0px;margin-bottom : 0px;padding-left : 0px;}<\/style><\/div>\n","protected":false},"excerpt":{"rendered":"","protected":false},"author":5639,"featured_media":0,"comment_status":"open","ping_status":"open","sticky":false,"template":"","format":"standard","meta":{"footnotes":""},"categories":[7],"tags":[],"yoast_head":"<!-- This site is optimized with the Yoast SEO plugin v22.3 - https:\/\/yoast.com\/wordpress\/plugins\/seo\/ -->\n<title>El Congreso Nacional de Contrataci\u00f3n P\u00fablica Electr\u00f3nica CNCE\u201917 con VORTAL - VORTAL<\/title>\n<meta name=\"robots\" content=\"index, follow, max-snippet:-1, max-image-preview:large, max-video-preview:-1\" \/>\n<link rel=\"canonical\" href=\"https:\/\/www.vortal.biz\/es\/el-congreso-nacional-de-contratacion-publica-electronica-cnce17-con-vortal\/\" \/>\n<meta property=\"og:locale\" content=\"es_ES\" \/>\n<meta property=\"og:type\" content=\"article\" \/>\n<meta property=\"og:title\" content=\"El Congreso Nacional de Contrataci\u00f3n P\u00fablica Electr\u00f3nica CNCE\u201917 con VORTAL - VORTAL\" \/>\n<meta property=\"og:url\" content=\"https:\/\/www.vortal.biz\/es\/el-congreso-nacional-de-contratacion-publica-electronica-cnce17-con-vortal\/\" \/>\n<meta property=\"og:site_name\" content=\"VORTAL\" \/>\n<meta property=\"article:published_time\" content=\"2017-05-03T13:15:41+00:00\" \/>\n<meta property=\"article:modified_time\" content=\"2021-08-05T13:17:26+00:00\" \/>\n<meta name=\"author\" content=\"Helida Oliveira\" \/>\n<meta name=\"twitter:card\" content=\"summary_large_image\" \/>\n<meta name=\"twitter:label1\" content=\"Escrito por\" \/>\n\t<meta name=\"twitter:data1\" content=\"Helida Oliveira\" \/>\n\t<meta name=\"twitter:label2\" content=\"Tiempo de lectura\" \/>\n\t<meta name=\"twitter:data2\" content=\"3 minutos\" \/>\n<script type=\"application\/ld+json\" class=\"yoast-schema-graph\">{\"@context\":\"https:\/\/schema.org\",\"@graph\":[{\"@type\":\"WebPage\",\"@id\":\"https:\/\/www.vortal.biz\/es\/el-congreso-nacional-de-contratacion-publica-electronica-cnce17-con-vortal\/\",\"url\":\"https:\/\/www.vortal.biz\/es\/el-congreso-nacional-de-contratacion-publica-electronica-cnce17-con-vortal\/\",\"name\":\"El Congreso Nacional de Contrataci\u00f3n P\u00fablica Electr\u00f3nica CNCE\u201917 con VORTAL - VORTAL\",\"isPartOf\":{\"@id\":\"https:\/\/www.vortal.biz\/pt-pt\/#website\"},\"datePublished\":\"2017-05-03T13:15:41+00:00\",\"dateModified\":\"2021-08-05T13:17:26+00:00\",\"author\":{\"@id\":\"https:\/\/www.vortal.biz\/pt-pt\/#\/schema\/person\/de007f49a9003cc0fec169585b65ddb2\"},\"breadcrumb\":{\"@id\":\"https:\/\/www.vortal.biz\/es\/el-congreso-nacional-de-contratacion-publica-electronica-cnce17-con-vortal\/#breadcrumb\"},\"inLanguage\":\"es\",\"potentialAction\":[{\"@type\":\"ReadAction\",\"target\":[\"https:\/\/www.vortal.biz\/es\/el-congreso-nacional-de-contratacion-publica-electronica-cnce17-con-vortal\/\"]}]},{\"@type\":\"BreadcrumbList\",\"@id\":\"https:\/\/www.vortal.biz\/es\/el-congreso-nacional-de-contratacion-publica-electronica-cnce17-con-vortal\/#breadcrumb\",\"itemListElement\":[{\"@type\":\"ListItem\",\"position\":1,\"name\":\"Home\",\"item\":\"https:\/\/www.vortal.biz\/es\/\"},{\"@type\":\"ListItem\",\"position\":2,\"name\":\"El Congreso Nacional de Contrataci\u00f3n P\u00fablica Electr\u00f3nica CNCE\u201917 con VORTAL\"}]},{\"@type\":\"WebSite\",\"@id\":\"https:\/\/www.vortal.biz\/pt-pt\/#website\",\"url\":\"https:\/\/www.vortal.biz\/pt-pt\/\",\"name\":\"VORTAL\",\"description\":\"Connecting Business\",\"potentialAction\":[{\"@type\":\"SearchAction\",\"target\":{\"@type\":\"EntryPoint\",\"urlTemplate\":\"https:\/\/www.vortal.biz\/pt-pt\/?s={search_term_string}\"},\"query-input\":\"required name=search_term_string\"}],\"inLanguage\":\"es\"},{\"@type\":\"Person\",\"@id\":\"https:\/\/www.vortal.biz\/pt-pt\/#\/schema\/person\/de007f49a9003cc0fec169585b65ddb2\",\"name\":\"Helida Oliveira\",\"image\":{\"@type\":\"ImageObject\",\"inLanguage\":\"es\",\"@id\":\"https:\/\/www.vortal.biz\/pt-pt\/#\/schema\/person\/image\/\",\"url\":\"https:\/\/secure.gravatar.com\/avatar\/2485383d4ceb69bbd668ac515d6bdb03?s=96&d=mm&r=g\",\"contentUrl\":\"https:\/\/secure.gravatar.com\/avatar\/2485383d4ceb69bbd668ac515d6bdb03?s=96&d=mm&r=g\",\"caption\":\"Helida Oliveira\"},\"url\":\"https:\/\/www.vortal.biz\/es\/author\/helida-oliveira\/\"}]}<\/script>\n<!-- \/ Yoast SEO plugin. -->","yoast_head_json":{"title":"El Congreso Nacional de Contrataci\u00f3n P\u00fablica Electr\u00f3nica CNCE\u201917 con VORTAL - VORTAL","robots":{"index":"index","follow":"follow","max-snippet":"max-snippet:-1","max-image-preview":"max-image-preview:large","max-video-preview":"max-video-preview:-1"},"canonical":"https:\/\/www.vortal.biz\/es\/el-congreso-nacional-de-contratacion-publica-electronica-cnce17-con-vortal\/","og_locale":"es_ES","og_type":"article","og_title":"El Congreso Nacional de Contrataci\u00f3n P\u00fablica Electr\u00f3nica CNCE\u201917 con VORTAL - VORTAL","og_url":"https:\/\/www.vortal.biz\/es\/el-congreso-nacional-de-contratacion-publica-electronica-cnce17-con-vortal\/","og_site_name":"VORTAL","article_published_time":"2017-05-03T13:15:41+00:00","article_modified_time":"2021-08-05T13:17:26+00:00","author":"Helida Oliveira","twitter_card":"summary_large_image","twitter_misc":{"Escrito por":"Helida Oliveira","Tiempo de lectura":"3 minutos"},"schema":{"@context":"https:\/\/schema.org","@graph":[{"@type":"WebPage","@id":"https:\/\/www.vortal.biz\/es\/el-congreso-nacional-de-contratacion-publica-electronica-cnce17-con-vortal\/","url":"https:\/\/www.vortal.biz\/es\/el-congreso-nacional-de-contratacion-publica-electronica-cnce17-con-vortal\/","name":"El Congreso Nacional de Contrataci\u00f3n P\u00fablica Electr\u00f3nica CNCE\u201917 con VORTAL - VORTAL","isPartOf":{"@id":"https:\/\/www.vortal.biz\/pt-pt\/#website"},"datePublished":"2017-05-03T13:15:41+00:00","dateModified":"2021-08-05T13:17:26+00:00","author":{"@id":"https:\/\/www.vortal.biz\/pt-pt\/#\/schema\/person\/de007f49a9003cc0fec169585b65ddb2"},"breadcrumb":{"@id":"https:\/\/www.vortal.biz\/es\/el-congreso-nacional-de-contratacion-publica-electronica-cnce17-con-vortal\/#breadcrumb"},"inLanguage":"es","potentialAction":[{"@type":"ReadAction","target":["https:\/\/www.vortal.biz\/es\/el-congreso-nacional-de-contratacion-publica-electronica-cnce17-con-vortal\/"]}]},{"@type":"BreadcrumbList","@id":"https:\/\/www.vortal.biz\/es\/el-congreso-nacional-de-contratacion-publica-electronica-cnce17-con-vortal\/#breadcrumb","itemListElement":[{"@type":"ListItem","position":1,"name":"Home","item":"https:\/\/www.vortal.biz\/es\/"},{"@type":"ListItem","position":2,"name":"El Congreso Nacional de Contrataci\u00f3n P\u00fablica Electr\u00f3nica CNCE\u201917 con VORTAL"}]},{"@type":"WebSite","@id":"https:\/\/www.vortal.biz\/pt-pt\/#website","url":"https:\/\/www.vortal.biz\/pt-pt\/","name":"VORTAL","description":"Connecting Business","potentialAction":[{"@type":"SearchAction","target":{"@type":"EntryPoint","urlTemplate":"https:\/\/www.vortal.biz\/pt-pt\/?s={search_term_string}"},"query-input":"required name=search_term_string"}],"inLanguage":"es"},{"@type":"Person","@id":"https:\/\/www.vortal.biz\/pt-pt\/#\/schema\/person\/de007f49a9003cc0fec169585b65ddb2","name":"Helida Oliveira","image":{"@type":"ImageObject","inLanguage":"es","@id":"https:\/\/www.vortal.biz\/pt-pt\/#\/schema\/person\/image\/","url":"https:\/\/secure.gravatar.com\/avatar\/2485383d4ceb69bbd668ac515d6bdb03?s=96&d=mm&r=g","contentUrl":"https:\/\/secure.gravatar.com\/avatar\/2485383d4ceb69bbd668ac515d6bdb03?s=96&d=mm&r=g","caption":"Helida Oliveira"},"url":"https:\/\/www.vortal.biz\/es\/author\/helida-oliveira\/"}]}},"_links":{"self":[{"href":"https:\/\/www.vortal.biz\/es\/wp-json\/wp\/v2\/posts\/7107"}],"collection":[{"href":"https:\/\/www.vortal.biz\/es\/wp-json\/wp\/v2\/posts"}],"about":[{"href":"https:\/\/www.vortal.biz\/es\/wp-json\/wp\/v2\/types\/post"}],"author":[{"embeddable":true,"href":"https:\/\/www.vortal.biz\/es\/wp-json\/wp\/v2\/users\/5639"}],"replies":[{"embeddable":true,"href":"https:\/\/www.vortal.biz\/es\/wp-json\/wp\/v2\/comments?post=7107"}],"version-history":[{"count":0,"href":"https:\/\/www.vortal.biz\/es\/wp-json\/wp\/v2\/posts\/7107\/revisions"}],"wp:attachment":[{"href":"https:\/\/www.vortal.biz\/es\/wp-json\/wp\/v2\/media?parent=7107"}],"wp:term":[{"taxonomy":"category","embeddable":true,"href":"https:\/\/www.vortal.biz\/es\/wp-json\/wp\/v2\/categories?post=7107"},{"taxonomy":"post_tag","embeddable":true,"href":"https:\/\/www.vortal.biz\/es\/wp-json\/wp\/v2\/tags?post=7107"}],"curies":[{"name":"wp","href":"https:\/\/api.w.org\/{rel}","templated":true}]}}