{"id":7105,"date":"2017-05-25T13:13:48","date_gmt":"2017-05-25T13:13:48","guid":{"rendered":"https:\/\/www.vortal.biz\/?p=7105"},"modified":"2021-08-05T13:15:27","modified_gmt":"2021-08-05T13:15:27","slug":"cnce17-y-el-congreso-de-usuarios-y-partners-de-vortal-reunen-a-mas-de-800-lideres-de-contratacion-publica-en-madrid","status":"publish","type":"post","link":"https:\/\/www.vortal.biz\/es\/cnce17-y-el-congreso-de-usuarios-y-partners-de-vortal-reunen-a-mas-de-800-lideres-de-contratacion-publica-en-madrid\/","title":{"rendered":"CNCE\u201917 y el congreso de usuarios y partners de VORTAL re\u00fanen a m\u00e1s de 800 l\u00edderes de contrataci\u00f3n p\u00fablica en Madrid"},"content":{"rendered":"<div class=\"fusion-fullwidth fullwidth-box fusion-builder-row-1 fusion-flex-container nonhundred-percent-fullwidth non-hundred-percent-height-scrolling\" style=\"background-color: rgba(255,255,255,0);background-position: center center;background-repeat: no-repeat;border-width: 0px 0px 0px 0px;border-color:#e2e2e2;border-style:solid;\" ><div class=\"fusion-builder-row fusion-row fusion-flex-align-items-flex-start\" style=\"max-width:calc( 1640px + 32px );margin-left: calc(-32px \/ 2 );margin-right: calc(-32px \/ 2 );\"><div class=\"fusion-layout-column fusion_builder_column fusion-builder-column-0 fusion_builder_column_1_1 1_1 fusion-flex-column\"><div class=\"fusion-column-wrapper fusion-flex-justify-content-flex-start fusion-content-layout-column\" style=\"background-position:left top;background-repeat:no-repeat;-webkit-background-size:cover;-moz-background-size:cover;-o-background-size:cover;background-size:cover;padding: 0px 0px 0px 0px;\"><div class=\"fusion-text fusion-text-1\"><p>El 24 de mayo Madrid se ha convertido en la capital de la contrataci\u00f3n electr\u00f3nica al celebrarse en la Universidad Complutense dos grandes eventos en esta materia. La segunda edici\u00f3n del Congreso Nacional de Contrataci\u00f3n Electr\u00f3nica (CNCE\u201917) y eBusinessWorld, congreso internacional de VORTAL, han conseguido reunir a m\u00e1s de 800 expertos internacionales tanto del sector p\u00fablico como de empresas privadas.<\/p>\n<p>En un entorno de debate, discusi\u00f3n y de intercambio de experiencias, personalidades de m\u00e1s de 20 nacionalidades tuvieron la oportunidad de asistir a numerosas ponencias y mesas de debates en las que participaron 67 ponentes expertos en contrataci\u00f3n.<\/p>\n<\/div><\/div><style type=\"text\/css\">.fusion-body .fusion-builder-column-0{width:100% !important;margin-top : 0px;margin-bottom : 0px;}.fusion-builder-column-0 > .fusion-column-wrapper {padding-top : 0px !important;padding-right : 0px !important;margin-right : 16px;padding-bottom : 0px !important;padding-left : 0px !important;margin-left : 16px;}@media only screen and (max-width:1024px) {.fusion-body .fusion-builder-column-0{width:100% !important;}.fusion-builder-column-0 > .fusion-column-wrapper {margin-right : 16px;margin-left : 16px;}}@media only screen and (max-width:640px) {.fusion-body .fusion-builder-column-0{width:100% !important;}.fusion-builder-column-0 > .fusion-column-wrapper {margin-right : 16px;margin-left : 16px;}}<\/style><\/div><\/div><style type=\"text\/css\">.fusion-body .fusion-flex-container.fusion-builder-row-1{ padding-top : 0px;margin-top : 0px;padding-right : 0px;padding-bottom : 0px;margin-bottom : 0px;padding-left : 0px;}<\/style><\/div>\n","protected":false},"excerpt":{"rendered":"","protected":false},"author":5639,"featured_media":0,"comment_status":"open","ping_status":"open","sticky":false,"template":"","format":"standard","meta":{"footnotes":""},"categories":[7],"tags":[],"yoast_head":"<!-- This site is optimized with the Yoast SEO plugin v22.3 - https:\/\/yoast.com\/wordpress\/plugins\/seo\/ -->\n<title>CNCE\u201917 y el congreso de usuarios y partners de VORTAL re\u00fanen a m\u00e1s de 800 l\u00edderes de contrataci\u00f3n p\u00fablica en Madrid - VORTAL<\/title>\n<meta name=\"robots\" content=\"index, follow, max-snippet:-1, max-image-preview:large, max-video-preview:-1\" \/>\n<link rel=\"canonical\" href=\"https:\/\/www.vortal.biz\/es\/cnce17-y-el-congreso-de-usuarios-y-partners-de-vortal-reunen-a-mas-de-800-lideres-de-contratacion-publica-en-madrid\/\" \/>\n<meta property=\"og:locale\" content=\"es_ES\" \/>\n<meta property=\"og:type\" content=\"article\" \/>\n<meta property=\"og:title\" content=\"CNCE\u201917 y el congreso de usuarios y partners de VORTAL re\u00fanen a m\u00e1s de 800 l\u00edderes de contrataci\u00f3n p\u00fablica en Madrid - VORTAL\" \/>\n<meta property=\"og:url\" content=\"https:\/\/www.vortal.biz\/es\/cnce17-y-el-congreso-de-usuarios-y-partners-de-vortal-reunen-a-mas-de-800-lideres-de-contratacion-publica-en-madrid\/\" \/>\n<meta property=\"og:site_name\" content=\"VORTAL\" \/>\n<meta property=\"article:published_time\" content=\"2017-05-25T13:13:48+00:00\" \/>\n<meta property=\"article:modified_time\" content=\"2021-08-05T13:15:27+00:00\" \/>\n<meta name=\"author\" content=\"Helida Oliveira\" \/>\n<meta name=\"twitter:card\" content=\"summary_large_image\" \/>\n<meta name=\"twitter:label1\" content=\"Escrito por\" \/>\n\t<meta name=\"twitter:data1\" content=\"Helida Oliveira\" \/>\n\t<meta name=\"twitter:label2\" content=\"Tiempo de lectura\" \/>\n\t<meta name=\"twitter:data2\" content=\"3 minutos\" \/>\n<script type=\"application\/ld+json\" class=\"yoast-schema-graph\">{\"@context\":\"https:\/\/schema.org\",\"@graph\":[{\"@type\":\"WebPage\",\"@id\":\"https:\/\/www.vortal.biz\/es\/cnce17-y-el-congreso-de-usuarios-y-partners-de-vortal-reunen-a-mas-de-800-lideres-de-contratacion-publica-en-madrid\/\",\"url\":\"https:\/\/www.vortal.biz\/es\/cnce17-y-el-congreso-de-usuarios-y-partners-de-vortal-reunen-a-mas-de-800-lideres-de-contratacion-publica-en-madrid\/\",\"name\":\"CNCE\u201917 y el congreso de usuarios y partners de VORTAL re\u00fanen a m\u00e1s de 800 l\u00edderes de contrataci\u00f3n p\u00fablica en Madrid - VORTAL\",\"isPartOf\":{\"@id\":\"https:\/\/www.vortal.biz\/pt-pt\/#website\"},\"datePublished\":\"2017-05-25T13:13:48+00:00\",\"dateModified\":\"2021-08-05T13:15:27+00:00\",\"author\":{\"@id\":\"https:\/\/www.vortal.biz\/pt-pt\/#\/schema\/person\/de007f49a9003cc0fec169585b65ddb2\"},\"breadcrumb\":{\"@id\":\"https:\/\/www.vortal.biz\/es\/cnce17-y-el-congreso-de-usuarios-y-partners-de-vortal-reunen-a-mas-de-800-lideres-de-contratacion-publica-en-madrid\/#breadcrumb\"},\"inLanguage\":\"es\",\"potentialAction\":[{\"@type\":\"ReadAction\",\"target\":[\"https:\/\/www.vortal.biz\/es\/cnce17-y-el-congreso-de-usuarios-y-partners-de-vortal-reunen-a-mas-de-800-lideres-de-contratacion-publica-en-madrid\/\"]}]},{\"@type\":\"BreadcrumbList\",\"@id\":\"https:\/\/www.vortal.biz\/es\/cnce17-y-el-congreso-de-usuarios-y-partners-de-vortal-reunen-a-mas-de-800-lideres-de-contratacion-publica-en-madrid\/#breadcrumb\",\"itemListElement\":[{\"@type\":\"ListItem\",\"position\":1,\"name\":\"Home\",\"item\":\"https:\/\/www.vortal.biz\/es\/\"},{\"@type\":\"ListItem\",\"position\":2,\"name\":\"CNCE\u201917 y el congreso de usuarios y partners de VORTAL re\u00fanen a m\u00e1s de 800 l\u00edderes de contrataci\u00f3n p\u00fablica en Madrid\"}]},{\"@type\":\"WebSite\",\"@id\":\"https:\/\/www.vortal.biz\/pt-pt\/#website\",\"url\":\"https:\/\/www.vortal.biz\/pt-pt\/\",\"name\":\"VORTAL\",\"description\":\"Connecting Business\",\"potentialAction\":[{\"@type\":\"SearchAction\",\"target\":{\"@type\":\"EntryPoint\",\"urlTemplate\":\"https:\/\/www.vortal.biz\/pt-pt\/?s={search_term_string}\"},\"query-input\":\"required name=search_term_string\"}],\"inLanguage\":\"es\"},{\"@type\":\"Person\",\"@id\":\"https:\/\/www.vortal.biz\/pt-pt\/#\/schema\/person\/de007f49a9003cc0fec169585b65ddb2\",\"name\":\"Helida Oliveira\",\"image\":{\"@type\":\"ImageObject\",\"inLanguage\":\"es\",\"@id\":\"https:\/\/www.vortal.biz\/pt-pt\/#\/schema\/person\/image\/\",\"url\":\"https:\/\/secure.gravatar.com\/avatar\/2485383d4ceb69bbd668ac515d6bdb03?s=96&d=mm&r=g\",\"contentUrl\":\"https:\/\/secure.gravatar.com\/avatar\/2485383d4ceb69bbd668ac515d6bdb03?s=96&d=mm&r=g\",\"caption\":\"Helida Oliveira\"},\"url\":\"https:\/\/www.vortal.biz\/es\/author\/helida-oliveira\/\"}]}<\/script>\n<!-- \/ Yoast SEO plugin. -->","yoast_head_json":{"title":"CNCE\u201917 y el congreso de usuarios y partners de VORTAL re\u00fanen a m\u00e1s de 800 l\u00edderes de contrataci\u00f3n p\u00fablica en Madrid - VORTAL","robots":{"index":"index","follow":"follow","max-snippet":"max-snippet:-1","max-image-preview":"max-image-preview:large","max-video-preview":"max-video-preview:-1"},"canonical":"https:\/\/www.vortal.biz\/es\/cnce17-y-el-congreso-de-usuarios-y-partners-de-vortal-reunen-a-mas-de-800-lideres-de-contratacion-publica-en-madrid\/","og_locale":"es_ES","og_type":"article","og_title":"CNCE\u201917 y el congreso de usuarios y partners de VORTAL re\u00fanen a m\u00e1s de 800 l\u00edderes de contrataci\u00f3n p\u00fablica en Madrid - VORTAL","og_url":"https:\/\/www.vortal.biz\/es\/cnce17-y-el-congreso-de-usuarios-y-partners-de-vortal-reunen-a-mas-de-800-lideres-de-contratacion-publica-en-madrid\/","og_site_name":"VORTAL","article_published_time":"2017-05-25T13:13:48+00:00","article_modified_time":"2021-08-05T13:15:27+00:00","author":"Helida Oliveira","twitter_card":"summary_large_image","twitter_misc":{"Escrito por":"Helida Oliveira","Tiempo de lectura":"3 minutos"},"schema":{"@context":"https:\/\/schema.org","@graph":[{"@type":"WebPage","@id":"https:\/\/www.vortal.biz\/es\/cnce17-y-el-congreso-de-usuarios-y-partners-de-vortal-reunen-a-mas-de-800-lideres-de-contratacion-publica-en-madrid\/","url":"https:\/\/www.vortal.biz\/es\/cnce17-y-el-congreso-de-usuarios-y-partners-de-vortal-reunen-a-mas-de-800-lideres-de-contratacion-publica-en-madrid\/","name":"CNCE\u201917 y el congreso de usuarios y partners de VORTAL re\u00fanen a m\u00e1s de 800 l\u00edderes de contrataci\u00f3n p\u00fablica en Madrid - VORTAL","isPartOf":{"@id":"https:\/\/www.vortal.biz\/pt-pt\/#website"},"datePublished":"2017-05-25T13:13:48+00:00","dateModified":"2021-08-05T13:15:27+00:00","author":{"@id":"https:\/\/www.vortal.biz\/pt-pt\/#\/schema\/person\/de007f49a9003cc0fec169585b65ddb2"},"breadcrumb":{"@id":"https:\/\/www.vortal.biz\/es\/cnce17-y-el-congreso-de-usuarios-y-partners-de-vortal-reunen-a-mas-de-800-lideres-de-contratacion-publica-en-madrid\/#breadcrumb"},"inLanguage":"es","potentialAction":[{"@type":"ReadAction","target":["https:\/\/www.vortal.biz\/es\/cnce17-y-el-congreso-de-usuarios-y-partners-de-vortal-reunen-a-mas-de-800-lideres-de-contratacion-publica-en-madrid\/"]}]},{"@type":"BreadcrumbList","@id":"https:\/\/www.vortal.biz\/es\/cnce17-y-el-congreso-de-usuarios-y-partners-de-vortal-reunen-a-mas-de-800-lideres-de-contratacion-publica-en-madrid\/#breadcrumb","itemListElement":[{"@type":"ListItem","position":1,"name":"Home","item":"https:\/\/www.vortal.biz\/es\/"},{"@type":"ListItem","position":2,"name":"CNCE\u201917 y el congreso de usuarios y partners de VORTAL re\u00fanen a m\u00e1s de 800 l\u00edderes de contrataci\u00f3n p\u00fablica en Madrid"}]},{"@type":"WebSite","@id":"https:\/\/www.vortal.biz\/pt-pt\/#website","url":"https:\/\/www.vortal.biz\/pt-pt\/","name":"VORTAL","description":"Connecting Business","potentialAction":[{"@type":"SearchAction","target":{"@type":"EntryPoint","urlTemplate":"https:\/\/www.vortal.biz\/pt-pt\/?s={search_term_string}"},"query-input":"required name=search_term_string"}],"inLanguage":"es"},{"@type":"Person","@id":"https:\/\/www.vortal.biz\/pt-pt\/#\/schema\/person\/de007f49a9003cc0fec169585b65ddb2","name":"Helida Oliveira","image":{"@type":"ImageObject","inLanguage":"es","@id":"https:\/\/www.vortal.biz\/pt-pt\/#\/schema\/person\/image\/","url":"https:\/\/secure.gravatar.com\/avatar\/2485383d4ceb69bbd668ac515d6bdb03?s=96&d=mm&r=g","contentUrl":"https:\/\/secure.gravatar.com\/avatar\/2485383d4ceb69bbd668ac515d6bdb03?s=96&d=mm&r=g","caption":"Helida Oliveira"},"url":"https:\/\/www.vortal.biz\/es\/author\/helida-oliveira\/"}]}},"_links":{"self":[{"href":"https:\/\/www.vortal.biz\/es\/wp-json\/wp\/v2\/posts\/7105"}],"collection":[{"href":"https:\/\/www.vortal.biz\/es\/wp-json\/wp\/v2\/posts"}],"about":[{"href":"https:\/\/www.vortal.biz\/es\/wp-json\/wp\/v2\/types\/post"}],"author":[{"embeddable":true,"href":"https:\/\/www.vortal.biz\/es\/wp-json\/wp\/v2\/users\/5639"}],"replies":[{"embeddable":true,"href":"https:\/\/www.vortal.biz\/es\/wp-json\/wp\/v2\/comments?post=7105"}],"version-history":[{"count":0,"href":"https:\/\/www.vortal.biz\/es\/wp-json\/wp\/v2\/posts\/7105\/revisions"}],"wp:attachment":[{"href":"https:\/\/www.vortal.biz\/es\/wp-json\/wp\/v2\/media?parent=7105"}],"wp:term":[{"taxonomy":"category","embeddable":true,"href":"https:\/\/www.vortal.biz\/es\/wp-json\/wp\/v2\/categories?post=7105"},{"taxonomy":"post_tag","embeddable":true,"href":"https:\/\/www.vortal.biz\/es\/wp-json\/wp\/v2\/tags?post=7105"}],"curies":[{"name":"wp","href":"https:\/\/api.w.org\/{rel}","templated":true}]}}