{"id":7047,"date":"2017-07-17T09:57:32","date_gmt":"2017-07-17T09:57:32","guid":{"rendered":"https:\/\/www.vortal.biz\/?p=7047"},"modified":"2021-08-05T09:59:52","modified_gmt":"2021-08-05T09:59:52","slug":"vortal-y-la-asociacion-espanola-de-profesionales-de-compras-contratacion-y-aprovisionamiento-aerce-se-unen-para-fomentar-la-contratacion-electronica-en-espana","status":"publish","type":"post","link":"https:\/\/www.vortal.biz\/es\/vortal-y-la-asociacion-espanola-de-profesionales-de-compras-contratacion-y-aprovisionamiento-aerce-se-unen-para-fomentar-la-contratacion-electronica-en-espana\/","title":{"rendered":"VORTAL y la Asociaci\u00f3n Espa\u00f1ola de Profesionales de Compras, Contrataci\u00f3n y Aprovisionamiento (AERCE) se unen para fomentar la contrataci\u00f3n electr\u00f3nica en Espa\u00f1a"},"content":{"rendered":"<div class=\"fusion-fullwidth fullwidth-box fusion-builder-row-1 fusion-flex-container nonhundred-percent-fullwidth non-hundred-percent-height-scrolling\" style=\"background-color: rgba(255,255,255,0);background-position: center center;background-repeat: no-repeat;border-width: 0px 0px 0px 0px;border-color:#e2e2e2;border-style:solid;\" ><div class=\"fusion-builder-row fusion-row fusion-flex-align-items-flex-start\" style=\"max-width:calc( 1640px + 32px );margin-left: calc(-32px \/ 2 );margin-right: calc(-32px \/ 2 );\"><div class=\"fusion-layout-column fusion_builder_column fusion-builder-column-0 fusion_builder_column_1_1 1_1 fusion-flex-column\"><div class=\"fusion-column-wrapper fusion-flex-justify-content-flex-start fusion-content-layout-column\" style=\"background-position:left top;background-repeat:no-repeat;-webkit-background-size:cover;-moz-background-size:cover;-o-background-size:cover;background-size:cover;padding: 0px 0px 0px 0px;\"><div class=\"fusion-text fusion-text-1\"><p>VORTAL se asocia con la Fundaci\u00f3n AERCE por su compromiso con la misi\u00f3n de maximizar la rentabilidad de las compa\u00f1\u00edas a trav\u00e9s de la funci\u00f3n de Compras.<\/p>\n<p>Como l\u00edder en soluciones de contrataci\u00f3n electr\u00f3nica, VORTAL ofrece tanto a empresas privadas como a instituciones p\u00fablicas en Espa\u00f1a y en todo el mundo, las herramientas necesarias para la transformaci\u00f3n digital de los procesos de compras. Para la administraci\u00f3n p\u00fablica a nivel europeo este cambio en los procesos de contrataci\u00f3n es, si cabe, m\u00e1s importante que nunca dado que este es el a\u00f1o en el que deben de trasponerse las Directivas Europeas en materia de contrataci\u00f3n que imponen la obligatoriedad de usar los medios electr\u00f3nicos en las licitaciones p\u00fablicas.<\/p>\n<p>Con esta asociaci\u00f3n, seg\u00fan Jos\u00e9 Luis Ar\u00edstegui, Director General de VORTAL Espa\u00f1a \u201caunamos fuerzas en la gesti\u00f3n del cambio hacia la utilizaci\u00f3n de los medios digitales en los procesos de contrataci\u00f3n en un momento clave para el sector p\u00fablico\u201d.<\/p>\n<p>Como resultado de esta nueva asociaci\u00f3n, tanto desde VORTAL como desde AERCE, se llevar\u00e1n a cabo diferentes iniciativas en el mercado espa\u00f1ol con el objetivo de impulsar la eficacia, la eficiencia y la transparencia en los procesos de compras tanto en entidades p\u00fablicas como privadas.<\/p>\n<\/div><\/div><style type=\"text\/css\">.fusion-body .fusion-builder-column-0{width:100% !important;margin-top : 0px;margin-bottom : 0px;}.fusion-builder-column-0 > .fusion-column-wrapper {padding-top : 0px !important;padding-right : 0px !important;margin-right : 16px;padding-bottom : 0px !important;padding-left : 0px !important;margin-left : 16px;}@media only screen and (max-width:1024px) {.fusion-body .fusion-builder-column-0{width:100% !important;}.fusion-builder-column-0 > .fusion-column-wrapper {margin-right : 16px;margin-left : 16px;}}@media only screen and (max-width:640px) {.fusion-body .fusion-builder-column-0{width:100% !important;}.fusion-builder-column-0 > .fusion-column-wrapper {margin-right : 16px;margin-left : 16px;}}<\/style><\/div><\/div><style type=\"text\/css\">.fusion-body .fusion-flex-container.fusion-builder-row-1{ padding-top : 0px;margin-top : 0px;padding-right : 0px;padding-bottom : 0px;margin-bottom : 0px;padding-left : 0px;}<\/style><\/div>\n","protected":false},"excerpt":{"rendered":"","protected":false},"author":5639,"featured_media":0,"comment_status":"open","ping_status":"open","sticky":false,"template":"","format":"standard","meta":{"footnotes":""},"categories":[7],"tags":[],"yoast_head":"<!-- This site is optimized with the Yoast SEO plugin v22.3 - https:\/\/yoast.com\/wordpress\/plugins\/seo\/ -->\n<title>VORTAL y la Asociaci\u00f3n Espa\u00f1ola de Profesionales de Compras, Contrataci\u00f3n y Aprovisionamiento (AERCE) se unen para fomentar la contrataci\u00f3n electr\u00f3nica en Espa\u00f1a - VORTAL<\/title>\n<meta name=\"robots\" content=\"index, follow, max-snippet:-1, max-image-preview:large, max-video-preview:-1\" \/>\n<link rel=\"canonical\" href=\"https:\/\/www.vortal.biz\/es\/vortal-y-la-asociacion-espanola-de-profesionales-de-compras-contratacion-y-aprovisionamiento-aerce-se-unen-para-fomentar-la-contratacion-electronica-en-espana\/\" \/>\n<meta property=\"og:locale\" content=\"es_ES\" \/>\n<meta property=\"og:type\" content=\"article\" \/>\n<meta property=\"og:title\" content=\"VORTAL y la Asociaci\u00f3n Espa\u00f1ola de Profesionales de Compras, Contrataci\u00f3n y Aprovisionamiento (AERCE) se unen para fomentar la contrataci\u00f3n electr\u00f3nica en Espa\u00f1a - VORTAL\" \/>\n<meta property=\"og:url\" content=\"https:\/\/www.vortal.biz\/es\/vortal-y-la-asociacion-espanola-de-profesionales-de-compras-contratacion-y-aprovisionamiento-aerce-se-unen-para-fomentar-la-contratacion-electronica-en-espana\/\" \/>\n<meta property=\"og:site_name\" content=\"VORTAL\" \/>\n<meta property=\"article:published_time\" content=\"2017-07-17T09:57:32+00:00\" \/>\n<meta property=\"article:modified_time\" content=\"2021-08-05T09:59:52+00:00\" \/>\n<meta name=\"author\" content=\"Helida Oliveira\" \/>\n<meta name=\"twitter:card\" content=\"summary_large_image\" \/>\n<meta name=\"twitter:label1\" content=\"Escrito por\" \/>\n\t<meta name=\"twitter:data1\" content=\"Helida Oliveira\" \/>\n\t<meta name=\"twitter:label2\" content=\"Tiempo de lectura\" \/>\n\t<meta name=\"twitter:data2\" content=\"3 minutos\" \/>\n<script type=\"application\/ld+json\" class=\"yoast-schema-graph\">{\"@context\":\"https:\/\/schema.org\",\"@graph\":[{\"@type\":\"WebPage\",\"@id\":\"https:\/\/www.vortal.biz\/es\/vortal-y-la-asociacion-espanola-de-profesionales-de-compras-contratacion-y-aprovisionamiento-aerce-se-unen-para-fomentar-la-contratacion-electronica-en-espana\/\",\"url\":\"https:\/\/www.vortal.biz\/es\/vortal-y-la-asociacion-espanola-de-profesionales-de-compras-contratacion-y-aprovisionamiento-aerce-se-unen-para-fomentar-la-contratacion-electronica-en-espana\/\",\"name\":\"VORTAL y la Asociaci\u00f3n Espa\u00f1ola de Profesionales de Compras, Contrataci\u00f3n y Aprovisionamiento (AERCE) se unen para fomentar la contrataci\u00f3n electr\u00f3nica en Espa\u00f1a - VORTAL\",\"isPartOf\":{\"@id\":\"https:\/\/www.vortal.biz\/pt-pt\/#website\"},\"datePublished\":\"2017-07-17T09:57:32+00:00\",\"dateModified\":\"2021-08-05T09:59:52+00:00\",\"author\":{\"@id\":\"https:\/\/www.vortal.biz\/pt-pt\/#\/schema\/person\/de007f49a9003cc0fec169585b65ddb2\"},\"breadcrumb\":{\"@id\":\"https:\/\/www.vortal.biz\/es\/vortal-y-la-asociacion-espanola-de-profesionales-de-compras-contratacion-y-aprovisionamiento-aerce-se-unen-para-fomentar-la-contratacion-electronica-en-espana\/#breadcrumb\"},\"inLanguage\":\"es\",\"potentialAction\":[{\"@type\":\"ReadAction\",\"target\":[\"https:\/\/www.vortal.biz\/es\/vortal-y-la-asociacion-espanola-de-profesionales-de-compras-contratacion-y-aprovisionamiento-aerce-se-unen-para-fomentar-la-contratacion-electronica-en-espana\/\"]}]},{\"@type\":\"BreadcrumbList\",\"@id\":\"https:\/\/www.vortal.biz\/es\/vortal-y-la-asociacion-espanola-de-profesionales-de-compras-contratacion-y-aprovisionamiento-aerce-se-unen-para-fomentar-la-contratacion-electronica-en-espana\/#breadcrumb\",\"itemListElement\":[{\"@type\":\"ListItem\",\"position\":1,\"name\":\"Home\",\"item\":\"https:\/\/www.vortal.biz\/es\/\"},{\"@type\":\"ListItem\",\"position\":2,\"name\":\"VORTAL y la Asociaci\u00f3n Espa\u00f1ola de Profesionales de Compras, Contrataci\u00f3n y Aprovisionamiento (AERCE) se unen para fomentar la contrataci\u00f3n electr\u00f3nica en Espa\u00f1a\"}]},{\"@type\":\"WebSite\",\"@id\":\"https:\/\/www.vortal.biz\/pt-pt\/#website\",\"url\":\"https:\/\/www.vortal.biz\/pt-pt\/\",\"name\":\"VORTAL\",\"description\":\"Connecting Business\",\"potentialAction\":[{\"@type\":\"SearchAction\",\"target\":{\"@type\":\"EntryPoint\",\"urlTemplate\":\"https:\/\/www.vortal.biz\/pt-pt\/?s={search_term_string}\"},\"query-input\":\"required name=search_term_string\"}],\"inLanguage\":\"es\"},{\"@type\":\"Person\",\"@id\":\"https:\/\/www.vortal.biz\/pt-pt\/#\/schema\/person\/de007f49a9003cc0fec169585b65ddb2\",\"name\":\"Helida Oliveira\",\"image\":{\"@type\":\"ImageObject\",\"inLanguage\":\"es\",\"@id\":\"https:\/\/www.vortal.biz\/pt-pt\/#\/schema\/person\/image\/\",\"url\":\"https:\/\/secure.gravatar.com\/avatar\/2485383d4ceb69bbd668ac515d6bdb03?s=96&d=mm&r=g\",\"contentUrl\":\"https:\/\/secure.gravatar.com\/avatar\/2485383d4ceb69bbd668ac515d6bdb03?s=96&d=mm&r=g\",\"caption\":\"Helida Oliveira\"},\"url\":\"https:\/\/www.vortal.biz\/es\/author\/helida-oliveira\/\"}]}<\/script>\n<!-- \/ Yoast SEO plugin. -->","yoast_head_json":{"title":"VORTAL y la Asociaci\u00f3n Espa\u00f1ola de Profesionales de Compras, Contrataci\u00f3n y Aprovisionamiento (AERCE) se unen para fomentar la contrataci\u00f3n electr\u00f3nica en Espa\u00f1a - VORTAL","robots":{"index":"index","follow":"follow","max-snippet":"max-snippet:-1","max-image-preview":"max-image-preview:large","max-video-preview":"max-video-preview:-1"},"canonical":"https:\/\/www.vortal.biz\/es\/vortal-y-la-asociacion-espanola-de-profesionales-de-compras-contratacion-y-aprovisionamiento-aerce-se-unen-para-fomentar-la-contratacion-electronica-en-espana\/","og_locale":"es_ES","og_type":"article","og_title":"VORTAL y la Asociaci\u00f3n Espa\u00f1ola de Profesionales de Compras, Contrataci\u00f3n y Aprovisionamiento (AERCE) se unen para fomentar la contrataci\u00f3n electr\u00f3nica en Espa\u00f1a - VORTAL","og_url":"https:\/\/www.vortal.biz\/es\/vortal-y-la-asociacion-espanola-de-profesionales-de-compras-contratacion-y-aprovisionamiento-aerce-se-unen-para-fomentar-la-contratacion-electronica-en-espana\/","og_site_name":"VORTAL","article_published_time":"2017-07-17T09:57:32+00:00","article_modified_time":"2021-08-05T09:59:52+00:00","author":"Helida Oliveira","twitter_card":"summary_large_image","twitter_misc":{"Escrito por":"Helida Oliveira","Tiempo de lectura":"3 minutos"},"schema":{"@context":"https:\/\/schema.org","@graph":[{"@type":"WebPage","@id":"https:\/\/www.vortal.biz\/es\/vortal-y-la-asociacion-espanola-de-profesionales-de-compras-contratacion-y-aprovisionamiento-aerce-se-unen-para-fomentar-la-contratacion-electronica-en-espana\/","url":"https:\/\/www.vortal.biz\/es\/vortal-y-la-asociacion-espanola-de-profesionales-de-compras-contratacion-y-aprovisionamiento-aerce-se-unen-para-fomentar-la-contratacion-electronica-en-espana\/","name":"VORTAL y la Asociaci\u00f3n Espa\u00f1ola de Profesionales de Compras, Contrataci\u00f3n y Aprovisionamiento (AERCE) se unen para fomentar la contrataci\u00f3n electr\u00f3nica en Espa\u00f1a - VORTAL","isPartOf":{"@id":"https:\/\/www.vortal.biz\/pt-pt\/#website"},"datePublished":"2017-07-17T09:57:32+00:00","dateModified":"2021-08-05T09:59:52+00:00","author":{"@id":"https:\/\/www.vortal.biz\/pt-pt\/#\/schema\/person\/de007f49a9003cc0fec169585b65ddb2"},"breadcrumb":{"@id":"https:\/\/www.vortal.biz\/es\/vortal-y-la-asociacion-espanola-de-profesionales-de-compras-contratacion-y-aprovisionamiento-aerce-se-unen-para-fomentar-la-contratacion-electronica-en-espana\/#breadcrumb"},"inLanguage":"es","potentialAction":[{"@type":"ReadAction","target":["https:\/\/www.vortal.biz\/es\/vortal-y-la-asociacion-espanola-de-profesionales-de-compras-contratacion-y-aprovisionamiento-aerce-se-unen-para-fomentar-la-contratacion-electronica-en-espana\/"]}]},{"@type":"BreadcrumbList","@id":"https:\/\/www.vortal.biz\/es\/vortal-y-la-asociacion-espanola-de-profesionales-de-compras-contratacion-y-aprovisionamiento-aerce-se-unen-para-fomentar-la-contratacion-electronica-en-espana\/#breadcrumb","itemListElement":[{"@type":"ListItem","position":1,"name":"Home","item":"https:\/\/www.vortal.biz\/es\/"},{"@type":"ListItem","position":2,"name":"VORTAL y la Asociaci\u00f3n Espa\u00f1ola de Profesionales de Compras, Contrataci\u00f3n y Aprovisionamiento (AERCE) se unen para fomentar la contrataci\u00f3n electr\u00f3nica en Espa\u00f1a"}]},{"@type":"WebSite","@id":"https:\/\/www.vortal.biz\/pt-pt\/#website","url":"https:\/\/www.vortal.biz\/pt-pt\/","name":"VORTAL","description":"Connecting Business","potentialAction":[{"@type":"SearchAction","target":{"@type":"EntryPoint","urlTemplate":"https:\/\/www.vortal.biz\/pt-pt\/?s={search_term_string}"},"query-input":"required name=search_term_string"}],"inLanguage":"es"},{"@type":"Person","@id":"https:\/\/www.vortal.biz\/pt-pt\/#\/schema\/person\/de007f49a9003cc0fec169585b65ddb2","name":"Helida Oliveira","image":{"@type":"ImageObject","inLanguage":"es","@id":"https:\/\/www.vortal.biz\/pt-pt\/#\/schema\/person\/image\/","url":"https:\/\/secure.gravatar.com\/avatar\/2485383d4ceb69bbd668ac515d6bdb03?s=96&d=mm&r=g","contentUrl":"https:\/\/secure.gravatar.com\/avatar\/2485383d4ceb69bbd668ac515d6bdb03?s=96&d=mm&r=g","caption":"Helida Oliveira"},"url":"https:\/\/www.vortal.biz\/es\/author\/helida-oliveira\/"}]}},"_links":{"self":[{"href":"https:\/\/www.vortal.biz\/es\/wp-json\/wp\/v2\/posts\/7047"}],"collection":[{"href":"https:\/\/www.vortal.biz\/es\/wp-json\/wp\/v2\/posts"}],"about":[{"href":"https:\/\/www.vortal.biz\/es\/wp-json\/wp\/v2\/types\/post"}],"author":[{"embeddable":true,"href":"https:\/\/www.vortal.biz\/es\/wp-json\/wp\/v2\/users\/5639"}],"replies":[{"embeddable":true,"href":"https:\/\/www.vortal.biz\/es\/wp-json\/wp\/v2\/comments?post=7047"}],"version-history":[{"count":0,"href":"https:\/\/www.vortal.biz\/es\/wp-json\/wp\/v2\/posts\/7047\/revisions"}],"wp:attachment":[{"href":"https:\/\/www.vortal.biz\/es\/wp-json\/wp\/v2\/media?parent=7047"}],"wp:term":[{"taxonomy":"category","embeddable":true,"href":"https:\/\/www.vortal.biz\/es\/wp-json\/wp\/v2\/categories?post=7047"},{"taxonomy":"post_tag","embeddable":true,"href":"https:\/\/www.vortal.biz\/es\/wp-json\/wp\/v2\/tags?post=7047"}],"curies":[{"name":"wp","href":"https:\/\/api.w.org\/{rel}","templated":true}]}}