{"id":6918,"date":"2017-12-28T13:39:30","date_gmt":"2017-12-28T13:39:30","guid":{"rendered":"https:\/\/www.vortal.biz\/?p=6918"},"modified":"2021-08-04T13:40:55","modified_gmt":"2021-08-04T13:40:55","slug":"jornadas-sobre-economia-digital-y-contratacion-publica-en-la-universidad-de-almeria","status":"publish","type":"post","link":"https:\/\/www.vortal.biz\/es\/jornadas-sobre-economia-digital-y-contratacion-publica-en-la-universidad-de-almeria\/","title":{"rendered":"Jornadas sobre Econom\u00eda Digital y Contrataci\u00f3n P\u00fablica en la Universidad de Almer\u00eda"},"content":{"rendered":"<div class=\"fusion-fullwidth fullwidth-box fusion-builder-row-1 fusion-flex-container nonhundred-percent-fullwidth non-hundred-percent-height-scrolling\" style=\"background-color: rgba(255,255,255,0);background-position: center center;background-repeat: no-repeat;border-width: 0px 0px 0px 0px;border-color:#e2e2e2;border-style:solid;\" ><div class=\"fusion-builder-row fusion-row fusion-flex-align-items-flex-start\" style=\"max-width:calc( 1640px + 32px );margin-left: calc(-32px \/ 2 );margin-right: calc(-32px \/ 2 );\"><div class=\"fusion-layout-column fusion_builder_column fusion-builder-column-0 fusion_builder_column_1_1 1_1 fusion-flex-column\"><div class=\"fusion-column-wrapper fusion-flex-justify-content-flex-start fusion-content-layout-column\" style=\"background-position:left top;background-repeat:no-repeat;-webkit-background-size:cover;-moz-background-size:cover;-o-background-size:cover;background-size:cover;padding: 0px 0px 0px 0px;\"><div class=\"fusion-text fusion-text-1\"><p>La Universidad de Almer\u00eda, junto con el Ayuntamiento de Almer\u00eda y VORTAL, organizan los pr\u00f3ximos d\u00edas 31 de enero y 1, 2 de febrero las Jornadas sobre Econom\u00eda Digital y Contrataci\u00f3n P\u00fablica en la Universidad de Almer\u00eda dirigido tanto a las administraciones p\u00fablicas como a los operadores econ\u00f3micos que se relacionan con ella.<\/p>\n<p>Durante las jornadas de formaci\u00f3n se debatir\u00e1n cuestiones como:<\/p>\n<p>La Econom\u00eda Digital global y sus implicaciones en la gesti\u00f3n p\u00fablica, nuevos modelos de relaci\u00f3n con el ciudadano, transparencia y buen gobierno;<br \/>\nLa entrada en vigor de la nueva Ley de Contratos del Sector P\u00fablico y sus implicaciones;<br \/>\nLa relaci\u00f3n entre la administraci\u00f3n, el ciudadano y las empresas en el nuevo marco digital;<br \/>\nEl futuro digital en la administraci\u00f3n p\u00fablica.<\/p>\n<p>Expertos sobre la materia tales como D. Enrique Dans (experto en transformaci\u00f3n digital profesor IE Business School), D. V\u00edctor Almonacid Lamelas (Secretario General Consell Insular de Ibiza), Prof. D. Jos\u00e9 Mar\u00eda Gimeno Feli\u00fa (presidente tribunal de contratos gobierno de Arag\u00f3n y director del OBCP, catedr\u00e1tico universidad de Zaragoza), Prof. D. Jos\u00e9 Antonio Moreno Molina (catedr\u00e1tico de derecho administrativa de la universidad de castilla la mancha y codirector del OBCP), Prof. D. Luis Valladares Tavares (Expert Group e-tendering uni\u00f3n europea) o el Prof. D. Carlos Gal\u00e1n Pascual (experto en derecho de las TIC y profesor de la universidad Carlos III) nos ofrecer\u00e1n su visi\u00f3n sobre los cambios y novedades que traen consigo la digitalizaci\u00f3n de los procesos de contrataci\u00f3n en la administraci\u00f3n y las implicaciones que supone para la relaci\u00f3n con los licitadores.<\/p>\n<\/div><\/div><style type=\"text\/css\">.fusion-body .fusion-builder-column-0{width:100% !important;margin-top : 0px;margin-bottom : 0px;}.fusion-builder-column-0 > .fusion-column-wrapper {padding-top : 0px !important;padding-right : 0px !important;margin-right : 16px;padding-bottom : 0px !important;padding-left : 0px !important;margin-left : 16px;}@media only screen and (max-width:1024px) {.fusion-body .fusion-builder-column-0{width:100% !important;}.fusion-builder-column-0 > .fusion-column-wrapper {margin-right : 16px;margin-left : 16px;}}@media only screen and (max-width:640px) {.fusion-body .fusion-builder-column-0{width:100% !important;}.fusion-builder-column-0 > .fusion-column-wrapper {margin-right : 16px;margin-left : 16px;}}<\/style><\/div><\/div><style type=\"text\/css\">.fusion-body .fusion-flex-container.fusion-builder-row-1{ padding-top : 0px;margin-top : 0px;padding-right : 0px;padding-bottom : 0px;margin-bottom : 0px;padding-left : 0px;}<\/style><\/div>\n","protected":false},"excerpt":{"rendered":"","protected":false},"author":5639,"featured_media":0,"comment_status":"open","ping_status":"open","sticky":false,"template":"","format":"standard","meta":{"footnotes":""},"categories":[7],"tags":[],"yoast_head":"<!-- This site is optimized with the Yoast SEO plugin v22.3 - https:\/\/yoast.com\/wordpress\/plugins\/seo\/ -->\n<title>Jornadas sobre Econom\u00eda Digital y Contrataci\u00f3n P\u00fablica en la Universidad de Almer\u00eda - VORTAL<\/title>\n<meta name=\"robots\" content=\"index, follow, max-snippet:-1, max-image-preview:large, max-video-preview:-1\" \/>\n<link rel=\"canonical\" href=\"https:\/\/www.vortal.biz\/es\/jornadas-sobre-economia-digital-y-contratacion-publica-en-la-universidad-de-almeria\/\" \/>\n<meta property=\"og:locale\" content=\"es_ES\" \/>\n<meta property=\"og:type\" content=\"article\" \/>\n<meta property=\"og:title\" content=\"Jornadas sobre Econom\u00eda Digital y Contrataci\u00f3n P\u00fablica en la Universidad de Almer\u00eda - VORTAL\" \/>\n<meta property=\"og:url\" content=\"https:\/\/www.vortal.biz\/es\/jornadas-sobre-economia-digital-y-contratacion-publica-en-la-universidad-de-almeria\/\" \/>\n<meta property=\"og:site_name\" content=\"VORTAL\" \/>\n<meta property=\"article:published_time\" content=\"2017-12-28T13:39:30+00:00\" \/>\n<meta property=\"article:modified_time\" content=\"2021-08-04T13:40:55+00:00\" \/>\n<meta name=\"author\" content=\"Helida Oliveira\" \/>\n<meta name=\"twitter:card\" content=\"summary_large_image\" \/>\n<meta name=\"twitter:label1\" content=\"Escrito por\" \/>\n\t<meta name=\"twitter:data1\" content=\"Helida Oliveira\" \/>\n\t<meta name=\"twitter:label2\" content=\"Tiempo de lectura\" \/>\n\t<meta name=\"twitter:data2\" content=\"3 minutos\" \/>\n<script type=\"application\/ld+json\" class=\"yoast-schema-graph\">{\"@context\":\"https:\/\/schema.org\",\"@graph\":[{\"@type\":\"WebPage\",\"@id\":\"https:\/\/www.vortal.biz\/es\/jornadas-sobre-economia-digital-y-contratacion-publica-en-la-universidad-de-almeria\/\",\"url\":\"https:\/\/www.vortal.biz\/es\/jornadas-sobre-economia-digital-y-contratacion-publica-en-la-universidad-de-almeria\/\",\"name\":\"Jornadas sobre Econom\u00eda Digital y Contrataci\u00f3n P\u00fablica en la Universidad de Almer\u00eda - VORTAL\",\"isPartOf\":{\"@id\":\"https:\/\/www.vortal.biz\/pt-pt\/#website\"},\"datePublished\":\"2017-12-28T13:39:30+00:00\",\"dateModified\":\"2021-08-04T13:40:55+00:00\",\"author\":{\"@id\":\"https:\/\/www.vortal.biz\/pt-pt\/#\/schema\/person\/de007f49a9003cc0fec169585b65ddb2\"},\"breadcrumb\":{\"@id\":\"https:\/\/www.vortal.biz\/es\/jornadas-sobre-economia-digital-y-contratacion-publica-en-la-universidad-de-almeria\/#breadcrumb\"},\"inLanguage\":\"es\",\"potentialAction\":[{\"@type\":\"ReadAction\",\"target\":[\"https:\/\/www.vortal.biz\/es\/jornadas-sobre-economia-digital-y-contratacion-publica-en-la-universidad-de-almeria\/\"]}]},{\"@type\":\"BreadcrumbList\",\"@id\":\"https:\/\/www.vortal.biz\/es\/jornadas-sobre-economia-digital-y-contratacion-publica-en-la-universidad-de-almeria\/#breadcrumb\",\"itemListElement\":[{\"@type\":\"ListItem\",\"position\":1,\"name\":\"Home\",\"item\":\"https:\/\/www.vortal.biz\/es\/\"},{\"@type\":\"ListItem\",\"position\":2,\"name\":\"Jornadas sobre Econom\u00eda Digital y Contrataci\u00f3n P\u00fablica en la Universidad de Almer\u00eda\"}]},{\"@type\":\"WebSite\",\"@id\":\"https:\/\/www.vortal.biz\/pt-pt\/#website\",\"url\":\"https:\/\/www.vortal.biz\/pt-pt\/\",\"name\":\"VORTAL\",\"description\":\"Connecting Business\",\"potentialAction\":[{\"@type\":\"SearchAction\",\"target\":{\"@type\":\"EntryPoint\",\"urlTemplate\":\"https:\/\/www.vortal.biz\/pt-pt\/?s={search_term_string}\"},\"query-input\":\"required name=search_term_string\"}],\"inLanguage\":\"es\"},{\"@type\":\"Person\",\"@id\":\"https:\/\/www.vortal.biz\/pt-pt\/#\/schema\/person\/de007f49a9003cc0fec169585b65ddb2\",\"name\":\"Helida Oliveira\",\"image\":{\"@type\":\"ImageObject\",\"inLanguage\":\"es\",\"@id\":\"https:\/\/www.vortal.biz\/pt-pt\/#\/schema\/person\/image\/\",\"url\":\"https:\/\/secure.gravatar.com\/avatar\/2485383d4ceb69bbd668ac515d6bdb03?s=96&d=mm&r=g\",\"contentUrl\":\"https:\/\/secure.gravatar.com\/avatar\/2485383d4ceb69bbd668ac515d6bdb03?s=96&d=mm&r=g\",\"caption\":\"Helida Oliveira\"},\"url\":\"https:\/\/www.vortal.biz\/es\/author\/helida-oliveira\/\"}]}<\/script>\n<!-- \/ Yoast SEO plugin. -->","yoast_head_json":{"title":"Jornadas sobre Econom\u00eda Digital y Contrataci\u00f3n P\u00fablica en la Universidad de Almer\u00eda - VORTAL","robots":{"index":"index","follow":"follow","max-snippet":"max-snippet:-1","max-image-preview":"max-image-preview:large","max-video-preview":"max-video-preview:-1"},"canonical":"https:\/\/www.vortal.biz\/es\/jornadas-sobre-economia-digital-y-contratacion-publica-en-la-universidad-de-almeria\/","og_locale":"es_ES","og_type":"article","og_title":"Jornadas sobre Econom\u00eda Digital y Contrataci\u00f3n P\u00fablica en la Universidad de Almer\u00eda - VORTAL","og_url":"https:\/\/www.vortal.biz\/es\/jornadas-sobre-economia-digital-y-contratacion-publica-en-la-universidad-de-almeria\/","og_site_name":"VORTAL","article_published_time":"2017-12-28T13:39:30+00:00","article_modified_time":"2021-08-04T13:40:55+00:00","author":"Helida Oliveira","twitter_card":"summary_large_image","twitter_misc":{"Escrito por":"Helida Oliveira","Tiempo de lectura":"3 minutos"},"schema":{"@context":"https:\/\/schema.org","@graph":[{"@type":"WebPage","@id":"https:\/\/www.vortal.biz\/es\/jornadas-sobre-economia-digital-y-contratacion-publica-en-la-universidad-de-almeria\/","url":"https:\/\/www.vortal.biz\/es\/jornadas-sobre-economia-digital-y-contratacion-publica-en-la-universidad-de-almeria\/","name":"Jornadas sobre Econom\u00eda Digital y Contrataci\u00f3n P\u00fablica en la Universidad de Almer\u00eda - VORTAL","isPartOf":{"@id":"https:\/\/www.vortal.biz\/pt-pt\/#website"},"datePublished":"2017-12-28T13:39:30+00:00","dateModified":"2021-08-04T13:40:55+00:00","author":{"@id":"https:\/\/www.vortal.biz\/pt-pt\/#\/schema\/person\/de007f49a9003cc0fec169585b65ddb2"},"breadcrumb":{"@id":"https:\/\/www.vortal.biz\/es\/jornadas-sobre-economia-digital-y-contratacion-publica-en-la-universidad-de-almeria\/#breadcrumb"},"inLanguage":"es","potentialAction":[{"@type":"ReadAction","target":["https:\/\/www.vortal.biz\/es\/jornadas-sobre-economia-digital-y-contratacion-publica-en-la-universidad-de-almeria\/"]}]},{"@type":"BreadcrumbList","@id":"https:\/\/www.vortal.biz\/es\/jornadas-sobre-economia-digital-y-contratacion-publica-en-la-universidad-de-almeria\/#breadcrumb","itemListElement":[{"@type":"ListItem","position":1,"name":"Home","item":"https:\/\/www.vortal.biz\/es\/"},{"@type":"ListItem","position":2,"name":"Jornadas sobre Econom\u00eda Digital y Contrataci\u00f3n P\u00fablica en la Universidad de Almer\u00eda"}]},{"@type":"WebSite","@id":"https:\/\/www.vortal.biz\/pt-pt\/#website","url":"https:\/\/www.vortal.biz\/pt-pt\/","name":"VORTAL","description":"Connecting Business","potentialAction":[{"@type":"SearchAction","target":{"@type":"EntryPoint","urlTemplate":"https:\/\/www.vortal.biz\/pt-pt\/?s={search_term_string}"},"query-input":"required name=search_term_string"}],"inLanguage":"es"},{"@type":"Person","@id":"https:\/\/www.vortal.biz\/pt-pt\/#\/schema\/person\/de007f49a9003cc0fec169585b65ddb2","name":"Helida Oliveira","image":{"@type":"ImageObject","inLanguage":"es","@id":"https:\/\/www.vortal.biz\/pt-pt\/#\/schema\/person\/image\/","url":"https:\/\/secure.gravatar.com\/avatar\/2485383d4ceb69bbd668ac515d6bdb03?s=96&d=mm&r=g","contentUrl":"https:\/\/secure.gravatar.com\/avatar\/2485383d4ceb69bbd668ac515d6bdb03?s=96&d=mm&r=g","caption":"Helida Oliveira"},"url":"https:\/\/www.vortal.biz\/es\/author\/helida-oliveira\/"}]}},"_links":{"self":[{"href":"https:\/\/www.vortal.biz\/es\/wp-json\/wp\/v2\/posts\/6918"}],"collection":[{"href":"https:\/\/www.vortal.biz\/es\/wp-json\/wp\/v2\/posts"}],"about":[{"href":"https:\/\/www.vortal.biz\/es\/wp-json\/wp\/v2\/types\/post"}],"author":[{"embeddable":true,"href":"https:\/\/www.vortal.biz\/es\/wp-json\/wp\/v2\/users\/5639"}],"replies":[{"embeddable":true,"href":"https:\/\/www.vortal.biz\/es\/wp-json\/wp\/v2\/comments?post=6918"}],"version-history":[{"count":0,"href":"https:\/\/www.vortal.biz\/es\/wp-json\/wp\/v2\/posts\/6918\/revisions"}],"wp:attachment":[{"href":"https:\/\/www.vortal.biz\/es\/wp-json\/wp\/v2\/media?parent=6918"}],"wp:term":[{"taxonomy":"category","embeddable":true,"href":"https:\/\/www.vortal.biz\/es\/wp-json\/wp\/v2\/categories?post=6918"},{"taxonomy":"post_tag","embeddable":true,"href":"https:\/\/www.vortal.biz\/es\/wp-json\/wp\/v2\/tags?post=6918"}],"curies":[{"name":"wp","href":"https:\/\/api.w.org\/{rel}","templated":true}]}}