{"id":6912,"date":"2018-01-29T11:52:34","date_gmt":"2018-01-29T11:52:34","guid":{"rendered":"https:\/\/www.vortal.biz\/?p=6912"},"modified":"2021-08-04T13:36:23","modified_gmt":"2021-08-04T13:36:23","slug":"las-claves-de-la-nueva-contratacion-publica-esta-preparado-para-el-9-de-marzo-2018","status":"publish","type":"post","link":"https:\/\/www.vortal.biz\/es\/las-claves-de-la-nueva-contratacion-publica-esta-preparado-para-el-9-de-marzo-2018\/","title":{"rendered":"Las claves de la nueva Contrataci\u00f3n P\u00fablica. \u00bfEst\u00e1 preparado para el 9 de marzo 2018?"},"content":{"rendered":"<div class=\"fusion-fullwidth fullwidth-box fusion-builder-row-1 fusion-flex-container nonhundred-percent-fullwidth non-hundred-percent-height-scrolling\" style=\"background-color: rgba(255,255,255,0);background-position: center center;background-repeat: no-repeat;border-width: 0px 0px 0px 0px;border-color:#e2e2e2;border-style:solid;\" ><div class=\"fusion-builder-row fusion-row fusion-flex-align-items-flex-start\" style=\"max-width:calc( 1640px + 32px );margin-left: calc(-32px \/ 2 );margin-right: calc(-32px \/ 2 );\"><div class=\"fusion-layout-column fusion_builder_column fusion-builder-column-0 fusion_builder_column_1_1 1_1 fusion-flex-column\"><div class=\"fusion-column-wrapper fusion-flex-justify-content-flex-start fusion-content-layout-column\" style=\"background-position:left top;background-repeat:no-repeat;-webkit-background-size:cover;-moz-background-size:cover;-o-background-size:cover;background-size:cover;padding: 0px 0px 0px 0px;\"><div class=\"fusion-text fusion-text-1\"><p>Los d\u00edas 14 y 15 de febrero se celebra en Madrid el tercer Congreso Nacional de Contrataci\u00f3n P\u00fablica Electr\u00f3nica &#8211; IIICNCE18. Un Congreso que en su tercera edici\u00f3n se adelanta a la fecha de entrada en vigor definitiva de la Ley de Contratos del Sector P\u00fablico, nueve de marzo de 2018.<\/p>\n<p>A partir del 9 de marzo toda contrataci\u00f3n con las administraciones se habr\u00e1 de hacer por cauces electr\u00f3nicos. \u00bfEst\u00e1n las administraciones y las empresas preparadas?<\/p>\n<p>El Congreso CNCE ofrecer\u00e1 a medio millar de asistentes las claves a tener en cuenta para enfrentar estas nuevas exigencias. Las administraciones han de implementar los sistemas de licitaci\u00f3n y las empresas entender y aprovechar las grandes ventajas que la norma impulsa para ellas, para su competitividad y tambi\u00e9n para la transparencia de los procesos.<\/p>\n<p>En CNCE las administraciones m\u00e1s avanzadas en la materia presentar\u00e1n sus proyectos y demostrar\u00e1n los ahorros reales de la licitaci\u00f3n electr\u00f3nica y las empresas ver\u00e1n las ventajas de adoptar estas nuevas tecnolog\u00edas en su relaci\u00f3n con las administraciones.<\/p>\n<p>Como colof\u00f3n se realizar\u00e1 la presentaci\u00f3n del Libro: \u201cLas Consecuencias electr\u00f3nicas de la nueva Ley de Contratos del Sector P\u00fablico &#8211; C\u00f3digo electr\u00f3nico pr\u00e1ctico de la Ley 9\/2017 de 8 de noviembre\u201d, dirigido por Jaime Pintos Santiago, Doctor en Derecho. Abogado-Consultor especialista en contrataci\u00f3n p\u00fablica. Funcionario de carrera en excedencia del Cuerpo Superior Jur\u00eddico. Profesor del M\u00e1ster en Derecho de la Contrataci\u00f3n P\u00fablica de la UCLM.<\/p>\n<p>Toda la informaci\u00f3n est\u00e1 disponible en la web del Congreso <a href=\"http:\/\/www.cnce2018.es\/\" rel=\"noopener\" target=\"_blank\">www.cnce2018.es<\/a>.<\/p>\n<p><strong>Sobre el congreso CNCE<\/strong><\/p>\n<p>El Congreso de Contrataci\u00f3n P\u00fablica Electr\u00f3nica &#8211; CNCE, nace en mayo de 2016 de la mano de Club de Innovaci\u00f3n P\u00fablica con el apoyo de la Generalitat Valenciana, la FVMP y la FEMP y el patrocinio de VORTAL, Aytos Berger-Levrault y otras empresas especializadas en su primera edici\u00f3n, y se consolida en Madrid en su segundo a\u00f1o con cerca de novecientos asistentes.<\/p>\n<p>El evento est\u00e1 dirigido a responsables p\u00fablicos de entidades locales, sector auton\u00f3mico, administraci\u00f3n general del estado y sector p\u00fablico estatal:<\/p>\n<p>Alcaldes y Concejales;<br \/>\nResponsables de Contrataci\u00f3n;<br \/>\nT\u00e9cnicos de Contrataci\u00f3n;<br \/>\nResponsables del Departamento de IT;<br \/>\nSecretarios, Interventores y Tesoreros;<br \/>\ny responsables de las empresas que trabajan con las administraciones.<\/p>\n<p><strong>Ver ediciones anteriores:<\/strong><\/p>\n<p><a href=\"http:\/\/www.cnce2017.es\/ponencias\" rel=\"noopener\" target=\"_blank\">http:\/\/www.cnce2017.es\/ponencias<\/a><br \/>\n<a href=\"https:\/\/www.cnce2017.es\/\" rel=\"noopener\" target=\"_blank\">https:\/\/www.cnce2017.es\/<\/a><\/p>\n<\/div><\/div><style type=\"text\/css\">.fusion-body .fusion-builder-column-0{width:100% !important;margin-top : 0px;margin-bottom : 0px;}.fusion-builder-column-0 > .fusion-column-wrapper {padding-top : 0px !important;padding-right : 0px !important;margin-right : 16px;padding-bottom : 0px !important;padding-left : 0px !important;margin-left : 16px;}@media only screen and (max-width:1024px) {.fusion-body .fusion-builder-column-0{width:100% !important;}.fusion-builder-column-0 > .fusion-column-wrapper {margin-right : 16px;margin-left : 16px;}}@media only screen and (max-width:640px) {.fusion-body .fusion-builder-column-0{width:100% !important;}.fusion-builder-column-0 > .fusion-column-wrapper {margin-right : 16px;margin-left : 16px;}}<\/style><\/div><\/div><style type=\"text\/css\">.fusion-body .fusion-flex-container.fusion-builder-row-1{ padding-top : 0px;margin-top : 0px;padding-right : 0px;padding-bottom : 0px;margin-bottom : 0px;padding-left : 0px;}<\/style><\/div>\n","protected":false},"excerpt":{"rendered":"","protected":false},"author":5639,"featured_media":0,"comment_status":"open","ping_status":"open","sticky":false,"template":"","format":"standard","meta":{"footnotes":""},"categories":[7],"tags":[],"yoast_head":"<!-- This site is optimized with the Yoast SEO plugin v22.3 - https:\/\/yoast.com\/wordpress\/plugins\/seo\/ -->\n<title>Las claves de la nueva Contrataci\u00f3n P\u00fablica. \u00bfEst\u00e1 preparado para el 9 de marzo 2018? - VORTAL<\/title>\n<meta name=\"robots\" content=\"index, follow, max-snippet:-1, max-image-preview:large, max-video-preview:-1\" \/>\n<link rel=\"canonical\" href=\"https:\/\/www.vortal.biz\/es\/las-claves-de-la-nueva-contratacion-publica-esta-preparado-para-el-9-de-marzo-2018\/\" \/>\n<meta property=\"og:locale\" content=\"es_ES\" \/>\n<meta property=\"og:type\" content=\"article\" \/>\n<meta property=\"og:title\" content=\"Las claves de la nueva Contrataci\u00f3n P\u00fablica. \u00bfEst\u00e1 preparado para el 9 de marzo 2018? - VORTAL\" \/>\n<meta property=\"og:url\" content=\"https:\/\/www.vortal.biz\/es\/las-claves-de-la-nueva-contratacion-publica-esta-preparado-para-el-9-de-marzo-2018\/\" \/>\n<meta property=\"og:site_name\" content=\"VORTAL\" \/>\n<meta property=\"article:published_time\" content=\"2018-01-29T11:52:34+00:00\" \/>\n<meta property=\"article:modified_time\" content=\"2021-08-04T13:36:23+00:00\" \/>\n<meta name=\"author\" content=\"Helida Oliveira\" \/>\n<meta name=\"twitter:card\" content=\"summary_large_image\" \/>\n<meta name=\"twitter:label1\" content=\"Escrito por\" \/>\n\t<meta name=\"twitter:data1\" content=\"Helida Oliveira\" \/>\n\t<meta name=\"twitter:label2\" content=\"Tiempo de lectura\" \/>\n\t<meta name=\"twitter:data2\" content=\"3 minutos\" \/>\n<script type=\"application\/ld+json\" class=\"yoast-schema-graph\">{\"@context\":\"https:\/\/schema.org\",\"@graph\":[{\"@type\":\"WebPage\",\"@id\":\"https:\/\/www.vortal.biz\/es\/las-claves-de-la-nueva-contratacion-publica-esta-preparado-para-el-9-de-marzo-2018\/\",\"url\":\"https:\/\/www.vortal.biz\/es\/las-claves-de-la-nueva-contratacion-publica-esta-preparado-para-el-9-de-marzo-2018\/\",\"name\":\"Las claves de la nueva Contrataci\u00f3n P\u00fablica. \u00bfEst\u00e1 preparado para el 9 de marzo 2018? - VORTAL\",\"isPartOf\":{\"@id\":\"https:\/\/www.vortal.biz\/pt-pt\/#website\"},\"datePublished\":\"2018-01-29T11:52:34+00:00\",\"dateModified\":\"2021-08-04T13:36:23+00:00\",\"author\":{\"@id\":\"https:\/\/www.vortal.biz\/pt-pt\/#\/schema\/person\/de007f49a9003cc0fec169585b65ddb2\"},\"breadcrumb\":{\"@id\":\"https:\/\/www.vortal.biz\/es\/las-claves-de-la-nueva-contratacion-publica-esta-preparado-para-el-9-de-marzo-2018\/#breadcrumb\"},\"inLanguage\":\"es\",\"potentialAction\":[{\"@type\":\"ReadAction\",\"target\":[\"https:\/\/www.vortal.biz\/es\/las-claves-de-la-nueva-contratacion-publica-esta-preparado-para-el-9-de-marzo-2018\/\"]}]},{\"@type\":\"BreadcrumbList\",\"@id\":\"https:\/\/www.vortal.biz\/es\/las-claves-de-la-nueva-contratacion-publica-esta-preparado-para-el-9-de-marzo-2018\/#breadcrumb\",\"itemListElement\":[{\"@type\":\"ListItem\",\"position\":1,\"name\":\"Home\",\"item\":\"https:\/\/www.vortal.biz\/es\/\"},{\"@type\":\"ListItem\",\"position\":2,\"name\":\"Las claves de la nueva Contrataci\u00f3n P\u00fablica. \u00bfEst\u00e1 preparado para el 9 de marzo 2018?\"}]},{\"@type\":\"WebSite\",\"@id\":\"https:\/\/www.vortal.biz\/pt-pt\/#website\",\"url\":\"https:\/\/www.vortal.biz\/pt-pt\/\",\"name\":\"VORTAL\",\"description\":\"Connecting Business\",\"potentialAction\":[{\"@type\":\"SearchAction\",\"target\":{\"@type\":\"EntryPoint\",\"urlTemplate\":\"https:\/\/www.vortal.biz\/pt-pt\/?s={search_term_string}\"},\"query-input\":\"required name=search_term_string\"}],\"inLanguage\":\"es\"},{\"@type\":\"Person\",\"@id\":\"https:\/\/www.vortal.biz\/pt-pt\/#\/schema\/person\/de007f49a9003cc0fec169585b65ddb2\",\"name\":\"Helida Oliveira\",\"image\":{\"@type\":\"ImageObject\",\"inLanguage\":\"es\",\"@id\":\"https:\/\/www.vortal.biz\/pt-pt\/#\/schema\/person\/image\/\",\"url\":\"https:\/\/secure.gravatar.com\/avatar\/2485383d4ceb69bbd668ac515d6bdb03?s=96&d=mm&r=g\",\"contentUrl\":\"https:\/\/secure.gravatar.com\/avatar\/2485383d4ceb69bbd668ac515d6bdb03?s=96&d=mm&r=g\",\"caption\":\"Helida Oliveira\"},\"url\":\"https:\/\/www.vortal.biz\/es\/author\/helida-oliveira\/\"}]}<\/script>\n<!-- \/ Yoast SEO plugin. -->","yoast_head_json":{"title":"Las claves de la nueva Contrataci\u00f3n P\u00fablica. \u00bfEst\u00e1 preparado para el 9 de marzo 2018? - VORTAL","robots":{"index":"index","follow":"follow","max-snippet":"max-snippet:-1","max-image-preview":"max-image-preview:large","max-video-preview":"max-video-preview:-1"},"canonical":"https:\/\/www.vortal.biz\/es\/las-claves-de-la-nueva-contratacion-publica-esta-preparado-para-el-9-de-marzo-2018\/","og_locale":"es_ES","og_type":"article","og_title":"Las claves de la nueva Contrataci\u00f3n P\u00fablica. \u00bfEst\u00e1 preparado para el 9 de marzo 2018? - VORTAL","og_url":"https:\/\/www.vortal.biz\/es\/las-claves-de-la-nueva-contratacion-publica-esta-preparado-para-el-9-de-marzo-2018\/","og_site_name":"VORTAL","article_published_time":"2018-01-29T11:52:34+00:00","article_modified_time":"2021-08-04T13:36:23+00:00","author":"Helida Oliveira","twitter_card":"summary_large_image","twitter_misc":{"Escrito por":"Helida Oliveira","Tiempo de lectura":"3 minutos"},"schema":{"@context":"https:\/\/schema.org","@graph":[{"@type":"WebPage","@id":"https:\/\/www.vortal.biz\/es\/las-claves-de-la-nueva-contratacion-publica-esta-preparado-para-el-9-de-marzo-2018\/","url":"https:\/\/www.vortal.biz\/es\/las-claves-de-la-nueva-contratacion-publica-esta-preparado-para-el-9-de-marzo-2018\/","name":"Las claves de la nueva Contrataci\u00f3n P\u00fablica. \u00bfEst\u00e1 preparado para el 9 de marzo 2018? - VORTAL","isPartOf":{"@id":"https:\/\/www.vortal.biz\/pt-pt\/#website"},"datePublished":"2018-01-29T11:52:34+00:00","dateModified":"2021-08-04T13:36:23+00:00","author":{"@id":"https:\/\/www.vortal.biz\/pt-pt\/#\/schema\/person\/de007f49a9003cc0fec169585b65ddb2"},"breadcrumb":{"@id":"https:\/\/www.vortal.biz\/es\/las-claves-de-la-nueva-contratacion-publica-esta-preparado-para-el-9-de-marzo-2018\/#breadcrumb"},"inLanguage":"es","potentialAction":[{"@type":"ReadAction","target":["https:\/\/www.vortal.biz\/es\/las-claves-de-la-nueva-contratacion-publica-esta-preparado-para-el-9-de-marzo-2018\/"]}]},{"@type":"BreadcrumbList","@id":"https:\/\/www.vortal.biz\/es\/las-claves-de-la-nueva-contratacion-publica-esta-preparado-para-el-9-de-marzo-2018\/#breadcrumb","itemListElement":[{"@type":"ListItem","position":1,"name":"Home","item":"https:\/\/www.vortal.biz\/es\/"},{"@type":"ListItem","position":2,"name":"Las claves de la nueva Contrataci\u00f3n P\u00fablica. \u00bfEst\u00e1 preparado para el 9 de marzo 2018?"}]},{"@type":"WebSite","@id":"https:\/\/www.vortal.biz\/pt-pt\/#website","url":"https:\/\/www.vortal.biz\/pt-pt\/","name":"VORTAL","description":"Connecting Business","potentialAction":[{"@type":"SearchAction","target":{"@type":"EntryPoint","urlTemplate":"https:\/\/www.vortal.biz\/pt-pt\/?s={search_term_string}"},"query-input":"required name=search_term_string"}],"inLanguage":"es"},{"@type":"Person","@id":"https:\/\/www.vortal.biz\/pt-pt\/#\/schema\/person\/de007f49a9003cc0fec169585b65ddb2","name":"Helida Oliveira","image":{"@type":"ImageObject","inLanguage":"es","@id":"https:\/\/www.vortal.biz\/pt-pt\/#\/schema\/person\/image\/","url":"https:\/\/secure.gravatar.com\/avatar\/2485383d4ceb69bbd668ac515d6bdb03?s=96&d=mm&r=g","contentUrl":"https:\/\/secure.gravatar.com\/avatar\/2485383d4ceb69bbd668ac515d6bdb03?s=96&d=mm&r=g","caption":"Helida Oliveira"},"url":"https:\/\/www.vortal.biz\/es\/author\/helida-oliveira\/"}]}},"_links":{"self":[{"href":"https:\/\/www.vortal.biz\/es\/wp-json\/wp\/v2\/posts\/6912"}],"collection":[{"href":"https:\/\/www.vortal.biz\/es\/wp-json\/wp\/v2\/posts"}],"about":[{"href":"https:\/\/www.vortal.biz\/es\/wp-json\/wp\/v2\/types\/post"}],"author":[{"embeddable":true,"href":"https:\/\/www.vortal.biz\/es\/wp-json\/wp\/v2\/users\/5639"}],"replies":[{"embeddable":true,"href":"https:\/\/www.vortal.biz\/es\/wp-json\/wp\/v2\/comments?post=6912"}],"version-history":[{"count":0,"href":"https:\/\/www.vortal.biz\/es\/wp-json\/wp\/v2\/posts\/6912\/revisions"}],"wp:attachment":[{"href":"https:\/\/www.vortal.biz\/es\/wp-json\/wp\/v2\/media?parent=6912"}],"wp:term":[{"taxonomy":"category","embeddable":true,"href":"https:\/\/www.vortal.biz\/es\/wp-json\/wp\/v2\/categories?post=6912"},{"taxonomy":"post_tag","embeddable":true,"href":"https:\/\/www.vortal.biz\/es\/wp-json\/wp\/v2\/tags?post=6912"}],"curies":[{"name":"wp","href":"https:\/\/api.w.org\/{rel}","templated":true}]}}