{"id":6908,"date":"2018-02-05T11:46:07","date_gmt":"2018-02-05T11:46:07","guid":{"rendered":"https:\/\/www.vortal.biz\/?p=6908"},"modified":"2021-08-04T11:47:36","modified_gmt":"2021-08-04T11:47:36","slug":"el-cnce18-abre-sus-puertas-el-14-y-15-de-febrero-un-mes-antes-de-la-entrada-en-vigor-de-la-ley-que-obliga-a-la-administracion-publica-a-contratar-electronicamente","status":"publish","type":"post","link":"https:\/\/www.vortal.biz\/es\/el-cnce18-abre-sus-puertas-el-14-y-15-de-febrero-un-mes-antes-de-la-entrada-en-vigor-de-la-ley-que-obliga-a-la-administracion-publica-a-contratar-electronicamente\/","title":{"rendered":"El CNCE&#8217;18 Abre sus Puertas el 14 y 15 de Febrero, un Mes Antes de la Entrada en Vigor de la Ley que Obliga a la Administraci\u00f3n P\u00fablica a Contratar Electr\u00f3nicamente"},"content":{"rendered":"<div class=\"fusion-fullwidth fullwidth-box fusion-builder-row-1 fusion-flex-container nonhundred-percent-fullwidth non-hundred-percent-height-scrolling\" style=\"background-color: rgba(255,255,255,0);background-position: center center;background-repeat: no-repeat;border-width: 0px 0px 0px 0px;border-color:#e2e2e2;border-style:solid;\" ><div class=\"fusion-builder-row fusion-row fusion-flex-align-items-flex-start\" style=\"max-width:calc( 1640px + 32px );margin-left: calc(-32px \/ 2 );margin-right: calc(-32px \/ 2 );\"><div class=\"fusion-layout-column fusion_builder_column fusion-builder-column-0 fusion_builder_column_1_1 1_1 fusion-flex-column\"><div class=\"fusion-column-wrapper fusion-flex-justify-content-flex-start fusion-content-layout-column\" style=\"background-position:left top;background-repeat:no-repeat;-webkit-background-size:cover;-moz-background-size:cover;-o-background-size:cover;background-size:cover;padding: 0px 0px 0px 0px;\"><div class=\"fusion-text fusion-text-1\"><p>En 2018, la tramitaci\u00f3n de todos los expedientes de licitaci\u00f3n de los poderes p\u00fablicos ha de ser electr\u00f3nica, la Ley que obliga entra en vigor exactamente el 9 de marzo de este a\u00f1o. Por este motivo, es de vital importancia la celebraci\u00f3n del III Congreso Nacional de Contrataci\u00f3n P\u00fablica Electr\u00f3nica (CNCE18) que tendr\u00e1 lugar en el Teatro Goya de Madrid, los pr\u00f3ximos 14 y 15 de Febrero. Se trata de un evento anua en el que se re\u00fanen m\u00e1s de 60 expertos de la academia y la administraci\u00f3n, nacionales e internacionales, y en donde tendr\u00e1n lugar 12 mesas de debate y el mismo n\u00famero de ponencias.<\/p>\n<p>Entre los ponentes del Congreso, grandes expertos nacionales e internacionales de la contrataci\u00f3n p\u00fablica electr\u00f3nica como Jos\u00e9 Luis Ar\u00edstegui, Director General de VORTAL Espa\u00f1a y miembro de la Comisi\u00f3n de la Agenda Digital; Jose\u0301 Antonio Moreno Molina, Codirector Observatorio de Contratacio\u0301n Pu\u0301blica; Jes\u00fas Lizcano, Presidente de Transparencia Internacional Espa\u00f1a; Luis Valadares, miembro del Grupo de Expertos de Contrataci\u00f3n Electr\u00f3nica de la Comisi\u00f3n Europea; Jaime Pintos Santiago. Funcionario en excedencia de la Junta de Comunidades de Castilla La Mancha. Consultor experto en contrataci\u00f3n p\u00fablica; Luis Alegre Espert. Director Sanidad VORTAL Connecting Business; Jos\u00e9 Mar\u00eda Gimeno Feli\u00fa. Catedr\u00e1tico de derecho administrativo de la universidad de Zaragoza. Director del observatorio de Contrataci\u00f3n P\u00fablica.<\/p>\n<p>En el marco del Congreso Nacional de Contrataci\u00f3n Electr\u00f3nica se presentar\u00e1 la obra: \u201cLas Consecuencias electr\u00f3nicas de la nueva Ley de Contratos del Sector P\u00fablico: c\u00f3digo electr\u00f3nico pr\u00e1ctico de la Ley 9\/2017, de 8 de noviembre\u201d, dirigida por el Doctor en Derecho y Abogado-Consultor especialista en contrataci\u00f3n p\u00fablica, Jaime Pintos Santiago, en la que tambi\u00e9n participan como autores Jos\u00e9 Luis Ar\u00edstegui Carreiro, Jorge Fondevila Antol\u00edn y Juli\u00e1n de la Morena L\u00f3pez, reputados expertos en la materia.<\/p>\n<\/div><\/div><style type=\"text\/css\">.fusion-body .fusion-builder-column-0{width:100% !important;margin-top : 0px;margin-bottom : 0px;}.fusion-builder-column-0 > .fusion-column-wrapper {padding-top : 0px !important;padding-right : 0px !important;margin-right : 16px;padding-bottom : 0px !important;padding-left : 0px !important;margin-left : 16px;}@media only screen and (max-width:1024px) {.fusion-body .fusion-builder-column-0{width:100% !important;}.fusion-builder-column-0 > .fusion-column-wrapper {margin-right : 16px;margin-left : 16px;}}@media only screen and (max-width:640px) {.fusion-body .fusion-builder-column-0{width:100% !important;}.fusion-builder-column-0 > .fusion-column-wrapper {margin-right : 16px;margin-left : 16px;}}<\/style><\/div><\/div><style type=\"text\/css\">.fusion-body .fusion-flex-container.fusion-builder-row-1{ padding-top : 0px;margin-top : 0px;padding-right : 0px;padding-bottom : 0px;margin-bottom : 0px;padding-left : 0px;}<\/style><\/div>\n","protected":false},"excerpt":{"rendered":"","protected":false},"author":5639,"featured_media":0,"comment_status":"open","ping_status":"open","sticky":false,"template":"","format":"standard","meta":{"footnotes":""},"categories":[7],"tags":[],"yoast_head":"<!-- This site is optimized with the Yoast SEO plugin v22.3 - https:\/\/yoast.com\/wordpress\/plugins\/seo\/ -->\n<title>El CNCE&#039;18 Abre sus Puertas el 14 y 15 de Febrero, un Mes Antes de la Entrada en Vigor de la Ley que Obliga a la Administraci\u00f3n P\u00fablica a Contratar Electr\u00f3nicamente - VORTAL<\/title>\n<meta name=\"robots\" content=\"index, follow, max-snippet:-1, max-image-preview:large, max-video-preview:-1\" \/>\n<link rel=\"canonical\" href=\"https:\/\/www.vortal.biz\/es\/el-cnce18-abre-sus-puertas-el-14-y-15-de-febrero-un-mes-antes-de-la-entrada-en-vigor-de-la-ley-que-obliga-a-la-administracion-publica-a-contratar-electronicamente\/\" \/>\n<meta property=\"og:locale\" content=\"es_ES\" \/>\n<meta property=\"og:type\" content=\"article\" \/>\n<meta property=\"og:title\" content=\"El CNCE&#039;18 Abre sus Puertas el 14 y 15 de Febrero, un Mes Antes de la Entrada en Vigor de la Ley que Obliga a la Administraci\u00f3n P\u00fablica a Contratar Electr\u00f3nicamente - VORTAL\" \/>\n<meta property=\"og:url\" content=\"https:\/\/www.vortal.biz\/es\/el-cnce18-abre-sus-puertas-el-14-y-15-de-febrero-un-mes-antes-de-la-entrada-en-vigor-de-la-ley-que-obliga-a-la-administracion-publica-a-contratar-electronicamente\/\" \/>\n<meta property=\"og:site_name\" content=\"VORTAL\" \/>\n<meta property=\"article:published_time\" content=\"2018-02-05T11:46:07+00:00\" \/>\n<meta property=\"article:modified_time\" content=\"2021-08-04T11:47:36+00:00\" \/>\n<meta name=\"author\" content=\"Helida Oliveira\" \/>\n<meta name=\"twitter:card\" content=\"summary_large_image\" \/>\n<meta name=\"twitter:label1\" content=\"Escrito por\" \/>\n\t<meta name=\"twitter:data1\" content=\"Helida Oliveira\" \/>\n\t<meta name=\"twitter:label2\" content=\"Tiempo de lectura\" \/>\n\t<meta name=\"twitter:data2\" content=\"3 minutos\" \/>\n<script type=\"application\/ld+json\" class=\"yoast-schema-graph\">{\"@context\":\"https:\/\/schema.org\",\"@graph\":[{\"@type\":\"WebPage\",\"@id\":\"https:\/\/www.vortal.biz\/es\/el-cnce18-abre-sus-puertas-el-14-y-15-de-febrero-un-mes-antes-de-la-entrada-en-vigor-de-la-ley-que-obliga-a-la-administracion-publica-a-contratar-electronicamente\/\",\"url\":\"https:\/\/www.vortal.biz\/es\/el-cnce18-abre-sus-puertas-el-14-y-15-de-febrero-un-mes-antes-de-la-entrada-en-vigor-de-la-ley-que-obliga-a-la-administracion-publica-a-contratar-electronicamente\/\",\"name\":\"El CNCE'18 Abre sus Puertas el 14 y 15 de Febrero, un Mes Antes de la Entrada en Vigor de la Ley que Obliga a la Administraci\u00f3n P\u00fablica a Contratar Electr\u00f3nicamente - VORTAL\",\"isPartOf\":{\"@id\":\"https:\/\/www.vortal.biz\/pt-pt\/#website\"},\"datePublished\":\"2018-02-05T11:46:07+00:00\",\"dateModified\":\"2021-08-04T11:47:36+00:00\",\"author\":{\"@id\":\"https:\/\/www.vortal.biz\/pt-pt\/#\/schema\/person\/de007f49a9003cc0fec169585b65ddb2\"},\"breadcrumb\":{\"@id\":\"https:\/\/www.vortal.biz\/es\/el-cnce18-abre-sus-puertas-el-14-y-15-de-febrero-un-mes-antes-de-la-entrada-en-vigor-de-la-ley-que-obliga-a-la-administracion-publica-a-contratar-electronicamente\/#breadcrumb\"},\"inLanguage\":\"es\",\"potentialAction\":[{\"@type\":\"ReadAction\",\"target\":[\"https:\/\/www.vortal.biz\/es\/el-cnce18-abre-sus-puertas-el-14-y-15-de-febrero-un-mes-antes-de-la-entrada-en-vigor-de-la-ley-que-obliga-a-la-administracion-publica-a-contratar-electronicamente\/\"]}]},{\"@type\":\"BreadcrumbList\",\"@id\":\"https:\/\/www.vortal.biz\/es\/el-cnce18-abre-sus-puertas-el-14-y-15-de-febrero-un-mes-antes-de-la-entrada-en-vigor-de-la-ley-que-obliga-a-la-administracion-publica-a-contratar-electronicamente\/#breadcrumb\",\"itemListElement\":[{\"@type\":\"ListItem\",\"position\":1,\"name\":\"Home\",\"item\":\"https:\/\/www.vortal.biz\/es\/\"},{\"@type\":\"ListItem\",\"position\":2,\"name\":\"El CNCE&#8217;18 Abre sus Puertas el 14 y 15 de Febrero, un Mes Antes de la Entrada en Vigor de la Ley que Obliga a la Administraci\u00f3n P\u00fablica a Contratar Electr\u00f3nicamente\"}]},{\"@type\":\"WebSite\",\"@id\":\"https:\/\/www.vortal.biz\/pt-pt\/#website\",\"url\":\"https:\/\/www.vortal.biz\/pt-pt\/\",\"name\":\"VORTAL\",\"description\":\"Connecting Business\",\"potentialAction\":[{\"@type\":\"SearchAction\",\"target\":{\"@type\":\"EntryPoint\",\"urlTemplate\":\"https:\/\/www.vortal.biz\/pt-pt\/?s={search_term_string}\"},\"query-input\":\"required name=search_term_string\"}],\"inLanguage\":\"es\"},{\"@type\":\"Person\",\"@id\":\"https:\/\/www.vortal.biz\/pt-pt\/#\/schema\/person\/de007f49a9003cc0fec169585b65ddb2\",\"name\":\"Helida Oliveira\",\"image\":{\"@type\":\"ImageObject\",\"inLanguage\":\"es\",\"@id\":\"https:\/\/www.vortal.biz\/pt-pt\/#\/schema\/person\/image\/\",\"url\":\"https:\/\/secure.gravatar.com\/avatar\/2485383d4ceb69bbd668ac515d6bdb03?s=96&d=mm&r=g\",\"contentUrl\":\"https:\/\/secure.gravatar.com\/avatar\/2485383d4ceb69bbd668ac515d6bdb03?s=96&d=mm&r=g\",\"caption\":\"Helida Oliveira\"},\"url\":\"https:\/\/www.vortal.biz\/es\/author\/helida-oliveira\/\"}]}<\/script>\n<!-- \/ Yoast SEO plugin. -->","yoast_head_json":{"title":"El CNCE'18 Abre sus Puertas el 14 y 15 de Febrero, un Mes Antes de la Entrada en Vigor de la Ley que Obliga a la Administraci\u00f3n P\u00fablica a Contratar Electr\u00f3nicamente - VORTAL","robots":{"index":"index","follow":"follow","max-snippet":"max-snippet:-1","max-image-preview":"max-image-preview:large","max-video-preview":"max-video-preview:-1"},"canonical":"https:\/\/www.vortal.biz\/es\/el-cnce18-abre-sus-puertas-el-14-y-15-de-febrero-un-mes-antes-de-la-entrada-en-vigor-de-la-ley-que-obliga-a-la-administracion-publica-a-contratar-electronicamente\/","og_locale":"es_ES","og_type":"article","og_title":"El CNCE'18 Abre sus Puertas el 14 y 15 de Febrero, un Mes Antes de la Entrada en Vigor de la Ley que Obliga a la Administraci\u00f3n P\u00fablica a Contratar Electr\u00f3nicamente - VORTAL","og_url":"https:\/\/www.vortal.biz\/es\/el-cnce18-abre-sus-puertas-el-14-y-15-de-febrero-un-mes-antes-de-la-entrada-en-vigor-de-la-ley-que-obliga-a-la-administracion-publica-a-contratar-electronicamente\/","og_site_name":"VORTAL","article_published_time":"2018-02-05T11:46:07+00:00","article_modified_time":"2021-08-04T11:47:36+00:00","author":"Helida Oliveira","twitter_card":"summary_large_image","twitter_misc":{"Escrito por":"Helida Oliveira","Tiempo de lectura":"3 minutos"},"schema":{"@context":"https:\/\/schema.org","@graph":[{"@type":"WebPage","@id":"https:\/\/www.vortal.biz\/es\/el-cnce18-abre-sus-puertas-el-14-y-15-de-febrero-un-mes-antes-de-la-entrada-en-vigor-de-la-ley-que-obliga-a-la-administracion-publica-a-contratar-electronicamente\/","url":"https:\/\/www.vortal.biz\/es\/el-cnce18-abre-sus-puertas-el-14-y-15-de-febrero-un-mes-antes-de-la-entrada-en-vigor-de-la-ley-que-obliga-a-la-administracion-publica-a-contratar-electronicamente\/","name":"El CNCE'18 Abre sus Puertas el 14 y 15 de Febrero, un Mes Antes de la Entrada en Vigor de la Ley que Obliga a la Administraci\u00f3n P\u00fablica a Contratar Electr\u00f3nicamente - VORTAL","isPartOf":{"@id":"https:\/\/www.vortal.biz\/pt-pt\/#website"},"datePublished":"2018-02-05T11:46:07+00:00","dateModified":"2021-08-04T11:47:36+00:00","author":{"@id":"https:\/\/www.vortal.biz\/pt-pt\/#\/schema\/person\/de007f49a9003cc0fec169585b65ddb2"},"breadcrumb":{"@id":"https:\/\/www.vortal.biz\/es\/el-cnce18-abre-sus-puertas-el-14-y-15-de-febrero-un-mes-antes-de-la-entrada-en-vigor-de-la-ley-que-obliga-a-la-administracion-publica-a-contratar-electronicamente\/#breadcrumb"},"inLanguage":"es","potentialAction":[{"@type":"ReadAction","target":["https:\/\/www.vortal.biz\/es\/el-cnce18-abre-sus-puertas-el-14-y-15-de-febrero-un-mes-antes-de-la-entrada-en-vigor-de-la-ley-que-obliga-a-la-administracion-publica-a-contratar-electronicamente\/"]}]},{"@type":"BreadcrumbList","@id":"https:\/\/www.vortal.biz\/es\/el-cnce18-abre-sus-puertas-el-14-y-15-de-febrero-un-mes-antes-de-la-entrada-en-vigor-de-la-ley-que-obliga-a-la-administracion-publica-a-contratar-electronicamente\/#breadcrumb","itemListElement":[{"@type":"ListItem","position":1,"name":"Home","item":"https:\/\/www.vortal.biz\/es\/"},{"@type":"ListItem","position":2,"name":"El CNCE&#8217;18 Abre sus Puertas el 14 y 15 de Febrero, un Mes Antes de la Entrada en Vigor de la Ley que Obliga a la Administraci\u00f3n P\u00fablica a Contratar Electr\u00f3nicamente"}]},{"@type":"WebSite","@id":"https:\/\/www.vortal.biz\/pt-pt\/#website","url":"https:\/\/www.vortal.biz\/pt-pt\/","name":"VORTAL","description":"Connecting Business","potentialAction":[{"@type":"SearchAction","target":{"@type":"EntryPoint","urlTemplate":"https:\/\/www.vortal.biz\/pt-pt\/?s={search_term_string}"},"query-input":"required name=search_term_string"}],"inLanguage":"es"},{"@type":"Person","@id":"https:\/\/www.vortal.biz\/pt-pt\/#\/schema\/person\/de007f49a9003cc0fec169585b65ddb2","name":"Helida Oliveira","image":{"@type":"ImageObject","inLanguage":"es","@id":"https:\/\/www.vortal.biz\/pt-pt\/#\/schema\/person\/image\/","url":"https:\/\/secure.gravatar.com\/avatar\/2485383d4ceb69bbd668ac515d6bdb03?s=96&d=mm&r=g","contentUrl":"https:\/\/secure.gravatar.com\/avatar\/2485383d4ceb69bbd668ac515d6bdb03?s=96&d=mm&r=g","caption":"Helida Oliveira"},"url":"https:\/\/www.vortal.biz\/es\/author\/helida-oliveira\/"}]}},"_links":{"self":[{"href":"https:\/\/www.vortal.biz\/es\/wp-json\/wp\/v2\/posts\/6908"}],"collection":[{"href":"https:\/\/www.vortal.biz\/es\/wp-json\/wp\/v2\/posts"}],"about":[{"href":"https:\/\/www.vortal.biz\/es\/wp-json\/wp\/v2\/types\/post"}],"author":[{"embeddable":true,"href":"https:\/\/www.vortal.biz\/es\/wp-json\/wp\/v2\/users\/5639"}],"replies":[{"embeddable":true,"href":"https:\/\/www.vortal.biz\/es\/wp-json\/wp\/v2\/comments?post=6908"}],"version-history":[{"count":0,"href":"https:\/\/www.vortal.biz\/es\/wp-json\/wp\/v2\/posts\/6908\/revisions"}],"wp:attachment":[{"href":"https:\/\/www.vortal.biz\/es\/wp-json\/wp\/v2\/media?parent=6908"}],"wp:term":[{"taxonomy":"category","embeddable":true,"href":"https:\/\/www.vortal.biz\/es\/wp-json\/wp\/v2\/categories?post=6908"},{"taxonomy":"post_tag","embeddable":true,"href":"https:\/\/www.vortal.biz\/es\/wp-json\/wp\/v2\/tags?post=6908"}],"curies":[{"name":"wp","href":"https:\/\/api.w.org\/{rel}","templated":true}]}}