{"id":6902,"date":"2018-03-13T11:17:23","date_gmt":"2018-03-13T11:17:23","guid":{"rendered":"https:\/\/www.vortal.biz\/?p=6902"},"modified":"2021-08-04T11:19:45","modified_gmt":"2021-08-04T11:19:45","slug":"os-esperamos-en-el-congreso-nacional-de-informatica-de-la-salud-inforsalud-2018-los-dias-13-14-y-15-de-marzo","status":"publish","type":"post","link":"https:\/\/www.vortal.biz\/es\/os-esperamos-en-el-congreso-nacional-de-informatica-de-la-salud-inforsalud-2018-los-dias-13-14-y-15-de-marzo\/","title":{"rendered":"Os Esperamos en el Congreso Nacional de Inform\u00e1tica de la Salud, Inforsalud 2018, los d\u00edas 13, 14 y 15 de Marzo"},"content":{"rendered":"<div class=\"fusion-fullwidth fullwidth-box fusion-builder-row-1 fusion-flex-container nonhundred-percent-fullwidth non-hundred-percent-height-scrolling\" style=\"background-color: rgba(255,255,255,0);background-position: center center;background-repeat: no-repeat;border-width: 0px 0px 0px 0px;border-color:#e2e2e2;border-style:solid;\" ><div class=\"fusion-builder-row fusion-row fusion-flex-align-items-flex-start\" style=\"max-width:calc( 1640px + 32px );margin-left: calc(-32px \/ 2 );margin-right: calc(-32px \/ 2 );\"><div class=\"fusion-layout-column fusion_builder_column fusion-builder-column-0 fusion_builder_column_1_1 1_1 fusion-flex-column\"><div class=\"fusion-column-wrapper fusion-flex-justify-content-flex-start fusion-content-layout-column\" style=\"background-position:left top;background-repeat:no-repeat;-webkit-background-size:cover;-moz-background-size:cover;-o-background-size:cover;background-size:cover;padding: 0px 0px 0px 0px;\"><div class=\"fusion-text fusion-text-1\"><p>Hoy comienza en Madrid la vig\u00e9simo primera edici\u00f3n del Congreso Nacional de Inform\u00e1tica de Salud, Inforsalud 2018, que se celebra los pr\u00f3ximos d\u00edas 13, 14 y 15 de marzo en el NH Collection Madrid Eurobuilding.<\/p>\n<p>La intenci\u00f3n de los organizadores del congreso es que, esta edici\u00f3n, marque el inicio de un nuevo ciclo marcado por la colaboraci\u00f3n y la sinergia. Todos los sectores implicados, desde las empresas de tecnolog\u00eda, las de suministros sanitarios y farmacol\u00f3gicos o los colectivos profesionales que conforman las organizaciones asistenciales, buscan un mismo objetivo: crecer en conjunto.<\/p>\n<p>Es evidente que la tecnolog\u00eda ya est\u00e1 al alcance del sector para poner en marcha los servicios que demanda la sociedad. Las empresas de tecnolog\u00eda, socios tecnol\u00f3gicos del sector sanitario, son ya l\u00edderes en los respectivos \u00e1mbitos de servicios que ofertan y son ellas quienes ayudan al sector a obtener cada vez m\u00e1s \u00e9xitos y avances. Pero, adem\u00e1s, el sector tiene la obligaci\u00f3n de escuchar a los profesionales.<\/p>\n<p>Por ello, uno de los objetivos fundamentales del congreso es ser referente y foro donde poder abordar junto con profesionales, tanto del sector sanitario como del \u00e1mbito de la inform\u00e1tica, el reto de la Salud Digital, planteando c\u00f3mo ayudar a mejorar la asistencia y c\u00f3mo hacerlo garantizando la sostenibilidad del sistema.<\/p>\n<p>Para ello el congreso incluye mesas redondas y sesiones de debate con relevantes ponentes implicados en la digitalizaci\u00f3n de la salud. En concreto, y por parte de VORTAL, que participar\u00e1 como expositor, se contar\u00e1 con la presencia de su Director de Sanidad, Luis Alegre, en una ponencia el jueves 15 de marzo a las 11:30h en la Sala 3. En la misma se tratar\u00e1 sobre la oportunidad que nos brinda la nueva Ley 9\/2017 de Contratos del Sector P\u00fablico y el uso obligatorio de medios electr\u00f3nicos en el proceso de licitaci\u00f3n p\u00fablica para la mejora en la profesionalizaci\u00f3n de la compra p\u00fablica sanitaria.<\/p>\n<p>Adem\u00e1s, se organizar\u00e1n sesiones abiertas al p\u00fablico donde investigadores y profesionales expondr\u00e1n sus experiencias en este sector.<\/p>\n<p>Esta nueva edici\u00f3n de Inforsalud, ofrece una oportunidad \u00fanica para que los profesionales de la salud, investigadores, gestores, industria, administraciones p\u00fablicas y organizaciones sanitarias y sociales (p\u00fablicas y privadas) puedan exponer y compartir sus demandas y necesidades.<\/p>\n<p>Os invitamos pues a conocer las novedades del sector sanitario en su vertiente tecnol\u00f3gica y a conocernos en nuestro stand los pr\u00f3ximos 13, 14 y 15 de marzo, en el hotel NH Collection Madrid Eurobuilding, en la calle Alberto Alcocer, 8, de Madrid.<\/p>\n<p>\u00a1Os esperamos!<\/p>\n<\/div><\/div><style type=\"text\/css\">.fusion-body .fusion-builder-column-0{width:100% !important;margin-top : 0px;margin-bottom : 0px;}.fusion-builder-column-0 > .fusion-column-wrapper {padding-top : 0px !important;padding-right : 0px !important;margin-right : 16px;padding-bottom : 0px !important;padding-left : 0px !important;margin-left : 16px;}@media only screen and (max-width:1024px) {.fusion-body .fusion-builder-column-0{width:100% !important;}.fusion-builder-column-0 > .fusion-column-wrapper {margin-right : 16px;margin-left : 16px;}}@media only screen and (max-width:640px) {.fusion-body .fusion-builder-column-0{width:100% !important;}.fusion-builder-column-0 > .fusion-column-wrapper {margin-right : 16px;margin-left : 16px;}}<\/style><\/div><\/div><style type=\"text\/css\">.fusion-body .fusion-flex-container.fusion-builder-row-1{ padding-top : 0px;margin-top : 0px;padding-right : 0px;padding-bottom : 0px;margin-bottom : 0px;padding-left : 0px;}<\/style><\/div>\n","protected":false},"excerpt":{"rendered":"","protected":false},"author":5639,"featured_media":0,"comment_status":"open","ping_status":"open","sticky":false,"template":"","format":"standard","meta":{"footnotes":""},"categories":[7],"tags":[],"yoast_head":"<!-- This site is optimized with the Yoast SEO plugin v22.3 - https:\/\/yoast.com\/wordpress\/plugins\/seo\/ -->\n<title>Os Esperamos en el Congreso Nacional de Inform\u00e1tica de la Salud, Inforsalud 2018, los d\u00edas 13, 14 y 15 de Marzo - VORTAL<\/title>\n<meta name=\"robots\" content=\"index, follow, max-snippet:-1, max-image-preview:large, max-video-preview:-1\" \/>\n<link rel=\"canonical\" href=\"https:\/\/www.vortal.biz\/es\/os-esperamos-en-el-congreso-nacional-de-informatica-de-la-salud-inforsalud-2018-los-dias-13-14-y-15-de-marzo\/\" \/>\n<meta property=\"og:locale\" content=\"es_ES\" \/>\n<meta property=\"og:type\" content=\"article\" \/>\n<meta property=\"og:title\" content=\"Os Esperamos en el Congreso Nacional de Inform\u00e1tica de la Salud, Inforsalud 2018, los d\u00edas 13, 14 y 15 de Marzo - VORTAL\" \/>\n<meta property=\"og:url\" content=\"https:\/\/www.vortal.biz\/es\/os-esperamos-en-el-congreso-nacional-de-informatica-de-la-salud-inforsalud-2018-los-dias-13-14-y-15-de-marzo\/\" \/>\n<meta property=\"og:site_name\" content=\"VORTAL\" \/>\n<meta property=\"article:published_time\" content=\"2018-03-13T11:17:23+00:00\" \/>\n<meta property=\"article:modified_time\" content=\"2021-08-04T11:19:45+00:00\" \/>\n<meta name=\"author\" content=\"Helida Oliveira\" \/>\n<meta name=\"twitter:card\" content=\"summary_large_image\" \/>\n<meta name=\"twitter:label1\" content=\"Escrito por\" \/>\n\t<meta name=\"twitter:data1\" content=\"Helida Oliveira\" \/>\n\t<meta name=\"twitter:label2\" content=\"Tiempo de lectura\" \/>\n\t<meta name=\"twitter:data2\" content=\"3 minutos\" \/>\n<script type=\"application\/ld+json\" class=\"yoast-schema-graph\">{\"@context\":\"https:\/\/schema.org\",\"@graph\":[{\"@type\":\"WebPage\",\"@id\":\"https:\/\/www.vortal.biz\/es\/os-esperamos-en-el-congreso-nacional-de-informatica-de-la-salud-inforsalud-2018-los-dias-13-14-y-15-de-marzo\/\",\"url\":\"https:\/\/www.vortal.biz\/es\/os-esperamos-en-el-congreso-nacional-de-informatica-de-la-salud-inforsalud-2018-los-dias-13-14-y-15-de-marzo\/\",\"name\":\"Os Esperamos en el Congreso Nacional de Inform\u00e1tica de la Salud, Inforsalud 2018, los d\u00edas 13, 14 y 15 de Marzo - VORTAL\",\"isPartOf\":{\"@id\":\"https:\/\/www.vortal.biz\/pt-pt\/#website\"},\"datePublished\":\"2018-03-13T11:17:23+00:00\",\"dateModified\":\"2021-08-04T11:19:45+00:00\",\"author\":{\"@id\":\"https:\/\/www.vortal.biz\/pt-pt\/#\/schema\/person\/de007f49a9003cc0fec169585b65ddb2\"},\"breadcrumb\":{\"@id\":\"https:\/\/www.vortal.biz\/es\/os-esperamos-en-el-congreso-nacional-de-informatica-de-la-salud-inforsalud-2018-los-dias-13-14-y-15-de-marzo\/#breadcrumb\"},\"inLanguage\":\"es\",\"potentialAction\":[{\"@type\":\"ReadAction\",\"target\":[\"https:\/\/www.vortal.biz\/es\/os-esperamos-en-el-congreso-nacional-de-informatica-de-la-salud-inforsalud-2018-los-dias-13-14-y-15-de-marzo\/\"]}]},{\"@type\":\"BreadcrumbList\",\"@id\":\"https:\/\/www.vortal.biz\/es\/os-esperamos-en-el-congreso-nacional-de-informatica-de-la-salud-inforsalud-2018-los-dias-13-14-y-15-de-marzo\/#breadcrumb\",\"itemListElement\":[{\"@type\":\"ListItem\",\"position\":1,\"name\":\"Home\",\"item\":\"https:\/\/www.vortal.biz\/es\/\"},{\"@type\":\"ListItem\",\"position\":2,\"name\":\"Os Esperamos en el Congreso Nacional de Inform\u00e1tica de la Salud, Inforsalud 2018, los d\u00edas 13, 14 y 15 de Marzo\"}]},{\"@type\":\"WebSite\",\"@id\":\"https:\/\/www.vortal.biz\/pt-pt\/#website\",\"url\":\"https:\/\/www.vortal.biz\/pt-pt\/\",\"name\":\"VORTAL\",\"description\":\"Connecting Business\",\"potentialAction\":[{\"@type\":\"SearchAction\",\"target\":{\"@type\":\"EntryPoint\",\"urlTemplate\":\"https:\/\/www.vortal.biz\/pt-pt\/?s={search_term_string}\"},\"query-input\":\"required name=search_term_string\"}],\"inLanguage\":\"es\"},{\"@type\":\"Person\",\"@id\":\"https:\/\/www.vortal.biz\/pt-pt\/#\/schema\/person\/de007f49a9003cc0fec169585b65ddb2\",\"name\":\"Helida Oliveira\",\"image\":{\"@type\":\"ImageObject\",\"inLanguage\":\"es\",\"@id\":\"https:\/\/www.vortal.biz\/pt-pt\/#\/schema\/person\/image\/\",\"url\":\"https:\/\/secure.gravatar.com\/avatar\/2485383d4ceb69bbd668ac515d6bdb03?s=96&d=mm&r=g\",\"contentUrl\":\"https:\/\/secure.gravatar.com\/avatar\/2485383d4ceb69bbd668ac515d6bdb03?s=96&d=mm&r=g\",\"caption\":\"Helida Oliveira\"},\"url\":\"https:\/\/www.vortal.biz\/es\/author\/helida-oliveira\/\"}]}<\/script>\n<!-- \/ Yoast SEO plugin. -->","yoast_head_json":{"title":"Os Esperamos en el Congreso Nacional de Inform\u00e1tica de la Salud, Inforsalud 2018, los d\u00edas 13, 14 y 15 de Marzo - VORTAL","robots":{"index":"index","follow":"follow","max-snippet":"max-snippet:-1","max-image-preview":"max-image-preview:large","max-video-preview":"max-video-preview:-1"},"canonical":"https:\/\/www.vortal.biz\/es\/os-esperamos-en-el-congreso-nacional-de-informatica-de-la-salud-inforsalud-2018-los-dias-13-14-y-15-de-marzo\/","og_locale":"es_ES","og_type":"article","og_title":"Os Esperamos en el Congreso Nacional de Inform\u00e1tica de la Salud, Inforsalud 2018, los d\u00edas 13, 14 y 15 de Marzo - VORTAL","og_url":"https:\/\/www.vortal.biz\/es\/os-esperamos-en-el-congreso-nacional-de-informatica-de-la-salud-inforsalud-2018-los-dias-13-14-y-15-de-marzo\/","og_site_name":"VORTAL","article_published_time":"2018-03-13T11:17:23+00:00","article_modified_time":"2021-08-04T11:19:45+00:00","author":"Helida Oliveira","twitter_card":"summary_large_image","twitter_misc":{"Escrito por":"Helida Oliveira","Tiempo de lectura":"3 minutos"},"schema":{"@context":"https:\/\/schema.org","@graph":[{"@type":"WebPage","@id":"https:\/\/www.vortal.biz\/es\/os-esperamos-en-el-congreso-nacional-de-informatica-de-la-salud-inforsalud-2018-los-dias-13-14-y-15-de-marzo\/","url":"https:\/\/www.vortal.biz\/es\/os-esperamos-en-el-congreso-nacional-de-informatica-de-la-salud-inforsalud-2018-los-dias-13-14-y-15-de-marzo\/","name":"Os Esperamos en el Congreso Nacional de Inform\u00e1tica de la Salud, Inforsalud 2018, los d\u00edas 13, 14 y 15 de Marzo - VORTAL","isPartOf":{"@id":"https:\/\/www.vortal.biz\/pt-pt\/#website"},"datePublished":"2018-03-13T11:17:23+00:00","dateModified":"2021-08-04T11:19:45+00:00","author":{"@id":"https:\/\/www.vortal.biz\/pt-pt\/#\/schema\/person\/de007f49a9003cc0fec169585b65ddb2"},"breadcrumb":{"@id":"https:\/\/www.vortal.biz\/es\/os-esperamos-en-el-congreso-nacional-de-informatica-de-la-salud-inforsalud-2018-los-dias-13-14-y-15-de-marzo\/#breadcrumb"},"inLanguage":"es","potentialAction":[{"@type":"ReadAction","target":["https:\/\/www.vortal.biz\/es\/os-esperamos-en-el-congreso-nacional-de-informatica-de-la-salud-inforsalud-2018-los-dias-13-14-y-15-de-marzo\/"]}]},{"@type":"BreadcrumbList","@id":"https:\/\/www.vortal.biz\/es\/os-esperamos-en-el-congreso-nacional-de-informatica-de-la-salud-inforsalud-2018-los-dias-13-14-y-15-de-marzo\/#breadcrumb","itemListElement":[{"@type":"ListItem","position":1,"name":"Home","item":"https:\/\/www.vortal.biz\/es\/"},{"@type":"ListItem","position":2,"name":"Os Esperamos en el Congreso Nacional de Inform\u00e1tica de la Salud, Inforsalud 2018, los d\u00edas 13, 14 y 15 de Marzo"}]},{"@type":"WebSite","@id":"https:\/\/www.vortal.biz\/pt-pt\/#website","url":"https:\/\/www.vortal.biz\/pt-pt\/","name":"VORTAL","description":"Connecting Business","potentialAction":[{"@type":"SearchAction","target":{"@type":"EntryPoint","urlTemplate":"https:\/\/www.vortal.biz\/pt-pt\/?s={search_term_string}"},"query-input":"required name=search_term_string"}],"inLanguage":"es"},{"@type":"Person","@id":"https:\/\/www.vortal.biz\/pt-pt\/#\/schema\/person\/de007f49a9003cc0fec169585b65ddb2","name":"Helida Oliveira","image":{"@type":"ImageObject","inLanguage":"es","@id":"https:\/\/www.vortal.biz\/pt-pt\/#\/schema\/person\/image\/","url":"https:\/\/secure.gravatar.com\/avatar\/2485383d4ceb69bbd668ac515d6bdb03?s=96&d=mm&r=g","contentUrl":"https:\/\/secure.gravatar.com\/avatar\/2485383d4ceb69bbd668ac515d6bdb03?s=96&d=mm&r=g","caption":"Helida Oliveira"},"url":"https:\/\/www.vortal.biz\/es\/author\/helida-oliveira\/"}]}},"_links":{"self":[{"href":"https:\/\/www.vortal.biz\/es\/wp-json\/wp\/v2\/posts\/6902"}],"collection":[{"href":"https:\/\/www.vortal.biz\/es\/wp-json\/wp\/v2\/posts"}],"about":[{"href":"https:\/\/www.vortal.biz\/es\/wp-json\/wp\/v2\/types\/post"}],"author":[{"embeddable":true,"href":"https:\/\/www.vortal.biz\/es\/wp-json\/wp\/v2\/users\/5639"}],"replies":[{"embeddable":true,"href":"https:\/\/www.vortal.biz\/es\/wp-json\/wp\/v2\/comments?post=6902"}],"version-history":[{"count":0,"href":"https:\/\/www.vortal.biz\/es\/wp-json\/wp\/v2\/posts\/6902\/revisions"}],"wp:attachment":[{"href":"https:\/\/www.vortal.biz\/es\/wp-json\/wp\/v2\/media?parent=6902"}],"wp:term":[{"taxonomy":"category","embeddable":true,"href":"https:\/\/www.vortal.biz\/es\/wp-json\/wp\/v2\/categories?post=6902"},{"taxonomy":"post_tag","embeddable":true,"href":"https:\/\/www.vortal.biz\/es\/wp-json\/wp\/v2\/tags?post=6902"}],"curies":[{"name":"wp","href":"https:\/\/api.w.org\/{rel}","templated":true}]}}