{"id":6900,"date":"2018-03-20T10:44:31","date_gmt":"2018-03-20T10:44:31","guid":{"rendered":"https:\/\/www.vortal.biz\/?p=6900"},"modified":"2021-08-04T11:05:07","modified_gmt":"2021-08-04T11:05:07","slug":"experiencias-y-resultados-de-la-licitacion-publica-electronica-en-la-administracion-local-en-cataluna","status":"publish","type":"post","link":"https:\/\/www.vortal.biz\/es\/experiencias-y-resultados-de-la-licitacion-publica-electronica-en-la-administracion-local-en-cataluna\/","title":{"rendered":"Experiencias y resultados de la licitaci\u00f3n p\u00fablica electr\u00f3nica en la Administraci\u00f3n Local en Catalu\u00f1a"},"content":{"rendered":"<div class=\"fusion-fullwidth fullwidth-box fusion-builder-row-1 fusion-flex-container nonhundred-percent-fullwidth non-hundred-percent-height-scrolling\" style=\"background-color: rgba(255,255,255,0);background-position: center center;background-repeat: no-repeat;border-width: 0px 0px 0px 0px;border-color:#e2e2e2;border-style:solid;\" ><div class=\"fusion-builder-row fusion-row fusion-flex-align-items-flex-start\" style=\"max-width:calc( 1640px + 32px );margin-left: calc(-32px \/ 2 );margin-right: calc(-32px \/ 2 );\"><div class=\"fusion-layout-column fusion_builder_column fusion-builder-column-0 fusion_builder_column_1_1 1_1 fusion-flex-column\"><div class=\"fusion-column-wrapper fusion-flex-justify-content-flex-start fusion-content-layout-column\" style=\"background-position:left top;background-repeat:no-repeat;-webkit-background-size:cover;-moz-background-size:cover;-o-background-size:cover;background-size:cover;padding: 0px 0px 0px 0px;\"><div class=\"fusion-text fusion-text-1\"><p>Comienza Govern Digital 2018 evento por excelencia en Catalu\u00f1a sobre la digitalizaci\u00f3n de las administraciones p\u00fablicas.<\/p>\n<p>VORTAL, un a\u00f1o m\u00e1s, es patrocinador de esta jornada que espera una asistencia de 900 personas. Esta edici\u00f3n en concreto, focalizada en el \u00e1mbito local, pretende hacer hincapi\u00e9 en todos aquellos proyectos e iniciativas del \u00e1mbito local que persiguen una transformaci\u00f3n digital de los procesos y gestiones que relacionan a las entidades p\u00fablicas con los ciudadanos, con el objetivo de dar respuesta a los nuevos retos que nos tocan afrontar derivados de la verdadera revoluci\u00f3n social, econ\u00f3mica y cultural que supone la sociedad digital.<\/p>\n<p>Por ello, VORTAL aporta al programa una ponencia que tendr\u00e1 lugar el d\u00eda 22 de marzo a las 10.30 en la Sala Auditori, que con el t\u00edtulo \u201cExperiencias y resultados de la licitaci\u00f3n p\u00fablica electr\u00f3nica en la Administraci\u00f3n Local en Catalu\u00f1a\u201d y a trav\u00e9s del Consell Comarcal del Vall\u00e8s Oriental, pretende acercar a las entidades el f\u00e1cil cambio hacia la implantaci\u00f3n de la licitaci\u00f3n electr\u00f3nica en sus procesos de contrataci\u00f3n.<\/p>\n<p>\u00a1Les esperamos en el Govern Digital!<\/p>\n<\/div><\/div><style type=\"text\/css\">.fusion-body .fusion-builder-column-0{width:100% !important;margin-top : 0px;margin-bottom : 0px;}.fusion-builder-column-0 > .fusion-column-wrapper {padding-top : 0px !important;padding-right : 0px !important;margin-right : 16px;padding-bottom : 0px !important;padding-left : 0px !important;margin-left : 16px;}@media only screen and (max-width:1024px) {.fusion-body .fusion-builder-column-0{width:100% !important;}.fusion-builder-column-0 > .fusion-column-wrapper {margin-right : 16px;margin-left : 16px;}}@media only screen and (max-width:640px) {.fusion-body .fusion-builder-column-0{width:100% !important;}.fusion-builder-column-0 > .fusion-column-wrapper {margin-right : 16px;margin-left : 16px;}}<\/style><\/div><\/div><style type=\"text\/css\">.fusion-body .fusion-flex-container.fusion-builder-row-1{ padding-top : 0px;margin-top : 0px;padding-right : 0px;padding-bottom : 0px;margin-bottom : 0px;padding-left : 0px;}<\/style><\/div>\n","protected":false},"excerpt":{"rendered":"","protected":false},"author":5639,"featured_media":0,"comment_status":"open","ping_status":"open","sticky":false,"template":"","format":"standard","meta":{"footnotes":""},"categories":[7],"tags":[],"yoast_head":"<!-- This site is optimized with the Yoast SEO plugin v22.3 - https:\/\/yoast.com\/wordpress\/plugins\/seo\/ -->\n<title>Experiencias y resultados de la licitaci\u00f3n p\u00fablica electr\u00f3nica en la Administraci\u00f3n Local en Catalu\u00f1a - VORTAL<\/title>\n<meta name=\"robots\" content=\"index, follow, max-snippet:-1, max-image-preview:large, max-video-preview:-1\" \/>\n<link rel=\"canonical\" href=\"https:\/\/www.vortal.biz\/es\/experiencias-y-resultados-de-la-licitacion-publica-electronica-en-la-administracion-local-en-cataluna\/\" \/>\n<meta property=\"og:locale\" content=\"es_ES\" \/>\n<meta property=\"og:type\" content=\"article\" \/>\n<meta property=\"og:title\" content=\"Experiencias y resultados de la licitaci\u00f3n p\u00fablica electr\u00f3nica en la Administraci\u00f3n Local en Catalu\u00f1a - VORTAL\" \/>\n<meta property=\"og:url\" content=\"https:\/\/www.vortal.biz\/es\/experiencias-y-resultados-de-la-licitacion-publica-electronica-en-la-administracion-local-en-cataluna\/\" \/>\n<meta property=\"og:site_name\" content=\"VORTAL\" \/>\n<meta property=\"article:published_time\" content=\"2018-03-20T10:44:31+00:00\" \/>\n<meta property=\"article:modified_time\" content=\"2021-08-04T11:05:07+00:00\" \/>\n<meta name=\"author\" content=\"Helida Oliveira\" \/>\n<meta name=\"twitter:card\" content=\"summary_large_image\" \/>\n<meta name=\"twitter:label1\" content=\"Escrito por\" \/>\n\t<meta name=\"twitter:data1\" content=\"Helida Oliveira\" \/>\n\t<meta name=\"twitter:label2\" content=\"Tiempo de lectura\" \/>\n\t<meta name=\"twitter:data2\" content=\"3 minutos\" \/>\n<script type=\"application\/ld+json\" class=\"yoast-schema-graph\">{\"@context\":\"https:\/\/schema.org\",\"@graph\":[{\"@type\":\"WebPage\",\"@id\":\"https:\/\/www.vortal.biz\/es\/experiencias-y-resultados-de-la-licitacion-publica-electronica-en-la-administracion-local-en-cataluna\/\",\"url\":\"https:\/\/www.vortal.biz\/es\/experiencias-y-resultados-de-la-licitacion-publica-electronica-en-la-administracion-local-en-cataluna\/\",\"name\":\"Experiencias y resultados de la licitaci\u00f3n p\u00fablica electr\u00f3nica en la Administraci\u00f3n Local en Catalu\u00f1a - VORTAL\",\"isPartOf\":{\"@id\":\"https:\/\/www.vortal.biz\/pt-pt\/#website\"},\"datePublished\":\"2018-03-20T10:44:31+00:00\",\"dateModified\":\"2021-08-04T11:05:07+00:00\",\"author\":{\"@id\":\"https:\/\/www.vortal.biz\/pt-pt\/#\/schema\/person\/de007f49a9003cc0fec169585b65ddb2\"},\"breadcrumb\":{\"@id\":\"https:\/\/www.vortal.biz\/es\/experiencias-y-resultados-de-la-licitacion-publica-electronica-en-la-administracion-local-en-cataluna\/#breadcrumb\"},\"inLanguage\":\"es\",\"potentialAction\":[{\"@type\":\"ReadAction\",\"target\":[\"https:\/\/www.vortal.biz\/es\/experiencias-y-resultados-de-la-licitacion-publica-electronica-en-la-administracion-local-en-cataluna\/\"]}]},{\"@type\":\"BreadcrumbList\",\"@id\":\"https:\/\/www.vortal.biz\/es\/experiencias-y-resultados-de-la-licitacion-publica-electronica-en-la-administracion-local-en-cataluna\/#breadcrumb\",\"itemListElement\":[{\"@type\":\"ListItem\",\"position\":1,\"name\":\"Home\",\"item\":\"https:\/\/www.vortal.biz\/es\/\"},{\"@type\":\"ListItem\",\"position\":2,\"name\":\"Experiencias y resultados de la licitaci\u00f3n p\u00fablica electr\u00f3nica en la Administraci\u00f3n Local en Catalu\u00f1a\"}]},{\"@type\":\"WebSite\",\"@id\":\"https:\/\/www.vortal.biz\/pt-pt\/#website\",\"url\":\"https:\/\/www.vortal.biz\/pt-pt\/\",\"name\":\"VORTAL\",\"description\":\"Connecting Business\",\"potentialAction\":[{\"@type\":\"SearchAction\",\"target\":{\"@type\":\"EntryPoint\",\"urlTemplate\":\"https:\/\/www.vortal.biz\/pt-pt\/?s={search_term_string}\"},\"query-input\":\"required name=search_term_string\"}],\"inLanguage\":\"es\"},{\"@type\":\"Person\",\"@id\":\"https:\/\/www.vortal.biz\/pt-pt\/#\/schema\/person\/de007f49a9003cc0fec169585b65ddb2\",\"name\":\"Helida Oliveira\",\"image\":{\"@type\":\"ImageObject\",\"inLanguage\":\"es\",\"@id\":\"https:\/\/www.vortal.biz\/pt-pt\/#\/schema\/person\/image\/\",\"url\":\"https:\/\/secure.gravatar.com\/avatar\/2485383d4ceb69bbd668ac515d6bdb03?s=96&d=mm&r=g\",\"contentUrl\":\"https:\/\/secure.gravatar.com\/avatar\/2485383d4ceb69bbd668ac515d6bdb03?s=96&d=mm&r=g\",\"caption\":\"Helida Oliveira\"},\"url\":\"https:\/\/www.vortal.biz\/es\/author\/helida-oliveira\/\"}]}<\/script>\n<!-- \/ Yoast SEO plugin. -->","yoast_head_json":{"title":"Experiencias y resultados de la licitaci\u00f3n p\u00fablica electr\u00f3nica en la Administraci\u00f3n Local en Catalu\u00f1a - VORTAL","robots":{"index":"index","follow":"follow","max-snippet":"max-snippet:-1","max-image-preview":"max-image-preview:large","max-video-preview":"max-video-preview:-1"},"canonical":"https:\/\/www.vortal.biz\/es\/experiencias-y-resultados-de-la-licitacion-publica-electronica-en-la-administracion-local-en-cataluna\/","og_locale":"es_ES","og_type":"article","og_title":"Experiencias y resultados de la licitaci\u00f3n p\u00fablica electr\u00f3nica en la Administraci\u00f3n Local en Catalu\u00f1a - VORTAL","og_url":"https:\/\/www.vortal.biz\/es\/experiencias-y-resultados-de-la-licitacion-publica-electronica-en-la-administracion-local-en-cataluna\/","og_site_name":"VORTAL","article_published_time":"2018-03-20T10:44:31+00:00","article_modified_time":"2021-08-04T11:05:07+00:00","author":"Helida Oliveira","twitter_card":"summary_large_image","twitter_misc":{"Escrito por":"Helida Oliveira","Tiempo de lectura":"3 minutos"},"schema":{"@context":"https:\/\/schema.org","@graph":[{"@type":"WebPage","@id":"https:\/\/www.vortal.biz\/es\/experiencias-y-resultados-de-la-licitacion-publica-electronica-en-la-administracion-local-en-cataluna\/","url":"https:\/\/www.vortal.biz\/es\/experiencias-y-resultados-de-la-licitacion-publica-electronica-en-la-administracion-local-en-cataluna\/","name":"Experiencias y resultados de la licitaci\u00f3n p\u00fablica electr\u00f3nica en la Administraci\u00f3n Local en Catalu\u00f1a - VORTAL","isPartOf":{"@id":"https:\/\/www.vortal.biz\/pt-pt\/#website"},"datePublished":"2018-03-20T10:44:31+00:00","dateModified":"2021-08-04T11:05:07+00:00","author":{"@id":"https:\/\/www.vortal.biz\/pt-pt\/#\/schema\/person\/de007f49a9003cc0fec169585b65ddb2"},"breadcrumb":{"@id":"https:\/\/www.vortal.biz\/es\/experiencias-y-resultados-de-la-licitacion-publica-electronica-en-la-administracion-local-en-cataluna\/#breadcrumb"},"inLanguage":"es","potentialAction":[{"@type":"ReadAction","target":["https:\/\/www.vortal.biz\/es\/experiencias-y-resultados-de-la-licitacion-publica-electronica-en-la-administracion-local-en-cataluna\/"]}]},{"@type":"BreadcrumbList","@id":"https:\/\/www.vortal.biz\/es\/experiencias-y-resultados-de-la-licitacion-publica-electronica-en-la-administracion-local-en-cataluna\/#breadcrumb","itemListElement":[{"@type":"ListItem","position":1,"name":"Home","item":"https:\/\/www.vortal.biz\/es\/"},{"@type":"ListItem","position":2,"name":"Experiencias y resultados de la licitaci\u00f3n p\u00fablica electr\u00f3nica en la Administraci\u00f3n Local en Catalu\u00f1a"}]},{"@type":"WebSite","@id":"https:\/\/www.vortal.biz\/pt-pt\/#website","url":"https:\/\/www.vortal.biz\/pt-pt\/","name":"VORTAL","description":"Connecting Business","potentialAction":[{"@type":"SearchAction","target":{"@type":"EntryPoint","urlTemplate":"https:\/\/www.vortal.biz\/pt-pt\/?s={search_term_string}"},"query-input":"required name=search_term_string"}],"inLanguage":"es"},{"@type":"Person","@id":"https:\/\/www.vortal.biz\/pt-pt\/#\/schema\/person\/de007f49a9003cc0fec169585b65ddb2","name":"Helida Oliveira","image":{"@type":"ImageObject","inLanguage":"es","@id":"https:\/\/www.vortal.biz\/pt-pt\/#\/schema\/person\/image\/","url":"https:\/\/secure.gravatar.com\/avatar\/2485383d4ceb69bbd668ac515d6bdb03?s=96&d=mm&r=g","contentUrl":"https:\/\/secure.gravatar.com\/avatar\/2485383d4ceb69bbd668ac515d6bdb03?s=96&d=mm&r=g","caption":"Helida Oliveira"},"url":"https:\/\/www.vortal.biz\/es\/author\/helida-oliveira\/"}]}},"_links":{"self":[{"href":"https:\/\/www.vortal.biz\/es\/wp-json\/wp\/v2\/posts\/6900"}],"collection":[{"href":"https:\/\/www.vortal.biz\/es\/wp-json\/wp\/v2\/posts"}],"about":[{"href":"https:\/\/www.vortal.biz\/es\/wp-json\/wp\/v2\/types\/post"}],"author":[{"embeddable":true,"href":"https:\/\/www.vortal.biz\/es\/wp-json\/wp\/v2\/users\/5639"}],"replies":[{"embeddable":true,"href":"https:\/\/www.vortal.biz\/es\/wp-json\/wp\/v2\/comments?post=6900"}],"version-history":[{"count":0,"href":"https:\/\/www.vortal.biz\/es\/wp-json\/wp\/v2\/posts\/6900\/revisions"}],"wp:attachment":[{"href":"https:\/\/www.vortal.biz\/es\/wp-json\/wp\/v2\/media?parent=6900"}],"wp:term":[{"taxonomy":"category","embeddable":true,"href":"https:\/\/www.vortal.biz\/es\/wp-json\/wp\/v2\/categories?post=6900"},{"taxonomy":"post_tag","embeddable":true,"href":"https:\/\/www.vortal.biz\/es\/wp-json\/wp\/v2\/tags?post=6900"}],"curies":[{"name":"wp","href":"https:\/\/api.w.org\/{rel}","templated":true}]}}