{"id":6864,"date":"2018-09-25T09:30:56","date_gmt":"2018-09-25T09:30:56","guid":{"rendered":"https:\/\/www.vortal.biz\/?p=6864"},"modified":"2021-08-04T09:33:44","modified_gmt":"2021-08-04T09:33:44","slug":"anulado-el-primer-concurso-publico-en-espana-de-un-ayuntamiento-por-no-permitir-a-las-empresas-presentar-sus-ofertas-electronicamente","status":"publish","type":"post","link":"https:\/\/www.vortal.biz\/es\/anulado-el-primer-concurso-publico-en-espana-de-un-ayuntamiento-por-no-permitir-a-las-empresas-presentar-sus-ofertas-electronicamente\/","title":{"rendered":"Anulado el primer concurso p\u00fablico en Espa\u00f1a de un Ayuntamiento, por no permitir a las empresas presentar sus ofertas electr\u00f3nicamente"},"content":{"rendered":"<div class=\"fusion-fullwidth fullwidth-box fusion-builder-row-1 fusion-flex-container nonhundred-percent-fullwidth non-hundred-percent-height-scrolling\" style=\"background-color: rgba(255,255,255,0);background-position: center center;background-repeat: no-repeat;border-width: 0px 0px 0px 0px;border-color:#e2e2e2;border-style:solid;\" ><div class=\"fusion-builder-row fusion-row fusion-flex-align-items-flex-start\" style=\"max-width:calc( 1640px + 32px );margin-left: calc(-32px \/ 2 );margin-right: calc(-32px \/ 2 );\"><div class=\"fusion-layout-column fusion_builder_column fusion-builder-column-0 fusion_builder_column_1_1 1_1 fusion-flex-column\"><div class=\"fusion-column-wrapper fusion-flex-justify-content-flex-start fusion-content-layout-column\" style=\"background-position:left top;background-repeat:no-repeat;-webkit-background-size:cover;-moz-background-size:cover;-o-background-size:cover;background-size:cover;padding: 0px 0px 0px 0px;\"><div class=\"fusion-text fusion-text-1\"><p><strong>Los expertos auguran una paralizaci\u00f3n de las contrataciones en las administraciones p\u00fablicas si no se utiliza la licitaci\u00f3n p\u00fablica electr\u00f3nica.<\/p>\n<p>La resoluci\u00f3n del Tribunal Administrativo Central sienta jurisprudencia por lo que servir\u00e1 para futuros recursos en administraciones que no cumplan con la Ley do Contratos de Servicio P\u00fablicos.<\/strong><\/p>\n<p>La adjudicaci\u00f3n del contrato de servicios: \u00abServicio de ayuda a domicilio para personas dependientes en Ulea. Expediente 2018\/02\u00bb, convocado por el Ayuntamiento de Ulea, Comunidad Aut\u00f3noma de la Regi\u00f3n de Murcia, ha quedado paralizado. La raz\u00f3n es que no se permiti\u00f3 a las empresas la presentaci\u00f3n de sus ofertas por v\u00eda electr\u00f3nica, pasando por alto lo dispuesto en la nueva Ley de Contratos del Servicio P\u00fablico 9\/2017 (LCSP). De esta forma se ha obviado totalmente lo que establece la exposici\u00f3n de motivos y la disposici\u00f3n Adicional decimosexta de la LCSP, que entr\u00f3 en vigor el pasado mes de marzo, y que obliga a la presentaci\u00f3n de ofertas y solicitudes de participaci\u00f3n utilizando exclusivamente medios electr\u00f3nicos.<\/p>\n<p>Tal y como explica el experto en licitaci\u00f3n electr\u00f3nica Jos\u00e9 Luis Ar\u00edstegui, adem\u00e1s de miembro de la Asociaci\u00f3n Nacional de empresas de internet y presidente de la comisi\u00f3n de trabajo para agenda digital, \u201cEsta es la primera resoluci\u00f3n en el sentido expuesto y a partir de ahora cualquier licitador al que no se le permita presentar su oferta de forma electr\u00f3nica, recurrir\u00e1 y ganar\u00e1 porque ya se ha sentado jurisprudencia al respecto\u201d.<\/p>\n<p>Sigue explicando Jos\u00e9 Luis Ar\u00edstegui: \u201cen la actualidad el \u00edndice de penetraci\u00f3n de la licitaci\u00f3n electr\u00f3nica en Espa\u00f1a ya ultrapasa el 50% de los contratos que se licitan, conseguido por el bueno ritmo de la implantaci\u00f3n, caminando r\u00e1pidamente para cumplir la normativa vigente de contratos del sector p\u00fablico. Sin duda debemos llegar a un modelo v\u00e1lido para la implementaci\u00f3n de los medios electr\u00f3nicos a nivel estatal, y eso para nosotros pasa por una necesaria colaboraci\u00f3n p\u00fablico-privada que permita implementar de forma eficiente la contrataci\u00f3n p\u00fablica electr\u00f3nica, tal y como ya est\u00e1 pasando en otros pa\u00edses europeos.<\/p>\n<p>Se debe valorar el modelo actual de las diversas ofertas de plataformas electr\u00f3nicas existentes en Espa\u00f1a que representan un paso adelante en el sentido de la profesionalizaci\u00f3n de la compra p\u00fablica con herramientas de compra eficientes, testadas y profesionalizadas del sector privado. Debemos ser conscientes de que la contrataci\u00f3n p\u00fablica electr\u00f3nica ha llegado para quedarse\u201d, asegura Ar\u00edstegui.<\/p>\n<\/div><\/div><style type=\"text\/css\">.fusion-body .fusion-builder-column-0{width:100% !important;margin-top : 0px;margin-bottom : 0px;}.fusion-builder-column-0 > .fusion-column-wrapper {padding-top : 0px !important;padding-right : 0px !important;margin-right : 16px;padding-bottom : 0px !important;padding-left : 0px !important;margin-left : 16px;}@media only screen and (max-width:1024px) {.fusion-body .fusion-builder-column-0{width:100% !important;}.fusion-builder-column-0 > .fusion-column-wrapper {margin-right : 16px;margin-left : 16px;}}@media only screen and (max-width:640px) {.fusion-body .fusion-builder-column-0{width:100% !important;}.fusion-builder-column-0 > .fusion-column-wrapper {margin-right : 16px;margin-left : 16px;}}<\/style><\/div><\/div><style type=\"text\/css\">.fusion-body .fusion-flex-container.fusion-builder-row-1{ padding-top : 0px;margin-top : 0px;padding-right : 0px;padding-bottom : 0px;margin-bottom : 0px;padding-left : 0px;}<\/style><\/div>\n","protected":false},"excerpt":{"rendered":"","protected":false},"author":5639,"featured_media":0,"comment_status":"open","ping_status":"open","sticky":false,"template":"","format":"standard","meta":{"footnotes":""},"categories":[7],"tags":[],"yoast_head":"<!-- This site is optimized with the Yoast SEO plugin v22.3 - https:\/\/yoast.com\/wordpress\/plugins\/seo\/ -->\n<title>Anulado el primer concurso p\u00fablico en Espa\u00f1a de un Ayuntamiento, por no permitir a las empresas presentar sus ofertas electr\u00f3nicamente - VORTAL<\/title>\n<meta name=\"robots\" content=\"index, follow, max-snippet:-1, max-image-preview:large, max-video-preview:-1\" \/>\n<link rel=\"canonical\" href=\"https:\/\/www.vortal.biz\/es\/anulado-el-primer-concurso-publico-en-espana-de-un-ayuntamiento-por-no-permitir-a-las-empresas-presentar-sus-ofertas-electronicamente\/\" \/>\n<meta property=\"og:locale\" content=\"es_ES\" \/>\n<meta property=\"og:type\" content=\"article\" \/>\n<meta property=\"og:title\" content=\"Anulado el primer concurso p\u00fablico en Espa\u00f1a de un Ayuntamiento, por no permitir a las empresas presentar sus ofertas electr\u00f3nicamente - VORTAL\" \/>\n<meta property=\"og:url\" content=\"https:\/\/www.vortal.biz\/es\/anulado-el-primer-concurso-publico-en-espana-de-un-ayuntamiento-por-no-permitir-a-las-empresas-presentar-sus-ofertas-electronicamente\/\" \/>\n<meta property=\"og:site_name\" content=\"VORTAL\" \/>\n<meta property=\"article:published_time\" content=\"2018-09-25T09:30:56+00:00\" \/>\n<meta property=\"article:modified_time\" content=\"2021-08-04T09:33:44+00:00\" \/>\n<meta name=\"author\" content=\"Helida Oliveira\" \/>\n<meta name=\"twitter:card\" content=\"summary_large_image\" \/>\n<meta name=\"twitter:label1\" content=\"Escrito por\" \/>\n\t<meta name=\"twitter:data1\" content=\"Helida Oliveira\" \/>\n\t<meta name=\"twitter:label2\" content=\"Tiempo de lectura\" \/>\n\t<meta name=\"twitter:data2\" content=\"3 minutos\" \/>\n<script type=\"application\/ld+json\" class=\"yoast-schema-graph\">{\"@context\":\"https:\/\/schema.org\",\"@graph\":[{\"@type\":\"WebPage\",\"@id\":\"https:\/\/www.vortal.biz\/es\/anulado-el-primer-concurso-publico-en-espana-de-un-ayuntamiento-por-no-permitir-a-las-empresas-presentar-sus-ofertas-electronicamente\/\",\"url\":\"https:\/\/www.vortal.biz\/es\/anulado-el-primer-concurso-publico-en-espana-de-un-ayuntamiento-por-no-permitir-a-las-empresas-presentar-sus-ofertas-electronicamente\/\",\"name\":\"Anulado el primer concurso p\u00fablico en Espa\u00f1a de un Ayuntamiento, por no permitir a las empresas presentar sus ofertas electr\u00f3nicamente - VORTAL\",\"isPartOf\":{\"@id\":\"https:\/\/www.vortal.biz\/pt-pt\/#website\"},\"datePublished\":\"2018-09-25T09:30:56+00:00\",\"dateModified\":\"2021-08-04T09:33:44+00:00\",\"author\":{\"@id\":\"https:\/\/www.vortal.biz\/pt-pt\/#\/schema\/person\/de007f49a9003cc0fec169585b65ddb2\"},\"breadcrumb\":{\"@id\":\"https:\/\/www.vortal.biz\/es\/anulado-el-primer-concurso-publico-en-espana-de-un-ayuntamiento-por-no-permitir-a-las-empresas-presentar-sus-ofertas-electronicamente\/#breadcrumb\"},\"inLanguage\":\"es\",\"potentialAction\":[{\"@type\":\"ReadAction\",\"target\":[\"https:\/\/www.vortal.biz\/es\/anulado-el-primer-concurso-publico-en-espana-de-un-ayuntamiento-por-no-permitir-a-las-empresas-presentar-sus-ofertas-electronicamente\/\"]}]},{\"@type\":\"BreadcrumbList\",\"@id\":\"https:\/\/www.vortal.biz\/es\/anulado-el-primer-concurso-publico-en-espana-de-un-ayuntamiento-por-no-permitir-a-las-empresas-presentar-sus-ofertas-electronicamente\/#breadcrumb\",\"itemListElement\":[{\"@type\":\"ListItem\",\"position\":1,\"name\":\"Home\",\"item\":\"https:\/\/www.vortal.biz\/es\/\"},{\"@type\":\"ListItem\",\"position\":2,\"name\":\"Anulado el primer concurso p\u00fablico en Espa\u00f1a de un Ayuntamiento, por no permitir a las empresas presentar sus ofertas electr\u00f3nicamente\"}]},{\"@type\":\"WebSite\",\"@id\":\"https:\/\/www.vortal.biz\/pt-pt\/#website\",\"url\":\"https:\/\/www.vortal.biz\/pt-pt\/\",\"name\":\"VORTAL\",\"description\":\"Connecting Business\",\"potentialAction\":[{\"@type\":\"SearchAction\",\"target\":{\"@type\":\"EntryPoint\",\"urlTemplate\":\"https:\/\/www.vortal.biz\/pt-pt\/?s={search_term_string}\"},\"query-input\":\"required name=search_term_string\"}],\"inLanguage\":\"es\"},{\"@type\":\"Person\",\"@id\":\"https:\/\/www.vortal.biz\/pt-pt\/#\/schema\/person\/de007f49a9003cc0fec169585b65ddb2\",\"name\":\"Helida Oliveira\",\"image\":{\"@type\":\"ImageObject\",\"inLanguage\":\"es\",\"@id\":\"https:\/\/www.vortal.biz\/pt-pt\/#\/schema\/person\/image\/\",\"url\":\"https:\/\/secure.gravatar.com\/avatar\/2485383d4ceb69bbd668ac515d6bdb03?s=96&d=mm&r=g\",\"contentUrl\":\"https:\/\/secure.gravatar.com\/avatar\/2485383d4ceb69bbd668ac515d6bdb03?s=96&d=mm&r=g\",\"caption\":\"Helida Oliveira\"},\"url\":\"https:\/\/www.vortal.biz\/es\/author\/helida-oliveira\/\"}]}<\/script>\n<!-- \/ Yoast SEO plugin. -->","yoast_head_json":{"title":"Anulado el primer concurso p\u00fablico en Espa\u00f1a de un Ayuntamiento, por no permitir a las empresas presentar sus ofertas electr\u00f3nicamente - VORTAL","robots":{"index":"index","follow":"follow","max-snippet":"max-snippet:-1","max-image-preview":"max-image-preview:large","max-video-preview":"max-video-preview:-1"},"canonical":"https:\/\/www.vortal.biz\/es\/anulado-el-primer-concurso-publico-en-espana-de-un-ayuntamiento-por-no-permitir-a-las-empresas-presentar-sus-ofertas-electronicamente\/","og_locale":"es_ES","og_type":"article","og_title":"Anulado el primer concurso p\u00fablico en Espa\u00f1a de un Ayuntamiento, por no permitir a las empresas presentar sus ofertas electr\u00f3nicamente - VORTAL","og_url":"https:\/\/www.vortal.biz\/es\/anulado-el-primer-concurso-publico-en-espana-de-un-ayuntamiento-por-no-permitir-a-las-empresas-presentar-sus-ofertas-electronicamente\/","og_site_name":"VORTAL","article_published_time":"2018-09-25T09:30:56+00:00","article_modified_time":"2021-08-04T09:33:44+00:00","author":"Helida Oliveira","twitter_card":"summary_large_image","twitter_misc":{"Escrito por":"Helida Oliveira","Tiempo de lectura":"3 minutos"},"schema":{"@context":"https:\/\/schema.org","@graph":[{"@type":"WebPage","@id":"https:\/\/www.vortal.biz\/es\/anulado-el-primer-concurso-publico-en-espana-de-un-ayuntamiento-por-no-permitir-a-las-empresas-presentar-sus-ofertas-electronicamente\/","url":"https:\/\/www.vortal.biz\/es\/anulado-el-primer-concurso-publico-en-espana-de-un-ayuntamiento-por-no-permitir-a-las-empresas-presentar-sus-ofertas-electronicamente\/","name":"Anulado el primer concurso p\u00fablico en Espa\u00f1a de un Ayuntamiento, por no permitir a las empresas presentar sus ofertas electr\u00f3nicamente - VORTAL","isPartOf":{"@id":"https:\/\/www.vortal.biz\/pt-pt\/#website"},"datePublished":"2018-09-25T09:30:56+00:00","dateModified":"2021-08-04T09:33:44+00:00","author":{"@id":"https:\/\/www.vortal.biz\/pt-pt\/#\/schema\/person\/de007f49a9003cc0fec169585b65ddb2"},"breadcrumb":{"@id":"https:\/\/www.vortal.biz\/es\/anulado-el-primer-concurso-publico-en-espana-de-un-ayuntamiento-por-no-permitir-a-las-empresas-presentar-sus-ofertas-electronicamente\/#breadcrumb"},"inLanguage":"es","potentialAction":[{"@type":"ReadAction","target":["https:\/\/www.vortal.biz\/es\/anulado-el-primer-concurso-publico-en-espana-de-un-ayuntamiento-por-no-permitir-a-las-empresas-presentar-sus-ofertas-electronicamente\/"]}]},{"@type":"BreadcrumbList","@id":"https:\/\/www.vortal.biz\/es\/anulado-el-primer-concurso-publico-en-espana-de-un-ayuntamiento-por-no-permitir-a-las-empresas-presentar-sus-ofertas-electronicamente\/#breadcrumb","itemListElement":[{"@type":"ListItem","position":1,"name":"Home","item":"https:\/\/www.vortal.biz\/es\/"},{"@type":"ListItem","position":2,"name":"Anulado el primer concurso p\u00fablico en Espa\u00f1a de un Ayuntamiento, por no permitir a las empresas presentar sus ofertas electr\u00f3nicamente"}]},{"@type":"WebSite","@id":"https:\/\/www.vortal.biz\/pt-pt\/#website","url":"https:\/\/www.vortal.biz\/pt-pt\/","name":"VORTAL","description":"Connecting Business","potentialAction":[{"@type":"SearchAction","target":{"@type":"EntryPoint","urlTemplate":"https:\/\/www.vortal.biz\/pt-pt\/?s={search_term_string}"},"query-input":"required name=search_term_string"}],"inLanguage":"es"},{"@type":"Person","@id":"https:\/\/www.vortal.biz\/pt-pt\/#\/schema\/person\/de007f49a9003cc0fec169585b65ddb2","name":"Helida Oliveira","image":{"@type":"ImageObject","inLanguage":"es","@id":"https:\/\/www.vortal.biz\/pt-pt\/#\/schema\/person\/image\/","url":"https:\/\/secure.gravatar.com\/avatar\/2485383d4ceb69bbd668ac515d6bdb03?s=96&d=mm&r=g","contentUrl":"https:\/\/secure.gravatar.com\/avatar\/2485383d4ceb69bbd668ac515d6bdb03?s=96&d=mm&r=g","caption":"Helida Oliveira"},"url":"https:\/\/www.vortal.biz\/es\/author\/helida-oliveira\/"}]}},"_links":{"self":[{"href":"https:\/\/www.vortal.biz\/es\/wp-json\/wp\/v2\/posts\/6864"}],"collection":[{"href":"https:\/\/www.vortal.biz\/es\/wp-json\/wp\/v2\/posts"}],"about":[{"href":"https:\/\/www.vortal.biz\/es\/wp-json\/wp\/v2\/types\/post"}],"author":[{"embeddable":true,"href":"https:\/\/www.vortal.biz\/es\/wp-json\/wp\/v2\/users\/5639"}],"replies":[{"embeddable":true,"href":"https:\/\/www.vortal.biz\/es\/wp-json\/wp\/v2\/comments?post=6864"}],"version-history":[{"count":0,"href":"https:\/\/www.vortal.biz\/es\/wp-json\/wp\/v2\/posts\/6864\/revisions"}],"wp:attachment":[{"href":"https:\/\/www.vortal.biz\/es\/wp-json\/wp\/v2\/media?parent=6864"}],"wp:term":[{"taxonomy":"category","embeddable":true,"href":"https:\/\/www.vortal.biz\/es\/wp-json\/wp\/v2\/categories?post=6864"},{"taxonomy":"post_tag","embeddable":true,"href":"https:\/\/www.vortal.biz\/es\/wp-json\/wp\/v2\/tags?post=6864"}],"curies":[{"name":"wp","href":"https:\/\/api.w.org\/{rel}","templated":true}]}}