{"id":6860,"date":"2018-10-10T09:23:20","date_gmt":"2018-10-10T09:23:20","guid":{"rendered":"https:\/\/www.vortal.biz\/?p=6860"},"modified":"2021-08-04T09:24:55","modified_gmt":"2021-08-04T09:24:55","slug":"eva-training-eva-european-vortal-academy-vuelve-a-madrid-los-dias-18-y-19-de-octubre","status":"publish","type":"post","link":"https:\/\/www.vortal.biz\/es\/eva-training-eva-european-vortal-academy-vuelve-a-madrid-los-dias-18-y-19-de-octubre\/","title":{"rendered":"eVA Training: eVA, European Vortal Academy, vuelve a Madrid los d\u00edas 18 y 19 de octubre"},"content":{"rendered":"<div class=\"fusion-fullwidth fullwidth-box fusion-builder-row-1 fusion-flex-container nonhundred-percent-fullwidth non-hundred-percent-height-scrolling\" style=\"background-color: rgba(255,255,255,0);background-position: center center;background-repeat: no-repeat;border-width: 0px 0px 0px 0px;border-color:#e2e2e2;border-style:solid;\" ><div class=\"fusion-builder-row fusion-row fusion-flex-align-items-flex-start\" style=\"max-width:calc( 1640px + 32px );margin-left: calc(-32px \/ 2 );margin-right: calc(-32px \/ 2 );\"><div class=\"fusion-layout-column fusion_builder_column fusion-builder-column-0 fusion_builder_column_1_1 1_1 fusion-flex-column\"><div class=\"fusion-column-wrapper fusion-flex-justify-content-flex-start fusion-content-layout-column\" style=\"background-position:left top;background-repeat:no-repeat;-webkit-background-size:cover;-moz-background-size:cover;-o-background-size:cover;background-size:cover;padding: 0px 0px 0px 0px;\"><div class=\"fusion-text fusion-text-1\"><p>European VORTAL Academy es un proyecto que nace para dar soluci\u00f3n a las demandas de formaci\u00f3n y conocimiento en el sector de la contrataci\u00f3n administrativa y la transformaci\u00f3n digital de los procesos de compraventa en el sector p\u00fablico, ante el nuevo marco legislativo.<br \/>\nLa academia ha formado en los \u00faltimos meses a decenas de personas de diversas compa\u00f1\u00edas como Cepsa, la Agencia Espa\u00f1ola de Medicamentos y Productos Sanitarios, Banco de Espa\u00f1a, GE Healthcare Bio-Sciences y Schindler, entre otras.<\/p>\n<p>En esta ocasi\u00f3n, el curso se plantea como una formaci\u00f3n intensiva de dos d\u00edas eminentemente pr\u00e1ctica, centrada en las soluciones para aplicar la nueva Ley 9\/2017 de Contratos del Sector P\u00fablico, haciendo un repaso completo de la misma. Adem\u00e1s de contar con un taller espec\u00edfico de licitaci\u00f3n electr\u00f3nica.<\/p>\n<p>El objetivo es dotar a los asistentes de soluciones y claves pr\u00e1cticas de aplicaci\u00f3n gracias a la presentaci\u00f3n de modelos y ejemplos concretos. Los resultados y valoraciones obtenidas en ediciones anteriores avalan el nuevo curso, el primero de una serie de ellos que se celebrar\u00e1n en distintas capitalidades, entre otras, Madrid y Barcelona, junto con otro conjunto de actividades enfocadas a la formaci\u00f3n y a la divulgaci\u00f3n del conocimiento.<\/p>\n<p>Esta jornada ser\u00e1 impartida por el Dr. Jaime Pintos, consultor especialista en contrataci\u00f3n p\u00fablica. Abogado. Profesor del M\u00e1ster en Derecho de la Contrataci\u00f3n P\u00fablica de la UCLM. Funcionario P\u00fablico en excedencia y Coordinador Acad\u00e9mico de la European VORTAL Academy. Contando tambi\u00e9n con la participaci\u00f3n de un experto en licitaci\u00f3n electr\u00f3nica que estar\u00e1 a cargo del respectivo taller.<\/p>\n<\/div><\/div><style type=\"text\/css\">.fusion-body .fusion-builder-column-0{width:100% !important;margin-top : 0px;margin-bottom : 0px;}.fusion-builder-column-0 > .fusion-column-wrapper {padding-top : 0px !important;padding-right : 0px !important;margin-right : 16px;padding-bottom : 0px !important;padding-left : 0px !important;margin-left : 16px;}@media only screen and (max-width:1024px) {.fusion-body .fusion-builder-column-0{width:100% !important;}.fusion-builder-column-0 > .fusion-column-wrapper {margin-right : 16px;margin-left : 16px;}}@media only screen and (max-width:640px) {.fusion-body .fusion-builder-column-0{width:100% !important;}.fusion-builder-column-0 > .fusion-column-wrapper {margin-right : 16px;margin-left : 16px;}}<\/style><\/div><\/div><style type=\"text\/css\">.fusion-body .fusion-flex-container.fusion-builder-row-1{ padding-top : 0px;margin-top : 0px;padding-right : 0px;padding-bottom : 0px;margin-bottom : 0px;padding-left : 0px;}<\/style><\/div>\n","protected":false},"excerpt":{"rendered":"","protected":false},"author":5639,"featured_media":0,"comment_status":"open","ping_status":"open","sticky":false,"template":"","format":"standard","meta":{"footnotes":""},"categories":[7],"tags":[],"yoast_head":"<!-- This site is optimized with the Yoast SEO plugin v22.3 - https:\/\/yoast.com\/wordpress\/plugins\/seo\/ -->\n<title>eVA Training: eVA, European Vortal Academy, vuelve a Madrid los d\u00edas 18 y 19 de octubre - VORTAL<\/title>\n<meta name=\"robots\" content=\"index, follow, max-snippet:-1, max-image-preview:large, max-video-preview:-1\" \/>\n<link rel=\"canonical\" href=\"https:\/\/www.vortal.biz\/es\/eva-training-eva-european-vortal-academy-vuelve-a-madrid-los-dias-18-y-19-de-octubre\/\" \/>\n<meta property=\"og:locale\" content=\"es_ES\" \/>\n<meta property=\"og:type\" content=\"article\" \/>\n<meta property=\"og:title\" content=\"eVA Training: eVA, European Vortal Academy, vuelve a Madrid los d\u00edas 18 y 19 de octubre - VORTAL\" \/>\n<meta property=\"og:url\" content=\"https:\/\/www.vortal.biz\/es\/eva-training-eva-european-vortal-academy-vuelve-a-madrid-los-dias-18-y-19-de-octubre\/\" \/>\n<meta property=\"og:site_name\" content=\"VORTAL\" \/>\n<meta property=\"article:published_time\" content=\"2018-10-10T09:23:20+00:00\" \/>\n<meta property=\"article:modified_time\" content=\"2021-08-04T09:24:55+00:00\" \/>\n<meta name=\"author\" content=\"Helida Oliveira\" \/>\n<meta name=\"twitter:card\" content=\"summary_large_image\" \/>\n<meta name=\"twitter:label1\" content=\"Escrito por\" \/>\n\t<meta name=\"twitter:data1\" content=\"Helida Oliveira\" \/>\n\t<meta name=\"twitter:label2\" content=\"Tiempo de lectura\" \/>\n\t<meta name=\"twitter:data2\" content=\"3 minutos\" \/>\n<script type=\"application\/ld+json\" class=\"yoast-schema-graph\">{\"@context\":\"https:\/\/schema.org\",\"@graph\":[{\"@type\":\"WebPage\",\"@id\":\"https:\/\/www.vortal.biz\/es\/eva-training-eva-european-vortal-academy-vuelve-a-madrid-los-dias-18-y-19-de-octubre\/\",\"url\":\"https:\/\/www.vortal.biz\/es\/eva-training-eva-european-vortal-academy-vuelve-a-madrid-los-dias-18-y-19-de-octubre\/\",\"name\":\"eVA Training: eVA, European Vortal Academy, vuelve a Madrid los d\u00edas 18 y 19 de octubre - VORTAL\",\"isPartOf\":{\"@id\":\"https:\/\/www.vortal.biz\/pt-pt\/#website\"},\"datePublished\":\"2018-10-10T09:23:20+00:00\",\"dateModified\":\"2021-08-04T09:24:55+00:00\",\"author\":{\"@id\":\"https:\/\/www.vortal.biz\/pt-pt\/#\/schema\/person\/de007f49a9003cc0fec169585b65ddb2\"},\"breadcrumb\":{\"@id\":\"https:\/\/www.vortal.biz\/es\/eva-training-eva-european-vortal-academy-vuelve-a-madrid-los-dias-18-y-19-de-octubre\/#breadcrumb\"},\"inLanguage\":\"es\",\"potentialAction\":[{\"@type\":\"ReadAction\",\"target\":[\"https:\/\/www.vortal.biz\/es\/eva-training-eva-european-vortal-academy-vuelve-a-madrid-los-dias-18-y-19-de-octubre\/\"]}]},{\"@type\":\"BreadcrumbList\",\"@id\":\"https:\/\/www.vortal.biz\/es\/eva-training-eva-european-vortal-academy-vuelve-a-madrid-los-dias-18-y-19-de-octubre\/#breadcrumb\",\"itemListElement\":[{\"@type\":\"ListItem\",\"position\":1,\"name\":\"Home\",\"item\":\"https:\/\/www.vortal.biz\/es\/\"},{\"@type\":\"ListItem\",\"position\":2,\"name\":\"eVA Training: eVA, European Vortal Academy, vuelve a Madrid los d\u00edas 18 y 19 de octubre\"}]},{\"@type\":\"WebSite\",\"@id\":\"https:\/\/www.vortal.biz\/pt-pt\/#website\",\"url\":\"https:\/\/www.vortal.biz\/pt-pt\/\",\"name\":\"VORTAL\",\"description\":\"Connecting Business\",\"potentialAction\":[{\"@type\":\"SearchAction\",\"target\":{\"@type\":\"EntryPoint\",\"urlTemplate\":\"https:\/\/www.vortal.biz\/pt-pt\/?s={search_term_string}\"},\"query-input\":\"required name=search_term_string\"}],\"inLanguage\":\"es\"},{\"@type\":\"Person\",\"@id\":\"https:\/\/www.vortal.biz\/pt-pt\/#\/schema\/person\/de007f49a9003cc0fec169585b65ddb2\",\"name\":\"Helida Oliveira\",\"image\":{\"@type\":\"ImageObject\",\"inLanguage\":\"es\",\"@id\":\"https:\/\/www.vortal.biz\/pt-pt\/#\/schema\/person\/image\/\",\"url\":\"https:\/\/secure.gravatar.com\/avatar\/2485383d4ceb69bbd668ac515d6bdb03?s=96&d=mm&r=g\",\"contentUrl\":\"https:\/\/secure.gravatar.com\/avatar\/2485383d4ceb69bbd668ac515d6bdb03?s=96&d=mm&r=g\",\"caption\":\"Helida Oliveira\"},\"url\":\"https:\/\/www.vortal.biz\/es\/author\/helida-oliveira\/\"}]}<\/script>\n<!-- \/ Yoast SEO plugin. -->","yoast_head_json":{"title":"eVA Training: eVA, European Vortal Academy, vuelve a Madrid los d\u00edas 18 y 19 de octubre - VORTAL","robots":{"index":"index","follow":"follow","max-snippet":"max-snippet:-1","max-image-preview":"max-image-preview:large","max-video-preview":"max-video-preview:-1"},"canonical":"https:\/\/www.vortal.biz\/es\/eva-training-eva-european-vortal-academy-vuelve-a-madrid-los-dias-18-y-19-de-octubre\/","og_locale":"es_ES","og_type":"article","og_title":"eVA Training: eVA, European Vortal Academy, vuelve a Madrid los d\u00edas 18 y 19 de octubre - VORTAL","og_url":"https:\/\/www.vortal.biz\/es\/eva-training-eva-european-vortal-academy-vuelve-a-madrid-los-dias-18-y-19-de-octubre\/","og_site_name":"VORTAL","article_published_time":"2018-10-10T09:23:20+00:00","article_modified_time":"2021-08-04T09:24:55+00:00","author":"Helida Oliveira","twitter_card":"summary_large_image","twitter_misc":{"Escrito por":"Helida Oliveira","Tiempo de lectura":"3 minutos"},"schema":{"@context":"https:\/\/schema.org","@graph":[{"@type":"WebPage","@id":"https:\/\/www.vortal.biz\/es\/eva-training-eva-european-vortal-academy-vuelve-a-madrid-los-dias-18-y-19-de-octubre\/","url":"https:\/\/www.vortal.biz\/es\/eva-training-eva-european-vortal-academy-vuelve-a-madrid-los-dias-18-y-19-de-octubre\/","name":"eVA Training: eVA, European Vortal Academy, vuelve a Madrid los d\u00edas 18 y 19 de octubre - VORTAL","isPartOf":{"@id":"https:\/\/www.vortal.biz\/pt-pt\/#website"},"datePublished":"2018-10-10T09:23:20+00:00","dateModified":"2021-08-04T09:24:55+00:00","author":{"@id":"https:\/\/www.vortal.biz\/pt-pt\/#\/schema\/person\/de007f49a9003cc0fec169585b65ddb2"},"breadcrumb":{"@id":"https:\/\/www.vortal.biz\/es\/eva-training-eva-european-vortal-academy-vuelve-a-madrid-los-dias-18-y-19-de-octubre\/#breadcrumb"},"inLanguage":"es","potentialAction":[{"@type":"ReadAction","target":["https:\/\/www.vortal.biz\/es\/eva-training-eva-european-vortal-academy-vuelve-a-madrid-los-dias-18-y-19-de-octubre\/"]}]},{"@type":"BreadcrumbList","@id":"https:\/\/www.vortal.biz\/es\/eva-training-eva-european-vortal-academy-vuelve-a-madrid-los-dias-18-y-19-de-octubre\/#breadcrumb","itemListElement":[{"@type":"ListItem","position":1,"name":"Home","item":"https:\/\/www.vortal.biz\/es\/"},{"@type":"ListItem","position":2,"name":"eVA Training: eVA, European Vortal Academy, vuelve a Madrid los d\u00edas 18 y 19 de octubre"}]},{"@type":"WebSite","@id":"https:\/\/www.vortal.biz\/pt-pt\/#website","url":"https:\/\/www.vortal.biz\/pt-pt\/","name":"VORTAL","description":"Connecting Business","potentialAction":[{"@type":"SearchAction","target":{"@type":"EntryPoint","urlTemplate":"https:\/\/www.vortal.biz\/pt-pt\/?s={search_term_string}"},"query-input":"required name=search_term_string"}],"inLanguage":"es"},{"@type":"Person","@id":"https:\/\/www.vortal.biz\/pt-pt\/#\/schema\/person\/de007f49a9003cc0fec169585b65ddb2","name":"Helida Oliveira","image":{"@type":"ImageObject","inLanguage":"es","@id":"https:\/\/www.vortal.biz\/pt-pt\/#\/schema\/person\/image\/","url":"https:\/\/secure.gravatar.com\/avatar\/2485383d4ceb69bbd668ac515d6bdb03?s=96&d=mm&r=g","contentUrl":"https:\/\/secure.gravatar.com\/avatar\/2485383d4ceb69bbd668ac515d6bdb03?s=96&d=mm&r=g","caption":"Helida Oliveira"},"url":"https:\/\/www.vortal.biz\/es\/author\/helida-oliveira\/"}]}},"_links":{"self":[{"href":"https:\/\/www.vortal.biz\/es\/wp-json\/wp\/v2\/posts\/6860"}],"collection":[{"href":"https:\/\/www.vortal.biz\/es\/wp-json\/wp\/v2\/posts"}],"about":[{"href":"https:\/\/www.vortal.biz\/es\/wp-json\/wp\/v2\/types\/post"}],"author":[{"embeddable":true,"href":"https:\/\/www.vortal.biz\/es\/wp-json\/wp\/v2\/users\/5639"}],"replies":[{"embeddable":true,"href":"https:\/\/www.vortal.biz\/es\/wp-json\/wp\/v2\/comments?post=6860"}],"version-history":[{"count":0,"href":"https:\/\/www.vortal.biz\/es\/wp-json\/wp\/v2\/posts\/6860\/revisions"}],"wp:attachment":[{"href":"https:\/\/www.vortal.biz\/es\/wp-json\/wp\/v2\/media?parent=6860"}],"wp:term":[{"taxonomy":"category","embeddable":true,"href":"https:\/\/www.vortal.biz\/es\/wp-json\/wp\/v2\/categories?post=6860"},{"taxonomy":"post_tag","embeddable":true,"href":"https:\/\/www.vortal.biz\/es\/wp-json\/wp\/v2\/tags?post=6860"}],"curies":[{"name":"wp","href":"https:\/\/api.w.org\/{rel}","templated":true}]}}