{"id":6827,"date":"2018-11-23T08:40:32","date_gmt":"2018-11-23T08:40:32","guid":{"rendered":"https:\/\/www.vortal.biz\/?p=6827"},"modified":"2021-08-04T08:41:43","modified_gmt":"2021-08-04T08:41:43","slug":"vortal-participa-en-el-i-encuentro-de-gestion-inteligente-de-la-ciudad-celebrado-en-benalmadena","status":"publish","type":"post","link":"https:\/\/www.vortal.biz\/es\/vortal-participa-en-el-i-encuentro-de-gestion-inteligente-de-la-ciudad-celebrado-en-benalmadena\/","title":{"rendered":"VORTAL participa en el \u201cI Encuentro de Gesti\u00f3n Inteligente de la Ciudad\u201d celebrado en Benalm\u00e1dena"},"content":{"rendered":"<div class=\"fusion-fullwidth fullwidth-box fusion-builder-row-1 fusion-flex-container nonhundred-percent-fullwidth non-hundred-percent-height-scrolling\" style=\"background-color: rgba(255,255,255,0);background-position: center center;background-repeat: no-repeat;border-width: 0px 0px 0px 0px;border-color:#e2e2e2;border-style:solid;\" ><div class=\"fusion-builder-row fusion-row fusion-flex-align-items-flex-start\" style=\"max-width:calc( 1640px + 32px );margin-left: calc(-32px \/ 2 );margin-right: calc(-32px \/ 2 );\"><div class=\"fusion-layout-column fusion_builder_column fusion-builder-column-0 fusion_builder_column_1_1 1_1 fusion-flex-column\"><div class=\"fusion-column-wrapper fusion-flex-justify-content-flex-start fusion-content-layout-column\" style=\"background-position:left top;background-repeat:no-repeat;-webkit-background-size:cover;-moz-background-size:cover;-o-background-size:cover;background-size:cover;padding: 0px 0px 0px 0px;\"><div class=\"fusion-text fusion-text-1\"><p>Durante los d\u00edas 22 y 23 de noviembre, ha tenido lugar el \u201cEncuentro de Gesti\u00f3n Inteligente de Ciudad\u201d en Benalm\u00e1dena, convocado por su Ayuntamiento y el Club de Innovaci\u00f3n, representantes de m\u00e1s de un centenar de entidades locales para conocer mejor como gestionar la ciudad de una forma m\u00e1s inteligente, incorporando las nuevas tecnolog\u00edas, integrando plataformas, aplicando nuevos modelos de gesti\u00f3n, financiaci\u00f3n, contrataci\u00f3n e informaci\u00f3n.<\/p>\n<p>VORTAL, compa\u00f1\u00eda l\u00edder en contrataci\u00f3n electr\u00f3nica, no ha querido faltar a tan interesante evento, en que referentes como Gij\u00f3n, Alcobendas, M\u00e1laga, Sant Boi, Terrasa y otros muchos ayuntamientos junto con el de Benalm\u00e1dena, han compartido sus experiencias y propuestas junto a las empresas que apoyan la transformaci\u00f3n de nuestras ciudades en su amplia agenda de trabajo. En esta convocatoria se ha reunido a cerca de medio centenar de ponentes, destacando la presencia del Secretario General de Administraci\u00f3n Digital del Ministerio de Pol\u00edtica Territorial y Funci\u00f3n P\u00fablica que ha presentado la posici\u00f3n de la nueva administraci\u00f3n ante la transformaci\u00f3n digital. <\/p>\n<p>Tambi\u00e9n se ha debatido, a trav\u00e9s de din\u00e1micas de grupos de trabajo con expertos, materias como las Smart Cities (Servicios p\u00fablicos, Indicadores de gesti\u00f3n y Modelos de ciudad), la Transformaci\u00f3n digital (Transformaci\u00f3n, Cloud, Tributos y recaudaci\u00f3n) y el Gobierno abierto y la Innovaci\u00f3n (Participaci\u00f3n y transparencia, Apertura de datos, e Innovaci\u00f3n). Las mesas de debate han recogido temas tan importantes como el saber \u201c\u00bfd\u00f3nde est\u00e1n las subvenciones y que hago con ellas?\u201d, la \u201caplicaci\u00f3n eficiente del sistema tributario\u201d, los \u201criesgos de ignorar el ENS y el RGPD\u201d, y se ha hecho un ejercicio de ficci\u00f3n pensando en \u201cla ciudad del 2045\u201d.<\/p>\n<p>Asimismo, y de la mano de administraciones y empresas se ha hablado de Infraestructuras y plataformas Smart en ciudades reales, servicios integrales en Cloud, Identidad digital, cumplimiento normativo, gesti\u00f3n de suministros, modelos de costes de servicios, y en particular, se ha dado a conocer la apuesta de Benalm\u00e1dena con su \u201cModelo Integrado de Gesti\u00f3n de la Ciudad\u201d.<\/p>\n<p>Una convocatoria que ha reunido a 200 representantes de m\u00e1s de un centenar de administraciones locales con el apoyo de la FEMP y del Cosital, y la colaboraci\u00f3n de empresas l\u00edderes en estas materias como T-Systems, GCI, Huawei, Paradox y Ricoh, junto con Claritic, Firmaprofesional, Fujitsu y VORTAL, adem\u00e1s de Ambiser, Instituto CIES y Microcad.<\/p>\n<\/div><\/div><style type=\"text\/css\">.fusion-body .fusion-builder-column-0{width:100% !important;margin-top : 0px;margin-bottom : 0px;}.fusion-builder-column-0 > .fusion-column-wrapper {padding-top : 0px !important;padding-right : 0px !important;margin-right : 16px;padding-bottom : 0px !important;padding-left : 0px !important;margin-left : 16px;}@media only screen and (max-width:1024px) {.fusion-body .fusion-builder-column-0{width:100% !important;}.fusion-builder-column-0 > .fusion-column-wrapper {margin-right : 16px;margin-left : 16px;}}@media only screen and (max-width:640px) {.fusion-body .fusion-builder-column-0{width:100% !important;}.fusion-builder-column-0 > .fusion-column-wrapper {margin-right : 16px;margin-left : 16px;}}<\/style><\/div><\/div><style type=\"text\/css\">.fusion-body .fusion-flex-container.fusion-builder-row-1{ padding-top : 0px;margin-top : 0px;padding-right : 0px;padding-bottom : 0px;margin-bottom : 0px;padding-left : 0px;}<\/style><\/div>\n","protected":false},"excerpt":{"rendered":"","protected":false},"author":5639,"featured_media":0,"comment_status":"open","ping_status":"open","sticky":false,"template":"","format":"standard","meta":{"footnotes":""},"categories":[7],"tags":[],"yoast_head":"<!-- This site is optimized with the Yoast SEO plugin v22.3 - https:\/\/yoast.com\/wordpress\/plugins\/seo\/ -->\n<title>VORTAL participa en el \u201cI Encuentro de Gesti\u00f3n Inteligente de la Ciudad\u201d celebrado en Benalm\u00e1dena - VORTAL<\/title>\n<meta name=\"robots\" content=\"index, follow, max-snippet:-1, max-image-preview:large, max-video-preview:-1\" \/>\n<link rel=\"canonical\" href=\"https:\/\/www.vortal.biz\/es\/vortal-participa-en-el-i-encuentro-de-gestion-inteligente-de-la-ciudad-celebrado-en-benalmadena\/\" \/>\n<meta property=\"og:locale\" content=\"es_ES\" \/>\n<meta property=\"og:type\" content=\"article\" \/>\n<meta property=\"og:title\" content=\"VORTAL participa en el \u201cI Encuentro de Gesti\u00f3n Inteligente de la Ciudad\u201d celebrado en Benalm\u00e1dena - VORTAL\" \/>\n<meta property=\"og:url\" content=\"https:\/\/www.vortal.biz\/es\/vortal-participa-en-el-i-encuentro-de-gestion-inteligente-de-la-ciudad-celebrado-en-benalmadena\/\" \/>\n<meta property=\"og:site_name\" content=\"VORTAL\" \/>\n<meta property=\"article:published_time\" content=\"2018-11-23T08:40:32+00:00\" \/>\n<meta property=\"article:modified_time\" content=\"2021-08-04T08:41:43+00:00\" \/>\n<meta name=\"author\" content=\"Helida Oliveira\" \/>\n<meta name=\"twitter:card\" content=\"summary_large_image\" \/>\n<meta name=\"twitter:label1\" content=\"Escrito por\" \/>\n\t<meta name=\"twitter:data1\" content=\"Helida Oliveira\" \/>\n\t<meta name=\"twitter:label2\" content=\"Tiempo de lectura\" \/>\n\t<meta name=\"twitter:data2\" content=\"3 minutos\" \/>\n<script type=\"application\/ld+json\" class=\"yoast-schema-graph\">{\"@context\":\"https:\/\/schema.org\",\"@graph\":[{\"@type\":\"WebPage\",\"@id\":\"https:\/\/www.vortal.biz\/es\/vortal-participa-en-el-i-encuentro-de-gestion-inteligente-de-la-ciudad-celebrado-en-benalmadena\/\",\"url\":\"https:\/\/www.vortal.biz\/es\/vortal-participa-en-el-i-encuentro-de-gestion-inteligente-de-la-ciudad-celebrado-en-benalmadena\/\",\"name\":\"VORTAL participa en el \u201cI Encuentro de Gesti\u00f3n Inteligente de la Ciudad\u201d celebrado en Benalm\u00e1dena - VORTAL\",\"isPartOf\":{\"@id\":\"https:\/\/www.vortal.biz\/pt-pt\/#website\"},\"datePublished\":\"2018-11-23T08:40:32+00:00\",\"dateModified\":\"2021-08-04T08:41:43+00:00\",\"author\":{\"@id\":\"https:\/\/www.vortal.biz\/pt-pt\/#\/schema\/person\/de007f49a9003cc0fec169585b65ddb2\"},\"breadcrumb\":{\"@id\":\"https:\/\/www.vortal.biz\/es\/vortal-participa-en-el-i-encuentro-de-gestion-inteligente-de-la-ciudad-celebrado-en-benalmadena\/#breadcrumb\"},\"inLanguage\":\"es\",\"potentialAction\":[{\"@type\":\"ReadAction\",\"target\":[\"https:\/\/www.vortal.biz\/es\/vortal-participa-en-el-i-encuentro-de-gestion-inteligente-de-la-ciudad-celebrado-en-benalmadena\/\"]}]},{\"@type\":\"BreadcrumbList\",\"@id\":\"https:\/\/www.vortal.biz\/es\/vortal-participa-en-el-i-encuentro-de-gestion-inteligente-de-la-ciudad-celebrado-en-benalmadena\/#breadcrumb\",\"itemListElement\":[{\"@type\":\"ListItem\",\"position\":1,\"name\":\"Home\",\"item\":\"https:\/\/www.vortal.biz\/es\/\"},{\"@type\":\"ListItem\",\"position\":2,\"name\":\"VORTAL participa en el \u201cI Encuentro de Gesti\u00f3n Inteligente de la Ciudad\u201d celebrado en Benalm\u00e1dena\"}]},{\"@type\":\"WebSite\",\"@id\":\"https:\/\/www.vortal.biz\/pt-pt\/#website\",\"url\":\"https:\/\/www.vortal.biz\/pt-pt\/\",\"name\":\"VORTAL\",\"description\":\"Connecting Business\",\"potentialAction\":[{\"@type\":\"SearchAction\",\"target\":{\"@type\":\"EntryPoint\",\"urlTemplate\":\"https:\/\/www.vortal.biz\/pt-pt\/?s={search_term_string}\"},\"query-input\":\"required name=search_term_string\"}],\"inLanguage\":\"es\"},{\"@type\":\"Person\",\"@id\":\"https:\/\/www.vortal.biz\/pt-pt\/#\/schema\/person\/de007f49a9003cc0fec169585b65ddb2\",\"name\":\"Helida Oliveira\",\"image\":{\"@type\":\"ImageObject\",\"inLanguage\":\"es\",\"@id\":\"https:\/\/www.vortal.biz\/pt-pt\/#\/schema\/person\/image\/\",\"url\":\"https:\/\/secure.gravatar.com\/avatar\/2485383d4ceb69bbd668ac515d6bdb03?s=96&d=mm&r=g\",\"contentUrl\":\"https:\/\/secure.gravatar.com\/avatar\/2485383d4ceb69bbd668ac515d6bdb03?s=96&d=mm&r=g\",\"caption\":\"Helida Oliveira\"},\"url\":\"https:\/\/www.vortal.biz\/es\/author\/helida-oliveira\/\"}]}<\/script>\n<!-- \/ Yoast SEO plugin. -->","yoast_head_json":{"title":"VORTAL participa en el \u201cI Encuentro de Gesti\u00f3n Inteligente de la Ciudad\u201d celebrado en Benalm\u00e1dena - VORTAL","robots":{"index":"index","follow":"follow","max-snippet":"max-snippet:-1","max-image-preview":"max-image-preview:large","max-video-preview":"max-video-preview:-1"},"canonical":"https:\/\/www.vortal.biz\/es\/vortal-participa-en-el-i-encuentro-de-gestion-inteligente-de-la-ciudad-celebrado-en-benalmadena\/","og_locale":"es_ES","og_type":"article","og_title":"VORTAL participa en el \u201cI Encuentro de Gesti\u00f3n Inteligente de la Ciudad\u201d celebrado en Benalm\u00e1dena - VORTAL","og_url":"https:\/\/www.vortal.biz\/es\/vortal-participa-en-el-i-encuentro-de-gestion-inteligente-de-la-ciudad-celebrado-en-benalmadena\/","og_site_name":"VORTAL","article_published_time":"2018-11-23T08:40:32+00:00","article_modified_time":"2021-08-04T08:41:43+00:00","author":"Helida Oliveira","twitter_card":"summary_large_image","twitter_misc":{"Escrito por":"Helida Oliveira","Tiempo de lectura":"3 minutos"},"schema":{"@context":"https:\/\/schema.org","@graph":[{"@type":"WebPage","@id":"https:\/\/www.vortal.biz\/es\/vortal-participa-en-el-i-encuentro-de-gestion-inteligente-de-la-ciudad-celebrado-en-benalmadena\/","url":"https:\/\/www.vortal.biz\/es\/vortal-participa-en-el-i-encuentro-de-gestion-inteligente-de-la-ciudad-celebrado-en-benalmadena\/","name":"VORTAL participa en el \u201cI Encuentro de Gesti\u00f3n Inteligente de la Ciudad\u201d celebrado en Benalm\u00e1dena - VORTAL","isPartOf":{"@id":"https:\/\/www.vortal.biz\/pt-pt\/#website"},"datePublished":"2018-11-23T08:40:32+00:00","dateModified":"2021-08-04T08:41:43+00:00","author":{"@id":"https:\/\/www.vortal.biz\/pt-pt\/#\/schema\/person\/de007f49a9003cc0fec169585b65ddb2"},"breadcrumb":{"@id":"https:\/\/www.vortal.biz\/es\/vortal-participa-en-el-i-encuentro-de-gestion-inteligente-de-la-ciudad-celebrado-en-benalmadena\/#breadcrumb"},"inLanguage":"es","potentialAction":[{"@type":"ReadAction","target":["https:\/\/www.vortal.biz\/es\/vortal-participa-en-el-i-encuentro-de-gestion-inteligente-de-la-ciudad-celebrado-en-benalmadena\/"]}]},{"@type":"BreadcrumbList","@id":"https:\/\/www.vortal.biz\/es\/vortal-participa-en-el-i-encuentro-de-gestion-inteligente-de-la-ciudad-celebrado-en-benalmadena\/#breadcrumb","itemListElement":[{"@type":"ListItem","position":1,"name":"Home","item":"https:\/\/www.vortal.biz\/es\/"},{"@type":"ListItem","position":2,"name":"VORTAL participa en el \u201cI Encuentro de Gesti\u00f3n Inteligente de la Ciudad\u201d celebrado en Benalm\u00e1dena"}]},{"@type":"WebSite","@id":"https:\/\/www.vortal.biz\/pt-pt\/#website","url":"https:\/\/www.vortal.biz\/pt-pt\/","name":"VORTAL","description":"Connecting Business","potentialAction":[{"@type":"SearchAction","target":{"@type":"EntryPoint","urlTemplate":"https:\/\/www.vortal.biz\/pt-pt\/?s={search_term_string}"},"query-input":"required name=search_term_string"}],"inLanguage":"es"},{"@type":"Person","@id":"https:\/\/www.vortal.biz\/pt-pt\/#\/schema\/person\/de007f49a9003cc0fec169585b65ddb2","name":"Helida Oliveira","image":{"@type":"ImageObject","inLanguage":"es","@id":"https:\/\/www.vortal.biz\/pt-pt\/#\/schema\/person\/image\/","url":"https:\/\/secure.gravatar.com\/avatar\/2485383d4ceb69bbd668ac515d6bdb03?s=96&d=mm&r=g","contentUrl":"https:\/\/secure.gravatar.com\/avatar\/2485383d4ceb69bbd668ac515d6bdb03?s=96&d=mm&r=g","caption":"Helida Oliveira"},"url":"https:\/\/www.vortal.biz\/es\/author\/helida-oliveira\/"}]}},"_links":{"self":[{"href":"https:\/\/www.vortal.biz\/es\/wp-json\/wp\/v2\/posts\/6827"}],"collection":[{"href":"https:\/\/www.vortal.biz\/es\/wp-json\/wp\/v2\/posts"}],"about":[{"href":"https:\/\/www.vortal.biz\/es\/wp-json\/wp\/v2\/types\/post"}],"author":[{"embeddable":true,"href":"https:\/\/www.vortal.biz\/es\/wp-json\/wp\/v2\/users\/5639"}],"replies":[{"embeddable":true,"href":"https:\/\/www.vortal.biz\/es\/wp-json\/wp\/v2\/comments?post=6827"}],"version-history":[{"count":0,"href":"https:\/\/www.vortal.biz\/es\/wp-json\/wp\/v2\/posts\/6827\/revisions"}],"wp:attachment":[{"href":"https:\/\/www.vortal.biz\/es\/wp-json\/wp\/v2\/media?parent=6827"}],"wp:term":[{"taxonomy":"category","embeddable":true,"href":"https:\/\/www.vortal.biz\/es\/wp-json\/wp\/v2\/categories?post=6827"},{"taxonomy":"post_tag","embeddable":true,"href":"https:\/\/www.vortal.biz\/es\/wp-json\/wp\/v2\/tags?post=6827"}],"curies":[{"name":"wp","href":"https:\/\/api.w.org\/{rel}","templated":true}]}}