{"id":6808,"date":"2019-04-05T16:31:50","date_gmt":"2019-04-05T16:31:50","guid":{"rendered":"https:\/\/www.vortal.biz\/?p=6808"},"modified":"2021-08-03T16:34:37","modified_gmt":"2021-08-03T16:34:37","slug":"la-universidad-de-almeria-confia-en-vortal-para-la-ampliacion-de-su-sistema-de-contratacion-publico","status":"publish","type":"post","link":"https:\/\/www.vortal.biz\/es\/la-universidad-de-almeria-confia-en-vortal-para-la-ampliacion-de-su-sistema-de-contratacion-publico\/","title":{"rendered":"La Universidad de Almer\u00eda conf\u00eda en VORTAL para la ampliaci\u00f3n de su sistema de contrataci\u00f3n p\u00fablico"},"content":{"rendered":"<div class=\"fusion-fullwidth fullwidth-box fusion-builder-row-1 fusion-flex-container nonhundred-percent-fullwidth non-hundred-percent-height-scrolling\" style=\"background-color: rgba(255,255,255,0);background-position: center center;background-repeat: no-repeat;border-width: 0px 0px 0px 0px;border-color:#e2e2e2;border-style:solid;\" ><div class=\"fusion-builder-row fusion-row fusion-flex-align-items-flex-start\" style=\"max-width:calc( 1640px + 32px );margin-left: calc(-32px \/ 2 );margin-right: calc(-32px \/ 2 );\"><div class=\"fusion-layout-column fusion_builder_column fusion-builder-column-0 fusion_builder_column_1_1 1_1 fusion-flex-column\"><div class=\"fusion-column-wrapper fusion-flex-justify-content-flex-start fusion-content-layout-column\" style=\"background-position:left top;background-repeat:no-repeat;-webkit-background-size:cover;-moz-background-size:cover;-o-background-size:cover;background-size:cover;padding: 0px 0px 0px 0px;\"><div class=\"fusion-text fusion-text-1\"><p>Israel Rodr\u00edguez, Gestor de Contrataci\u00f3n Electr\u00f3nica de la Universidad de Almer\u00eda, nos explica c\u00f3mo VORTAL ha ayudado en el proceso de contrataci\u00f3n electr\u00f3nica a trav\u00e9s de su plataforma.<\/p>\n<p>\u201cNosotros trabajamos con VORTAL todo el procedimiento electr\u00f3nico, y el grado general de satisfacci\u00f3n es alt\u00edsimo. Ellos responden completamente a todas nuestras expectativas y demandas, y ciertamente nos permiten centrarnos en todo lo realmente importante dentro de los procesos de compra y no andar perdidos dentro del mar de la Administraci\u00f3n\u201d. <\/p>\n<p>Aproximadamente hace unos 8 meses, dentro de la evoluci\u00f3n de producto y de la evoluci\u00f3n de servicio que VORTAL ha ofrecido a la Universidad de Almer\u00eda, se plante\u00f3 la posibilidad de incorporar herramientas de cat\u00e1logo electr\u00f3nico (subasta electr\u00f3nica, cat\u00e1logos\u2026etc.) a la suite de aplicaciones VORTAL.<\/p>\n<p>VORTAL ofreci\u00f3 as\u00ed a la Universidad de Almer\u00eda una herramienta de cat\u00e1logo electr\u00f3nico en la cual han estado trabajando durante 8 meses para desarrollarla y adaptarla a la idiosincrasia de la Administraci\u00f3n P\u00fablica. Finalmente, en el mes de enero se present\u00f3 el kick off del proyecto y actualmente se est\u00e1 trabajando con la herramienta del cat\u00e1logo electr\u00f3nico.<\/p>\n<p>Israel Rodr\u00edguez afirma que desde su punto de vista y desde el punto de vista de la Universidad de Almer\u00eda: \u201cestos cat\u00e1logos son el futuro de la contrataci\u00f3n y es la forma en la que se debe realizar la compra de cara al futuro\u201d.<\/p>\n<p>Otra de las herramientas de la suite de aplicaciones de VORTAL son las herramientas de subasta electr\u00f3nica, las cuales est\u00e1n entre las \u00faltimas tendencias del sector. Los criterios directos de aplicaci\u00f3n de f\u00f3rmulas, como el criterio de precios, que permite realizar pujas directas y cambios en el precio, es decir, los licitadores pueden estar realizando subastas en tiempo pr\u00e1cticamente real. Y permite obtener grandes ahorros. <\/p>\n<p>Aunque, finalmente, parece ser que la Directiva pretende disgregar tanto el ahorro p\u00fablico como la optimizaci\u00f3n de la relaci\u00f3n calidad-precio, pero, ciertamente, para determinados elementos que est\u00e1n muy estandarizados la herramienta de subasta permite obtener un beneficio importante para la Administraci\u00f3n P\u00fablica.<\/p>\n<p>Todo este tipo de herramientas lo que permiten es racionalizar el sistema de compras y pensar en lo que hay m\u00e1s all\u00e1 de todo esto. Ya que, al final, la directiva est\u00e1 pensada para que nos anticipemos y que el flujo de compras vaya en sentido contrario. Antes la visi\u00f3n tradicional de la contrataci\u00f3n consist\u00eda en establecer unos tipos de procedimientos frente a una petici\u00f3n y al final obten\u00edamos un producto y ahora hay que centrar la base de la licitaci\u00f3n, de la selecci\u00f3n del producto, como la parte prioritaria dentro de la licitaci\u00f3n. <\/p>\n<p>Finalmente, como indica Israel Rodr\u00edguez, \u201chay que pensar en el producto que queremos ofrecer y cu\u00e1l va a ser la forma de comprar que tenemos que dar a cada uno de nuestros proveedores para poder establecer diferentes sistemas. Esto es lo que la Ley de Contratos permite, mucho m\u00e1s all\u00e1 del contrato menor o de la obligatoriedad de la licitaci\u00f3n electr\u00f3nica\u201d.<\/p>\n<\/div><\/div><style type=\"text\/css\">.fusion-body .fusion-builder-column-0{width:100% !important;margin-top : 0px;margin-bottom : 0px;}.fusion-builder-column-0 > .fusion-column-wrapper {padding-top : 0px !important;padding-right : 0px !important;margin-right : 16px;padding-bottom : 0px !important;padding-left : 0px !important;margin-left : 16px;}@media only screen and (max-width:1024px) {.fusion-body .fusion-builder-column-0{width:100% !important;}.fusion-builder-column-0 > .fusion-column-wrapper {margin-right : 16px;margin-left : 16px;}}@media only screen and (max-width:640px) {.fusion-body .fusion-builder-column-0{width:100% !important;}.fusion-builder-column-0 > .fusion-column-wrapper {margin-right : 16px;margin-left : 16px;}}<\/style><\/div><\/div><style type=\"text\/css\">.fusion-body .fusion-flex-container.fusion-builder-row-1{ padding-top : 0px;margin-top : 0px;padding-right : 0px;padding-bottom : 0px;margin-bottom : 0px;padding-left : 0px;}<\/style><\/div>\n","protected":false},"excerpt":{"rendered":"","protected":false},"author":5639,"featured_media":0,"comment_status":"open","ping_status":"open","sticky":false,"template":"","format":"standard","meta":{"footnotes":""},"categories":[7],"tags":[],"yoast_head":"<!-- This site is optimized with the Yoast SEO plugin v22.3 - https:\/\/yoast.com\/wordpress\/plugins\/seo\/ -->\n<title>La Universidad de Almer\u00eda conf\u00eda en VORTAL para la ampliaci\u00f3n de su sistema de contrataci\u00f3n p\u00fablico - VORTAL<\/title>\n<meta name=\"robots\" content=\"index, follow, max-snippet:-1, max-image-preview:large, max-video-preview:-1\" \/>\n<link rel=\"canonical\" href=\"https:\/\/www.vortal.biz\/es\/la-universidad-de-almeria-confia-en-vortal-para-la-ampliacion-de-su-sistema-de-contratacion-publico\/\" \/>\n<meta property=\"og:locale\" content=\"es_ES\" \/>\n<meta property=\"og:type\" content=\"article\" \/>\n<meta property=\"og:title\" content=\"La Universidad de Almer\u00eda conf\u00eda en VORTAL para la ampliaci\u00f3n de su sistema de contrataci\u00f3n p\u00fablico - VORTAL\" \/>\n<meta property=\"og:url\" content=\"https:\/\/www.vortal.biz\/es\/la-universidad-de-almeria-confia-en-vortal-para-la-ampliacion-de-su-sistema-de-contratacion-publico\/\" \/>\n<meta property=\"og:site_name\" content=\"VORTAL\" \/>\n<meta property=\"article:published_time\" content=\"2019-04-05T16:31:50+00:00\" \/>\n<meta property=\"article:modified_time\" content=\"2021-08-03T16:34:37+00:00\" \/>\n<meta name=\"author\" content=\"Helida Oliveira\" \/>\n<meta name=\"twitter:card\" content=\"summary_large_image\" \/>\n<meta name=\"twitter:label1\" content=\"Escrito por\" \/>\n\t<meta name=\"twitter:data1\" content=\"Helida Oliveira\" \/>\n\t<meta name=\"twitter:label2\" content=\"Tiempo de lectura\" \/>\n\t<meta name=\"twitter:data2\" content=\"3 minutos\" \/>\n<script type=\"application\/ld+json\" class=\"yoast-schema-graph\">{\"@context\":\"https:\/\/schema.org\",\"@graph\":[{\"@type\":\"WebPage\",\"@id\":\"https:\/\/www.vortal.biz\/es\/la-universidad-de-almeria-confia-en-vortal-para-la-ampliacion-de-su-sistema-de-contratacion-publico\/\",\"url\":\"https:\/\/www.vortal.biz\/es\/la-universidad-de-almeria-confia-en-vortal-para-la-ampliacion-de-su-sistema-de-contratacion-publico\/\",\"name\":\"La Universidad de Almer\u00eda conf\u00eda en VORTAL para la ampliaci\u00f3n de su sistema de contrataci\u00f3n p\u00fablico - VORTAL\",\"isPartOf\":{\"@id\":\"https:\/\/www.vortal.biz\/pt-pt\/#website\"},\"datePublished\":\"2019-04-05T16:31:50+00:00\",\"dateModified\":\"2021-08-03T16:34:37+00:00\",\"author\":{\"@id\":\"https:\/\/www.vortal.biz\/pt-pt\/#\/schema\/person\/de007f49a9003cc0fec169585b65ddb2\"},\"breadcrumb\":{\"@id\":\"https:\/\/www.vortal.biz\/es\/la-universidad-de-almeria-confia-en-vortal-para-la-ampliacion-de-su-sistema-de-contratacion-publico\/#breadcrumb\"},\"inLanguage\":\"es\",\"potentialAction\":[{\"@type\":\"ReadAction\",\"target\":[\"https:\/\/www.vortal.biz\/es\/la-universidad-de-almeria-confia-en-vortal-para-la-ampliacion-de-su-sistema-de-contratacion-publico\/\"]}]},{\"@type\":\"BreadcrumbList\",\"@id\":\"https:\/\/www.vortal.biz\/es\/la-universidad-de-almeria-confia-en-vortal-para-la-ampliacion-de-su-sistema-de-contratacion-publico\/#breadcrumb\",\"itemListElement\":[{\"@type\":\"ListItem\",\"position\":1,\"name\":\"Home\",\"item\":\"https:\/\/www.vortal.biz\/es\/\"},{\"@type\":\"ListItem\",\"position\":2,\"name\":\"La Universidad de Almer\u00eda conf\u00eda en VORTAL para la ampliaci\u00f3n de su sistema de contrataci\u00f3n p\u00fablico\"}]},{\"@type\":\"WebSite\",\"@id\":\"https:\/\/www.vortal.biz\/pt-pt\/#website\",\"url\":\"https:\/\/www.vortal.biz\/pt-pt\/\",\"name\":\"VORTAL\",\"description\":\"Connecting Business\",\"potentialAction\":[{\"@type\":\"SearchAction\",\"target\":{\"@type\":\"EntryPoint\",\"urlTemplate\":\"https:\/\/www.vortal.biz\/pt-pt\/?s={search_term_string}\"},\"query-input\":\"required name=search_term_string\"}],\"inLanguage\":\"es\"},{\"@type\":\"Person\",\"@id\":\"https:\/\/www.vortal.biz\/pt-pt\/#\/schema\/person\/de007f49a9003cc0fec169585b65ddb2\",\"name\":\"Helida Oliveira\",\"image\":{\"@type\":\"ImageObject\",\"inLanguage\":\"es\",\"@id\":\"https:\/\/www.vortal.biz\/pt-pt\/#\/schema\/person\/image\/\",\"url\":\"https:\/\/secure.gravatar.com\/avatar\/2485383d4ceb69bbd668ac515d6bdb03?s=96&d=mm&r=g\",\"contentUrl\":\"https:\/\/secure.gravatar.com\/avatar\/2485383d4ceb69bbd668ac515d6bdb03?s=96&d=mm&r=g\",\"caption\":\"Helida Oliveira\"},\"url\":\"https:\/\/www.vortal.biz\/es\/author\/helida-oliveira\/\"}]}<\/script>\n<!-- \/ Yoast SEO plugin. -->","yoast_head_json":{"title":"La Universidad de Almer\u00eda conf\u00eda en VORTAL para la ampliaci\u00f3n de su sistema de contrataci\u00f3n p\u00fablico - VORTAL","robots":{"index":"index","follow":"follow","max-snippet":"max-snippet:-1","max-image-preview":"max-image-preview:large","max-video-preview":"max-video-preview:-1"},"canonical":"https:\/\/www.vortal.biz\/es\/la-universidad-de-almeria-confia-en-vortal-para-la-ampliacion-de-su-sistema-de-contratacion-publico\/","og_locale":"es_ES","og_type":"article","og_title":"La Universidad de Almer\u00eda conf\u00eda en VORTAL para la ampliaci\u00f3n de su sistema de contrataci\u00f3n p\u00fablico - VORTAL","og_url":"https:\/\/www.vortal.biz\/es\/la-universidad-de-almeria-confia-en-vortal-para-la-ampliacion-de-su-sistema-de-contratacion-publico\/","og_site_name":"VORTAL","article_published_time":"2019-04-05T16:31:50+00:00","article_modified_time":"2021-08-03T16:34:37+00:00","author":"Helida Oliveira","twitter_card":"summary_large_image","twitter_misc":{"Escrito por":"Helida Oliveira","Tiempo de lectura":"3 minutos"},"schema":{"@context":"https:\/\/schema.org","@graph":[{"@type":"WebPage","@id":"https:\/\/www.vortal.biz\/es\/la-universidad-de-almeria-confia-en-vortal-para-la-ampliacion-de-su-sistema-de-contratacion-publico\/","url":"https:\/\/www.vortal.biz\/es\/la-universidad-de-almeria-confia-en-vortal-para-la-ampliacion-de-su-sistema-de-contratacion-publico\/","name":"La Universidad de Almer\u00eda conf\u00eda en VORTAL para la ampliaci\u00f3n de su sistema de contrataci\u00f3n p\u00fablico - VORTAL","isPartOf":{"@id":"https:\/\/www.vortal.biz\/pt-pt\/#website"},"datePublished":"2019-04-05T16:31:50+00:00","dateModified":"2021-08-03T16:34:37+00:00","author":{"@id":"https:\/\/www.vortal.biz\/pt-pt\/#\/schema\/person\/de007f49a9003cc0fec169585b65ddb2"},"breadcrumb":{"@id":"https:\/\/www.vortal.biz\/es\/la-universidad-de-almeria-confia-en-vortal-para-la-ampliacion-de-su-sistema-de-contratacion-publico\/#breadcrumb"},"inLanguage":"es","potentialAction":[{"@type":"ReadAction","target":["https:\/\/www.vortal.biz\/es\/la-universidad-de-almeria-confia-en-vortal-para-la-ampliacion-de-su-sistema-de-contratacion-publico\/"]}]},{"@type":"BreadcrumbList","@id":"https:\/\/www.vortal.biz\/es\/la-universidad-de-almeria-confia-en-vortal-para-la-ampliacion-de-su-sistema-de-contratacion-publico\/#breadcrumb","itemListElement":[{"@type":"ListItem","position":1,"name":"Home","item":"https:\/\/www.vortal.biz\/es\/"},{"@type":"ListItem","position":2,"name":"La Universidad de Almer\u00eda conf\u00eda en VORTAL para la ampliaci\u00f3n de su sistema de contrataci\u00f3n p\u00fablico"}]},{"@type":"WebSite","@id":"https:\/\/www.vortal.biz\/pt-pt\/#website","url":"https:\/\/www.vortal.biz\/pt-pt\/","name":"VORTAL","description":"Connecting Business","potentialAction":[{"@type":"SearchAction","target":{"@type":"EntryPoint","urlTemplate":"https:\/\/www.vortal.biz\/pt-pt\/?s={search_term_string}"},"query-input":"required name=search_term_string"}],"inLanguage":"es"},{"@type":"Person","@id":"https:\/\/www.vortal.biz\/pt-pt\/#\/schema\/person\/de007f49a9003cc0fec169585b65ddb2","name":"Helida Oliveira","image":{"@type":"ImageObject","inLanguage":"es","@id":"https:\/\/www.vortal.biz\/pt-pt\/#\/schema\/person\/image\/","url":"https:\/\/secure.gravatar.com\/avatar\/2485383d4ceb69bbd668ac515d6bdb03?s=96&d=mm&r=g","contentUrl":"https:\/\/secure.gravatar.com\/avatar\/2485383d4ceb69bbd668ac515d6bdb03?s=96&d=mm&r=g","caption":"Helida Oliveira"},"url":"https:\/\/www.vortal.biz\/es\/author\/helida-oliveira\/"}]}},"_links":{"self":[{"href":"https:\/\/www.vortal.biz\/es\/wp-json\/wp\/v2\/posts\/6808"}],"collection":[{"href":"https:\/\/www.vortal.biz\/es\/wp-json\/wp\/v2\/posts"}],"about":[{"href":"https:\/\/www.vortal.biz\/es\/wp-json\/wp\/v2\/types\/post"}],"author":[{"embeddable":true,"href":"https:\/\/www.vortal.biz\/es\/wp-json\/wp\/v2\/users\/5639"}],"replies":[{"embeddable":true,"href":"https:\/\/www.vortal.biz\/es\/wp-json\/wp\/v2\/comments?post=6808"}],"version-history":[{"count":0,"href":"https:\/\/www.vortal.biz\/es\/wp-json\/wp\/v2\/posts\/6808\/revisions"}],"wp:attachment":[{"href":"https:\/\/www.vortal.biz\/es\/wp-json\/wp\/v2\/media?parent=6808"}],"wp:term":[{"taxonomy":"category","embeddable":true,"href":"https:\/\/www.vortal.biz\/es\/wp-json\/wp\/v2\/categories?post=6808"},{"taxonomy":"post_tag","embeddable":true,"href":"https:\/\/www.vortal.biz\/es\/wp-json\/wp\/v2\/tags?post=6808"}],"curies":[{"name":"wp","href":"https:\/\/api.w.org\/{rel}","templated":true}]}}