{"id":6719,"date":"2019-11-22T13:52:59","date_gmt":"2019-11-22T13:52:59","guid":{"rendered":"https:\/\/www.vortal.biz\/?p=6719"},"modified":"2021-08-03T13:54:43","modified_gmt":"2021-08-03T13:54:43","slug":"vortal-en-los-premios-de-tecnologia-e-innovacion-de-la-razon","status":"publish","type":"post","link":"https:\/\/www.vortal.biz\/es\/vortal-en-los-premios-de-tecnologia-e-innovacion-de-la-razon\/","title":{"rendered":"VORTAL en los premios de Tecnolog\u00eda e Innovaci\u00f3n de la Raz\u00f3n"},"content":{"rendered":"<div class=\"fusion-fullwidth fullwidth-box fusion-builder-row-1 fusion-flex-container nonhundred-percent-fullwidth non-hundred-percent-height-scrolling\" style=\"background-color: rgba(255,255,255,0);background-position: center center;background-repeat: no-repeat;border-width: 0px 0px 0px 0px;border-color:#e2e2e2;border-style:solid;\" ><div class=\"fusion-builder-row fusion-row fusion-flex-align-items-flex-start\" style=\"max-width:calc( 1640px + 32px );margin-left: calc(-32px \/ 2 );margin-right: calc(-32px \/ 2 );\"><div class=\"fusion-layout-column fusion_builder_column fusion-builder-column-0 fusion_builder_column_1_1 1_1 fusion-flex-column\"><div class=\"fusion-column-wrapper fusion-flex-justify-content-flex-start fusion-content-layout-column\" style=\"background-position:left top;background-repeat:no-repeat;-webkit-background-size:cover;-moz-background-size:cover;-o-background-size:cover;background-size:cover;padding: 0px 0px 0px 0px;\"><div class=\"fusion-text fusion-text-1\"><p>Ayer, jueves 21 de noviembre, VORTAL, compa\u00f1\u00eda l\u00edder en soluciones de contrataci\u00f3n electr\u00f3nica a nivel mundial, recibi\u00f3 el reconocimiento al Liderazgo en Plataformas Electr\u00f3nicas de Compras en la tercera edici\u00f3n de los Premios Tecnolog\u00eda e Innovaci\u00f3n de La Raz\u00f3n.<\/p>\n<p>Con m\u00e1s de 12 millones de euros invertidos en i+D, VORTAL permite que compradores y proveedores obtengan beneficios participando en un proceso de contrataci\u00f3n eficiente y competitivo. Por un lado, los compradores ahorran costes, al mismo tiempo que aumentan su transparencia y reducen los riegos en su proceso de contrataci\u00f3n. Por otro lado, los proveedores incrementan su oportunidad de negocio apoy\u00e1ndose en herramientas innovadoras como business intelligence o generaci\u00f3n de leads.<\/p>\n<p>As\u00ed pues, la labor de la compa\u00f1\u00eda portuguesa fue reconocida ayer en los Premios Tecnolog\u00eda e Innovaci\u00f3n de La Raz\u00f3n, otorg\u00e1ndole el galard\u00f3n al Liderazgo en Plataformas Electr\u00f3nicas de Compras.<\/p>\n<p>Fue en la sede del diario La Raz\u00f3n donde el consejero de Ciencias, Universidades e Innovaci\u00f3n de la Comunidad de Madrid, Eduardo Sicilia, presidi\u00f3 la tercera edici\u00f3n de estos premios. Estos galardones dan visibilidad al trabajo de investigadores, profesionales y empresas que cada d\u00eda aportan su esfuerzo y conocimiento para alcanzar un mayor progreso social y as\u00ed facilitarnos el d\u00eda a d\u00eda.<\/p>\n<p>El periodista Jalis de La Serna fue el maestro de ceremonias del acto en el que se entregaron m\u00e1s de veinte galardones. Fueron Jose Luis Ar\u00edstegui, Director General de VORTAL Espa\u00f1a y Jorge Cruz Macara, Vicepresidente de la compa\u00f1\u00eda quienes recogieron este reconocimiento. En palabras del Director General; \u201cQueremos agradecer a la Raz\u00f3n y al jurado de estos premios la entrega de este galard\u00f3n, a a\u00f1os de esfuerzo y dedicaci\u00f3n de todas las personas que componen VORTAL. Este es el premio a la dedicaci\u00f3n y esfuerzo diario de nuestra gente, de la cual nos sentimos orgullosos a diario. (\u2026) No quiero olvidarme de lo m\u00e1s importante; nuestros clientes, nuestra comunidad, quienes realizan compras utilizando nuestros servicios y tecnolog\u00eda, nuestra comunidad de decenas de miles de proveedores, en su mayor\u00eda PYMEs que presentan ofertas en nuestra plataforma y red de colaboradores, ya que sin ellos nada de esto ser\u00eda posible.\u201d<\/p>\n<\/div><\/div><style type=\"text\/css\">.fusion-body .fusion-builder-column-0{width:100% !important;margin-top : 0px;margin-bottom : 0px;}.fusion-builder-column-0 > .fusion-column-wrapper {padding-top : 0px !important;padding-right : 0px !important;margin-right : 16px;padding-bottom : 0px !important;padding-left : 0px !important;margin-left : 16px;}@media only screen and (max-width:1024px) {.fusion-body .fusion-builder-column-0{width:100% !important;}.fusion-builder-column-0 > .fusion-column-wrapper {margin-right : 16px;margin-left : 16px;}}@media only screen and (max-width:640px) {.fusion-body .fusion-builder-column-0{width:100% !important;}.fusion-builder-column-0 > .fusion-column-wrapper {margin-right : 16px;margin-left : 16px;}}<\/style><\/div><\/div><style type=\"text\/css\">.fusion-body .fusion-flex-container.fusion-builder-row-1{ padding-top : 0px;margin-top : 0px;padding-right : 0px;padding-bottom : 0px;margin-bottom : 0px;padding-left : 0px;}<\/style><\/div>\n","protected":false},"excerpt":{"rendered":"","protected":false},"author":5639,"featured_media":0,"comment_status":"open","ping_status":"open","sticky":false,"template":"","format":"standard","meta":{"footnotes":""},"categories":[7],"tags":[],"yoast_head":"<!-- This site is optimized with the Yoast SEO plugin v22.3 - https:\/\/yoast.com\/wordpress\/plugins\/seo\/ -->\n<title>VORTAL en los premios de Tecnolog\u00eda e Innovaci\u00f3n de la Raz\u00f3n - VORTAL<\/title>\n<meta name=\"robots\" content=\"index, follow, max-snippet:-1, max-image-preview:large, max-video-preview:-1\" \/>\n<link rel=\"canonical\" href=\"https:\/\/www.vortal.biz\/es\/vortal-en-los-premios-de-tecnologia-e-innovacion-de-la-razon\/\" \/>\n<meta property=\"og:locale\" content=\"es_ES\" \/>\n<meta property=\"og:type\" content=\"article\" \/>\n<meta property=\"og:title\" content=\"VORTAL en los premios de Tecnolog\u00eda e Innovaci\u00f3n de la Raz\u00f3n - VORTAL\" \/>\n<meta property=\"og:url\" content=\"https:\/\/www.vortal.biz\/es\/vortal-en-los-premios-de-tecnologia-e-innovacion-de-la-razon\/\" \/>\n<meta property=\"og:site_name\" content=\"VORTAL\" \/>\n<meta property=\"article:published_time\" content=\"2019-11-22T13:52:59+00:00\" \/>\n<meta property=\"article:modified_time\" content=\"2021-08-03T13:54:43+00:00\" \/>\n<meta name=\"author\" content=\"Helida Oliveira\" \/>\n<meta name=\"twitter:card\" content=\"summary_large_image\" \/>\n<meta name=\"twitter:label1\" content=\"Escrito por\" \/>\n\t<meta name=\"twitter:data1\" content=\"Helida Oliveira\" \/>\n\t<meta name=\"twitter:label2\" content=\"Tiempo de lectura\" \/>\n\t<meta name=\"twitter:data2\" content=\"3 minutos\" \/>\n<script type=\"application\/ld+json\" class=\"yoast-schema-graph\">{\"@context\":\"https:\/\/schema.org\",\"@graph\":[{\"@type\":\"WebPage\",\"@id\":\"https:\/\/www.vortal.biz\/es\/vortal-en-los-premios-de-tecnologia-e-innovacion-de-la-razon\/\",\"url\":\"https:\/\/www.vortal.biz\/es\/vortal-en-los-premios-de-tecnologia-e-innovacion-de-la-razon\/\",\"name\":\"VORTAL en los premios de Tecnolog\u00eda e Innovaci\u00f3n de la Raz\u00f3n - VORTAL\",\"isPartOf\":{\"@id\":\"https:\/\/www.vortal.biz\/pt-pt\/#website\"},\"datePublished\":\"2019-11-22T13:52:59+00:00\",\"dateModified\":\"2021-08-03T13:54:43+00:00\",\"author\":{\"@id\":\"https:\/\/www.vortal.biz\/pt-pt\/#\/schema\/person\/de007f49a9003cc0fec169585b65ddb2\"},\"breadcrumb\":{\"@id\":\"https:\/\/www.vortal.biz\/es\/vortal-en-los-premios-de-tecnologia-e-innovacion-de-la-razon\/#breadcrumb\"},\"inLanguage\":\"es\",\"potentialAction\":[{\"@type\":\"ReadAction\",\"target\":[\"https:\/\/www.vortal.biz\/es\/vortal-en-los-premios-de-tecnologia-e-innovacion-de-la-razon\/\"]}]},{\"@type\":\"BreadcrumbList\",\"@id\":\"https:\/\/www.vortal.biz\/es\/vortal-en-los-premios-de-tecnologia-e-innovacion-de-la-razon\/#breadcrumb\",\"itemListElement\":[{\"@type\":\"ListItem\",\"position\":1,\"name\":\"Home\",\"item\":\"https:\/\/www.vortal.biz\/es\/\"},{\"@type\":\"ListItem\",\"position\":2,\"name\":\"VORTAL en los premios de Tecnolog\u00eda e Innovaci\u00f3n de la Raz\u00f3n\"}]},{\"@type\":\"WebSite\",\"@id\":\"https:\/\/www.vortal.biz\/pt-pt\/#website\",\"url\":\"https:\/\/www.vortal.biz\/pt-pt\/\",\"name\":\"VORTAL\",\"description\":\"Connecting Business\",\"potentialAction\":[{\"@type\":\"SearchAction\",\"target\":{\"@type\":\"EntryPoint\",\"urlTemplate\":\"https:\/\/www.vortal.biz\/pt-pt\/?s={search_term_string}\"},\"query-input\":\"required name=search_term_string\"}],\"inLanguage\":\"es\"},{\"@type\":\"Person\",\"@id\":\"https:\/\/www.vortal.biz\/pt-pt\/#\/schema\/person\/de007f49a9003cc0fec169585b65ddb2\",\"name\":\"Helida Oliveira\",\"image\":{\"@type\":\"ImageObject\",\"inLanguage\":\"es\",\"@id\":\"https:\/\/www.vortal.biz\/pt-pt\/#\/schema\/person\/image\/\",\"url\":\"https:\/\/secure.gravatar.com\/avatar\/2485383d4ceb69bbd668ac515d6bdb03?s=96&d=mm&r=g\",\"contentUrl\":\"https:\/\/secure.gravatar.com\/avatar\/2485383d4ceb69bbd668ac515d6bdb03?s=96&d=mm&r=g\",\"caption\":\"Helida Oliveira\"},\"url\":\"https:\/\/www.vortal.biz\/es\/author\/helida-oliveira\/\"}]}<\/script>\n<!-- \/ Yoast SEO plugin. -->","yoast_head_json":{"title":"VORTAL en los premios de Tecnolog\u00eda e Innovaci\u00f3n de la Raz\u00f3n - VORTAL","robots":{"index":"index","follow":"follow","max-snippet":"max-snippet:-1","max-image-preview":"max-image-preview:large","max-video-preview":"max-video-preview:-1"},"canonical":"https:\/\/www.vortal.biz\/es\/vortal-en-los-premios-de-tecnologia-e-innovacion-de-la-razon\/","og_locale":"es_ES","og_type":"article","og_title":"VORTAL en los premios de Tecnolog\u00eda e Innovaci\u00f3n de la Raz\u00f3n - VORTAL","og_url":"https:\/\/www.vortal.biz\/es\/vortal-en-los-premios-de-tecnologia-e-innovacion-de-la-razon\/","og_site_name":"VORTAL","article_published_time":"2019-11-22T13:52:59+00:00","article_modified_time":"2021-08-03T13:54:43+00:00","author":"Helida Oliveira","twitter_card":"summary_large_image","twitter_misc":{"Escrito por":"Helida Oliveira","Tiempo de lectura":"3 minutos"},"schema":{"@context":"https:\/\/schema.org","@graph":[{"@type":"WebPage","@id":"https:\/\/www.vortal.biz\/es\/vortal-en-los-premios-de-tecnologia-e-innovacion-de-la-razon\/","url":"https:\/\/www.vortal.biz\/es\/vortal-en-los-premios-de-tecnologia-e-innovacion-de-la-razon\/","name":"VORTAL en los premios de Tecnolog\u00eda e Innovaci\u00f3n de la Raz\u00f3n - VORTAL","isPartOf":{"@id":"https:\/\/www.vortal.biz\/pt-pt\/#website"},"datePublished":"2019-11-22T13:52:59+00:00","dateModified":"2021-08-03T13:54:43+00:00","author":{"@id":"https:\/\/www.vortal.biz\/pt-pt\/#\/schema\/person\/de007f49a9003cc0fec169585b65ddb2"},"breadcrumb":{"@id":"https:\/\/www.vortal.biz\/es\/vortal-en-los-premios-de-tecnologia-e-innovacion-de-la-razon\/#breadcrumb"},"inLanguage":"es","potentialAction":[{"@type":"ReadAction","target":["https:\/\/www.vortal.biz\/es\/vortal-en-los-premios-de-tecnologia-e-innovacion-de-la-razon\/"]}]},{"@type":"BreadcrumbList","@id":"https:\/\/www.vortal.biz\/es\/vortal-en-los-premios-de-tecnologia-e-innovacion-de-la-razon\/#breadcrumb","itemListElement":[{"@type":"ListItem","position":1,"name":"Home","item":"https:\/\/www.vortal.biz\/es\/"},{"@type":"ListItem","position":2,"name":"VORTAL en los premios de Tecnolog\u00eda e Innovaci\u00f3n de la Raz\u00f3n"}]},{"@type":"WebSite","@id":"https:\/\/www.vortal.biz\/pt-pt\/#website","url":"https:\/\/www.vortal.biz\/pt-pt\/","name":"VORTAL","description":"Connecting Business","potentialAction":[{"@type":"SearchAction","target":{"@type":"EntryPoint","urlTemplate":"https:\/\/www.vortal.biz\/pt-pt\/?s={search_term_string}"},"query-input":"required name=search_term_string"}],"inLanguage":"es"},{"@type":"Person","@id":"https:\/\/www.vortal.biz\/pt-pt\/#\/schema\/person\/de007f49a9003cc0fec169585b65ddb2","name":"Helida Oliveira","image":{"@type":"ImageObject","inLanguage":"es","@id":"https:\/\/www.vortal.biz\/pt-pt\/#\/schema\/person\/image\/","url":"https:\/\/secure.gravatar.com\/avatar\/2485383d4ceb69bbd668ac515d6bdb03?s=96&d=mm&r=g","contentUrl":"https:\/\/secure.gravatar.com\/avatar\/2485383d4ceb69bbd668ac515d6bdb03?s=96&d=mm&r=g","caption":"Helida Oliveira"},"url":"https:\/\/www.vortal.biz\/es\/author\/helida-oliveira\/"}]}},"_links":{"self":[{"href":"https:\/\/www.vortal.biz\/es\/wp-json\/wp\/v2\/posts\/6719"}],"collection":[{"href":"https:\/\/www.vortal.biz\/es\/wp-json\/wp\/v2\/posts"}],"about":[{"href":"https:\/\/www.vortal.biz\/es\/wp-json\/wp\/v2\/types\/post"}],"author":[{"embeddable":true,"href":"https:\/\/www.vortal.biz\/es\/wp-json\/wp\/v2\/users\/5639"}],"replies":[{"embeddable":true,"href":"https:\/\/www.vortal.biz\/es\/wp-json\/wp\/v2\/comments?post=6719"}],"version-history":[{"count":0,"href":"https:\/\/www.vortal.biz\/es\/wp-json\/wp\/v2\/posts\/6719\/revisions"}],"wp:attachment":[{"href":"https:\/\/www.vortal.biz\/es\/wp-json\/wp\/v2\/media?parent=6719"}],"wp:term":[{"taxonomy":"category","embeddable":true,"href":"https:\/\/www.vortal.biz\/es\/wp-json\/wp\/v2\/categories?post=6719"},{"taxonomy":"post_tag","embeddable":true,"href":"https:\/\/www.vortal.biz\/es\/wp-json\/wp\/v2\/tags?post=6719"}],"curies":[{"name":"wp","href":"https:\/\/api.w.org\/{rel}","templated":true}]}}