{"id":6643,"date":"2020-04-17T15:50:36","date_gmt":"2020-04-17T15:50:36","guid":{"rendered":"https:\/\/www.vortal.biz\/?p=6643"},"modified":"2021-08-02T15:52:04","modified_gmt":"2021-08-02T15:52:04","slug":"webinario-la-contratacion-publica-como-herramienta-estrategica-en-estado-de-alarma","status":"publish","type":"post","link":"https:\/\/www.vortal.biz\/es\/webinario-la-contratacion-publica-como-herramienta-estrategica-en-estado-de-alarma\/","title":{"rendered":"Webinario: \u201cLa contrataci\u00f3n p\u00fablica como herramienta estrat\u00e9gica en Estado de Alarma\u201d"},"content":{"rendered":"<div class=\"fusion-fullwidth fullwidth-box fusion-builder-row-1 fusion-flex-container nonhundred-percent-fullwidth non-hundred-percent-height-scrolling\" style=\"background-color: rgba(255,255,255,0);background-position: center center;background-repeat: no-repeat;border-width: 0px 0px 0px 0px;border-color:#e2e2e2;border-style:solid;\" ><div class=\"fusion-builder-row fusion-row fusion-flex-align-items-flex-start\" style=\"max-width:calc( 1640px + 32px );margin-left: calc(-32px \/ 2 );margin-right: calc(-32px \/ 2 );\"><div class=\"fusion-layout-column fusion_builder_column fusion-builder-column-0 fusion_builder_column_1_1 1_1 fusion-flex-column\"><div class=\"fusion-column-wrapper fusion-flex-justify-content-flex-start fusion-content-layout-column\" style=\"background-position:left top;background-repeat:no-repeat;-webkit-background-size:cover;-moz-background-size:cover;-o-background-size:cover;background-size:cover;padding: 0px 0px 0px 0px;\"><div class=\"fusion-text fusion-text-1\"><p>La situaci\u00f3n de emergencia de salud p\u00fablica ocasionada por el COVID-19 ha sacudido, entre otros, al \u00e1mbito sanitario, econ\u00f3mico y jur\u00eddico de nuestro pa\u00eds, requiriendo as\u00ed la adopci\u00f3n de una serie de medidas inmediatas que dejan en evidencia un contexto socioecon\u00f3mico de lo m\u00e1s incierto.<\/p>\n<p>Esta situaci\u00f3n tambi\u00e9n ha desencadenado el dictamen de ciertas normas a nivel estatal y auton\u00f3mico en el \u00e1mbito de la contrataci\u00f3n p\u00fablica, que repercuten directamente en la actuaci\u00f3n de los \u00f3rganos de contrataci\u00f3n y de los contratistas. Es por ello que el pasado 16 de abril, organizamos un webinario sobre \u201cLa contrataci\u00f3n p\u00fablica como herramienta estrat\u00e9gica en Estado de Alarma\u201d, con especialistas en la materia para compartir una perspectiva clara sobre este contexto y debatir sobre la necesidad de las Administraciones p\u00fablicas de otorgarle la debida relevancia a la compra p\u00fablica en estos tiempos de crisis.<\/p>\n<p><strong>Modera:<\/strong><br \/>\nJos\u00e9 Luis Ar\u00edstegui, Director General de VORTAL Espa\u00f1a<\/p>\n<p><strong>Participantes:<\/strong><br \/>\nD. Victor Almonacid Lamelas, Secretario de la Administraci\u00f3n Local y Experto en Derecho Digital<br \/>\nD. Israel Rodr\u00edguez Gracia, Gestor Contrataci\u00f3n Electr\u00f3nica Universidad de Almer\u00eda<br \/>\nD. Jorge Cruz Macara, Miembro de la Direcci\u00f3n de APMEP &#8211; Associa\u00e7\u00e3o Portuguesa dos Mercados P\u00fablicos<\/p>\n<\/div><\/div><style type=\"text\/css\">.fusion-body .fusion-builder-column-0{width:100% !important;margin-top : 0px;margin-bottom : 0px;}.fusion-builder-column-0 > .fusion-column-wrapper {padding-top : 0px !important;padding-right : 0px !important;margin-right : 16px;padding-bottom : 0px !important;padding-left : 0px !important;margin-left : 16px;}@media only screen and (max-width:1024px) {.fusion-body .fusion-builder-column-0{width:100% !important;}.fusion-builder-column-0 > .fusion-column-wrapper {margin-right : 16px;margin-left : 16px;}}@media only screen and (max-width:640px) {.fusion-body .fusion-builder-column-0{width:100% !important;}.fusion-builder-column-0 > .fusion-column-wrapper {margin-right : 16px;margin-left : 16px;}}<\/style><\/div><\/div><style type=\"text\/css\">.fusion-body .fusion-flex-container.fusion-builder-row-1{ padding-top : 0px;margin-top : 0px;padding-right : 0px;padding-bottom : 0px;margin-bottom : 0px;padding-left : 0px;}<\/style><\/div>\n","protected":false},"excerpt":{"rendered":"","protected":false},"author":5639,"featured_media":0,"comment_status":"open","ping_status":"open","sticky":false,"template":"","format":"standard","meta":{"footnotes":""},"categories":[7],"tags":[],"yoast_head":"<!-- This site is optimized with the Yoast SEO plugin v22.3 - https:\/\/yoast.com\/wordpress\/plugins\/seo\/ -->\n<title>Webinario: \u201cLa contrataci\u00f3n p\u00fablica como herramienta estrat\u00e9gica en Estado de Alarma\u201d - VORTAL<\/title>\n<meta name=\"robots\" content=\"index, follow, max-snippet:-1, max-image-preview:large, max-video-preview:-1\" \/>\n<link rel=\"canonical\" href=\"https:\/\/www.vortal.biz\/es\/webinario-la-contratacion-publica-como-herramienta-estrategica-en-estado-de-alarma\/\" \/>\n<meta property=\"og:locale\" content=\"es_ES\" \/>\n<meta property=\"og:type\" content=\"article\" \/>\n<meta property=\"og:title\" content=\"Webinario: \u201cLa contrataci\u00f3n p\u00fablica como herramienta estrat\u00e9gica en Estado de Alarma\u201d - VORTAL\" \/>\n<meta property=\"og:url\" content=\"https:\/\/www.vortal.biz\/es\/webinario-la-contratacion-publica-como-herramienta-estrategica-en-estado-de-alarma\/\" \/>\n<meta property=\"og:site_name\" content=\"VORTAL\" \/>\n<meta property=\"article:published_time\" content=\"2020-04-17T15:50:36+00:00\" \/>\n<meta property=\"article:modified_time\" content=\"2021-08-02T15:52:04+00:00\" \/>\n<meta name=\"author\" content=\"Helida Oliveira\" \/>\n<meta name=\"twitter:card\" content=\"summary_large_image\" \/>\n<meta name=\"twitter:label1\" content=\"Escrito por\" \/>\n\t<meta name=\"twitter:data1\" content=\"Helida Oliveira\" \/>\n\t<meta name=\"twitter:label2\" content=\"Tiempo de lectura\" \/>\n\t<meta name=\"twitter:data2\" content=\"3 minutos\" \/>\n<script type=\"application\/ld+json\" class=\"yoast-schema-graph\">{\"@context\":\"https:\/\/schema.org\",\"@graph\":[{\"@type\":\"WebPage\",\"@id\":\"https:\/\/www.vortal.biz\/es\/webinario-la-contratacion-publica-como-herramienta-estrategica-en-estado-de-alarma\/\",\"url\":\"https:\/\/www.vortal.biz\/es\/webinario-la-contratacion-publica-como-herramienta-estrategica-en-estado-de-alarma\/\",\"name\":\"Webinario: \u201cLa contrataci\u00f3n p\u00fablica como herramienta estrat\u00e9gica en Estado de Alarma\u201d - VORTAL\",\"isPartOf\":{\"@id\":\"https:\/\/www.vortal.biz\/pt-pt\/#website\"},\"datePublished\":\"2020-04-17T15:50:36+00:00\",\"dateModified\":\"2021-08-02T15:52:04+00:00\",\"author\":{\"@id\":\"https:\/\/www.vortal.biz\/pt-pt\/#\/schema\/person\/de007f49a9003cc0fec169585b65ddb2\"},\"breadcrumb\":{\"@id\":\"https:\/\/www.vortal.biz\/es\/webinario-la-contratacion-publica-como-herramienta-estrategica-en-estado-de-alarma\/#breadcrumb\"},\"inLanguage\":\"es\",\"potentialAction\":[{\"@type\":\"ReadAction\",\"target\":[\"https:\/\/www.vortal.biz\/es\/webinario-la-contratacion-publica-como-herramienta-estrategica-en-estado-de-alarma\/\"]}]},{\"@type\":\"BreadcrumbList\",\"@id\":\"https:\/\/www.vortal.biz\/es\/webinario-la-contratacion-publica-como-herramienta-estrategica-en-estado-de-alarma\/#breadcrumb\",\"itemListElement\":[{\"@type\":\"ListItem\",\"position\":1,\"name\":\"Home\",\"item\":\"https:\/\/www.vortal.biz\/es\/\"},{\"@type\":\"ListItem\",\"position\":2,\"name\":\"Webinario: \u201cLa contrataci\u00f3n p\u00fablica como herramienta estrat\u00e9gica en Estado de Alarma\u201d\"}]},{\"@type\":\"WebSite\",\"@id\":\"https:\/\/www.vortal.biz\/pt-pt\/#website\",\"url\":\"https:\/\/www.vortal.biz\/pt-pt\/\",\"name\":\"VORTAL\",\"description\":\"Connecting Business\",\"potentialAction\":[{\"@type\":\"SearchAction\",\"target\":{\"@type\":\"EntryPoint\",\"urlTemplate\":\"https:\/\/www.vortal.biz\/pt-pt\/?s={search_term_string}\"},\"query-input\":\"required name=search_term_string\"}],\"inLanguage\":\"es\"},{\"@type\":\"Person\",\"@id\":\"https:\/\/www.vortal.biz\/pt-pt\/#\/schema\/person\/de007f49a9003cc0fec169585b65ddb2\",\"name\":\"Helida Oliveira\",\"image\":{\"@type\":\"ImageObject\",\"inLanguage\":\"es\",\"@id\":\"https:\/\/www.vortal.biz\/pt-pt\/#\/schema\/person\/image\/\",\"url\":\"https:\/\/secure.gravatar.com\/avatar\/2485383d4ceb69bbd668ac515d6bdb03?s=96&d=mm&r=g\",\"contentUrl\":\"https:\/\/secure.gravatar.com\/avatar\/2485383d4ceb69bbd668ac515d6bdb03?s=96&d=mm&r=g\",\"caption\":\"Helida Oliveira\"},\"url\":\"https:\/\/www.vortal.biz\/es\/author\/helida-oliveira\/\"}]}<\/script>\n<!-- \/ Yoast SEO plugin. -->","yoast_head_json":{"title":"Webinario: \u201cLa contrataci\u00f3n p\u00fablica como herramienta estrat\u00e9gica en Estado de Alarma\u201d - VORTAL","robots":{"index":"index","follow":"follow","max-snippet":"max-snippet:-1","max-image-preview":"max-image-preview:large","max-video-preview":"max-video-preview:-1"},"canonical":"https:\/\/www.vortal.biz\/es\/webinario-la-contratacion-publica-como-herramienta-estrategica-en-estado-de-alarma\/","og_locale":"es_ES","og_type":"article","og_title":"Webinario: \u201cLa contrataci\u00f3n p\u00fablica como herramienta estrat\u00e9gica en Estado de Alarma\u201d - VORTAL","og_url":"https:\/\/www.vortal.biz\/es\/webinario-la-contratacion-publica-como-herramienta-estrategica-en-estado-de-alarma\/","og_site_name":"VORTAL","article_published_time":"2020-04-17T15:50:36+00:00","article_modified_time":"2021-08-02T15:52:04+00:00","author":"Helida Oliveira","twitter_card":"summary_large_image","twitter_misc":{"Escrito por":"Helida Oliveira","Tiempo de lectura":"3 minutos"},"schema":{"@context":"https:\/\/schema.org","@graph":[{"@type":"WebPage","@id":"https:\/\/www.vortal.biz\/es\/webinario-la-contratacion-publica-como-herramienta-estrategica-en-estado-de-alarma\/","url":"https:\/\/www.vortal.biz\/es\/webinario-la-contratacion-publica-como-herramienta-estrategica-en-estado-de-alarma\/","name":"Webinario: \u201cLa contrataci\u00f3n p\u00fablica como herramienta estrat\u00e9gica en Estado de Alarma\u201d - VORTAL","isPartOf":{"@id":"https:\/\/www.vortal.biz\/pt-pt\/#website"},"datePublished":"2020-04-17T15:50:36+00:00","dateModified":"2021-08-02T15:52:04+00:00","author":{"@id":"https:\/\/www.vortal.biz\/pt-pt\/#\/schema\/person\/de007f49a9003cc0fec169585b65ddb2"},"breadcrumb":{"@id":"https:\/\/www.vortal.biz\/es\/webinario-la-contratacion-publica-como-herramienta-estrategica-en-estado-de-alarma\/#breadcrumb"},"inLanguage":"es","potentialAction":[{"@type":"ReadAction","target":["https:\/\/www.vortal.biz\/es\/webinario-la-contratacion-publica-como-herramienta-estrategica-en-estado-de-alarma\/"]}]},{"@type":"BreadcrumbList","@id":"https:\/\/www.vortal.biz\/es\/webinario-la-contratacion-publica-como-herramienta-estrategica-en-estado-de-alarma\/#breadcrumb","itemListElement":[{"@type":"ListItem","position":1,"name":"Home","item":"https:\/\/www.vortal.biz\/es\/"},{"@type":"ListItem","position":2,"name":"Webinario: \u201cLa contrataci\u00f3n p\u00fablica como herramienta estrat\u00e9gica en Estado de Alarma\u201d"}]},{"@type":"WebSite","@id":"https:\/\/www.vortal.biz\/pt-pt\/#website","url":"https:\/\/www.vortal.biz\/pt-pt\/","name":"VORTAL","description":"Connecting Business","potentialAction":[{"@type":"SearchAction","target":{"@type":"EntryPoint","urlTemplate":"https:\/\/www.vortal.biz\/pt-pt\/?s={search_term_string}"},"query-input":"required name=search_term_string"}],"inLanguage":"es"},{"@type":"Person","@id":"https:\/\/www.vortal.biz\/pt-pt\/#\/schema\/person\/de007f49a9003cc0fec169585b65ddb2","name":"Helida Oliveira","image":{"@type":"ImageObject","inLanguage":"es","@id":"https:\/\/www.vortal.biz\/pt-pt\/#\/schema\/person\/image\/","url":"https:\/\/secure.gravatar.com\/avatar\/2485383d4ceb69bbd668ac515d6bdb03?s=96&d=mm&r=g","contentUrl":"https:\/\/secure.gravatar.com\/avatar\/2485383d4ceb69bbd668ac515d6bdb03?s=96&d=mm&r=g","caption":"Helida Oliveira"},"url":"https:\/\/www.vortal.biz\/es\/author\/helida-oliveira\/"}]}},"_links":{"self":[{"href":"https:\/\/www.vortal.biz\/es\/wp-json\/wp\/v2\/posts\/6643"}],"collection":[{"href":"https:\/\/www.vortal.biz\/es\/wp-json\/wp\/v2\/posts"}],"about":[{"href":"https:\/\/www.vortal.biz\/es\/wp-json\/wp\/v2\/types\/post"}],"author":[{"embeddable":true,"href":"https:\/\/www.vortal.biz\/es\/wp-json\/wp\/v2\/users\/5639"}],"replies":[{"embeddable":true,"href":"https:\/\/www.vortal.biz\/es\/wp-json\/wp\/v2\/comments?post=6643"}],"version-history":[{"count":0,"href":"https:\/\/www.vortal.biz\/es\/wp-json\/wp\/v2\/posts\/6643\/revisions"}],"wp:attachment":[{"href":"https:\/\/www.vortal.biz\/es\/wp-json\/wp\/v2\/media?parent=6643"}],"wp:term":[{"taxonomy":"category","embeddable":true,"href":"https:\/\/www.vortal.biz\/es\/wp-json\/wp\/v2\/categories?post=6643"},{"taxonomy":"post_tag","embeddable":true,"href":"https:\/\/www.vortal.biz\/es\/wp-json\/wp\/v2\/tags?post=6643"}],"curies":[{"name":"wp","href":"https:\/\/api.w.org\/{rel}","templated":true}]}}