{"id":6189,"date":"2021-04-20T11:35:27","date_gmt":"2021-04-20T11:35:27","guid":{"rendered":"https:\/\/www.vortal.biz\/?p=6189"},"modified":"2021-04-20T11:35:27","modified_gmt":"2021-04-20T11:35:27","slug":"entrevista-optimizando-la-gestion-de-compras-en-las-empresas-con-tecnologia-y-servicio","status":"publish","type":"post","link":"https:\/\/www.vortal.biz\/es\/entrevista-optimizando-la-gestion-de-compras-en-las-empresas-con-tecnologia-y-servicio\/","title":{"rendered":"Entrevista: Optimizando la gesti\u00f3n de compras en las empresas con tecnolog\u00eda y servicio"},"content":{"rendered":"<div class=\"fusion-fullwidth fullwidth-box fusion-builder-row-1 fusion-flex-container nonhundred-percent-fullwidth non-hundred-percent-height-scrolling\" style=\"background-color: rgba(255,255,255,0);background-position: center center;background-repeat: no-repeat;border-width: 0px 0px 0px 0px;border-color:#e2e2e2;border-style:solid;\" ><div class=\"fusion-builder-row fusion-row fusion-flex-align-items-flex-start\" style=\"max-width:calc( 1640px + 32px );margin-left: calc(-32px \/ 2 );margin-right: calc(-32px \/ 2 );\"><div class=\"fusion-layout-column fusion_builder_column fusion-builder-column-0 fusion_builder_column_1_1 1_1 fusion-flex-column\"><div class=\"fusion-column-wrapper fusion-flex-justify-content-flex-start fusion-content-layout-column\" style=\"background-position:left top;background-repeat:no-repeat;-webkit-background-size:cover;-moz-background-size:cover;-o-background-size:cover;background-size:cover;padding: 0px 0px 0px 0px;\"><div class=\"fusion-text fusion-text-1\"><p>En la actualidad, gran parte de las empresas de cualquier sector se encuentran sumergidas en procesos de digitalizaci\u00f3n. Las nuevas tecnolog\u00edas aplicadas en la funci\u00f3n de Compras mejoran la competitividad, reducen costes y tiempo de gesti\u00f3n, as\u00ed como incrementan las oportunidades de ahorro. La transformaci\u00f3n digital en las compras corporativas no es un reto nuevo, pero s\u00ed es una asignatura pendiente en la mayor\u00eda de las empresas espa\u00f1olas, fundamentalmente PYMEs.<\/p>\n<p><a href=\"https:\/\/community.vortal.biz\/public.cdn\/isites\/vortal\/sites\/default\/files\/optimizando_la_gestion_de_compras.pdf\" target=\"_blank\" rel=\"noopener\">Lee la entrevista completa<\/a> con nuestro Director General del Mercado Corporate en Espa\u00f1a y Latino Am\u00e9rica, Jos\u00e9 Lu\u00eds Ar\u00edstegui.<\/p>\n<\/div><\/div><style type=\"text\/css\">.fusion-body .fusion-builder-column-0{width:100% !important;margin-top : 0px;margin-bottom : 0px;}.fusion-builder-column-0 > .fusion-column-wrapper {padding-top : 0px !important;padding-right : 0px !important;margin-right : 16px;padding-bottom : 0px !important;padding-left : 0px !important;margin-left : 16px;}@media only screen and (max-width:1024px) {.fusion-body .fusion-builder-column-0{width:100% !important;}.fusion-builder-column-0 > .fusion-column-wrapper {margin-right : 16px;margin-left : 16px;}}@media only screen and (max-width:640px) {.fusion-body .fusion-builder-column-0{width:100% !important;}.fusion-builder-column-0 > .fusion-column-wrapper {margin-right : 16px;margin-left : 16px;}}<\/style><\/div><\/div><style type=\"text\/css\">.fusion-body .fusion-flex-container.fusion-builder-row-1{ padding-top : 0px;margin-top : 0px;padding-right : 0px;padding-bottom : 0px;margin-bottom : 0px;padding-left : 0px;}<\/style><\/div>\n","protected":false},"excerpt":{"rendered":"","protected":false},"author":8,"featured_media":0,"comment_status":"open","ping_status":"open","sticky":false,"template":"","format":"standard","meta":{"footnotes":""},"categories":[7],"tags":[],"yoast_head":"<!-- This site is optimized with the Yoast SEO plugin v22.3 - https:\/\/yoast.com\/wordpress\/plugins\/seo\/ -->\n<title>Entrevista: Optimizando la gesti\u00f3n de compras en las empresas con tecnolog\u00eda y servicio - VORTAL<\/title>\n<meta name=\"robots\" content=\"index, follow, max-snippet:-1, max-image-preview:large, max-video-preview:-1\" \/>\n<link rel=\"canonical\" href=\"https:\/\/www.vortal.biz\/es\/entrevista-optimizando-la-gestion-de-compras-en-las-empresas-con-tecnologia-y-servicio\/\" \/>\n<meta property=\"og:locale\" content=\"es_ES\" \/>\n<meta property=\"og:type\" content=\"article\" \/>\n<meta property=\"og:title\" content=\"Entrevista: Optimizando la gesti\u00f3n de compras en las empresas con tecnolog\u00eda y servicio - VORTAL\" \/>\n<meta property=\"og:url\" content=\"https:\/\/www.vortal.biz\/es\/entrevista-optimizando-la-gestion-de-compras-en-las-empresas-con-tecnologia-y-servicio\/\" \/>\n<meta property=\"og:site_name\" content=\"VORTAL\" \/>\n<meta property=\"article:published_time\" content=\"2021-04-20T11:35:27+00:00\" \/>\n<meta name=\"author\" content=\"Raquel Santos\" \/>\n<meta name=\"twitter:card\" content=\"summary_large_image\" \/>\n<meta name=\"twitter:label1\" content=\"Escrito por\" \/>\n\t<meta name=\"twitter:data1\" content=\"Raquel Santos\" \/>\n\t<meta name=\"twitter:label2\" content=\"Tiempo de lectura\" \/>\n\t<meta name=\"twitter:data2\" content=\"1 minuto\" \/>\n<script type=\"application\/ld+json\" class=\"yoast-schema-graph\">{\"@context\":\"https:\/\/schema.org\",\"@graph\":[{\"@type\":\"WebPage\",\"@id\":\"https:\/\/www.vortal.biz\/es\/entrevista-optimizando-la-gestion-de-compras-en-las-empresas-con-tecnologia-y-servicio\/\",\"url\":\"https:\/\/www.vortal.biz\/es\/entrevista-optimizando-la-gestion-de-compras-en-las-empresas-con-tecnologia-y-servicio\/\",\"name\":\"Entrevista: Optimizando la gesti\u00f3n de compras en las empresas con tecnolog\u00eda y servicio - VORTAL\",\"isPartOf\":{\"@id\":\"https:\/\/www.vortal.biz\/pt-pt\/#website\"},\"datePublished\":\"2021-04-20T11:35:27+00:00\",\"dateModified\":\"2021-04-20T11:35:27+00:00\",\"author\":{\"@id\":\"https:\/\/www.vortal.biz\/pt-pt\/#\/schema\/person\/06ef21785639bab6f76838d004a0c611\"},\"breadcrumb\":{\"@id\":\"https:\/\/www.vortal.biz\/es\/entrevista-optimizando-la-gestion-de-compras-en-las-empresas-con-tecnologia-y-servicio\/#breadcrumb\"},\"inLanguage\":\"es\",\"potentialAction\":[{\"@type\":\"ReadAction\",\"target\":[\"https:\/\/www.vortal.biz\/es\/entrevista-optimizando-la-gestion-de-compras-en-las-empresas-con-tecnologia-y-servicio\/\"]}]},{\"@type\":\"BreadcrumbList\",\"@id\":\"https:\/\/www.vortal.biz\/es\/entrevista-optimizando-la-gestion-de-compras-en-las-empresas-con-tecnologia-y-servicio\/#breadcrumb\",\"itemListElement\":[{\"@type\":\"ListItem\",\"position\":1,\"name\":\"Home\",\"item\":\"https:\/\/www.vortal.biz\/es\/\"},{\"@type\":\"ListItem\",\"position\":2,\"name\":\"Entrevista: Optimizando la gesti\u00f3n de compras en las empresas con tecnolog\u00eda y servicio\"}]},{\"@type\":\"WebSite\",\"@id\":\"https:\/\/www.vortal.biz\/pt-pt\/#website\",\"url\":\"https:\/\/www.vortal.biz\/pt-pt\/\",\"name\":\"VORTAL\",\"description\":\"Connecting Business\",\"potentialAction\":[{\"@type\":\"SearchAction\",\"target\":{\"@type\":\"EntryPoint\",\"urlTemplate\":\"https:\/\/www.vortal.biz\/pt-pt\/?s={search_term_string}\"},\"query-input\":\"required name=search_term_string\"}],\"inLanguage\":\"es\"},{\"@type\":\"Person\",\"@id\":\"https:\/\/www.vortal.biz\/pt-pt\/#\/schema\/person\/06ef21785639bab6f76838d004a0c611\",\"name\":\"Raquel Santos\",\"image\":{\"@type\":\"ImageObject\",\"inLanguage\":\"es\",\"@id\":\"https:\/\/www.vortal.biz\/pt-pt\/#\/schema\/person\/image\/\",\"url\":\"https:\/\/secure.gravatar.com\/avatar\/32eb2d2735816e79cdde2c3c8b279e69?s=96&d=mm&r=g\",\"contentUrl\":\"https:\/\/secure.gravatar.com\/avatar\/32eb2d2735816e79cdde2c3c8b279e69?s=96&d=mm&r=g\",\"caption\":\"Raquel Santos\"},\"url\":\"https:\/\/www.vortal.biz\/es\/author\/raquel-santos\/\"}]}<\/script>\n<!-- \/ Yoast SEO plugin. -->","yoast_head_json":{"title":"Entrevista: Optimizando la gesti\u00f3n de compras en las empresas con tecnolog\u00eda y servicio - VORTAL","robots":{"index":"index","follow":"follow","max-snippet":"max-snippet:-1","max-image-preview":"max-image-preview:large","max-video-preview":"max-video-preview:-1"},"canonical":"https:\/\/www.vortal.biz\/es\/entrevista-optimizando-la-gestion-de-compras-en-las-empresas-con-tecnologia-y-servicio\/","og_locale":"es_ES","og_type":"article","og_title":"Entrevista: Optimizando la gesti\u00f3n de compras en las empresas con tecnolog\u00eda y servicio - VORTAL","og_url":"https:\/\/www.vortal.biz\/es\/entrevista-optimizando-la-gestion-de-compras-en-las-empresas-con-tecnologia-y-servicio\/","og_site_name":"VORTAL","article_published_time":"2021-04-20T11:35:27+00:00","author":"Raquel Santos","twitter_card":"summary_large_image","twitter_misc":{"Escrito por":"Raquel Santos","Tiempo de lectura":"1 minuto"},"schema":{"@context":"https:\/\/schema.org","@graph":[{"@type":"WebPage","@id":"https:\/\/www.vortal.biz\/es\/entrevista-optimizando-la-gestion-de-compras-en-las-empresas-con-tecnologia-y-servicio\/","url":"https:\/\/www.vortal.biz\/es\/entrevista-optimizando-la-gestion-de-compras-en-las-empresas-con-tecnologia-y-servicio\/","name":"Entrevista: Optimizando la gesti\u00f3n de compras en las empresas con tecnolog\u00eda y servicio - VORTAL","isPartOf":{"@id":"https:\/\/www.vortal.biz\/pt-pt\/#website"},"datePublished":"2021-04-20T11:35:27+00:00","dateModified":"2021-04-20T11:35:27+00:00","author":{"@id":"https:\/\/www.vortal.biz\/pt-pt\/#\/schema\/person\/06ef21785639bab6f76838d004a0c611"},"breadcrumb":{"@id":"https:\/\/www.vortal.biz\/es\/entrevista-optimizando-la-gestion-de-compras-en-las-empresas-con-tecnologia-y-servicio\/#breadcrumb"},"inLanguage":"es","potentialAction":[{"@type":"ReadAction","target":["https:\/\/www.vortal.biz\/es\/entrevista-optimizando-la-gestion-de-compras-en-las-empresas-con-tecnologia-y-servicio\/"]}]},{"@type":"BreadcrumbList","@id":"https:\/\/www.vortal.biz\/es\/entrevista-optimizando-la-gestion-de-compras-en-las-empresas-con-tecnologia-y-servicio\/#breadcrumb","itemListElement":[{"@type":"ListItem","position":1,"name":"Home","item":"https:\/\/www.vortal.biz\/es\/"},{"@type":"ListItem","position":2,"name":"Entrevista: Optimizando la gesti\u00f3n de compras en las empresas con tecnolog\u00eda y servicio"}]},{"@type":"WebSite","@id":"https:\/\/www.vortal.biz\/pt-pt\/#website","url":"https:\/\/www.vortal.biz\/pt-pt\/","name":"VORTAL","description":"Connecting Business","potentialAction":[{"@type":"SearchAction","target":{"@type":"EntryPoint","urlTemplate":"https:\/\/www.vortal.biz\/pt-pt\/?s={search_term_string}"},"query-input":"required name=search_term_string"}],"inLanguage":"es"},{"@type":"Person","@id":"https:\/\/www.vortal.biz\/pt-pt\/#\/schema\/person\/06ef21785639bab6f76838d004a0c611","name":"Raquel Santos","image":{"@type":"ImageObject","inLanguage":"es","@id":"https:\/\/www.vortal.biz\/pt-pt\/#\/schema\/person\/image\/","url":"https:\/\/secure.gravatar.com\/avatar\/32eb2d2735816e79cdde2c3c8b279e69?s=96&d=mm&r=g","contentUrl":"https:\/\/secure.gravatar.com\/avatar\/32eb2d2735816e79cdde2c3c8b279e69?s=96&d=mm&r=g","caption":"Raquel Santos"},"url":"https:\/\/www.vortal.biz\/es\/author\/raquel-santos\/"}]}},"_links":{"self":[{"href":"https:\/\/www.vortal.biz\/es\/wp-json\/wp\/v2\/posts\/6189"}],"collection":[{"href":"https:\/\/www.vortal.biz\/es\/wp-json\/wp\/v2\/posts"}],"about":[{"href":"https:\/\/www.vortal.biz\/es\/wp-json\/wp\/v2\/types\/post"}],"author":[{"embeddable":true,"href":"https:\/\/www.vortal.biz\/es\/wp-json\/wp\/v2\/users\/8"}],"replies":[{"embeddable":true,"href":"https:\/\/www.vortal.biz\/es\/wp-json\/wp\/v2\/comments?post=6189"}],"version-history":[{"count":0,"href":"https:\/\/www.vortal.biz\/es\/wp-json\/wp\/v2\/posts\/6189\/revisions"}],"wp:attachment":[{"href":"https:\/\/www.vortal.biz\/es\/wp-json\/wp\/v2\/media?parent=6189"}],"wp:term":[{"taxonomy":"category","embeddable":true,"href":"https:\/\/www.vortal.biz\/es\/wp-json\/wp\/v2\/categories?post=6189"},{"taxonomy":"post_tag","embeddable":true,"href":"https:\/\/www.vortal.biz\/es\/wp-json\/wp\/v2\/tags?post=6189"}],"curies":[{"name":"wp","href":"https:\/\/api.w.org\/{rel}","templated":true}]}}