{"id":3680,"date":"2020-05-07T20:54:04","date_gmt":"2020-05-07T20:54:04","guid":{"rendered":"https:\/\/pt.vortal.biz\/?p=3680"},"modified":"2021-01-30T20:54:47","modified_gmt":"2021-01-30T20:54:47","slug":"webinario-la-contratacion-y-licitacion-electronica-ayuntamiento-de-denia-y-vortal","status":"publish","type":"post","link":"https:\/\/www.vortal.biz\/es\/webinario-la-contratacion-y-licitacion-electronica-ayuntamiento-de-denia-y-vortal\/","title":{"rendered":"Webinario: \u201cLa Contrataci\u00f3n y Licitaci\u00f3n electr\u00f3nica &#8211; Ayuntamiento de D\u00e9nia y VORTAL\u201d"},"content":{"rendered":"<p>El pasado 6 de mayo, VORTAL celebr\u00f3 un Webinario en colaboraci\u00f3n con el Ayuntamiento de D\u00e9nia, con el objetivo de simplificar los procesos de contrataci\u00f3n y licitaci\u00f3n p\u00fablica, tutelado por expertos en la materia de VORTAL.<\/p>\n<p>As\u00ed pues, el debate cont\u00f3 con una introducci\u00f3n a la contrataci\u00f3n p\u00fablica electr\u00f3nica, sus ventajas y la puesta en com\u00fan de los principales requisitos t\u00e9cnicos para proveedores. Asimismo, se comparti\u00f3 una did\u00e1ctica explicaci\u00f3n sobre los Sistemas Din\u00e1micos de Adquisici\u00f3n, as\u00ed como un ilustrativo tutorial sobre el uso de la plataforma de licitaci\u00f3n electr\u00f3nica de la compa\u00f1\u00eda portuguesa.<\/p>\n<p>A continuaci\u00f3n, la sesi\u00f3n en diferido:<\/p>\n<p><strong>Modera:<\/strong><\/p>\n<p>Francesc Josep Rosell\u00f3 Sirerol, Concejal de Hacienda del Ayuntamiento de D\u00e9nia<\/p>\n<p><strong>Ponentes:<\/strong><\/p>\n<p>Luis Alegre Espert, Business Development Director, VORTAL Espa\u00f1a<br \/>\nLaura Sualdea, Gestora de Cuentas, VORTAL Espa\u00f1a<\/p>\n<p><a href=\"https:\/\/register.gotowebinar.com\/recording\/5321245259024986635\" rel=\"noopener\" target=\"_blank\">V\u00eddeo ><\/a><\/p>\n","protected":false},"excerpt":{"rendered":"<p>El pasado 6 de mayo, VORTAL celebr\u00f3 un Webinario en colaboraci\u00f3n con el Ayuntamiento de D\u00e9nia, con el objetivo de simplificar los procesos de contrataci\u00f3n [&hellip;]<\/p>\n","protected":false},"author":5639,"featured_media":0,"comment_status":"open","ping_status":"open","sticky":false,"template":"","format":"standard","meta":{"footnotes":""},"categories":[7],"tags":[],"yoast_head":"<!-- This site is optimized with the Yoast SEO plugin v22.3 - https:\/\/yoast.com\/wordpress\/plugins\/seo\/ -->\n<title>Webinario: \u201cLa Contrataci\u00f3n y Licitaci\u00f3n electr\u00f3nica - Ayuntamiento de D\u00e9nia y VORTAL\u201d - VORTAL<\/title>\n<meta name=\"robots\" content=\"index, follow, max-snippet:-1, max-image-preview:large, max-video-preview:-1\" \/>\n<link rel=\"canonical\" href=\"https:\/\/www.vortal.biz\/es\/webinario-la-contratacion-y-licitacion-electronica-ayuntamiento-de-denia-y-vortal\/\" \/>\n<meta property=\"og:locale\" content=\"es_ES\" \/>\n<meta property=\"og:type\" content=\"article\" \/>\n<meta property=\"og:title\" content=\"Webinario: \u201cLa Contrataci\u00f3n y Licitaci\u00f3n electr\u00f3nica - Ayuntamiento de D\u00e9nia y VORTAL\u201d - VORTAL\" \/>\n<meta property=\"og:description\" content=\"El pasado 6 de mayo, VORTAL celebr\u00f3 un Webinario en colaboraci\u00f3n con el Ayuntamiento de D\u00e9nia, con el objetivo de simplificar los procesos de contrataci\u00f3n [&hellip;]\" \/>\n<meta property=\"og:url\" content=\"https:\/\/www.vortal.biz\/es\/webinario-la-contratacion-y-licitacion-electronica-ayuntamiento-de-denia-y-vortal\/\" \/>\n<meta property=\"og:site_name\" content=\"VORTAL\" \/>\n<meta property=\"article:published_time\" content=\"2020-05-07T20:54:04+00:00\" \/>\n<meta property=\"article:modified_time\" content=\"2021-01-30T20:54:47+00:00\" \/>\n<meta name=\"author\" content=\"Helida Oliveira\" \/>\n<meta name=\"twitter:card\" content=\"summary_large_image\" \/>\n<meta name=\"twitter:label1\" content=\"Escrito por\" \/>\n\t<meta name=\"twitter:data1\" content=\"Helida Oliveira\" \/>\n\t<meta name=\"twitter:label2\" content=\"Tiempo de lectura\" \/>\n\t<meta name=\"twitter:data2\" content=\"1 minuto\" \/>\n<script type=\"application\/ld+json\" class=\"yoast-schema-graph\">{\"@context\":\"https:\/\/schema.org\",\"@graph\":[{\"@type\":\"WebPage\",\"@id\":\"https:\/\/www.vortal.biz\/es\/webinario-la-contratacion-y-licitacion-electronica-ayuntamiento-de-denia-y-vortal\/\",\"url\":\"https:\/\/www.vortal.biz\/es\/webinario-la-contratacion-y-licitacion-electronica-ayuntamiento-de-denia-y-vortal\/\",\"name\":\"Webinario: \u201cLa Contrataci\u00f3n y Licitaci\u00f3n electr\u00f3nica - Ayuntamiento de D\u00e9nia y VORTAL\u201d - VORTAL\",\"isPartOf\":{\"@id\":\"https:\/\/www.vortal.biz\/pt-pt\/#website\"},\"datePublished\":\"2020-05-07T20:54:04+00:00\",\"dateModified\":\"2021-01-30T20:54:47+00:00\",\"author\":{\"@id\":\"https:\/\/www.vortal.biz\/pt-pt\/#\/schema\/person\/de007f49a9003cc0fec169585b65ddb2\"},\"breadcrumb\":{\"@id\":\"https:\/\/www.vortal.biz\/es\/webinario-la-contratacion-y-licitacion-electronica-ayuntamiento-de-denia-y-vortal\/#breadcrumb\"},\"inLanguage\":\"es\",\"potentialAction\":[{\"@type\":\"ReadAction\",\"target\":[\"https:\/\/www.vortal.biz\/es\/webinario-la-contratacion-y-licitacion-electronica-ayuntamiento-de-denia-y-vortal\/\"]}]},{\"@type\":\"BreadcrumbList\",\"@id\":\"https:\/\/www.vortal.biz\/es\/webinario-la-contratacion-y-licitacion-electronica-ayuntamiento-de-denia-y-vortal\/#breadcrumb\",\"itemListElement\":[{\"@type\":\"ListItem\",\"position\":1,\"name\":\"Home\",\"item\":\"https:\/\/www.vortal.biz\/es\/\"},{\"@type\":\"ListItem\",\"position\":2,\"name\":\"Webinario: \u201cLa Contrataci\u00f3n y Licitaci\u00f3n electr\u00f3nica &#8211; Ayuntamiento de D\u00e9nia y VORTAL\u201d\"}]},{\"@type\":\"WebSite\",\"@id\":\"https:\/\/www.vortal.biz\/pt-pt\/#website\",\"url\":\"https:\/\/www.vortal.biz\/pt-pt\/\",\"name\":\"VORTAL\",\"description\":\"Connecting Business\",\"potentialAction\":[{\"@type\":\"SearchAction\",\"target\":{\"@type\":\"EntryPoint\",\"urlTemplate\":\"https:\/\/www.vortal.biz\/pt-pt\/?s={search_term_string}\"},\"query-input\":\"required name=search_term_string\"}],\"inLanguage\":\"es\"},{\"@type\":\"Person\",\"@id\":\"https:\/\/www.vortal.biz\/pt-pt\/#\/schema\/person\/de007f49a9003cc0fec169585b65ddb2\",\"name\":\"Helida Oliveira\",\"image\":{\"@type\":\"ImageObject\",\"inLanguage\":\"es\",\"@id\":\"https:\/\/www.vortal.biz\/pt-pt\/#\/schema\/person\/image\/\",\"url\":\"https:\/\/secure.gravatar.com\/avatar\/2485383d4ceb69bbd668ac515d6bdb03?s=96&d=mm&r=g\",\"contentUrl\":\"https:\/\/secure.gravatar.com\/avatar\/2485383d4ceb69bbd668ac515d6bdb03?s=96&d=mm&r=g\",\"caption\":\"Helida Oliveira\"},\"url\":\"https:\/\/www.vortal.biz\/es\/author\/helida-oliveira\/\"}]}<\/script>\n<!-- \/ Yoast SEO plugin. -->","yoast_head_json":{"title":"Webinario: \u201cLa Contrataci\u00f3n y Licitaci\u00f3n electr\u00f3nica - Ayuntamiento de D\u00e9nia y VORTAL\u201d - VORTAL","robots":{"index":"index","follow":"follow","max-snippet":"max-snippet:-1","max-image-preview":"max-image-preview:large","max-video-preview":"max-video-preview:-1"},"canonical":"https:\/\/www.vortal.biz\/es\/webinario-la-contratacion-y-licitacion-electronica-ayuntamiento-de-denia-y-vortal\/","og_locale":"es_ES","og_type":"article","og_title":"Webinario: \u201cLa Contrataci\u00f3n y Licitaci\u00f3n electr\u00f3nica - Ayuntamiento de D\u00e9nia y VORTAL\u201d - VORTAL","og_description":"El pasado 6 de mayo, VORTAL celebr\u00f3 un Webinario en colaboraci\u00f3n con el Ayuntamiento de D\u00e9nia, con el objetivo de simplificar los procesos de contrataci\u00f3n [&hellip;]","og_url":"https:\/\/www.vortal.biz\/es\/webinario-la-contratacion-y-licitacion-electronica-ayuntamiento-de-denia-y-vortal\/","og_site_name":"VORTAL","article_published_time":"2020-05-07T20:54:04+00:00","article_modified_time":"2021-01-30T20:54:47+00:00","author":"Helida Oliveira","twitter_card":"summary_large_image","twitter_misc":{"Escrito por":"Helida Oliveira","Tiempo de lectura":"1 minuto"},"schema":{"@context":"https:\/\/schema.org","@graph":[{"@type":"WebPage","@id":"https:\/\/www.vortal.biz\/es\/webinario-la-contratacion-y-licitacion-electronica-ayuntamiento-de-denia-y-vortal\/","url":"https:\/\/www.vortal.biz\/es\/webinario-la-contratacion-y-licitacion-electronica-ayuntamiento-de-denia-y-vortal\/","name":"Webinario: \u201cLa Contrataci\u00f3n y Licitaci\u00f3n electr\u00f3nica - Ayuntamiento de D\u00e9nia y VORTAL\u201d - VORTAL","isPartOf":{"@id":"https:\/\/www.vortal.biz\/pt-pt\/#website"},"datePublished":"2020-05-07T20:54:04+00:00","dateModified":"2021-01-30T20:54:47+00:00","author":{"@id":"https:\/\/www.vortal.biz\/pt-pt\/#\/schema\/person\/de007f49a9003cc0fec169585b65ddb2"},"breadcrumb":{"@id":"https:\/\/www.vortal.biz\/es\/webinario-la-contratacion-y-licitacion-electronica-ayuntamiento-de-denia-y-vortal\/#breadcrumb"},"inLanguage":"es","potentialAction":[{"@type":"ReadAction","target":["https:\/\/www.vortal.biz\/es\/webinario-la-contratacion-y-licitacion-electronica-ayuntamiento-de-denia-y-vortal\/"]}]},{"@type":"BreadcrumbList","@id":"https:\/\/www.vortal.biz\/es\/webinario-la-contratacion-y-licitacion-electronica-ayuntamiento-de-denia-y-vortal\/#breadcrumb","itemListElement":[{"@type":"ListItem","position":1,"name":"Home","item":"https:\/\/www.vortal.biz\/es\/"},{"@type":"ListItem","position":2,"name":"Webinario: \u201cLa Contrataci\u00f3n y Licitaci\u00f3n electr\u00f3nica &#8211; Ayuntamiento de D\u00e9nia y VORTAL\u201d"}]},{"@type":"WebSite","@id":"https:\/\/www.vortal.biz\/pt-pt\/#website","url":"https:\/\/www.vortal.biz\/pt-pt\/","name":"VORTAL","description":"Connecting Business","potentialAction":[{"@type":"SearchAction","target":{"@type":"EntryPoint","urlTemplate":"https:\/\/www.vortal.biz\/pt-pt\/?s={search_term_string}"},"query-input":"required name=search_term_string"}],"inLanguage":"es"},{"@type":"Person","@id":"https:\/\/www.vortal.biz\/pt-pt\/#\/schema\/person\/de007f49a9003cc0fec169585b65ddb2","name":"Helida Oliveira","image":{"@type":"ImageObject","inLanguage":"es","@id":"https:\/\/www.vortal.biz\/pt-pt\/#\/schema\/person\/image\/","url":"https:\/\/secure.gravatar.com\/avatar\/2485383d4ceb69bbd668ac515d6bdb03?s=96&d=mm&r=g","contentUrl":"https:\/\/secure.gravatar.com\/avatar\/2485383d4ceb69bbd668ac515d6bdb03?s=96&d=mm&r=g","caption":"Helida Oliveira"},"url":"https:\/\/www.vortal.biz\/es\/author\/helida-oliveira\/"}]}},"_links":{"self":[{"href":"https:\/\/www.vortal.biz\/es\/wp-json\/wp\/v2\/posts\/3680"}],"collection":[{"href":"https:\/\/www.vortal.biz\/es\/wp-json\/wp\/v2\/posts"}],"about":[{"href":"https:\/\/www.vortal.biz\/es\/wp-json\/wp\/v2\/types\/post"}],"author":[{"embeddable":true,"href":"https:\/\/www.vortal.biz\/es\/wp-json\/wp\/v2\/users\/5639"}],"replies":[{"embeddable":true,"href":"https:\/\/www.vortal.biz\/es\/wp-json\/wp\/v2\/comments?post=3680"}],"version-history":[{"count":0,"href":"https:\/\/www.vortal.biz\/es\/wp-json\/wp\/v2\/posts\/3680\/revisions"}],"wp:attachment":[{"href":"https:\/\/www.vortal.biz\/es\/wp-json\/wp\/v2\/media?parent=3680"}],"wp:term":[{"taxonomy":"category","embeddable":true,"href":"https:\/\/www.vortal.biz\/es\/wp-json\/wp\/v2\/categories?post=3680"},{"taxonomy":"post_tag","embeddable":true,"href":"https:\/\/www.vortal.biz\/es\/wp-json\/wp\/v2\/tags?post=3680"}],"curies":[{"name":"wp","href":"https:\/\/api.w.org\/{rel}","templated":true}]}}