{"id":3676,"date":"2015-12-15T20:46:46","date_gmt":"2015-12-15T20:46:46","guid":{"rendered":"https:\/\/pt.vortal.biz\/?p=3676"},"modified":"2021-01-30T20:48:37","modified_gmt":"2021-01-30T20:48:37","slug":"los-retos-de-la-administracion-electronica","status":"publish","type":"post","link":"https:\/\/www.vortal.biz\/es\/los-retos-de-la-administracion-electronica\/","title":{"rendered":"Los retos de la Administraci\u00f3n Electr\u00f3nica"},"content":{"rendered":"<p>Hoy nos ha llegado a la oficina un documento realmente interesante coordinado por V\u00edctor Almonacid y Virginia Moreno. Se trata del \u201cManifiesto de Administraci\u00f3n Electr\u00f3nica. 100 recomendaciones en material de Administraci\u00f3n Electr\u00f3nica para la mejora de la eficiencia y la regeneraci\u00f3n democr\u00e1tica\u201d. <\/p>\n<p>El Manifiesto, que cuenta con el apoyo del INAP, la FEMP, Cosital y la Agencia de Evaluaci\u00f3n y Calidad, ha contado con la colaboraci\u00f3n de m\u00e1s de 50 profesionales vinculados al sector p\u00fablico tanto desde dentro como desde la empresa privada.<br \/>\nNos ha sorprendido la capacidad de s\u00edntesis para abordar tantas cuestiones en tan poco espacio. Es la primera vez, que tengamos constancia, que alguien recoge de forma sint\u00e9tica medidas concretas que tocan \u201ctodos los palos\u201d de la Administraci\u00f3n Electr\u00f3nica. Podremos estar m\u00e1s o menos de acuerdo con algunas de las recomendaciones, pero sin duda es un documento que te hace pensar.<\/p>\n<p>Como no pod\u00eda ser de otra forma trat\u00e1ndose de Administraci\u00f3n Electr\u00f3nica, la RECOMENDACI\u00d3N 41 hace referencia a la contrataci\u00f3n electr\u00f3nica:<\/p>\n<p>Contrataci\u00f3n P\u00fablica Electr\u00f3nica Obligatoria<\/p>\n<p> Uso de una plataforma de contrataci\u00f3n p\u00fablica electr\u00f3nica que cumpla \u00edntegramente todos los procesos previstos por la ley de contratos del sector p\u00fablico.<\/p>\n<p>Tanto la entidad p\u00fablica como los licitadores tienen que realizar en formato electr\u00f3nico todo el proceso de licitaci\u00f3n p\u00fablica, desde la publicaci\u00f3n de los pliegos hasta la adjudicaci\u00f3n del contrato.<br \/>\nLa plataforma deber\u00e1 estar integrada con PLACE, de forma que le permita la publicaci\u00f3n autom\u00e1tica de los pliegos, respuestas, aclaraciones y adjudicaciones.<\/p>\n<p>Si tu actividad profesional est\u00e1 ligada la sector p\u00fablico este es un documento que no puedes dejar de leer. Como ciudadano tambi\u00e9n te resultar\u00e1 interesante conocer hacia donde avanza tu administraci\u00f3n.<\/p>\n<p><a href=\"https:\/\/nosoloaytos.files.wordpress.com\/2015\/05\/manifiesto-ae.pdf\" rel=\"noopener\" target=\"_blank\">Descargar Manifiesto ><\/a><\/p>\n","protected":false},"excerpt":{"rendered":"<p>Hoy nos ha llegado a la oficina un documento realmente interesante coordinado por V\u00edctor Almonacid y Virginia Moreno. Se trata del \u201cManifiesto de Administraci\u00f3n Electr\u00f3nica. [&hellip;]<\/p>\n","protected":false},"author":5639,"featured_media":0,"comment_status":"open","ping_status":"open","sticky":false,"template":"","format":"standard","meta":{"footnotes":""},"categories":[7],"tags":[],"yoast_head":"<!-- This site is optimized with the Yoast SEO plugin v22.3 - https:\/\/yoast.com\/wordpress\/plugins\/seo\/ -->\n<title>Los retos de la Administraci\u00f3n Electr\u00f3nica - VORTAL<\/title>\n<meta name=\"robots\" content=\"index, follow, max-snippet:-1, max-image-preview:large, max-video-preview:-1\" \/>\n<link rel=\"canonical\" href=\"https:\/\/www.vortal.biz\/es\/los-retos-de-la-administracion-electronica\/\" \/>\n<meta property=\"og:locale\" content=\"es_ES\" \/>\n<meta property=\"og:type\" content=\"article\" \/>\n<meta property=\"og:title\" content=\"Los retos de la Administraci\u00f3n Electr\u00f3nica - VORTAL\" \/>\n<meta property=\"og:description\" content=\"Hoy nos ha llegado a la oficina un documento realmente interesante coordinado por V\u00edctor Almonacid y Virginia Moreno. Se trata del \u201cManifiesto de Administraci\u00f3n Electr\u00f3nica. [&hellip;]\" \/>\n<meta property=\"og:url\" content=\"https:\/\/www.vortal.biz\/es\/los-retos-de-la-administracion-electronica\/\" \/>\n<meta property=\"og:site_name\" content=\"VORTAL\" \/>\n<meta property=\"article:published_time\" content=\"2015-12-15T20:46:46+00:00\" \/>\n<meta property=\"article:modified_time\" content=\"2021-01-30T20:48:37+00:00\" \/>\n<meta name=\"author\" content=\"Helida Oliveira\" \/>\n<meta name=\"twitter:card\" content=\"summary_large_image\" \/>\n<meta name=\"twitter:label1\" content=\"Escrito por\" \/>\n\t<meta name=\"twitter:data1\" content=\"Helida Oliveira\" \/>\n\t<meta name=\"twitter:label2\" content=\"Tiempo de lectura\" \/>\n\t<meta name=\"twitter:data2\" content=\"2 minutos\" \/>\n<script type=\"application\/ld+json\" class=\"yoast-schema-graph\">{\"@context\":\"https:\/\/schema.org\",\"@graph\":[{\"@type\":\"WebPage\",\"@id\":\"https:\/\/www.vortal.biz\/es\/los-retos-de-la-administracion-electronica\/\",\"url\":\"https:\/\/www.vortal.biz\/es\/los-retos-de-la-administracion-electronica\/\",\"name\":\"Los retos de la Administraci\u00f3n Electr\u00f3nica - VORTAL\",\"isPartOf\":{\"@id\":\"https:\/\/www.vortal.biz\/pt-pt\/#website\"},\"datePublished\":\"2015-12-15T20:46:46+00:00\",\"dateModified\":\"2021-01-30T20:48:37+00:00\",\"author\":{\"@id\":\"https:\/\/www.vortal.biz\/pt-pt\/#\/schema\/person\/de007f49a9003cc0fec169585b65ddb2\"},\"breadcrumb\":{\"@id\":\"https:\/\/www.vortal.biz\/es\/los-retos-de-la-administracion-electronica\/#breadcrumb\"},\"inLanguage\":\"es\",\"potentialAction\":[{\"@type\":\"ReadAction\",\"target\":[\"https:\/\/www.vortal.biz\/es\/los-retos-de-la-administracion-electronica\/\"]}]},{\"@type\":\"BreadcrumbList\",\"@id\":\"https:\/\/www.vortal.biz\/es\/los-retos-de-la-administracion-electronica\/#breadcrumb\",\"itemListElement\":[{\"@type\":\"ListItem\",\"position\":1,\"name\":\"Home\",\"item\":\"https:\/\/www.vortal.biz\/es\/\"},{\"@type\":\"ListItem\",\"position\":2,\"name\":\"Los retos de la Administraci\u00f3n Electr\u00f3nica\"}]},{\"@type\":\"WebSite\",\"@id\":\"https:\/\/www.vortal.biz\/pt-pt\/#website\",\"url\":\"https:\/\/www.vortal.biz\/pt-pt\/\",\"name\":\"VORTAL\",\"description\":\"Connecting Business\",\"potentialAction\":[{\"@type\":\"SearchAction\",\"target\":{\"@type\":\"EntryPoint\",\"urlTemplate\":\"https:\/\/www.vortal.biz\/pt-pt\/?s={search_term_string}\"},\"query-input\":\"required name=search_term_string\"}],\"inLanguage\":\"es\"},{\"@type\":\"Person\",\"@id\":\"https:\/\/www.vortal.biz\/pt-pt\/#\/schema\/person\/de007f49a9003cc0fec169585b65ddb2\",\"name\":\"Helida Oliveira\",\"image\":{\"@type\":\"ImageObject\",\"inLanguage\":\"es\",\"@id\":\"https:\/\/www.vortal.biz\/pt-pt\/#\/schema\/person\/image\/\",\"url\":\"https:\/\/secure.gravatar.com\/avatar\/2485383d4ceb69bbd668ac515d6bdb03?s=96&d=mm&r=g\",\"contentUrl\":\"https:\/\/secure.gravatar.com\/avatar\/2485383d4ceb69bbd668ac515d6bdb03?s=96&d=mm&r=g\",\"caption\":\"Helida Oliveira\"},\"url\":\"https:\/\/www.vortal.biz\/es\/author\/helida-oliveira\/\"}]}<\/script>\n<!-- \/ Yoast SEO plugin. -->","yoast_head_json":{"title":"Los retos de la Administraci\u00f3n Electr\u00f3nica - VORTAL","robots":{"index":"index","follow":"follow","max-snippet":"max-snippet:-1","max-image-preview":"max-image-preview:large","max-video-preview":"max-video-preview:-1"},"canonical":"https:\/\/www.vortal.biz\/es\/los-retos-de-la-administracion-electronica\/","og_locale":"es_ES","og_type":"article","og_title":"Los retos de la Administraci\u00f3n Electr\u00f3nica - VORTAL","og_description":"Hoy nos ha llegado a la oficina un documento realmente interesante coordinado por V\u00edctor Almonacid y Virginia Moreno. Se trata del \u201cManifiesto de Administraci\u00f3n Electr\u00f3nica. [&hellip;]","og_url":"https:\/\/www.vortal.biz\/es\/los-retos-de-la-administracion-electronica\/","og_site_name":"VORTAL","article_published_time":"2015-12-15T20:46:46+00:00","article_modified_time":"2021-01-30T20:48:37+00:00","author":"Helida Oliveira","twitter_card":"summary_large_image","twitter_misc":{"Escrito por":"Helida Oliveira","Tiempo de lectura":"2 minutos"},"schema":{"@context":"https:\/\/schema.org","@graph":[{"@type":"WebPage","@id":"https:\/\/www.vortal.biz\/es\/los-retos-de-la-administracion-electronica\/","url":"https:\/\/www.vortal.biz\/es\/los-retos-de-la-administracion-electronica\/","name":"Los retos de la Administraci\u00f3n Electr\u00f3nica - VORTAL","isPartOf":{"@id":"https:\/\/www.vortal.biz\/pt-pt\/#website"},"datePublished":"2015-12-15T20:46:46+00:00","dateModified":"2021-01-30T20:48:37+00:00","author":{"@id":"https:\/\/www.vortal.biz\/pt-pt\/#\/schema\/person\/de007f49a9003cc0fec169585b65ddb2"},"breadcrumb":{"@id":"https:\/\/www.vortal.biz\/es\/los-retos-de-la-administracion-electronica\/#breadcrumb"},"inLanguage":"es","potentialAction":[{"@type":"ReadAction","target":["https:\/\/www.vortal.biz\/es\/los-retos-de-la-administracion-electronica\/"]}]},{"@type":"BreadcrumbList","@id":"https:\/\/www.vortal.biz\/es\/los-retos-de-la-administracion-electronica\/#breadcrumb","itemListElement":[{"@type":"ListItem","position":1,"name":"Home","item":"https:\/\/www.vortal.biz\/es\/"},{"@type":"ListItem","position":2,"name":"Los retos de la Administraci\u00f3n Electr\u00f3nica"}]},{"@type":"WebSite","@id":"https:\/\/www.vortal.biz\/pt-pt\/#website","url":"https:\/\/www.vortal.biz\/pt-pt\/","name":"VORTAL","description":"Connecting Business","potentialAction":[{"@type":"SearchAction","target":{"@type":"EntryPoint","urlTemplate":"https:\/\/www.vortal.biz\/pt-pt\/?s={search_term_string}"},"query-input":"required name=search_term_string"}],"inLanguage":"es"},{"@type":"Person","@id":"https:\/\/www.vortal.biz\/pt-pt\/#\/schema\/person\/de007f49a9003cc0fec169585b65ddb2","name":"Helida Oliveira","image":{"@type":"ImageObject","inLanguage":"es","@id":"https:\/\/www.vortal.biz\/pt-pt\/#\/schema\/person\/image\/","url":"https:\/\/secure.gravatar.com\/avatar\/2485383d4ceb69bbd668ac515d6bdb03?s=96&d=mm&r=g","contentUrl":"https:\/\/secure.gravatar.com\/avatar\/2485383d4ceb69bbd668ac515d6bdb03?s=96&d=mm&r=g","caption":"Helida Oliveira"},"url":"https:\/\/www.vortal.biz\/es\/author\/helida-oliveira\/"}]}},"_links":{"self":[{"href":"https:\/\/www.vortal.biz\/es\/wp-json\/wp\/v2\/posts\/3676"}],"collection":[{"href":"https:\/\/www.vortal.biz\/es\/wp-json\/wp\/v2\/posts"}],"about":[{"href":"https:\/\/www.vortal.biz\/es\/wp-json\/wp\/v2\/types\/post"}],"author":[{"embeddable":true,"href":"https:\/\/www.vortal.biz\/es\/wp-json\/wp\/v2\/users\/5639"}],"replies":[{"embeddable":true,"href":"https:\/\/www.vortal.biz\/es\/wp-json\/wp\/v2\/comments?post=3676"}],"version-history":[{"count":0,"href":"https:\/\/www.vortal.biz\/es\/wp-json\/wp\/v2\/posts\/3676\/revisions"}],"wp:attachment":[{"href":"https:\/\/www.vortal.biz\/es\/wp-json\/wp\/v2\/media?parent=3676"}],"wp:term":[{"taxonomy":"category","embeddable":true,"href":"https:\/\/www.vortal.biz\/es\/wp-json\/wp\/v2\/categories?post=3676"},{"taxonomy":"post_tag","embeddable":true,"href":"https:\/\/www.vortal.biz\/es\/wp-json\/wp\/v2\/tags?post=3676"}],"curies":[{"name":"wp","href":"https:\/\/api.w.org\/{rel}","templated":true}]}}