{"id":3672,"date":"2017-11-02T20:42:54","date_gmt":"2017-11-02T20:42:54","guid":{"rendered":"https:\/\/pt.vortal.biz\/?p=3672"},"modified":"2021-01-30T20:43:53","modified_gmt":"2021-01-30T20:43:53","slug":"luis-alegre-espert-se-une-a-vortal-para-desarrollar-el-negocio-de-la-contratacion-electronica-en-el-sector-de-la-salud","status":"publish","type":"post","link":"https:\/\/www.vortal.biz\/es\/luis-alegre-espert-se-une-a-vortal-para-desarrollar-el-negocio-de-la-contratacion-electronica-en-el-sector-de-la-salud\/","title":{"rendered":"Luis Alegre Espert se une a VORTAL para desarrollar el negocio de la contrataci\u00f3n electr\u00f3nica en el Sector de la Salud"},"content":{"rendered":"<p>Luis trae a VORTAL una amplia experiencia en el desarrollo de negocios y ventas profesionales en el mercado de soluciones de TI para el Sector P\u00fablico y de la Salud, incluyendo experiencia internacional, concretamente en Am\u00e9rica Latina.<\/p>\n<p>Anteriormente, fue Director de Administraci\u00f3n P\u00fablica y Salud en Indra\/Tecnocom y dirigi\u00f3 un equipo de 70 personas a partir de Madrid. En su pasada experiencia tambi\u00e9n trabaj\u00f3 como Customer Care Manager en Getronics.<\/p>\n<p>Tambi\u00e9n ha sido Miembro de la Comisi\u00f3n de Administraci\u00f3n P\u00fablica de la Asociaci\u00f3n Espa\u00f1ola de Empresas de Consultor\u00eda (AEC).<\/p>\n<p>\u201cEl reto de VORTAL lleg\u00f3 en un momento perfecto dentro de mi trayectoria profesional ya que supone poder aportar mi experiencia en el sector de sanidad justo en el momento en que la nueva Ley de Contratos del Sector P\u00fablico obliga al uso de la contrataci\u00f3n electr\u00f3nica, lo que abre un mundo de nuevas posibilidades de digitalizaci\u00f3n para el sector\u201d seg\u00fan Luis Alegre.<\/p>\n","protected":false},"excerpt":{"rendered":"<p>Luis trae a VORTAL una amplia experiencia en el desarrollo de negocios y ventas profesionales en el mercado de soluciones de TI para el Sector [&hellip;]<\/p>\n","protected":false},"author":5639,"featured_media":0,"comment_status":"open","ping_status":"open","sticky":false,"template":"","format":"standard","meta":{"footnotes":""},"categories":[7],"tags":[],"yoast_head":"<!-- This site is optimized with the Yoast SEO plugin v22.3 - https:\/\/yoast.com\/wordpress\/plugins\/seo\/ -->\n<title>Luis Alegre Espert se une a VORTAL para desarrollar el negocio de la contrataci\u00f3n electr\u00f3nica en el Sector de la Salud - VORTAL<\/title>\n<meta name=\"robots\" content=\"index, follow, max-snippet:-1, max-image-preview:large, max-video-preview:-1\" \/>\n<link rel=\"canonical\" href=\"https:\/\/www.vortal.biz\/es\/luis-alegre-espert-se-une-a-vortal-para-desarrollar-el-negocio-de-la-contratacion-electronica-en-el-sector-de-la-salud\/\" \/>\n<meta property=\"og:locale\" content=\"es_ES\" \/>\n<meta property=\"og:type\" content=\"article\" \/>\n<meta property=\"og:title\" content=\"Luis Alegre Espert se une a VORTAL para desarrollar el negocio de la contrataci\u00f3n electr\u00f3nica en el Sector de la Salud - VORTAL\" \/>\n<meta property=\"og:description\" content=\"Luis trae a VORTAL una amplia experiencia en el desarrollo de negocios y ventas profesionales en el mercado de soluciones de TI para el Sector [&hellip;]\" \/>\n<meta property=\"og:url\" content=\"https:\/\/www.vortal.biz\/es\/luis-alegre-espert-se-une-a-vortal-para-desarrollar-el-negocio-de-la-contratacion-electronica-en-el-sector-de-la-salud\/\" \/>\n<meta property=\"og:site_name\" content=\"VORTAL\" \/>\n<meta property=\"article:published_time\" content=\"2017-11-02T20:42:54+00:00\" \/>\n<meta property=\"article:modified_time\" content=\"2021-01-30T20:43:53+00:00\" \/>\n<meta name=\"author\" content=\"Helida Oliveira\" \/>\n<meta name=\"twitter:card\" content=\"summary_large_image\" \/>\n<meta name=\"twitter:label1\" content=\"Escrito por\" \/>\n\t<meta name=\"twitter:data1\" content=\"Helida Oliveira\" \/>\n\t<meta name=\"twitter:label2\" content=\"Tiempo de lectura\" \/>\n\t<meta name=\"twitter:data2\" content=\"1 minuto\" \/>\n<script type=\"application\/ld+json\" class=\"yoast-schema-graph\">{\"@context\":\"https:\/\/schema.org\",\"@graph\":[{\"@type\":\"WebPage\",\"@id\":\"https:\/\/www.vortal.biz\/es\/luis-alegre-espert-se-une-a-vortal-para-desarrollar-el-negocio-de-la-contratacion-electronica-en-el-sector-de-la-salud\/\",\"url\":\"https:\/\/www.vortal.biz\/es\/luis-alegre-espert-se-une-a-vortal-para-desarrollar-el-negocio-de-la-contratacion-electronica-en-el-sector-de-la-salud\/\",\"name\":\"Luis Alegre Espert se une a VORTAL para desarrollar el negocio de la contrataci\u00f3n electr\u00f3nica en el Sector de la Salud - VORTAL\",\"isPartOf\":{\"@id\":\"https:\/\/www.vortal.biz\/pt-pt\/#website\"},\"datePublished\":\"2017-11-02T20:42:54+00:00\",\"dateModified\":\"2021-01-30T20:43:53+00:00\",\"author\":{\"@id\":\"https:\/\/www.vortal.biz\/pt-pt\/#\/schema\/person\/de007f49a9003cc0fec169585b65ddb2\"},\"breadcrumb\":{\"@id\":\"https:\/\/www.vortal.biz\/es\/luis-alegre-espert-se-une-a-vortal-para-desarrollar-el-negocio-de-la-contratacion-electronica-en-el-sector-de-la-salud\/#breadcrumb\"},\"inLanguage\":\"es\",\"potentialAction\":[{\"@type\":\"ReadAction\",\"target\":[\"https:\/\/www.vortal.biz\/es\/luis-alegre-espert-se-une-a-vortal-para-desarrollar-el-negocio-de-la-contratacion-electronica-en-el-sector-de-la-salud\/\"]}]},{\"@type\":\"BreadcrumbList\",\"@id\":\"https:\/\/www.vortal.biz\/es\/luis-alegre-espert-se-une-a-vortal-para-desarrollar-el-negocio-de-la-contratacion-electronica-en-el-sector-de-la-salud\/#breadcrumb\",\"itemListElement\":[{\"@type\":\"ListItem\",\"position\":1,\"name\":\"Home\",\"item\":\"https:\/\/www.vortal.biz\/es\/\"},{\"@type\":\"ListItem\",\"position\":2,\"name\":\"Luis Alegre Espert se une a VORTAL para desarrollar el negocio de la contrataci\u00f3n electr\u00f3nica en el Sector de la Salud\"}]},{\"@type\":\"WebSite\",\"@id\":\"https:\/\/www.vortal.biz\/pt-pt\/#website\",\"url\":\"https:\/\/www.vortal.biz\/pt-pt\/\",\"name\":\"VORTAL\",\"description\":\"Connecting Business\",\"potentialAction\":[{\"@type\":\"SearchAction\",\"target\":{\"@type\":\"EntryPoint\",\"urlTemplate\":\"https:\/\/www.vortal.biz\/pt-pt\/?s={search_term_string}\"},\"query-input\":\"required name=search_term_string\"}],\"inLanguage\":\"es\"},{\"@type\":\"Person\",\"@id\":\"https:\/\/www.vortal.biz\/pt-pt\/#\/schema\/person\/de007f49a9003cc0fec169585b65ddb2\",\"name\":\"Helida Oliveira\",\"image\":{\"@type\":\"ImageObject\",\"inLanguage\":\"es\",\"@id\":\"https:\/\/www.vortal.biz\/pt-pt\/#\/schema\/person\/image\/\",\"url\":\"https:\/\/secure.gravatar.com\/avatar\/2485383d4ceb69bbd668ac515d6bdb03?s=96&d=mm&r=g\",\"contentUrl\":\"https:\/\/secure.gravatar.com\/avatar\/2485383d4ceb69bbd668ac515d6bdb03?s=96&d=mm&r=g\",\"caption\":\"Helida Oliveira\"},\"url\":\"https:\/\/www.vortal.biz\/es\/author\/helida-oliveira\/\"}]}<\/script>\n<!-- \/ Yoast SEO plugin. -->","yoast_head_json":{"title":"Luis Alegre Espert se une a VORTAL para desarrollar el negocio de la contrataci\u00f3n electr\u00f3nica en el Sector de la Salud - VORTAL","robots":{"index":"index","follow":"follow","max-snippet":"max-snippet:-1","max-image-preview":"max-image-preview:large","max-video-preview":"max-video-preview:-1"},"canonical":"https:\/\/www.vortal.biz\/es\/luis-alegre-espert-se-une-a-vortal-para-desarrollar-el-negocio-de-la-contratacion-electronica-en-el-sector-de-la-salud\/","og_locale":"es_ES","og_type":"article","og_title":"Luis Alegre Espert se une a VORTAL para desarrollar el negocio de la contrataci\u00f3n electr\u00f3nica en el Sector de la Salud - VORTAL","og_description":"Luis trae a VORTAL una amplia experiencia en el desarrollo de negocios y ventas profesionales en el mercado de soluciones de TI para el Sector [&hellip;]","og_url":"https:\/\/www.vortal.biz\/es\/luis-alegre-espert-se-une-a-vortal-para-desarrollar-el-negocio-de-la-contratacion-electronica-en-el-sector-de-la-salud\/","og_site_name":"VORTAL","article_published_time":"2017-11-02T20:42:54+00:00","article_modified_time":"2021-01-30T20:43:53+00:00","author":"Helida Oliveira","twitter_card":"summary_large_image","twitter_misc":{"Escrito por":"Helida Oliveira","Tiempo de lectura":"1 minuto"},"schema":{"@context":"https:\/\/schema.org","@graph":[{"@type":"WebPage","@id":"https:\/\/www.vortal.biz\/es\/luis-alegre-espert-se-une-a-vortal-para-desarrollar-el-negocio-de-la-contratacion-electronica-en-el-sector-de-la-salud\/","url":"https:\/\/www.vortal.biz\/es\/luis-alegre-espert-se-une-a-vortal-para-desarrollar-el-negocio-de-la-contratacion-electronica-en-el-sector-de-la-salud\/","name":"Luis Alegre Espert se une a VORTAL para desarrollar el negocio de la contrataci\u00f3n electr\u00f3nica en el Sector de la Salud - VORTAL","isPartOf":{"@id":"https:\/\/www.vortal.biz\/pt-pt\/#website"},"datePublished":"2017-11-02T20:42:54+00:00","dateModified":"2021-01-30T20:43:53+00:00","author":{"@id":"https:\/\/www.vortal.biz\/pt-pt\/#\/schema\/person\/de007f49a9003cc0fec169585b65ddb2"},"breadcrumb":{"@id":"https:\/\/www.vortal.biz\/es\/luis-alegre-espert-se-une-a-vortal-para-desarrollar-el-negocio-de-la-contratacion-electronica-en-el-sector-de-la-salud\/#breadcrumb"},"inLanguage":"es","potentialAction":[{"@type":"ReadAction","target":["https:\/\/www.vortal.biz\/es\/luis-alegre-espert-se-une-a-vortal-para-desarrollar-el-negocio-de-la-contratacion-electronica-en-el-sector-de-la-salud\/"]}]},{"@type":"BreadcrumbList","@id":"https:\/\/www.vortal.biz\/es\/luis-alegre-espert-se-une-a-vortal-para-desarrollar-el-negocio-de-la-contratacion-electronica-en-el-sector-de-la-salud\/#breadcrumb","itemListElement":[{"@type":"ListItem","position":1,"name":"Home","item":"https:\/\/www.vortal.biz\/es\/"},{"@type":"ListItem","position":2,"name":"Luis Alegre Espert se une a VORTAL para desarrollar el negocio de la contrataci\u00f3n electr\u00f3nica en el Sector de la Salud"}]},{"@type":"WebSite","@id":"https:\/\/www.vortal.biz\/pt-pt\/#website","url":"https:\/\/www.vortal.biz\/pt-pt\/","name":"VORTAL","description":"Connecting Business","potentialAction":[{"@type":"SearchAction","target":{"@type":"EntryPoint","urlTemplate":"https:\/\/www.vortal.biz\/pt-pt\/?s={search_term_string}"},"query-input":"required name=search_term_string"}],"inLanguage":"es"},{"@type":"Person","@id":"https:\/\/www.vortal.biz\/pt-pt\/#\/schema\/person\/de007f49a9003cc0fec169585b65ddb2","name":"Helida Oliveira","image":{"@type":"ImageObject","inLanguage":"es","@id":"https:\/\/www.vortal.biz\/pt-pt\/#\/schema\/person\/image\/","url":"https:\/\/secure.gravatar.com\/avatar\/2485383d4ceb69bbd668ac515d6bdb03?s=96&d=mm&r=g","contentUrl":"https:\/\/secure.gravatar.com\/avatar\/2485383d4ceb69bbd668ac515d6bdb03?s=96&d=mm&r=g","caption":"Helida Oliveira"},"url":"https:\/\/www.vortal.biz\/es\/author\/helida-oliveira\/"}]}},"_links":{"self":[{"href":"https:\/\/www.vortal.biz\/es\/wp-json\/wp\/v2\/posts\/3672"}],"collection":[{"href":"https:\/\/www.vortal.biz\/es\/wp-json\/wp\/v2\/posts"}],"about":[{"href":"https:\/\/www.vortal.biz\/es\/wp-json\/wp\/v2\/types\/post"}],"author":[{"embeddable":true,"href":"https:\/\/www.vortal.biz\/es\/wp-json\/wp\/v2\/users\/5639"}],"replies":[{"embeddable":true,"href":"https:\/\/www.vortal.biz\/es\/wp-json\/wp\/v2\/comments?post=3672"}],"version-history":[{"count":0,"href":"https:\/\/www.vortal.biz\/es\/wp-json\/wp\/v2\/posts\/3672\/revisions"}],"wp:attachment":[{"href":"https:\/\/www.vortal.biz\/es\/wp-json\/wp\/v2\/media?parent=3672"}],"wp:term":[{"taxonomy":"category","embeddable":true,"href":"https:\/\/www.vortal.biz\/es\/wp-json\/wp\/v2\/categories?post=3672"},{"taxonomy":"post_tag","embeddable":true,"href":"https:\/\/www.vortal.biz\/es\/wp-json\/wp\/v2\/tags?post=3672"}],"curies":[{"name":"wp","href":"https:\/\/api.w.org\/{rel}","templated":true}]}}